{"id":45189,"date":"2023-05-26T12:30:28","date_gmt":"2023-05-26T18:30:28","guid":{"rendered":"https:\/\/radiozapatista.org\/?p=45189"},"modified":"2023-05-26T18:27:13","modified_gmt":"2023-05-27T00:27:13","slug":"la-opacidad-e-inaccion-del-estado-mexicano-es-una-amenaza-inminente-a-la-paz-en-chiapas","status":"publish","type":"post","link":"https:\/\/radiozapatista.org\/?p=45189","title":{"rendered":"La opacidad e inacci\u00f3n del Estado mexicano es una amenaza inminente a la paz en Chiapas"},"content":{"rendered":"<p><\/p>\n<div class=\"field field--name-body field--type-text-with-summary field--label-hidden field__item\" style=\"text-align: center;\"><\/div>\n<div class=\"field field--name-body field--type-text-with-summary field--label-hidden field__item\">\n<p class=\"text-align-right\" style=\"text-align: right;\">San Crist\u00f3bal de Las Casas, Chiapas, M\u00e9xico<br \/>\n26 de mayo de 2023<\/p>\n<p class=\"text-align-right\" style=\"text-align: right;\"><strong>Bolet\u00edn No. 12<\/strong><\/p>\n<p class=\"text-align-center\"><strong>La opacidad e inacci\u00f3n del Estado mexicano es una amenaza inminente a la paz en Chiapas<\/strong><\/p>\n<ul>\n<li class=\"text-align-center\"><strong>\u00a0\u00a0\u00a0 Tensi\u00f3n en territorio zapatista<\/strong><\/li>\n<\/ul>\n<p>[podcast]https:\/\/radiozapatista.org\/wp-content\/uploads\/2023\/05\/boletin_frayba.mp3[\/podcast]<\/p>\n<p style=\"text-align: center;\"><a href=\"https:\/\/radiozapatista.org\/wp-content\/uploads\/2023\/05\/IMG_1171.jpg\"><img loading=\"lazy\" decoding=\"async\" class=\"aligncenter size-full wp-image-45212\" src=\"https:\/\/radiozapatista.org\/wp-content\/uploads\/2023\/05\/IMG_1171.jpg\" alt=\"\" width=\"907\" height=\"410\" srcset=\"https:\/\/radiozapatista.org\/wp-content\/uploads\/2023\/05\/IMG_1171.jpg 907w, https:\/\/radiozapatista.org\/wp-content\/uploads\/2023\/05\/IMG_1171-350x158.jpg 350w, https:\/\/radiozapatista.org\/wp-content\/uploads\/2023\/05\/IMG_1171-768x347.jpg 768w\" sizes=\"auto, (max-width: 907px) 100vw, 907px\" \/><\/a><\/p>\n<p>El primero de enero de 1994, se levant\u00f3 en armas el Ejercito Zapatista de Liberaci\u00f3n Nacional (EZLN) declarando la guerra al Estado mexicano, luchando por trabajo, educaci\u00f3n, salud, justicia, tierra y libertad, despu\u00e9s de 12 d\u00edas y por la presi\u00f3n de la sociedad civil nacional e internacional se decret\u00f3 el cese al fuego en contra de los pueblos zapatistas. Posterior a los Di\u00e1logos de San Andr\u00e9s el gobierno mexicano incumpli\u00f3 con los acuerdos para reformar la Constituci\u00f3n y cumplir a cabalidad con los derechos de los pueblos ind\u00edgenas, a partir de entonces el EZLN ha construido su autonom\u00eda y autodeterminaci\u00f3n en su territorio de manera civil y pac\u00edfica, adem\u00e1s es un actor clave para el avance y ejercicio de los derechos de los pueblos originarios.<\/p>\n<p>Durante estos 29 a\u00f1os el EZLN ha sido hostigado y continuamente agredido por el Ej\u00e9rcito mexicano y grupos afines al Estado, las estrategias de guerra y contrainsurgencia modifican sus m\u00e9todos de violencia, con finalidad de destruir y cooptar los movimientos de resistencia y emancipatorios que est\u00e1n pugnando por el respeto de sus derechos, y en este territorio por los derechos colectivos que reivindican como pueblos originarios.<\/p>\n<p>Los hechos de violaciones al territorio, a la autonom\u00eda y libre determinaci\u00f3n, las agresiones, ataques armados, criminalizaci\u00f3n entre otros, los hemos documentado y denunciado constantemente en todas las esferas de responsabilidad, tal y como fue el asesinato impune del maestro Galeano en el 2014, que marco un nuevo escenario con organizaciones aliadas a los gobiernos en sus tres niveles (municipal, estatal y federal).<\/p>\n<p>Este sexenio del gobierno de Andr\u00e9s Manuel L\u00f3pez Obrador, no se ha quedado atr\u00e1s, los ataques hacia las tierras recuperadas del EZLN son constantes, en algunos territorios aut\u00f3nomos hemos documentado agresiones, amenazas y ataques armados, como es el de la Junta de Buen Gobierno (JBG) del Caracol 10 de Patria Nueva, las Bases de Apoyo del EZLN han sufrido graves violaciones a derechos humanos como privaciones arbitrarias de la libertad, torturas, desplazamiento forzado y varios heridos por armas de fuego.<\/p>\n<p>En la actualidad est\u00e1 vigente la Ley para el Di\u00e1logo, la Conciliaci\u00f3n y la Paz Digna en Chiapas, en la que el EZLN es ejemplo y ha tenido una acci\u00f3n continua en la que propone, construye y resiste de manera pac\u00edfica, siendo un parteaguas para muchos pueblos que est\u00e1n por la defensa de la vida y el Territorio.<\/p>\n<p>De todos estos hechos de agresi\u00f3n y ataques hacia el movimiento zapatista, se ha informado con todo el rigor documental a las instancias del Estado que tienen la competencia y que deben respetar, garantizar y proteger los derechos humanos, sin que hayan mostrado voluntad pol\u00edtica para atender la urgente situaci\u00f3n. Desde el Frayba expresamos nuestra preocupaci\u00f3n por la constante violencia que ha recibido el EZLN y que vemos un incremento debido a la impunidad activa generada desde el gobierno mexicano.<\/p>\n<p>En uno de sus \u00faltimos comunicados del 2021, el Comit\u00e9 Clandestino Revolucionario Ind\u00edgena-Comandancia General del EZLN (CCRI-CG-EZLN) advert\u00eda que Chiapas se encontraba al borde de la Guerra Civil.[1] Su perspectiva es un s\u00edntoma de los que vamos viviendo en el territorio Chiapaneco.<\/p>\n<p>Desde el Frayba manifestamos que vivimos en una constante inseguridad, con alto riesgo a la vida, lo cual ha dado el incremento de la violencia extrema contra las Bases de Apoyo del EZLN, como el cometido el 23 de mayo en la regi\u00f3n de Mois\u00e9s y Gandhi. Esto se ha expandido hacia otros territorios que est\u00e1n siendo vulnerados desde la criminalidad que controla las vidas de comunidades y pueblos como lo que sucede en la frontera sur de Chiapas.<\/p>\n<p>Ante este contexto declaramos que nuestro deber insoslayable es el de parar esta violencia que viene creciendo y vemos que se puede hacer con la organizaci\u00f3n de los pueblos, comunidades, organizaciones, barrios y colonias; desde su propia ra\u00edz y cultura, para desactivar la violencia y construir la paz desde abajo, apostando la posibilidad de la reproducci\u00f3n de la existencia en donde se pondere la buena vida.<\/p>\n<p>Es urgente que el Estado mexicano haga su trabajo a cabalidad y atienda inmediatamente el problema de fondo a fin de garantizar el di\u00e1logo y la paz en Chiapas, generando rutas claras para alcanzarla.<\/p>\n<p>Convocamos a la solidaridad nacional e internacional a exigir al Estado mexicano act\u00fae de manera contundente para que cesen de manera inmediata los ataques hacia el proyecto pol\u00edtico auton\u00f3mico del EZLN y la violencia generalizada en el estado de Chiapas, as\u00ed tambi\u00e9n solicitamos a la solidaridad a dar muestras de apoyo a los pueblos que defienden la vida, el territorio, a la madre tierra y la paz.<\/p>\n<\/div>\n<div class=\"field field--name-field-adjunto field--type-file field--label-hidden field__item\"><span class=\"file file--mime-application-pdf file--application-pdf\"><a title=\"230526_boletin_procupacion_ataques_contra_ez_I.pdf\" href=\"https:\/\/frayba.org.mx\/sites\/default\/files\/2023-05\/230526_boletin_procupacion_ataques_contra_ez_I.pdf\" type=\"application\/pdf\">Descarga el bolet\u00edn 12 en PDF<\/a><\/span>(149.9 KB)<\/div>\n<p><\/p>","protected":false},"excerpt":{"rendered":"<p>San Crist\u00f3bal de Las Casas, Chiapas, M\u00e9xico 26 de mayo de 2023 Bolet\u00edn No. 12 La opacidad e inacci\u00f3n del Estado mexicano es una amenaza inminente a la paz en Chiapas \u00a0\u00a0\u00a0 Tensi\u00f3n en territorio zapatista [podcast]https:\/\/radiozapatista.org\/wp-content\/uploads\/2023\/05\/boletin_frayba.mp3[\/podcast] El primero de enero de 1994, se levant\u00f3 en armas el Ejercito Zapatista de Liberaci\u00f3n Nacional (EZLN) declarando [&hellip;]<\/p>\n","protected":false},"author":21,"featured_media":45190,"comment_status":"open","ping_status":"closed","sticky":false,"template":"","format":"standard","meta":{"footnotes":""},"categories":[957,51,6,955,55,958,954,935],"tags":[1288,79,917,36,58,926,53,567,147,260,23,545,87,148,27,483],"class_list":["post-45189","post","type-post","status-publish","format-standard","has-post-thumbnail","hentry","category-autonomia","category-autor","category-chiapas","category-ezln-temas","category-frayba","category-megaproyectos","category-mexico","category-temas","tag-4t","tag-autonomia","tag-chiapas","tag-comunidades-zapatistas","tag-derechos-humanos","tag-ezln","tag-justicia","tag-megaproyectos","tag-militarizacion","tag-orcao","tag-paramilitares","tag-pueblos-indigenas","tag-represion","tag-resistencia","tag-solidaridad","tag-tierra-y-territorio"],"_links":{"self":[{"href":"https:\/\/radiozapatista.org\/index.php?rest_route=\/wp\/v2\/posts\/45189","targetHints":{"allow":["GET"]}}],"collection":[{"href":"https:\/\/radiozapatista.org\/index.php?rest_route=\/wp\/v2\/posts"}],"about":[{"href":"https:\/\/radiozapatista.org\/index.php?rest_route=\/wp\/v2\/types\/post"}],"author":[{"embeddable":true,"href":"https:\/\/radiozapatista.org\/index.php?rest_route=\/wp\/v2\/users\/21"}],"replies":[{"embeddable":true,"href":"https:\/\/radiozapatista.org\/index.php?rest_route=%2Fwp%2Fv2%2Fcomments&post=45189"}],"version-history":[{"count":5,"href":"https:\/\/radiozapatista.org\/index.php?rest_route=\/wp\/v2\/posts\/45189\/revisions"}],"predecessor-version":[{"id":45214,"href":"https:\/\/radiozapatista.org\/index.php?rest_route=\/wp\/v2\/posts\/45189\/revisions\/45214"}],"wp:featuredmedia":[{"embeddable":true,"href":"https:\/\/radiozapatista.org\/index.php?rest_route=\/wp\/v2\/media\/45190"}],"wp:attachment":[{"href":"https:\/\/radiozapatista.org\/index.php?rest_route=%2Fwp%2Fv2%2Fmedia&parent=45189"}],"wp:term":[{"taxonomy":"category","embeddable":true,"href":"https:\/\/radiozapatista.org\/index.php?rest_route=%2Fwp%2Fv2%2Fcategories&post=45189"},{"taxonomy":"post_tag","embeddable":true,"href":"https:\/\/radiozapatista.org\/index.php?rest_route=%2Fwp%2Fv2%2Ftags&post=45189"}],"curies":[{"name":"wp","href":"https:\/\/api.w.org\/{rel}","templated":true}]}}