{"id":45174,"date":"2023-05-24T10:15:58","date_gmt":"2023-05-24T16:15:58","guid":{"rendered":"https:\/\/radiozapatista.org\/?p=45174"},"modified":"2023-05-24T12:42:53","modified_gmt":"2023-05-24T18:42:53","slug":"pronunciamiento-por-base-de-apoyo-del-ezln-herido-en-region-moises-y-gandhi-por-ataque-del-grupo-paramilitar-orcao","status":"publish","type":"post","link":"https:\/\/radiozapatista.org\/?p=45174","title":{"rendered":"Pronunciamiento por Base de Apoyo del EZLN herido en Regi\u00f3n Mois\u00e9s y Gandhi por ataque del grupo paramilitar ORCAO"},"content":{"rendered":"<p><\/p>\n<div class=\"node__content clearfix\">\n<div class=\"field field--name-body field--type-text-with-summary field--label-hidden field__item\">\n<p>Fuente: <a href=\"https:\/\/redajmaq.org\/es\/pronunciamiento-por-base-de-apoyo-del-ezln-herido-en-region-moises-y-gandhi-por-ataque-del-grupo\" target=\"_blank\" rel=\"noopener\">Red Ajmaq<\/a><\/p>\n<p class=\"text-align-justify\">Al Congreso Nacional Ind\u00edgena<br \/>\nA la Sexta Nacional e Internacional<br \/>\nA las Redes de Resistencias y Rebeld\u00edas<br \/>\nA quienes participaron en la Caravana y Foro el Sur Resiste<br \/>\nA quienes luchan y defienden la vida.<\/p>\n<p class=\"text-align-right\" style=\"text-align: right;\">Valle de Jobel, Chiapas, 24 de mayo 2023.<\/p>\n<p class=\"text-align-justify\">Compa\u00f1erxs contamos con informaci\u00f3n\u00a0 del reciente y terrible ataque armado perpetrado por el grupo paramilitar de la Organizaci\u00f3n Regional de Cafeticultores de Ocosingo (ORCAO) hacia nuestrxs compa\u00f1erxs Bases de Apoyo del Ej\u00e9rcito Zapatista de Liberaci\u00f3n Nacional (BAEZLN) la noche del 22 de mayo del presente. Este ataque fue dirigido hacia la comunidad Aut\u00f3noma Zapatista de Mois\u00e9s y Gandhi, Municipio Aut\u00f3nomo Lucio Caba\u00f1as. Caracol 10, Floreciendo la Semilla Rebelde (Ocosingo, Chiapas). Un ataque armado de horas y desde donde se dispararon cientos de balas. Resultando herido de gravedad nuestro compa\u00f1ero BAEZLN Gilberto L\u00f3pez S\u00e1ntiz.<\/p>\n<p class=\"text-align-justify\">Con dolor, fuerza y \u200b\u200bdignidad nos pronunciamos para que difundamos y denunciamos una vez m\u00e1s a la organizaci\u00f3n criminal de la ORCAO. Grupo armado que no ha cesado en violentar, amedrentar, hostigar, secuestrar, torturar, robar, destruir y pretender despojar de las tierras recuperadas a los pueblos del EZLN.<\/p>\n<p class=\"text-align-justify\">El modo de operar de la ORCAO es el de los buenos agentes de la contrainsurgencia del gobierno. Ahora se camuflajea de &#8220;Gobierno Ind\u00edgena &#8221; para operar tambi\u00e9n desde la difamaci\u00f3n, calumnias y manipulaci\u00f3n como actos cobardes hacia el EZLN para generar confusi\u00f3n y desinformaci\u00f3n.<\/p>\n<p class=\"text-align-justify\">Como Red de Resistencias y Rebeld\u00edas AJMAQ junto con otras organizaciones, colectivxs e individuxs hemos realizado Caravanas y visitas de observaci\u00f3n desde octubre del 2020 para documentar, comunicar, difundir y denunciar las acciones criminales de dicho grupo paramilitar. Recogiendo puntualmente los testimonios de hombres, ancianos, mujeres, j\u00f3venxs y ni\u00f1xs desde el 2019.\u00a0 Estas agresiones empezaron con cercos y loteos en los trabajaderos de las tierras recuperadas, as\u00ed como da\u00f1os y destrucci\u00f3n de los sembrad\u00edos colectivos. A inicios del 2020 se sumaron a las agresiones los robos de cultivos, destrucci\u00f3n de alambrados y postes, presencia de gente armada y con radios port\u00e1tiles en la comunidad y montando guardias, amenazas verbales y escritas, intimidaciones y agresiones f\u00edsicas a compas BAEZLN, quema y fumigaci\u00f3n de sembrad\u00edos, robo de las tiendas de las comunidades aut\u00f3nomas, quema de colmenas, destrozos en la Escuela Secundaria Aut\u00f3noma y detonaciones de armas de fuego.<\/p>\n<p class=\"text-align-justify\">Desde agosto del 2020 se hizo p\u00fablica la quema y destrucci\u00f3n del Comedor de las compa\u00f1eras zapatistas y la Tienda Regional el Arcoiris por parte de la ORCAO en el crucero Cuxulj\u00e1. Mismo lugar que hoy est\u00e1 en control de este grupo paramilitar. Seguido de ataques y disparos de armas de fuego de distintos calibres al interior de las comunidades aut\u00f3nomas, poniendo en riesgo a hombres, mujeres, ni\u00f1os, ni\u00f1as, abuelas y abuelos que tienen que buscar refugio de las balas, o tirarse en el lodo en plena madrugada ya que se han dado ataques durante noches y d\u00edas enteros.<\/p>\n<p class=\"text-align-justify\">Sabemos que estas no son las \u00fanicas veces que la ORCAO dirige ataques criminales a nuestrxs compa\u00f1eros del EZLN. Pues desde finales de los 90 varios dirigentes de la ORCAO han sido cooptados por el estado mexicano en su af\u00e1n de frenar el avance de la autonom\u00eda y la lucha. Actualmente, este gobierno encabezado por Andr\u00e9s Manuel L\u00f3pez Obrador (AMLO) y su partido de Movimiento de Regeneraci\u00f3n Nacional (MORENA) no ha sido la excepci\u00f3n, pues la ORCAO sigue actuando con total impunidad y recibiendo programas sociales, como el de &#8220;Sembrando Vida&#8221; , como parte de ese pacto siniestro entre este tipo de organizaciones y el mal gobierno.<\/p>\n<p class=\"text-align-justify\">Como Red de Resistencias y Rebeld\u00edas AJMAQ refrendamos nuestra solidaridad con el EZLN y nuestro repudio a lo acontecido. Estando atentas de la salud de nuestro compa\u00f1ero Gilberto L\u00f3pez S\u00e1ntiz. Hacemos un llamado a lxs compas de la Sexta Nacional e Internacional y a la gente solidaria a estar al pendiente y a manifestarse tras lo ocurrido. Gritamos fuerte que nuestrxs compa\u00f1erxs zapatistas no est\u00e1n solxs y si tocan a unx nos tocan a todxs.<\/p>\n<p class=\"text-align-center\" style=\"text-align: center;\">\u00a1Lxs zapatistas no est\u00e1n solxs!<\/p>\n<p class=\"text-align-center\" style=\"text-align: center;\">\u00a1Alto a los ataques al EZLN!<br \/>\n\u00a1Que viva la autonom\u00eda!<\/p>\n<p class=\"text-align-center\" style=\"text-align: center;\">Red de Resistencias y Rebeld\u00edas Ajmaq<\/p>\n<h4 class=\"text-align-center\" style=\"text-align: center;\">Adhesiones<\/h4>\n<p class=\"text-align-center\" style=\"text-align: center;\">Alejandro Reyes (M\u00e9xico)<br \/>\nAlicia Castellanos Guerrero (M\u00e9xico)<br \/>\nAlma S\u00e1nchez, Periodista de Medios libres (Morelos, M\u00e9xico)<br \/>\nAnayatzin Temores Alc\u00e1ntara<br \/>\nAndrea Gonz\u00e1lez Fern\u00e1ndez<br \/>\nAndreas Bethmann (Alemania)<br \/>\nB\u00e1rbara Suarez Galeano (EEUU)<br \/>\nB\u00e1rbara Zamora<br \/>\nBelkis Riojas (Venezuela)<br \/>\nBiblioteca El Hormiguero Cafferata Bochin club (Rosario, Argentina)<br \/>\nCentro de Investigaci\u00f3n en Comunicaci\u00f3n Comunitaria<br \/>\nCoordinadora Nacional Indianista CONACIN (Chile)<br \/>\nCharlotte Maria S\u00e1enz Boldt (California)<br \/>\nColectiva Coraz\u00f3n del Tiempo, Puelmapu Nor Patagonia (Argentina)<br \/>\nColectivo Antsetik Ts&#8217;unun (M\u00e9xico)<br \/>\nColectivo CriptopPozol+ DDHH<br \/>\nColectivo Gata-Gata (Alemania)<br \/>\nColectivo Nuevo Camino (M\u00e9xico)<br \/>\nColectivo Radio Zapatista (M\u00e9xico)<br \/>\nColectivo Transdisciplinario de Investigaciones Cr\u00edticas (M\u00e9xico)<br \/>\nDesaprendizaje Aut\u00f3nomo desde la Sexta (C\u00f3rdoba, Argentina)<br \/>\nDiana Itzu Luna (M\u00e9xico)<br \/>\nDiego Osorno<br \/>\nElena Mor\u00faa (M\u00e9xico)<br \/>\nEscuela Superior Campesina Curaco de V\u00e9lez, Chilo\u00e9 (Chile)<br \/>\nEspacio Cultural La Otra Casa &#8211; Argentina<br \/>\nEspacio de Lucha contra el Olvido y la Represi\u00f3n (M\u00e9xico)<br \/>\nFabio Bertazzo<br \/>\nFernanda Navarro (M\u00e9xico)<br \/>\nFernanda Mu\u00f1oz (M\u00e9xico)<br \/>\nFrancisco Javier Jim\u00e9nez Mora (M\u00e9xico)<br \/>\nFrancisco G\u00f3mez D\u00edaz (M\u00e9xico)<br \/>\nFrancisco De Parres G\u00f3mez (M\u00e9xico)<br \/>\nGilberto L\u00f3pez y Rivas (M\u00e9xico)<br \/>\nGrietas en el muro (M\u00e9xico)<br \/>\nIsrael Pirra (M\u00e9xico)<br \/>\nJohn Gibler (M\u00e9xico)<br \/>\nJuan Carlos Etchegaray (Rosario &#8211; Argentina)<br \/>\nJuan Valeiro (Argentina)<br \/>\nLazos Punks (Internacional)<br \/>\nLifeLockDIY (M\u00e9xico)<br \/>\nLumaltik Herriak<br \/>\nManuel Rozental (Colombia)<br \/>\nMiriam Barranco (M\u00e9xico)<br \/>\nMovimiento de Mujeres en Defensa de la Madre Tierra y nuestros territorios (M\u00e9xico)<br \/>\nMujeres y la Sexta (M\u00e9xico)<br \/>\nOswaldo Castro Gallardo<br \/>\nPedro Faro (M\u00e9xico)<br \/>\nPepe Gonz\u00e1lez &#8211; Articular la Sociedad, SC.- (M\u00e9xico)<br \/>\nRa\u00fal Romero (M\u00e9xico)<br \/>\nRa\u00fal Prada (Brasil)<br \/>\nRa\u00fal Zibechi (Uruguay)<br \/>\nRed de Resistencia y Rebeldia del Puerto de Veracruz en Apoyo al C.I.G. &#8211; C.N.I.<br \/>\nRed de Resistencia y Rebeldia Jo&#8217;<br \/>\nRed de Resistencia y Rebeldia Tlalpan<br \/>\nRed de Resistencias Sur Sureste en Defensa de la Vida y el Territorio Utsil Kuxtal (M\u00e9xico)<br \/>\nRed Universitaria Anticapitalista (M\u00e9xico)<br \/>\nRed MyC Zapatista (M\u00e9xico)<br \/>\nRed Grietas Sexta del Norte (EEUU)<br \/>\nRamona Mercado Autogestivo Natural. (C\u00f3rdoba-Argentina)<br \/>\nRed Abya Yala Romper el Cerco<br \/>\nSchools for Chiapas\/Escuelas para Chiapas<br \/>\nSomos Cerro Blanco (Chile)<br \/>\nValeria Sbuelz (C\u00f3rdoba, Argentina<br \/>\nVilma Almendra (Colombia)<\/p>\n<p class=\"text-align-center\" style=\"text-align: center;\">\u00a1Nuestra lucha es por la vida!<\/p>\n<p class=\"text-align-justify\"><strong>Para adherir m\u00e1s firmas escribir a: <\/strong><a href=\"mailto:ajmaq_chiapas@riseup.net\" target=\"_blank\" rel=\"noopener\"><strong>ajmaq_chiapas@riseup.net<\/strong><\/a><\/p>\n<\/div>\n<div class=\"field field--name-field-tags field--type-entity-reference field--label-hidden field__items\">\n<div class=\"field__item\"><\/div>\n<\/div>\n<\/div>\n<p><\/p>","protected":false},"excerpt":{"rendered":"<p>Fuente: Red Ajmaq Al Congreso Nacional Ind\u00edgena A la Sexta Nacional e Internacional A las Redes de Resistencias y Rebeld\u00edas A quienes participaron en la Caravana y Foro el Sur Resiste A quienes luchan y defienden la vida. Valle de Jobel, Chiapas, 24 de mayo 2023. Compa\u00f1erxs contamos con informaci\u00f3n\u00a0 del reciente y terrible ataque [&hellip;]<\/p>\n","protected":false},"author":1,"featured_media":45175,"comment_status":"open","ping_status":"closed","sticky":false,"template":"","format":"standard","meta":{"footnotes":""},"categories":[6,955],"tags":[1288,36,926,912,260,23,511],"class_list":["post-45174","post","type-post","status-publish","format-standard","has-post-thumbnail","hentry","category-chiapas","category-ezln-temas","tag-4t","tag-comunidades-zapatistas","tag-ezln","tag-narcoestado","tag-orcao","tag-paramilitares","tag-violencia"],"_links":{"self":[{"href":"https:\/\/radiozapatista.org\/index.php?rest_route=\/wp\/v2\/posts\/45174","targetHints":{"allow":["GET"]}}],"collection":[{"href":"https:\/\/radiozapatista.org\/index.php?rest_route=\/wp\/v2\/posts"}],"about":[{"href":"https:\/\/radiozapatista.org\/index.php?rest_route=\/wp\/v2\/types\/post"}],"author":[{"embeddable":true,"href":"https:\/\/radiozapatista.org\/index.php?rest_route=\/wp\/v2\/users\/1"}],"replies":[{"embeddable":true,"href":"https:\/\/radiozapatista.org\/index.php?rest_route=%2Fwp%2Fv2%2Fcomments&post=45174"}],"version-history":[{"count":3,"href":"https:\/\/radiozapatista.org\/index.php?rest_route=\/wp\/v2\/posts\/45174\/revisions"}],"predecessor-version":[{"id":45178,"href":"https:\/\/radiozapatista.org\/index.php?rest_route=\/wp\/v2\/posts\/45174\/revisions\/45178"}],"wp:featuredmedia":[{"embeddable":true,"href":"https:\/\/radiozapatista.org\/index.php?rest_route=\/wp\/v2\/media\/45175"}],"wp:attachment":[{"href":"https:\/\/radiozapatista.org\/index.php?rest_route=%2Fwp%2Fv2%2Fmedia&parent=45174"}],"wp:term":[{"taxonomy":"category","embeddable":true,"href":"https:\/\/radiozapatista.org\/index.php?rest_route=%2Fwp%2Fv2%2Fcategories&post=45174"},{"taxonomy":"post_tag","embeddable":true,"href":"https:\/\/radiozapatista.org\/index.php?rest_route=%2Fwp%2Fv2%2Ftags&post=45174"}],"curies":[{"name":"wp","href":"https:\/\/api.w.org\/{rel}","templated":true}]}}