{"id":45165,"date":"2023-05-23T14:36:39","date_gmt":"2023-05-23T20:36:39","guid":{"rendered":"https:\/\/radiozapatista.org\/?p=45165"},"modified":"2023-05-23T14:36:39","modified_gmt":"2023-05-23T20:36:39","slug":"comunicado-fpdta-mpt-una-simulacion-la-acusacion-de-la-fiscalia-de-morelos-contra-el-unico-detenido-en-el-caso-de-samir","status":"publish","type":"post","link":"https:\/\/radiozapatista.org\/?p=45165","title":{"rendered":"[:es]Comunicado FPDTA-MPT: Una simulaci\u00f3n la acusaci\u00f3n de la fiscal\u00eda de Morelos contra el \u00fanico detenido en el caso de Samir[:]"},"content":{"rendered":"<p>[:es]<\/p>\n<div class=\"post-content-container\">\n<div class=\"post-content entry-content cf\">\n<p>23.05.23<\/p>\n<p>* Pueblos, colectivos y organizaciones frenan la simulaci\u00f3n que pretend\u00eda consumar la Fiscal\u00eda de Morelos en el caso de Samir Flores<\/p>\n<p>El d\u00eda de ayer 22 de abril, a 51 meses del asesinato de nuestro hermano Samir Flores Soberanes, representantes de pueblos, organizaciones y colectivos del estado de Morelos, Puebla y Ciudad de M\u00e9xico, integrantes y simpatizantes del Congreso Nacional Ind\u00edgena CNI-CIG, protestamos junto a la comunidad de Amilcingo, frente a Ciudad Judicial en Cuautla Morelos, para frenar se consumara la simulaci\u00f3n de la Fiscal\u00eda General del Estado de Morelos en el caso del \u00fanico detenido, presunto responsable de la muerte de Samir.<\/p>\n<p>Javier \u201cN\u201d alias el Temalaco es acusado por la Fiscal\u00eda General de Morelos como uno de los cuatro autores materiales del asesinato de Samir Flores Soberanes el pasado 20 de febrero de 2019. Integrante de la diligencia del Partido del Trabajo en Morelos, junto con su hermano, se report\u00f3 en medios de comunicaci\u00f3n una segunda detenci\u00f3n del \u201cTemalaco\u201d por secuestro y narcotr\u00e1fico el 16 de septiembre de 2019.<\/p>\n<p>Es decir que el Temalaco ya llevaba en la c\u00e1rcel 2 a\u00f1os, cuando el Fiscal Uriel Carmona anunci\u00f3 el 30 de septiembre de 2021 su detenci\u00f3n como un avance en las investigaciones del asesinato de Samir. Fechas en que justamente el Presidente de la Rep\u00fablica ven\u00eda a anunciar la inauguraci\u00f3n de la termoel\u00e9ctrica, pero el teatro se les cay\u00f3 y el Presidente no inaugur\u00f3 la termoel\u00e9ctrica y se evidenci\u00f3 \u201cel chivo\u201d que ten\u00edan ya preparado en su asqueroso discurso de justicia y avances en la investigaci\u00f3n por el cobarde asesinato de Samir.<\/p>\n<p>Sin embargo, la coadyuvancia legal de la familia de Samir a cargo del Grupo de Acci\u00f3n por los Derechos Humanos y la Justicia Social, en el af\u00e1n de avanzar con las investigaciones, solicit\u00f3 diversos actos de investigaci\u00f3n y pruebas que pudieran dar paso a comprobar la responsabilidad o no del acusado y principalmente los motivos del asesinato, sin que fuera atendida debidamente por la Fiscal\u00eda, haci\u00e9ndose, literalmente \u201cpendeja\u201d.<\/p>\n<p>Debi\u00e9ndose realizar un correcto an\u00e1lisis de contexto del motivo por el cual asesinaron a Samir, el cual est\u00e1 vinculado a su trabajo como comunicador ind\u00edgena y defensor de derechos humanos, as\u00ed como la integraci\u00f3n de pruebas que puedan cumplir con la funci\u00f3n de comprobar la acusaci\u00f3n que formula la fiscal\u00eda contra el \u201cTemalaco\u201d.<\/p>\n<p>En esta audiencia intermedia, la Fiscal\u00eda formulaba una acusaci\u00f3n detallada de la participaci\u00f3n de Javier \u201cN\u201d en el asesinato de Samir, detalles que no existen en la carpeta de investigaci\u00f3n y no se comprueban con las pruebas que ofrece. Con esa inconsistencia de acusaci\u00f3n y pruebas la Fiscal\u00eda pretende llevar a juicio al Temalaco, abriendo la puerta para su liberaci\u00f3n en la sentencia del juicio o mediante impugnaciones que pudieran suceder.<\/p>\n<p>La Fiscal\u00eda del Estado de Morelos no tiene una investigaci\u00f3n seria y s\u00f3lida en el caso de Samir y es por ello que exigimos sea cumplida la palabra del Presidente de la Rep\u00fablica de que el caso sea atra\u00eddo por la Fiscal\u00eda General de la Rep\u00fablica. Siendo procedente legalmente y competente, la Fiscal\u00eda Especial para la Atenci\u00f3n de Delitos cometidos contra Periodistas (FEADP), ya que Samir era un comunicador ind\u00edgena y su asesinato est\u00e1 vinculado a la difusi\u00f3n y trabajo period\u00edstico que hacia en la radio con respecto al PIM, as\u00ed como tambi\u00e9n porque el Estado Mexicano no cuenta con una Fiscal\u00eda de la Rep\u00fablica especializada en delitos cometidos contra personas defensoras de derechos humanos, a pesar del creciente n\u00famero de asesinatos, desapariciones y ataques contra las personas defensoras del territorio y los derechos humanos, y esta es la Fiscal\u00eda que mas se acerca y deb\u00eda conocer tambi\u00e9n de delitos cometidos contra personas defensoras.<\/p>\n<p>Nuestro enojo se mira con el enojo de nuestro guardi\u00e1n, el volc\u00e1n Popocat\u00e9petl, quien hoy nos recuerda que no somos nada frente a \u00e9l, que su ej\u00e9rcito y derramamiento de sangre para imponer una termoel\u00e9ctrica, un gasoducto y un acueducto no son nada frente al volc\u00e1n, que su farsa nos puede costar millones de vidas y p\u00e9rdidas materiales.<\/p>\n<p>\u00a1Ap\u00e1nguenle al gas! Es lo que queremos con el Gasoducto Morelos y su cochina termoel\u00e9ctrica.<\/p>\n<p>\u00a1Justicia para Samir!<br \/>\n\u00a1Nunca mas un M\u00e9xico sin nosotros!<\/p>\n<p>T\u2019neki tlalle uan atl para tenochti, amo timikiske por tumi \u2013 Queremos tierra y agua para todos, no morir por dinero<\/p>\n<p>Frente de Pueblos en Defensa de la Tierra y el Agua Morelos, Puebla, Tlaxcala<\/p>\n<\/div>\n<\/div>\n<p>[:]<\/p>\n","protected":false},"excerpt":{"rendered":"<p>[:es] 23.05.23 * Pueblos, colectivos y organizaciones frenan la simulaci\u00f3n que pretend\u00eda consumar la Fiscal\u00eda de Morelos en el caso de Samir Flores El d\u00eda de ayer 22 de abril, a 51 meses del asesinato de nuestro hermano Samir Flores Soberanes, representantes de pueblos, organizaciones y colectivos del estado de Morelos, Puebla y Ciudad de [&hellip;]<\/p>\n","protected":false},"author":21,"featured_media":45166,"comment_status":"open","ping_status":"closed","sticky":false,"template":"","format":"standard","meta":{"footnotes":""},"categories":[957,51,826,958,954,935],"tags":[79,58,53,567,147,23,545,87,148,27,483],"class_list":["post-45165","post","type-post","status-publish","format-standard","has-post-thumbnail","hentry","category-autonomia","category-autor","category-medios-libres-2","category-megaproyectos","category-mexico","category-temas","tag-autonomia","tag-derechos-humanos","tag-justicia","tag-megaproyectos","tag-militarizacion","tag-paramilitares","tag-pueblos-indigenas","tag-represion","tag-resistencia","tag-solidaridad","tag-tierra-y-territorio"],"_links":{"self":[{"href":"https:\/\/radiozapatista.org\/index.php?rest_route=\/wp\/v2\/posts\/45165","targetHints":{"allow":["GET"]}}],"collection":[{"href":"https:\/\/radiozapatista.org\/index.php?rest_route=\/wp\/v2\/posts"}],"about":[{"href":"https:\/\/radiozapatista.org\/index.php?rest_route=\/wp\/v2\/types\/post"}],"author":[{"embeddable":true,"href":"https:\/\/radiozapatista.org\/index.php?rest_route=\/wp\/v2\/users\/21"}],"replies":[{"embeddable":true,"href":"https:\/\/radiozapatista.org\/index.php?rest_route=%2Fwp%2Fv2%2Fcomments&post=45165"}],"version-history":[{"count":1,"href":"https:\/\/radiozapatista.org\/index.php?rest_route=\/wp\/v2\/posts\/45165\/revisions"}],"predecessor-version":[{"id":45167,"href":"https:\/\/radiozapatista.org\/index.php?rest_route=\/wp\/v2\/posts\/45165\/revisions\/45167"}],"wp:featuredmedia":[{"embeddable":true,"href":"https:\/\/radiozapatista.org\/index.php?rest_route=\/wp\/v2\/media\/45166"}],"wp:attachment":[{"href":"https:\/\/radiozapatista.org\/index.php?rest_route=%2Fwp%2Fv2%2Fmedia&parent=45165"}],"wp:term":[{"taxonomy":"category","embeddable":true,"href":"https:\/\/radiozapatista.org\/index.php?rest_route=%2Fwp%2Fv2%2Fcategories&post=45165"},{"taxonomy":"post_tag","embeddable":true,"href":"https:\/\/radiozapatista.org\/index.php?rest_route=%2Fwp%2Fv2%2Ftags&post=45165"}],"curies":[{"name":"wp","href":"https:\/\/api.w.org\/{rel}","templated":true}]}}