{"id":45109,"date":"2023-05-15T13:44:42","date_gmt":"2023-05-15T19:44:42","guid":{"rendered":"https:\/\/radiozapatista.org\/?p=45109"},"modified":"2023-05-15T13:44:42","modified_gmt":"2023-05-15T19:44:42","slug":"%f0%9d%90%8b%f0%9d%90%9a-%f0%9d%90%a2%f0%9d%90%a6%f0%9d%90%a9%f0%9d%90%a8%f0%9d%90%ab%f0%9d%90%ad%f0%9d%90%9a%f0%9d%90%a7%f0%9d%90%9c%f0%9d%90%a2%f0%9d%90%9a-%f0%9d%90%9d%f0%9d%90%9e-%f0%9d%90%a5","status":"publish","type":"post","link":"https:\/\/radiozapatista.org\/?p=45109","title":{"rendered":"?? ??????????? ?? ??? ??????? ?? ??? ???????? ??????????????? (16 mayo)"},"content":{"rendered":"<p><\/p>\n<p style=\"text-align: center;\">?? ??????????? ?? ??? ??????? ?? ??? ???????? ???????????????<br \/>\nSeminario Internacionalismo cr\u00edtico y luchas por la vida (Mesa 2)<\/p>\n<p style=\"text-align: center;\">??\/????, ??h (CDMX) &#8211; 18h (CET)<\/p>\n<p>La preponderancia de las mujeres en los procesos emancipatorios a nivel global es innegable y una constante. En esta mesa reflexionar\u00e1 sobre su papel en los procesos revolucionarios en el marco de la Traves\u00eda por la Vida adem\u00e1s de contarnos sus aprendizajes y retos<\/p>\n<p>Inscripci\u00f3n:<br \/>\n<a href=\"https:\/\/bit.ly\/3zdb2Ji\" target=\"_blank\" rel=\"noopener\">https:\/\/bit.ly\/3zdb2Ji<\/a><\/p>\n<p>Transmisi\u00f3n:<br \/>\nFB: <a href=\"https:\/\/www.facebook.com\/CLACSO.Oficial\">https:\/\/www.facebook.com\/CLACSO.Oficial<\/a><br \/>\nYouTube: <a href=\"https:\/\/www.youtube.com\/@CLACSOtv\">https:\/\/www.youtube.com\/@CLACSOtv<\/a><\/p>\n<p style=\"text-align: center;\"><a href=\"https:\/\/radiozapatista.org\/wp-content\/uploads\/2023\/05\/photo_2023-05-15_10-37-51.jpg\"><img loading=\"lazy\" decoding=\"async\" class=\"aligncenter size-full wp-image-45110\" src=\"https:\/\/radiozapatista.org\/wp-content\/uploads\/2023\/05\/photo_2023-05-15_10-37-51.jpg\" alt=\"\" width=\"700\" height=\"750\" srcset=\"https:\/\/radiozapatista.org\/wp-content\/uploads\/2023\/05\/photo_2023-05-15_10-37-51.jpg 700w, https:\/\/radiozapatista.org\/wp-content\/uploads\/2023\/05\/photo_2023-05-15_10-37-51-280x300.jpg 280w\" sizes=\"auto, (max-width: 700px) 100vw, 700px\" \/><\/a><\/p>\n<p><\/p>","protected":false},"excerpt":{"rendered":"<p>?? ??????????? ?? ??? ??????? ?? ??? ???????? ??????????????? Seminario Internacionalismo cr\u00edtico y luchas por la vida (Mesa 2) ??\/????, ??h (CDMX) &#8211; 18h (CET) La preponderancia de las mujeres en los procesos emancipatorios a nivel global es innegable y una constante. En esta mesa reflexionar\u00e1 sobre su papel en los procesos revolucionarios en el [&hellip;]<\/p>\n","protected":false},"author":1,"featured_media":0,"comment_status":"open","ping_status":"closed","sticky":false,"template":"","format":"standard","meta":{"footnotes":""},"categories":[961,183],"tags":[1122,41],"class_list":["post-45109","post","type-post","status-publish","format-standard","hentry","category-mujeres","category-blog","tag-eventos","tag-mujeres"],"_links":{"self":[{"href":"https:\/\/radiozapatista.org\/index.php?rest_route=\/wp\/v2\/posts\/45109","targetHints":{"allow":["GET"]}}],"collection":[{"href":"https:\/\/radiozapatista.org\/index.php?rest_route=\/wp\/v2\/posts"}],"about":[{"href":"https:\/\/radiozapatista.org\/index.php?rest_route=\/wp\/v2\/types\/post"}],"author":[{"embeddable":true,"href":"https:\/\/radiozapatista.org\/index.php?rest_route=\/wp\/v2\/users\/1"}],"replies":[{"embeddable":true,"href":"https:\/\/radiozapatista.org\/index.php?rest_route=%2Fwp%2Fv2%2Fcomments&post=45109"}],"version-history":[{"count":1,"href":"https:\/\/radiozapatista.org\/index.php?rest_route=\/wp\/v2\/posts\/45109\/revisions"}],"predecessor-version":[{"id":45111,"href":"https:\/\/radiozapatista.org\/index.php?rest_route=\/wp\/v2\/posts\/45109\/revisions\/45111"}],"wp:attachment":[{"href":"https:\/\/radiozapatista.org\/index.php?rest_route=%2Fwp%2Fv2%2Fmedia&parent=45109"}],"wp:term":[{"taxonomy":"category","embeddable":true,"href":"https:\/\/radiozapatista.org\/index.php?rest_route=%2Fwp%2Fv2%2Fcategories&post=45109"},{"taxonomy":"post_tag","embeddable":true,"href":"https:\/\/radiozapatista.org\/index.php?rest_route=%2Fwp%2Fv2%2Ftags&post=45109"}],"curies":[{"name":"wp","href":"https:\/\/api.w.org\/{rel}","templated":true}]}}