{"id":45087,"date":"2023-05-12T09:50:42","date_gmt":"2023-05-12T15:50:42","guid":{"rendered":"https:\/\/radiozapatista.org\/?p=45087"},"modified":"2023-05-12T09:52:14","modified_gmt":"2023-05-12T15:52:14","slug":"noticias-de-abajo-11-mayo-2023-especial-elsurresiste","status":"publish","type":"post","link":"https:\/\/radiozapatista.org\/?p=45087","title":{"rendered":"Noticias de abajo &#8211; 11 mayo 2023 &#8211; Especial #ElSurResiste"},"content":{"rendered":"<p>Podcast Recorrido radiof\u00f3nico de la <a href=\"https:\/\/radiozapatista.org\/?page_id=44474\" rel=\"noopener\" target=\"_blank\">Caravana y Encuentro Internacional El Sur Resiste<\/a>, del 24 e abril al 6 de Mayo por el Sur Sureste Mexicano. Para m\u00e1s info: elsurresiste.org<\/p>\n<p>En esta ocasi\u00f3n te compartimos una s\u00edntesis de la informaci\u00f3n que ayudamos a compilar en el esfuerzo colectivo de la cobertura de la caravana, encuentro y ahora campa\u00f1a El Sur Resiste.<\/p>\n<p>Escucha aqu\u00ed: [podcast]https:\/\/archive.org\/download\/noticiasdeabajo_11mayo2023_especial_elsurresiste\/noticiasdeabajo_11mayo2023_especial_elsurresiste.mp3[\/podcast]<\/p>","protected":false},"excerpt":{"rendered":"<p>Podcast Recorrido radiof\u00f3nico de la Caravana y Encuentro Internacional El Sur Resiste, del 24 e abril al 6 de Mayo por el Sur Sureste Mexicano. Para m\u00e1s info: elsurresiste.org En esta ocasi\u00f3n te compartimos una s\u00edntesis de la informaci\u00f3n que ayudamos a compilar en el esfuerzo colectivo de la cobertura de la caravana, encuentro y [&hellip;]<\/p>\n","protected":false},"author":1,"featured_media":45088,"comment_status":"open","ping_status":"closed","sticky":false,"template":"","format":"standard","meta":{"footnotes":""},"categories":[1,957,6,1024,1095,826,958,954,962],"tags":[1288,1409,917,1408,56,655,567,912,87,1178,1250],"class_list":["post-45087","post","type-post","status-publish","format-standard","has-post-thumbnail","hentry","category-audio","category-autonomia","category-chiapas","category-cni-temas","category-concejo-indigena-de-gobierno","category-medios-libres-2","category-megaproyectos","category-mexico","category-presos","tag-4t","tag-caravana","tag-chiapas","tag-el-sur-resiste","tag-encuentros","tag-istmo","tag-megaproyectos","tag-narcoestado","tag-represion","tag-tabasco","tag-tren-maya"],"_links":{"self":[{"href":"https:\/\/radiozapatista.org\/index.php?rest_route=\/wp\/v2\/posts\/45087","targetHints":{"allow":["GET"]}}],"collection":[{"href":"https:\/\/radiozapatista.org\/index.php?rest_route=\/wp\/v2\/posts"}],"about":[{"href":"https:\/\/radiozapatista.org\/index.php?rest_route=\/wp\/v2\/types\/post"}],"author":[{"embeddable":true,"href":"https:\/\/radiozapatista.org\/index.php?rest_route=\/wp\/v2\/users\/1"}],"replies":[{"embeddable":true,"href":"https:\/\/radiozapatista.org\/index.php?rest_route=%2Fwp%2Fv2%2Fcomments&post=45087"}],"version-history":[{"count":2,"href":"https:\/\/radiozapatista.org\/index.php?rest_route=\/wp\/v2\/posts\/45087\/revisions"}],"predecessor-version":[{"id":45090,"href":"https:\/\/radiozapatista.org\/index.php?rest_route=\/wp\/v2\/posts\/45087\/revisions\/45090"}],"wp:featuredmedia":[{"embeddable":true,"href":"https:\/\/radiozapatista.org\/index.php?rest_route=\/wp\/v2\/media\/45088"}],"wp:attachment":[{"href":"https:\/\/radiozapatista.org\/index.php?rest_route=%2Fwp%2Fv2%2Fmedia&parent=45087"}],"wp:term":[{"taxonomy":"category","embeddable":true,"href":"https:\/\/radiozapatista.org\/index.php?rest_route=%2Fwp%2Fv2%2Fcategories&post=45087"},{"taxonomy":"post_tag","embeddable":true,"href":"https:\/\/radiozapatista.org\/index.php?rest_route=%2Fwp%2Fv2%2Ftags&post=45087"}],"curies":[{"name":"wp","href":"https:\/\/api.w.org\/{rel}","templated":true}]}}