{"id":45078,"date":"2023-05-11T12:05:03","date_gmt":"2023-05-11T18:05:03","guid":{"rendered":"https:\/\/radiozapatista.org\/?p=45078"},"modified":"2023-05-11T12:05:03","modified_gmt":"2023-05-11T18:05:03","slug":"ni-condenado-ni-perseguido-solidaridad-con-miguel-peralta","status":"publish","type":"post","link":"https:\/\/radiozapatista.org\/?p=45078","title":{"rendered":"\u00a1Ni condenado, ni perseguido! Solidaridad con Miguel Peralta"},"content":{"rendered":"<p><\/p>\n<section id=\"jvqkbhnadtxbjfswuuiskoiqtcmofzdewmxj\" class=\"brz-section brz-css-rnool __ns__pop2top\" data-uid=\"jvqkbhnadtxbjfswuuiskoiqtcmofzdewmxj\">\n<div class=\"brz-section__content brz-section--boxed brz-css-qaxvv brz-css-rxgtk __ns__pop2top\" data-custom-id=\"gbpxlhpenzcwtghfkyyblqpxsziiifmekbae\">\n<div class=\"brz-container brz-css-ebyjq brz-css-txnvh __ns__pop2top\">\n<div class=\"brz-css-pwhil brz-wrapper __ns__pop2top\">\n<div class=\"brz-wp-post-content brz-css-hjghk brz-css-rjkyu __ns__pop2top\" data-custom-id=\"erpmsvzflalnrpdpfdgtvqfrtdvftwimftlm\">\n<div class=\"__ns__pop2top\">\n<p>Mi nombre es Fidencio Aldama P\u00e9rez. Me uno en solidaridad con mi compa\u00f1ero Miguel Peralta que siendo preso por casi cinco a\u00f1os, tras un engorroso y dilatado proceso, se logr\u00f3 su libertad, al quedar demostrado jur\u00eddicamente que no existe una sola prueba para inculparlo. Misma situaci\u00f3n por la que desde hace ocho a\u00f1os, a\u00fan se encuentran presos sin ninguna sentencia seis compa\u00f1eros y catorce m\u00e1s perseguidos por supuesta \u201cjusticia\u201d. O m\u00e1s bien por la manipulaci\u00f3n de ciertas personas las que hacen un abuso de su poder.<\/p>\n<p>El 4 de marzo de 2022, el Tribunal Superior de Justicia del Estado de Oaxaca revoc\u00f3 su sentencia de libertad tirando una orden de reaprehensi\u00f3n y queriendo imponer una nueva sentencia de medio siglo, es decir cincuenta a\u00f1os.<\/p>\n<p>Ante esta condena y persecuci\u00f3n pol\u00edtica, me hago solidario a este caso, haciendo un llamado en contra la injusticia que est\u00e1 apareciendo a mi compa\u00f1ero Miguel Peralta. Un caso similar al m\u00edo. Porque defendemos nuestro territorio y nuestra autodeterminaci\u00f3n, y nuestros usos y costumbres, nos encarcelen injustamente por la intervenci\u00f3n del poder\u00edo y ligado con ello la participaci\u00f3n de corrupci\u00f3n, para intimidarnos para as\u00ed ellos los aliados de dinero salir y cumplir con su objetivo.<\/p>\n<p>Pero seguimos manteni\u00e9ndonos en la lucha por la libre autodeterminaci\u00f3n sobre todo de nuestros usos y costumbres. Hagamos un llamado de acci\u00f3n por la libertad para exigir el amparo interpuesto ante este proceso, para que realmente trabajan como se deben trabajar.<\/p>\n<p>Compa\u00f1ero Miguel Peralta, \u00a1ni perseguido, ni condenado!<\/p>\n<\/div>\n<\/div>\n<\/div>\n<\/div>\n<\/div>\n<\/section>\n<section id=\"vntgzbrdwfkoxeuajojrdxmnsvlizqqurtcj\" class=\"brz-section brz-css-rnool\" data-uid=\"vntgzbrdwfkoxeuajojrdxmnsvlizqqurtcj\">\n<div class=\"brz-section__content brz-section--boxed brz-css-qaxvv brz-css-hzdtx\" data-custom-id=\"dyiwjocdfwtzrszkwbtfjwlxgmlhtmfttinf\">\n<div class=\"brz-bg overflow-hidden !z-auto absolute top-0 left-0 w-full h-full\">\n<div class=\"brz-bg-color absolute top-0 left-0 w-full h-full\"><\/div>\n<\/div>\n<div class=\"brz-container brz-css-ebyjq\">\n<div class=\"brz-row__container brz-css-flhdc\" data-custom-id=\"fjxdmftmjcntslhtdtxsxywmvcpgsmnycmmq\">\n<div class=\"brz-bg overflow-hidden !z-auto absolute top-0 left-0 w-full h-full\"><\/div>\n<div class=\"brz-row brz-css-yioun brz-css-rlxpq\">\n<div class=\"brz-columns brz-css-utebe brz-css-jjaxv\" data-custom-id=\"ckodponwhkibrnebxzdpglynxfqygoytueyl\">\n<div class=\"brz-bg overflow-hidden !z-auto absolute top-0 left-0 w-full h-full\">\n<div class=\"brz-bg-color absolute top-0 left-0 w-full h-full\"><\/div>\n<\/div>\n<div class=\"brz-column__items brz-css-bqgmr\">\n<div class=\"brz-css-pwhil brz-wrapper\">\n<div class=\"brz-rich-text brz-rich-text__custom brz-css-bdmpz\" data-custom-id=\"sjwbaquwplwcueqtasmjtqgkaegbfgjhstkn\">\n<div>\n<p class=\"brz-css-gdbzr\"><span class=\"brz-cp-color1\">Libertad a Fidencio Aldama<\/span><\/p>\n<\/div>\n<\/div>\n<\/div>\n<\/div>\n<\/div>\n<\/div>\n<\/div>\n<\/div>\n<\/div>\n<\/section>\n<p><\/p>","protected":false},"excerpt":{"rendered":"<p>Mi nombre es Fidencio Aldama P\u00e9rez. Me uno en solidaridad con mi compa\u00f1ero Miguel Peralta que siendo preso por casi cinco a\u00f1os, tras un engorroso y dilatado proceso, se logr\u00f3 su libertad, al quedar demostrado jur\u00eddicamente que no existe una sola prueba para inculparlo. Misma situaci\u00f3n por la que desde hace ocho a\u00f1os, a\u00fan se [&hellip;]<\/p>\n","protected":false},"author":21,"featured_media":45079,"comment_status":"open","ping_status":"closed","sticky":false,"template":"","format":"standard","meta":{"footnotes":""},"categories":[957,51,826,958,954,935],"tags":[58,53,567,147,37,545,87,148,27,483],"class_list":["post-45078","post","type-post","status-publish","format-standard","has-post-thumbnail","hentry","category-autonomia","category-autor","category-medios-libres-2","category-megaproyectos","category-mexico","category-temas","tag-derechos-humanos","tag-justicia","tag-megaproyectos","tag-militarizacion","tag-presos-politicos","tag-pueblos-indigenas","tag-represion","tag-resistencia","tag-solidaridad","tag-tierra-y-territorio"],"_links":{"self":[{"href":"https:\/\/radiozapatista.org\/index.php?rest_route=\/wp\/v2\/posts\/45078","targetHints":{"allow":["GET"]}}],"collection":[{"href":"https:\/\/radiozapatista.org\/index.php?rest_route=\/wp\/v2\/posts"}],"about":[{"href":"https:\/\/radiozapatista.org\/index.php?rest_route=\/wp\/v2\/types\/post"}],"author":[{"embeddable":true,"href":"https:\/\/radiozapatista.org\/index.php?rest_route=\/wp\/v2\/users\/21"}],"replies":[{"embeddable":true,"href":"https:\/\/radiozapatista.org\/index.php?rest_route=%2Fwp%2Fv2%2Fcomments&post=45078"}],"version-history":[{"count":1,"href":"https:\/\/radiozapatista.org\/index.php?rest_route=\/wp\/v2\/posts\/45078\/revisions"}],"predecessor-version":[{"id":45080,"href":"https:\/\/radiozapatista.org\/index.php?rest_route=\/wp\/v2\/posts\/45078\/revisions\/45080"}],"wp:featuredmedia":[{"embeddable":true,"href":"https:\/\/radiozapatista.org\/index.php?rest_route=\/wp\/v2\/media\/45079"}],"wp:attachment":[{"href":"https:\/\/radiozapatista.org\/index.php?rest_route=%2Fwp%2Fv2%2Fmedia&parent=45078"}],"wp:term":[{"taxonomy":"category","embeddable":true,"href":"https:\/\/radiozapatista.org\/index.php?rest_route=%2Fwp%2Fv2%2Fcategories&post=45078"},{"taxonomy":"post_tag","embeddable":true,"href":"https:\/\/radiozapatista.org\/index.php?rest_route=%2Fwp%2Fv2%2Ftags&post=45078"}],"curies":[{"name":"wp","href":"https:\/\/api.w.org\/{rel}","templated":true}]}}