{"id":45072,"date":"2023-05-11T10:10:43","date_gmt":"2023-05-11T16:10:43","guid":{"rendered":"https:\/\/radiozapatista.org\/?p=45072"},"modified":"2023-05-12T09:36:42","modified_gmt":"2023-05-12T15:36:42","slug":"pronunciamiento-del-encuentro-internacional-el-sur-resiste-capitalismo-corporativo-mundial-patriarcado-planetario-autonomias-en-rebeldia","status":"publish","type":"post","link":"https:\/\/radiozapatista.org\/?p=45072","title":{"rendered":"PRONUNCIAMIENTO DEL ENCUENTRO INTERNACIONAL EL SUR RESISTE \u201cCapitalismo corporativo mundial, Patriarcado planetario, Autonom\u00edas en rebeld\u00eda\u201d"},"content":{"rendered":"<p><\/p>\n<p style=\"text-align: right;\">CIDECI-UNITIERRA \/ CARACOL JACINTO CANEK 7 de mayo 2023.<\/p>\n<p>A la Comandancia General del EZLN:<br \/>\nAl Congreso Nacional Ind\u00edgena:<br \/>\nAl Concejo Ind\u00edgena de Gobierno:<br \/>\nA las organizaciones nacionales e internacionales que luchan y resisten:<br \/>\nA los medios de comunicaci\u00f3n libres, alternativos, independientes o como se llamen:<br \/>\nA los pueblos de M\u00e9xico y el mundo:<\/p>\n<p>Escucha aqu\u00ed: [podcast]https:\/\/radiozapatista.org\/wp-content\/uploads\/2023\/05\/encuentro2-033-1.mp3[\/podcast]<\/p>\n<p>Desde el Coraz\u00f3n de la tierra donde naci\u00f3, creci\u00f3 y se reproduce la digna rabia, los pueblos rebeldes de las geograf\u00edas del Sur Sureste que caminamos la caravana El Sur Resiste 2023, pueblos binniz\u00e1, Ayuuk, Nahua, Nuntajiyi (Nuntajuyi), Maya, Chol, Zoque, Tzeltal, Tojolabal, Tsotsil y mestizos, convocados por diversas organizaciones de esta geograf\u00eda y por el Congreso Nacional Ind\u00edgena, recorrimos los territorios afectados por los megaproyectos militares interconectados, Tren mal llamado Maya y el Corredor Interoce\u00e1nico. Llegamos al territorio zapatista del CIDECI-UNITIERRA \/ Caracol Jacinto Canek en San Crist\u00f3bal de las Casas, Chiapas, donde nos reunimos con muchos otros pueblos y organizaciones de los pueblos originarios y las zonas urbanas del sur sureste del pa\u00eds y de otras muchas regiones de nuestra Madre Tierra para compartir los dolores, esperanzas y estrategias de articulaci\u00f3n, aprender de las luchas de otras geograf\u00edas y seguir tejiendo redes solidarias de resistencia y rebeld\u00eda planetaria.<\/p>\n<p>Del 25 de abril al 4 de mayo, los integrantes de la Caravana El Sur Resiste viajamos por comunidades y pueblos de ocho Estados de la Rep\u00fablica Mexicana; partiendo de la comunidad de El Progreso, municipio de Pijijiapan, con una escala en Tonal\u00e1, recorrimos la costa de Chiapas y cruzamos el Istmo de Tehuantepec, desde la comunidad Binniza en resistencia de Puente Madera, municipio de San Blas Atempa, pasando por el campamento rebelde \u201cTierra y Libertad\u201d en el paraje de la comunidad Aayuuk de Mogo\u00f1e Viejo, municipio de San Juan Guichicovi ambas comunidades del estado de Oaxaca y llegando a la comunidad nahua de Oteapan en el Sur de Veracruz. De ah\u00ed, emprendimos el recorrido rumbo a los territorios mayas de la pen\u00ednsula de Yucat\u00e1n, atravesando el Estado de Tabasco por Villahermosa y la comunidad costera de El Bosque devorada por el mar por efecto del calentamiento global, llegando a Candelaria, Campeche, y siguiendo la ruta hasta la comunidad de Zak\u00ed, hoy nombrada Valladolid en Yucat\u00e1n y la comunidad de Noj Kaaj Santa Cruz, hoy Felipe Carrillo Puerto en Quintana Roo, regresando por Xpujil nuevamente en territorio campechano para regresar a Chiapas y encontrarnos con los pueblos zoque, chol, tsotsil, tojolabal y tzeltal, con una parada en Palenque, cruzando la regi\u00f3n de los Altos para llegar a nuestro destino final, Jovel, hoy San Crist\u00f3bal de las Casas.<\/p>\n<p><!--more-->En toda esta traves\u00eda, nuestros corazones, sentires y pensares se abrieron a la escucha y la observaci\u00f3n de los m\u00faltiples dolores y destrozos provocados por la voracidad del gran capitalismo mundial que en cuerpo propio palpamos a trav\u00e9s del constante hostigamiento a nuestra caravana por parte de los cuerpos polic\u00edacos y militares del Estado Mexicano.<\/p>\n<p>En estos tiempos de re-acomodos geopol\u00edticos mundiales donde los grandes capitales de los bloques occidental y asi\u00e1tico aceleran el proceso de esta nueva etapa de guerra de colonizaci\u00f3n, disput\u00e1ndose los territorios de nuestro planeta, destruyendo la madre naturaleza, despojando, explotando y expulsando a los pueblos y asesinando y desapareciendo a quienes se oponen a ellos, constatamos la complicidad de los estados y del crimen organizado en sus variadas modalidades todas ellas sanguinarias.<\/p>\n<p>Afirmamos que estamos ante la mayor expresi\u00f3n del sistema de poder patriarcal heredado de miles de a\u00f1os atr\u00e1s e instalado en nuestras tierras desde hace m\u00e1s de 500 a\u00f1os con la invasi\u00f3n europea genocida. Atestiguamos sus efectos devastadores en nuestros territorios pero tambi\u00e9n sentimos con gran fuerza las resistencias de nuestros pueblos, que han salvaguardado nuestra existencia misma como pueblos originarios.<\/p>\n<p>En este re-acomodo mundial, el Sureste mexicano y el Istmo de Tehuantepec, juegan un papel estrat\u00e9gico en los intereses de las corporaciones mundiales para unir por tierra en tan s\u00f3lo 200 kil\u00f3metros el oc\u00e9ano Pac\u00edfico con el Atl\u00e1ntico y facilitar el transporte de mercanc\u00edas, hidrocarburos y otros recursos del sub-suelo. El corredor interoce\u00e1nico ha sido lugar de transito desde tiempos ancestrales de las rutas comerciales de los pueblos, pero en tiempos de la colonia y de la dictadura de Porfirio Diaz, as\u00ed como durante los gobiernos del siglo XX y XXI han intentado apropiarse de \u00e9l sin conseguirlo, esto por la resistencia hist\u00f3rica de los pueblos de la regi\u00f3n.<\/p>\n<p>Este gobierno que se auto nombra de la cuarta transformaci\u00f3n no es diferente, ya que contempla la modernizaci\u00f3n de los puertos de Coatzacoalcos y Salina Cruz, la construcci\u00f3n de una autopista y la modernizaci\u00f3n de la v\u00eda f\u00e9rrea para trenes de carga que no solo conectar\u00e1 los dos puertos sino que tambi\u00e9n lo har\u00e1 con el tren que llaman maya en la Pen\u00ednsula de Yucat\u00e1n.<\/p>\n<p>Por eso decimos que el Corredor Interoce\u00e1nico, el Tren mal llamado Maya y el Proyecto Integral Morelos en el centro del pa\u00eds son parte de una red de interconexi\u00f3n y suministro de energ\u00eda para las corporaciones que operar\u00e1n en el sur del pa\u00eds y centroam\u00e9rica, la mayor\u00eda de ellas de capital privado y extranjero.<\/p>\n<p>Se instalar\u00e1 una l\u00ednea de alta tensi\u00f3n y la ampliaci\u00f3n del gasoducto del istmo que pretenden conectar con la nueva tuber\u00eda mar\u00edtima que traer\u00e1 el gas fracking de Texas hasta nuestras tierras. Este proyecto se construir\u00e1 a lo largo del litoral veracruzano, en la cercan\u00eda del sistema arrecifal, desde Tuxpan hasta Coatzacoalcos y con otro ramal mar\u00edtimo hasta la nueva refiner\u00eda Dos Bocas tambi\u00e9n parte de este megaproyecto.<\/p>\n<p>Esta infraestructura refleja la profundizaci\u00f3n de un modelo, basado en la extracci\u00f3n de hidrocarburos f\u00f3siles, que durante el siglo XX aceler\u00f3, de manera nunca antes vista, los indicadores de contaminaci\u00f3n y del calentamiento global, reforzado por energ\u00edas supuestamente limpias en manos del gran capital extranjero que no representa ninguna transici\u00f3n energ\u00e9tica justa para los pueblos.<\/p>\n<p>Efectivamente el proyecto no contempla solamente la construcci\u00f3n de estas infraestructuras sino tambi\u00e9n la apertura de nuevos territorios para la extracci\u00f3n de hidrocarburos, miner\u00eda y la implementaci\u00f3n de parques industriales y e\u00f3licos as\u00ed como la construcci\u00f3n de nuevos centros urbanos para trabajador@s semi-esclavizad@s nacionales, pero en su mayor\u00eda migrantes que por orden del amo del Norte ser@n detenid@s a la altura del Istmo haciendo de este territorio un nuevo muro de contenci\u00f3n humana.<\/p>\n<p>En los territorios mayas de la Pen\u00ednsula de Yucat\u00e1n y los estados de Chiapas y Tabasco, se gesta un nuevo reordenamiento territorial para ponerlo al servicio de los grandes capitales de los desarrollos tur\u00edsticos e industriales.<\/p>\n<p>La Caravana presenci\u00f3 la devastaci\u00f3n de la selva para abrir paso a las v\u00edas del tren, cientos de kil\u00f3metros y millones de \u00e1rboles talados ah\u00ed donde antes caminaba el venado y el jaguar. Los flujos de la sagrada agua est\u00e1n siendo modificados con consecuencias catastr\u00f3ficas para los pueblos a los que nombrar\u00e1n en un futuro como desastres naturales.<\/p>\n<p>En territorios mayas que fueron v\u00edctimas a principios del siglo XX del Genocidio promovido por el Estado durante la Guerra Social Maya, hoy el tren y los megaproyectos que se imponen ilegalmente son parte de las nuevas pr\u00e1cticas genocidas.<\/p>\n<p>La construcci\u00f3n de ese tren, viene acompa\u00f1ada de la instalaci\u00f3n de 21 estaciones y zonas de desarrollo tur\u00edstico, parques e\u00f3licos y fotovoltaicos, termoel\u00e9ctricas, cerveceras, granjas de cerdos, cultivos de palma, soja y otros monocultivos, as\u00ed como grandes desarrollos inmobiliarios, complejos hoteleros, centros comerciales, casinos, restaurantes y todo lo necesario para las grandes masas de turistas que se espera arriben a la pen\u00ednsula, provocando el despojo, el extractivismo voraz y la destrucci\u00f3n de las formas de vida de los pueblos mayas.<\/p>\n<p>Tanto en la pen\u00ednsula como en el Istmo, mediante la desinformaci\u00f3n y las falsas promesas de bienestar ligado al manejo enga\u00f1oso de conceptos como el progreso y el desarrollo donde los programas sociales han jugado un papel fundamental, por miedo a la violencia, a la separaci\u00f3n de la comunidad y a la posible perdida de los programas sociales muchas personas callan y no se organizan, a\u00fan sabiendo y viendo la violencia creciente y la destrucci\u00f3n de los territorios.<\/p>\n<p>Pero son cada d\u00eda m\u00e1s evidentes los males que llegan con estos megaproyectos de muerte. Todas estas infraestructuras representan el despojo de nuestros territorios para beneficio de los grandes capitales como parte de un proyecto operado por las fuerzas armadas de M\u00e9xico, ejercito, marina y guardia nacional en coordinaci\u00f3n con los cuerpos polic\u00edacos y migratorios y en contubernio con los carteles de la delincuencia organizada y la consecuente expansi\u00f3n de las econom\u00edas criminales capitalistas y patriarcales.<\/p>\n<p>Escuchamos y atestiguamos que el primero de los despojos es el de la ancestralidad y de la comunalidad, porque cuando nos despojan del sentido de pertenencia a la madre tierra dejamos de sentirla, de escucharla y sentir sus dolores. Primero nos despojan de nuestra memoria y nuestra espiritualidad para as\u00ed poder despojarnos de nuestro modo de vida, de nuestras ra\u00edces y de la tierra , porque quien ya no ve en ella a una madre, sino una mercanc\u00eda que se puede comprar y vender, se deshace de ella sin pensar en lo que le har\u00e1n quienes lo \u00fanico que quieren es explotarla, arrancar de ra\u00edz sus \u00e1rboles y envenenarla sin que les importe la destrucci\u00f3n de nuestras comunidades y de nuestros centros ceremoniales, la contaminaci\u00f3n del aire, de la tierra y de las aguas, manantiales, r\u00edos, lagunas, mares y los cenotes que son las aguas de las entra\u00f1as de nuestra madre.<\/p>\n<p>Vimos como el mar est\u00e1 literal y tr\u00e1gicamente tragando la comunidad de El Bosque en Tabasco, como consecuencia del cambio clim\u00e1tico provocado por la mega contaminaci\u00f3n planetaria, particularmente por el modelo energ\u00e9tico basado en la extracci\u00f3n de hidrocarburos, que este gobierno y el gran capital refuerzan.<\/p>\n<p>Tambi\u00e9n constatamos el aumento terrible de una cultura de violencia que ha permeado toda la sociedad desde las comunidades hasta los barrios de las ciudades con el narcotrafico, la extorsi\u00f3n, el cobro de derecho de piso, afectando particularmente a la juventud, a las mujeres, a l@s migrantes, y a l@s defensores ambientales y de derechos humanos y ambientales.<\/p>\n<p>Cada vez m\u00e1s j\u00f3venes de las comunidades ind\u00edgenas y de los barrios pobres de las ciudades caen v\u00edctimas de las redes del narcotr\u00e1fico, como una de las pocas \u201calternativas\u201d de superaci\u00f3n en medio de este desastre, autodestruyen su cerebro con drogas baratas como el cristal, se convierten en sicarios y terminan asesinad@s.<\/p>\n<p>Particularmente, notamos el aumento de la violencia de g\u00e9nero desde la violencia familiar hasta los feminicidios con la aterradora cifra de 13 mujeres asesinadas diario en nuestro pa\u00eds y un claro aumento de la represi\u00f3n contra quienes se oponen a los megaproyectos, defienden el territorio y denuncian la impunidad y cadenas de complicidad, represi\u00f3n que va desde las amenazas, los desplazamientos forzados, los encarcelamientos, las desapariciones y los asesinatos.<\/p>\n<p>Identificamos las pol\u00edticas racistas, la estrategia de persecuci\u00f3n y la estigmatizaci\u00f3n del Instituto Nacional de Migraci\u00f3n en contra de nuestr@s herman@s migrantes que negaron la entrada al pa\u00eds a nuestr@s compa\u00f1er@s de Honduras, Guatemala y el Salvador.<\/p>\n<p>Comprobamos la sistem\u00e1tica violaci\u00f3n de los derechos de los pueblos ind\u00edgenas y particularmente el derecho a la autodeterminaci\u00f3n y a la autonom\u00eda cuyo ejercicio resulta imprescindible para reconstruir desde nuestras ra\u00edces culturales ancestrales una vida libre y digna basada en la comunalidad desde la toma de decisiones en asambleas, con respeto pleno a las mujeres, a las otroas, a las juventudes, la ni\u00f1ez y a las personas mayores y en armon\u00eda con la naturaleza.<\/p>\n<p>Constatamos la presi\u00f3n de todas las dependencias de gobierno empezando por la procuradur\u00eda agraria para que los n\u00facleos agrarios y comunidades ind\u00edgenas pasen al dominio pleno y as\u00ed acabar con la propiedad social de la tierra que representa la fuerza de nuestras luchas.<\/p>\n<p>Pero en contraste con todas estas calamidades, la Caravana nos permiti\u00f3 tambi\u00e9n, recorrer la esperanza y la vida, encontrarnos con el campo y sus semillas nativas que est\u00e1n siendo protegidas por manos campesinas. Sentir la alegr\u00eda de la m\u00fasica rebelde que entusiasma los corazones e inspira la resistencia. Disfrutamos el arte como frente de lucha que con sus colores, sonidos y algarab\u00eda nos permite continuar en la alegre rebeld\u00eda.<\/p>\n<p>La Caravana nos permiti\u00f3 encontrarnos con la selva que resiste. Ah\u00ed donde talan los \u00e1rboles brota nuevamente la vida. Escuchamos a las aves y sus mensajes, bebimos el agua cristalina de los pozos y respiramos el aire limpio de la ruralidad. Encontramos a pueblos y comunidades que se organizan, resisten y no permiten ni el despojo ni siquiera la entrada de las empresas en sus territorios. Tambi\u00e9n toman medidas para recuperar formas de vida que construyan autonom\u00edas esperanzadoras para la humanidad. Por otras parte, nos encontramos con ciudades rebeldes que construyen colectividad y autonom\u00eda en medio de los monstruos urbanos donde florece nuevamente el amor a la tierra y al territorio.<\/p>\n<p>Ofrendamos a la madre tierra, invocamos al esp\u00edritu del fuego, del agua y del aire reconociendo que las luchas largas se sostienen de la espiritualidad ligada al territorio y a nuestra ancestralidad. Sabiendo que no buscamos una victoria final sino que luchamos al igual que hicieron nuestros abuelos y abuelas y antes de ell@s, nuestr@s ancestr@s y como lo seguir\u00e1n haciendo nuestr@s hij@s y niet@s. Como lo reafirmamos en los 10 grupos de trabajo del encuentro del Sur\/sureste del d\u00eda 5 de mayo, nosotros y nosotras construimos otros mundos posibles celebrando lo que vamos cosechando y reconociendo que nuestra fuerza viene de la memoria y la sabidur\u00eda como pueblos que luchan. Hemos reflexionado que resistimos a trav\u00e9s de abrazar los valores de la vida plena y digna cercana a la tierra, como el cultivo de nuestros alimentos, la medicina tradicional y el resguardo de nuestros pueblos a trav\u00e9s de las guardias comunitarias.<\/p>\n<p>Reconocimos que a\u00fan en medio de toda la destrucci\u00f3n de los capitalistas son muchos los logros que vamos cosechando: Lo primero y m\u00e1s importante es que despu\u00e9s de 500 a\u00f1os de intento de exterminarnos aqu\u00ed seguimos, la organizaci\u00f3n desde lo comunitario contra el despojo, de igual manera las tierras recuperadas en diferentes pueblos, la lucha de las mujeres por el reconocimiento y ejercicio de sus derechos, la lucha por el agua, la liberaci\u00f3n de presos pol\u00edticos, la reubicaci\u00f3n de las estaciones del tren en M\u00e9rida y Campeche, el establecimiento de zonas libres de proyectos extractivos, la conservaci\u00f3n de las lenguas y las fiestas tradicionales y la construcci\u00f3n de autonom\u00edas.<\/p>\n<p>Despu\u00e9s de la caravana y nuestro encuentro interno nos congregamos 940 personas de 40 pueblos originarios del mundo, de 27 estados de la Rep\u00fablica, de 30 pa\u00edses y de 10 regiones aut\u00f3nomas en el Encuentro Internacional \u201cCapitalismo corporativo mundial, Patriarcado planetario, Autonom\u00edas en rebeld\u00eda\u201d. Escuchamos la palabra de 5 ponentes para analizar y estudiar la situaci\u00f3n geopol\u00edtica del mundo, de M\u00e9xico, en espec\u00edfico de la zona sur sureste y del sur global. Escuchamos tambi\u00e9n la compartici\u00f3n de experiencias de lucha de todas estas regiones as\u00ed como las propuestas para continuar la construcci\u00f3n de la autonom\u00eda.<\/p>\n<p>Las hermanas y hermanos de Abya Yala de Guatemala, El Salvador, Costa Rica, Honduras, Colombia, Ecuador, nos compartieron la situaci\u00f3n que les toca enfrentar y constatamos que este sistema capitalista depredador est\u00e1 actuando de igual manera en todas las geograf\u00edas donde los pueblos a\u00fan resguardan los bienes naturales, culturales y la vida en s\u00ed misma. Pero de igual manera constatamos la alegr\u00eda, la fuerza y la organizaci\u00f3n viva de los pueblos organizados<\/p>\n<p>Denuncias:<\/p>\n<p>Denunciamos el violento desalojo del campamento Tierra y Libertad as\u00ed como el encarcelamiento de 6 compa\u00f1er@s perpetrado por la marina y la polic\u00eda estatal el 28 de abril, un d\u00eda despu\u00e9s del paso de nuestra caravana. Exigimos al gobierno de Oaxaca y al gobierno federal el cese inmediato del hostigamiento en contra de los defensores de la tierra y del territorio y particularmente en el caso del campamento tierra y libertad en el Istmo y el desistimiento de las ordenes de aprehensi\u00f3n en contra de 17 integrantes de la comunidad de Puente Madera, San Blas Atempa y la absoluci\u00f3n del compa\u00f1ero David Salazar vinculado a proceso.<\/p>\n<p>Repudiamos la pol\u00edtica migratoria racista y violatoria de los derechos de este gobierno que impidi\u00f3 la entrada de la hija de la compa\u00f1era Berta C\u00e1ceres prohibi\u00e9ndole volar a la ciudad de M\u00e9xico teniendo todos los papeles en regla y el hostigamiento contra 7 compa\u00f1eras y compa\u00f1eros centroamericanos en el puesto fronterizo de Tapachula, Chiapas.<\/p>\n<p>Exigimos que en el ejido Nicol\u00e1s Bravo sea revocada la asamblea ilegal del 5 de marzo del 2023 donde de manera ilegal se aprob\u00f3 el paradero del tren mal llamado maya en favor del grupo Azcarraga due\u00f1os de Televisa y que da\u00f1ar\u00e1 m\u00e1s de 100 centros ceremoniales mayas.<\/p>\n<p>Exigimos la cancelaci\u00f3n de la orden de desalojo de la comunidad de Emiliano Zapata III municipio de Candelaria Campeche promovida por el supuesto propietario Fernando Oropeza Arispe y ordenada por juez civil de primera instancia del estado de Campeche. De igual manera la cancelaci\u00f3n de las ordenes de aprehensi\u00f3n de los compa\u00f1eros de la comunidad.<\/p>\n<p>Cancelaci\u00f3n inmediata de los trabajos del tren mal llamado maya, en especial la construcci\u00f3n ilegal del tramo 7, la instalaci\u00f3n del casino militar y el desarrollo tur\u00edstico en la comunidad de Xpujil ya que a pesar de la suspensi\u00f3n definitiva otorgada por un juez federal la SEDENA sigue su construcci\u00f3n en desacato de la orden federal.<\/p>\n<p>Cese de la presi\u00f3n de la Procuradur\u00eda Agraria a las comunidades y ejidos para convertir la tierras de propiedad social a dominio pleno acabando con las tierras colectivas de las comunidades ind\u00edgenas del pa\u00eds.<\/p>\n<p>Reubicaci\u00f3n urgente e inmediata de la comunidad El Bosque en el municipio de Centla, Tabasco quienes son desplazados ambientales v\u00edctimas del calentamiento global producido por el sistema extractivista voraz que continua depredando y deforestando los territorios.<\/p>\n<p>Exigimos la inmediata libertad de todos los presos pol\u00edticos de este pa\u00eds, presos pol\u00edticos solidarios de la voz del amate, Fidencio Aldama, los presos de Eloxochitlan de Flores Mag\u00f3n, Oaxaca, tod@s l@s encarcelad@s injustamente por defender el agua y los territorios y del compa\u00f1ero base de apoyo del EZLN Manuel G\u00f3mez V\u00e1zquez y la revocacion de la sentencia de 50 a\u00f1os en contra del compa\u00f1ero Miguel \u00c1ngel Peralta Betanzos perseguido pol\u00edticos de Eloxochitlan.<\/p>\n<p>Acompa\u00f1amos y nos sumamos con firmeza a la exigencia de las y los familiares de v\u00edctimas de violencia feminicida en M\u00e9xico para lograr verdad, justicia, reparaci\u00f3n y no repetici\u00f3n, no s\u00f3lo para las mujeres violentadas sino particularmente para la ni\u00f1ez (hijas, hijos, hermanas y hermanos), v\u00edctimas colaterales de esta violencia infame en este pa\u00eds que se empe\u00f1a en sembrar miedo, muerte e impunidad. \u00a1Ni perd\u00f3n, ni olvido! \u00a1Castigo a los culpables! (facebook: @FeminicidiosCrimenesdelesahumanidad, @FatimaVariniaEnTuHonorYRecuerdo, @JusticiaParaLupitaBastida)<\/p>\n<p>En el caso del ejido de Tila, Chiapas, exigimos la ejecuci\u00f3n de la sentencia del RAN favorable a la recuperaci\u00f3n de las 130 hectareas que se les ha arrebatado el municipio.<\/p>\n<p>Exigimos presentaci\u00f3n con vida para los miles de desaparecidos del pa\u00eds, del comunero Antonio D\u00edaz Valencia y el abogado Ricardo Lagunes Gasca quienes fueron desaparecidos por un conflicto de la comunidad de Aquila, Michoac\u00e1n con la minera canadiense Ternium.<\/p>\n<p>Justicia para los 43 normalistas desaparecidos en Ayotzinapan. \u00a1Porque vivos se los llevaron, vivos los queremos!<\/p>\n<p>Afirmamos fuerte y claro y desde nuestros corazones que luchan y se organizan, que seguiremos encontr\u00e1ndonos y articul\u00e1ndolos con otras luchas en todo el mundo.<\/p>\n<p style=\"text-align: center;\">Ni con la Guardia Nacional, ni con la marina, ni con el ej\u00e9rcito \u00a1No nos detendr\u00e1n!<br \/>\nMientras ustedes destruyen, nosotras y nosotros construimos.<br \/>\nCaravana y Encuentro internacional El Sur Resiste<\/p>\n<p style=\"text-align: center;\">#ElSurResiste<\/p>\n<p><\/p>","protected":false},"excerpt":{"rendered":"<p>CIDECI-UNITIERRA \/ CARACOL JACINTO CANEK 7 de mayo 2023. A la Comandancia General del EZLN: Al Congreso Nacional Ind\u00edgena: Al Concejo Ind\u00edgena de Gobierno: A las organizaciones nacionales e internacionales que luchan y resisten: A los medios de comunicaci\u00f3n libres, alternativos, independientes o como se llamen: A los pueblos de M\u00e9xico y el mundo: Escucha [&hellip;]<\/p>\n","protected":false},"author":21,"featured_media":45073,"comment_status":"open","ping_status":"closed","sticky":false,"template":"","format":"standard","meta":{"footnotes":""},"categories":[957,51,1284,826,958,954,961,935],"tags":[79,917,58,53,1305,567,30,147,41,23,37,545,87,148,27,483],"class_list":["post-45072","post","type-post","status-publish","format-standard","has-post-thumbnail","hentry","category-autonomia","category-autor","category-latinoamerica","category-medios-libres-2","category-megaproyectos","category-mexico","category-mujeres","category-temas","tag-autonomia","tag-chiapas","tag-derechos-humanos","tag-justicia","tag-latinoamerica","tag-megaproyectos","tag-migracion","tag-militarizacion","tag-mujeres","tag-paramilitares","tag-presos-politicos","tag-pueblos-indigenas","tag-represion","tag-resistencia","tag-solidaridad","tag-tierra-y-territorio"],"_links":{"self":[{"href":"https:\/\/radiozapatista.org\/index.php?rest_route=\/wp\/v2\/posts\/45072","targetHints":{"allow":["GET"]}}],"collection":[{"href":"https:\/\/radiozapatista.org\/index.php?rest_route=\/wp\/v2\/posts"}],"about":[{"href":"https:\/\/radiozapatista.org\/index.php?rest_route=\/wp\/v2\/types\/post"}],"author":[{"embeddable":true,"href":"https:\/\/radiozapatista.org\/index.php?rest_route=\/wp\/v2\/users\/21"}],"replies":[{"embeddable":true,"href":"https:\/\/radiozapatista.org\/index.php?rest_route=%2Fwp%2Fv2%2Fcomments&post=45072"}],"version-history":[{"count":2,"href":"https:\/\/radiozapatista.org\/index.php?rest_route=\/wp\/v2\/posts\/45072\/revisions"}],"predecessor-version":[{"id":45082,"href":"https:\/\/radiozapatista.org\/index.php?rest_route=\/wp\/v2\/posts\/45072\/revisions\/45082"}],"wp:featuredmedia":[{"embeddable":true,"href":"https:\/\/radiozapatista.org\/index.php?rest_route=\/wp\/v2\/media\/45073"}],"wp:attachment":[{"href":"https:\/\/radiozapatista.org\/index.php?rest_route=%2Fwp%2Fv2%2Fmedia&parent=45072"}],"wp:term":[{"taxonomy":"category","embeddable":true,"href":"https:\/\/radiozapatista.org\/index.php?rest_route=%2Fwp%2Fv2%2Fcategories&post=45072"},{"taxonomy":"post_tag","embeddable":true,"href":"https:\/\/radiozapatista.org\/index.php?rest_route=%2Fwp%2Fv2%2Ftags&post=45072"}],"curies":[{"name":"wp","href":"https:\/\/api.w.org\/{rel}","templated":true}]}}