{"id":44960,"date":"2023-05-06T07:29:51","date_gmt":"2023-05-06T13:29:51","guid":{"rendered":"https:\/\/radiozapatista.org\/?p=44960"},"modified":"2023-05-06T07:29:51","modified_gmt":"2023-05-06T13:29:51","slug":"dia-10-palenque-chiapas-primero-salud-alimentacion-y-justicia-no-un-tren-que-no-es-maya","status":"publish","type":"post","link":"https:\/\/radiozapatista.org\/?p=44960","title":{"rendered":"D\u00eda 10. Palenque, Chiapas. Primero salud, alimentaci\u00f3n y justicia, no un Tren que no es Maya"},"content":{"rendered":"<p>Texto: <a href=\"https:\/\/www.elsurresiste.org\/es\/posts\/dia-10-palenque-chiapas-primero-salud-alimentacion-y-justicia-no-un-tren-que-no-es-maya\">\u00a1El Sur Resiste!<\/a><br \/>\nFotos: Gabriela Sanabria<\/p>\n<p>La Caravana el Sur Resiste lleg\u00f3 a su \u00faltima parada, Palenque, Chiapas antes de dar comienzo al <em>\u201cEncuentro Internacional El Sur Resiste 2023\u201d<\/em> el cual tendr\u00e1 lugar el 6 y 7 de mayo en el Caracol Jacinto Canek. En Palenque, realizamos una marcha y un mitin en reclamo por la discriminaci\u00f3n, criminalizaci\u00f3n e imposici\u00f3n de megaproyectos en contra de las Pueblos Originarios en Chiapas.<\/p>\n<p>La marcha cont\u00f3 con la participaci\u00f3n amplia de compa\u00f1eros y compa\u00f1eras de varias comunidades de la regi\u00f3n, quienes portaban pancartas y lonas con la exigencia de respetar el derecho a la tierra y el territorio de los Pueblos Originarios y denunciando la imposici\u00f3n de megaproyectos en la regi\u00f3n.<\/p>\n<p>Al llegar a la explanada principal de Palenque comienza el mitin, donde las organizaciones Coordinadora de Organizaciones Sociales Ind\u00edgenas CDLI-Xinich; Familiares de v\u00edctimas, sobrevivientes y desaparecidos de la masacre de Viejo Velasco en la Selva Lacandona; Toblej Yu\u2019un Wokoltik; UCISECH; Pueblos Aut\u00f3nomos Maya \u201cOPAM\u201d; Red Nacional Resistencia Civil POMACA; SADEC; CAM; CNI-Palenque; Red Nacional Pakal-Na; IXIM Ansetik; entre otras, comparten su palabra y testimonio sobre la violencia y discriminaci\u00f3n que sufren por parte del Estado mexicano, y sobre la resistencia de sus comunidades.<\/p>\n<h3>La masacre de Viejo Velasco en completa impunidad<\/h3>\n<p>Los familiares y v\u00edctimas de la masacre de Viejo Velasco, municipio de Ocosingo, ocurrida en 2006, denunciaron que las investigaciones durante estos 16 a\u00f1os han sido completamente <em>\u201cineficaces e inefectivas\u201d<\/em> y que dos de sus compa\u00f1eros, Antonio Pe\u00f1ate L\u00f3pez y Mariano P\u00e9rez Guzm\u00e1n, siguen hasta el d\u00eda de hoy desaparecidos.<\/p>\n<p>La masacre de Viejo Velasco termin\u00f3 en el asesinato de 6 personas ejecutadas extrajudicialmente, 2 personas desaparecidas y 36 personas desplazadas de manera forzada. Una de las personas asesinadas, Mar\u00eda N\u00fa\u00f1ez Gonz\u00e1lez, estaba embarazada.<\/p>\n<p>Hasta el d\u00eda de hoy, el Gobierno de M\u00e9xico ha rechazado el reconocimiento de la masacre pese a que fue perpetrada por el grupo paramilitar Organizaci\u00f3n Para la Defensa de Derechos Ind\u00edgenas y Campesinos (OPDIC), acompa\u00f1ado de Polic\u00edas Estatales y otros servidores p\u00fablicos.<\/p>\n<p>Actualmente, 36 personas de la comunidad Viejo Velasco se encuentran en desplazamiento forzado sin ninguna garant\u00eda para su retorno, y cuatro integrantes del Comit\u00e9 de Defensa de las Libertades Ind\u00edgenas Xinich cuentan con \u00f3rdenes de aprehensi\u00f3n, acusados injustamente de cometer la Masacre.<\/p>\n<blockquote>\n<p style=\"text-align: left;\" align=\"center\"><em>\u201cMataron sin piedad a nuestros hermanas y hermanos, otros los llevaron amarrados y arrastrados como animales en plena obscuridad de la noche en medio de la selva Lacandona.\u201d<\/em><\/p>\n<\/blockquote>\n<p style=\"text-align: center;\" align=\"center\"><a href=\"https:\/\/radiozapatista.org\/wp-content\/uploads\/2023\/05\/1.jpeg\"><img loading=\"lazy\" decoding=\"async\" class=\"aligncenter size-large wp-image-44961\" src=\"https:\/\/radiozapatista.org\/wp-content\/uploads\/2023\/05\/1-1024x683.jpeg\" alt=\"\" width=\"1024\" height=\"683\" srcset=\"https:\/\/radiozapatista.org\/wp-content\/uploads\/2023\/05\/1-1024x683.jpeg 1024w, https:\/\/radiozapatista.org\/wp-content\/uploads\/2023\/05\/1-350x233.jpeg 350w, https:\/\/radiozapatista.org\/wp-content\/uploads\/2023\/05\/1-768x512.jpeg 768w, https:\/\/radiozapatista.org\/wp-content\/uploads\/2023\/05\/1-700x466.jpeg 700w\" sizes=\"auto, (max-width: 1024px) 100vw, 1024px\" \/><br \/>\n<small>Fotograf\u00eda Gabriela Sanabria<\/small><\/a><\/p>\n<h3>Rechazo rotundo al Tren Maya<\/h3>\n<p>Durante el mitin las organizaciones expresaron su rechazo a las obras del Tren Maya que se planean en esta regi\u00f3n.<\/p>\n<p>La estaci\u00f3n de Palenque forma parte del Tramo 1, el cual llegar\u00e1 hasta Esc\u00e1rcega, Campeche. Los \u00faltimos informes de las autoridades mexicanas encargadas de la construcci\u00f3n han anunciado un 80% de avances en este tramo, incluyendo la estaci\u00f3n de tren en Palenque y un centro a su alrededor inspirado en la m\u00e1scara de Pakal.<\/p>\n<p>El complejo tendr\u00e1 una superficie de mil 112 metros de boulevard, que contar\u00e1 con seis carriles, un andador peatonal y ciclov\u00eda. Contar\u00e1 con un nuevo tren de larga distancia, operado por Alstom M\u00e9xico con capacidad de 260 pasajeros.<\/p>\n<p>Durante el mitin las organizaciones Mayas y Zoques presentes, expresaron las siguientes razones para rechazar el proyecto, algunas de las cuales incluyen violaciones a sus derechos como pueblos Originarios:<\/p>\n<ol>\n<li>Los Pueblos Originarios no fueron consultados conforme a derecho violando la ley de consulta a Pueblos Ind\u00edgenas y tratados internacionales.<\/li>\n<li>Los due\u00f1os verdaderos del Tren Maya son grandes potencias econ\u00f3micas extranjeras y empresas transnacionales.<\/li>\n<li>El Tren Maya traer\u00e1 pobreza, despojo de tierras y territorios, y al defendernos terminaremos en la c\u00e1rcel o muertos.<\/li>\n<li>Porque el proyecto har\u00e1 que nuestros hijos y nietos dejen los pueblos para trabajar en empleos de explotaci\u00f3n, por una miseria de pago y sin seguridad social.<\/li>\n<li>Por la contaminaci\u00f3n y destrucci\u00f3n de todo lo vivo, agua, plantas, bosques, animales.<\/li>\n<\/ol>\n<p style=\"text-align: center;\"><a href=\"https:\/\/radiozapatista.org\/wp-content\/uploads\/2023\/05\/2.jpeg\"><img loading=\"lazy\" decoding=\"async\" class=\"aligncenter size-large wp-image-44962\" src=\"https:\/\/radiozapatista.org\/wp-content\/uploads\/2023\/05\/2-1024x684.jpeg\" alt=\"\" width=\"1024\" height=\"684\" srcset=\"https:\/\/radiozapatista.org\/wp-content\/uploads\/2023\/05\/2-1024x684.jpeg 1024w, https:\/\/radiozapatista.org\/wp-content\/uploads\/2023\/05\/2-350x234.jpeg 350w, https:\/\/radiozapatista.org\/wp-content\/uploads\/2023\/05\/2-768x513.jpeg 768w, https:\/\/radiozapatista.org\/wp-content\/uploads\/2023\/05\/2.jpeg 2048w\" sizes=\"auto, (max-width: 1024px) 100vw, 1024px\" \/><br \/>\n<small>Fotograf\u00eda Gabriela Sanabria<\/small><\/a><\/p>\n<p>Los Pueblos Mayas y Zoques tambi\u00e9n hicieron menci\u00f3n de la falta de servicios de salud, hospitales y otros servicios en la regi\u00f3n. Se\u00f1alaron como hipocres\u00eda y discriminaci\u00f3n que se construyan trenes para turistas antes de servicios de salud para las comunidades.<\/p>\n<blockquote>\n<p style=\"text-align: left;\" align=\"center\">\u201c<em>Tenga usted un poquito de verg\u00fcenza, Se\u00f1or Presidente L\u00f3pez Obrador, lo \u00fanico que se le ocurri\u00f3 es un tren y no un hospital para los pueblos, que es una exigencia hist\u00f3rica.\u201d<\/em><\/p>\n<\/blockquote>\n<h3>Exigen Libertad para Preso Pol\u00edtico de Manuel G\u00f3mez V\u00e1zquez<\/h3>\n<p>La Red de Resistencias y Rebeld\u00eda Ajmaq particip\u00f3 en el foro en Palenque, con la lectura de un comunicado sobre la situaci\u00f3n de privaci\u00f3n arbitraria de la libertad de Manuel G\u00f3mez V\u00e1squez, un joven campesino maya-tseltal de 22 a\u00f1os, qui\u00e9n formaba parte de la Base de Apoyo del Ejercito Zapatista de Liberaci\u00f3n Nacional (BAZ).<\/p>\n<p>El 4 de diciembre de 2020, Manuel fue detenido por un grupo civil armado, que lo tortur\u00f3 f\u00edsica y psicol\u00f3gicamente para entregarlo al d\u00eda siguiente a la Fiscal\u00eda de Justicia para incriminarlo de un delito que no cometi\u00f3. A la fecha lleva 2 a\u00f1os y 3 meses privado de su libertad, sin una sentencia, ni un proceso justo.<\/p>\n<p>Manuel es originario del Municipio Aut\u00f3nomo Rebelde Zapatista, Ricardo Flores Mag\u00f3n, Caracol IX, en Ocosingo, Chiapas. Actualmente, se encuentra recluido en el Centro Estatal de Reinserci\u00f3n Social de Sentenciados n\u00famero 16.<\/p>\n<p>La Junta de Buen Gobierno y el Centro de Derechos Humanos Fray Bartolom\u00e9 de las Casas han se\u00f1alado que este encarcelamiento se debe a su labor como Base de Apoyo Zapatista, ya que la Fiscal\u00eda carece de pruebas para acusarlo.<\/p>\n<p>En una denuncia p\u00fablica, la Junta de Buen Gobierno, indic\u00f3 lo siguiente:<\/p>\n<blockquote>\n<p style=\"text-align: left;\" align=\"center\"><em>\u201cPara los malos gobiernos, el ser zapatista es un delito que se castiga con calumnias, persecuci\u00f3n, c\u00e1rcel y muerte.\u201d<\/em><\/p>\n<\/blockquote>\n<p>El llamado es a la solidaridad nacional e internacional para sumarse a la exigencia de libertad para Manuel G\u00f3mez V\u00e1zquez.<\/p>\n<p style=\"text-align: center;\"><a href=\"https:\/\/radiozapatista.org\/wp-content\/uploads\/2023\/05\/3.jpeg\"><img loading=\"lazy\" decoding=\"async\" class=\"aligncenter size-large wp-image-44963\" src=\"https:\/\/radiozapatista.org\/wp-content\/uploads\/2023\/05\/3-1024x684.jpeg\" alt=\"\" width=\"1024\" height=\"684\" srcset=\"https:\/\/radiozapatista.org\/wp-content\/uploads\/2023\/05\/3-1024x684.jpeg 1024w, https:\/\/radiozapatista.org\/wp-content\/uploads\/2023\/05\/3-350x234.jpeg 350w, https:\/\/radiozapatista.org\/wp-content\/uploads\/2023\/05\/3-768x513.jpeg 768w, https:\/\/radiozapatista.org\/wp-content\/uploads\/2023\/05\/3.jpeg 2048w\" sizes=\"auto, (max-width: 1024px) 100vw, 1024px\" \/><br \/>\n<small>Fotograf\u00eda Gabriela Sanabria<\/small><\/a><\/p>\n<p>Al final del d\u00eda, partimos hacia San Crist\u00f3bal de las Casas para preparar el <em>\u201cEncuentro Internacional El Sur Resiste 2023\u201d, <\/em>en donde comunidades de todo el sureste mexicano y de todo el pa\u00eds, as\u00ed como medios independientes, organizaciones de la sociedad civil y de derechos humanos, har\u00e1n un balance sobre todos los testimonios, evidencia e informaci\u00f3n obtenida durante la Caravana el Sur Resiste. El objetivo ser\u00e1 articular acciones y fortalecer redes para hacer frente a la pol\u00edtica de muerte y megaproyectos del mal gobierno mexicano.<\/p>\n<p>&nbsp;<\/p>","protected":false},"excerpt":{"rendered":"<p>Texto: \u00a1El Sur Resiste! Fotos: Gabriela Sanabria La Caravana el Sur Resiste lleg\u00f3 a su \u00faltima parada, Palenque, Chiapas antes de dar comienzo al \u201cEncuentro Internacional El Sur Resiste 2023\u201d el cual tendr\u00e1 lugar el 6 y 7 de mayo en el Caracol Jacinto Canek. En Palenque, realizamos una marcha y un mitin en reclamo [&hellip;]<\/p>\n","protected":false},"author":1,"featured_media":44965,"comment_status":"open","ping_status":"closed","sticky":false,"template":"","format":"standard","meta":{"footnotes":""},"categories":[957,6,1024,958,954,962,190],"tags":[1288,917,1408,198,171,567,948,37],"class_list":["post-44960","post","type-post","status-publish","format-standard","has-post-thumbnail","hentry","category-autonomia","category-chiapas","category-cni-temas","category-megaproyectos","category-mexico","category-presos","category-radiozapatista","tag-4t","tag-chiapas","tag-el-sur-resiste","tag-impunidad","tag-medio-ambiente","tag-megaproyectos","tag-presos","tag-presos-politicos"],"_links":{"self":[{"href":"https:\/\/radiozapatista.org\/index.php?rest_route=\/wp\/v2\/posts\/44960","targetHints":{"allow":["GET"]}}],"collection":[{"href":"https:\/\/radiozapatista.org\/index.php?rest_route=\/wp\/v2\/posts"}],"about":[{"href":"https:\/\/radiozapatista.org\/index.php?rest_route=\/wp\/v2\/types\/post"}],"author":[{"embeddable":true,"href":"https:\/\/radiozapatista.org\/index.php?rest_route=\/wp\/v2\/users\/1"}],"replies":[{"embeddable":true,"href":"https:\/\/radiozapatista.org\/index.php?rest_route=%2Fwp%2Fv2%2Fcomments&post=44960"}],"version-history":[{"count":1,"href":"https:\/\/radiozapatista.org\/index.php?rest_route=\/wp\/v2\/posts\/44960\/revisions"}],"predecessor-version":[{"id":44966,"href":"https:\/\/radiozapatista.org\/index.php?rest_route=\/wp\/v2\/posts\/44960\/revisions\/44966"}],"wp:featuredmedia":[{"embeddable":true,"href":"https:\/\/radiozapatista.org\/index.php?rest_route=\/wp\/v2\/media\/44965"}],"wp:attachment":[{"href":"https:\/\/radiozapatista.org\/index.php?rest_route=%2Fwp%2Fv2%2Fmedia&parent=44960"}],"wp:term":[{"taxonomy":"category","embeddable":true,"href":"https:\/\/radiozapatista.org\/index.php?rest_route=%2Fwp%2Fv2%2Fcategories&post=44960"},{"taxonomy":"post_tag","embeddable":true,"href":"https:\/\/radiozapatista.org\/index.php?rest_route=%2Fwp%2Fv2%2Ftags&post=44960"}],"curies":[{"name":"wp","href":"https:\/\/api.w.org\/{rel}","templated":true}]}}