{"id":44934,"date":"2023-05-04T20:51:57","date_gmt":"2023-05-05T02:51:57","guid":{"rendered":"https:\/\/radiozapatista.org\/?p=44934"},"modified":"2023-05-04T21:10:41","modified_gmt":"2023-05-05T03:10:41","slug":"caravana-el-sur-resiste-dia-9-xpujil-campeche-ejercito-reconfigura-el-territorio-maya-de-manera-ilegal","status":"publish","type":"post","link":"https:\/\/radiozapatista.org\/?p=44934","title":{"rendered":"Caravana &#8220;El Sur Resiste&#8221; d\u00eda 9 &#8211; Xpujil, Campeche. Ej\u00e9rcito reconfigura el territorio Maya de manera ilegal"},"content":{"rendered":"<p>Texto: <a href=\"https:\/\/www.elsurresiste.org\/es\/posts\/dia-9-xpujil-campeche-ejercito-reconfigura-el-territorio-maya-de-manera-ilegal\" target=\"_blank\" rel=\"noopener\">\u00a1El Sur Resiste!<\/a><br \/>\nFotos: <a href=\"https:\/\/www.elsurresiste.org\/es\/posts\/dia-9-xpujil-campeche-ejercito-reconfigura-el-territorio-maya-de-manera-ilegal\" target=\"_blank\" rel=\"noopener\">\u00a1El Sur Resiste!<\/a><br \/>\nAudios extra\u00eddos de: Video de <a href=\"https:\/\/www.facebook.com\/APIIDTT\/videos\/559798249592386\" target=\"_blank\" rel=\"noopener\">APIIDTT<\/a><br \/>\nEdici\u00f3n: <a href=\"https:\/\/radiozapatista.org\/?page_id=44474\">Radio Zapatista<\/a><\/p>\n<p>El d\u00eda 9 de la caravana El Sur Resiste visitamos la comunidad Xpujil, Calakmul, Campeche; uno de los lugares en donde se construye el tramo 7 del proyecto Tren Maya y uno de polos de desarrollo que incluye la estaci\u00f3n del tren, una base militar, nueve cuarteles militares, seis bancos de materiales, un hotel, un casino y un pozo profundo.<\/p>\n<p>El d\u00eda comienza con un ritual de agradecimiento a la madre tierra en el centro del Consejo Regional Ind\u00edgena de Xpujil (CRIPX), en el cual se comparten palabras de agradecimiento por la vida de todos los presentes y se hace el llamado a seguir luchando por la vida.<\/p>\n<p style=\"text-align: center;\"><a href=\"https:\/\/radiozapatista.org\/wp-content\/uploads\/2023\/05\/2.jpg\"><img loading=\"lazy\" decoding=\"async\" class=\"aligncenter size-large wp-image-44935\" src=\"https:\/\/radiozapatista.org\/wp-content\/uploads\/2023\/05\/2-1024x682.jpg\" alt=\"\" width=\"1024\" height=\"682\" srcset=\"https:\/\/radiozapatista.org\/wp-content\/uploads\/2023\/05\/2-1024x682.jpg 1024w, https:\/\/radiozapatista.org\/wp-content\/uploads\/2023\/05\/2-350x233.jpg 350w, https:\/\/radiozapatista.org\/wp-content\/uploads\/2023\/05\/2-768x512.jpg 768w, https:\/\/radiozapatista.org\/wp-content\/uploads\/2023\/05\/2-700x466.jpg 700w, https:\/\/radiozapatista.org\/wp-content\/uploads\/2023\/05\/2.jpg 1280w\" sizes=\"auto, (max-width: 1024px) 100vw, 1024px\" \/><\/a><\/p>\n<p>Despu\u00e9s del ritual, comenzamos la marcha por la carretera. El sol quema la piel, se puede sentir la falta de \u00e1rboles y la sequ\u00eda que esto genera. Tras m\u00e1s de 20 minutos, llegamos a la zona de construcci\u00f3n de un casino que se planea construir junto con la estaci\u00f3n y las v\u00edas del tren.<\/p>\n<p>La obra es controlada por el Ej\u00e9rcito mexicano que adem\u00e1s tiene una base en dicha \u00e1rea. La construcci\u00f3n es monstruosa, miles de \u00e1rboles han sido talados en esta zona, convirti\u00e9ndola en un \u00e1rea des\u00e9rtica llena de polvo y piedras; las excavadoras y remolques con material trabajan sin parar mientras decenas de militares vigilan la construcci\u00f3n.<\/p>\n<p>M\u00e1s adelante, en el coraz\u00f3n de la selva maya y la reserva de la biosfera de Calakmul, se ha anunciado que el Ej\u00e9rcito mexicano construir\u00e1 un hotel con m\u00e1s de 100 habitaciones. Las actividades en esa \u00e1rea han comenzado sin alg\u00fan tipo de permiso legal, manifestaci\u00f3n de impacto ambiental o consulta con los pueblos originarios de la zona.<\/p>\n<p style=\"text-align: center;\"><a href=\"https:\/\/radiozapatista.org\/wp-content\/uploads\/2023\/05\/3.jpg\"><img loading=\"lazy\" decoding=\"async\" class=\"aligncenter size-large wp-image-44936\" src=\"https:\/\/radiozapatista.org\/wp-content\/uploads\/2023\/05\/3-1024x682.jpg\" alt=\"\" width=\"1024\" height=\"682\" srcset=\"https:\/\/radiozapatista.org\/wp-content\/uploads\/2023\/05\/3-1024x682.jpg 1024w, https:\/\/radiozapatista.org\/wp-content\/uploads\/2023\/05\/3-350x233.jpg 350w, https:\/\/radiozapatista.org\/wp-content\/uploads\/2023\/05\/3-768x512.jpg 768w, https:\/\/radiozapatista.org\/wp-content\/uploads\/2023\/05\/3-700x466.jpg 700w, https:\/\/radiozapatista.org\/wp-content\/uploads\/2023\/05\/3.jpg 1280w\" sizes=\"auto, (max-width: 1024px) 100vw, 1024px\" \/><\/a><\/p>\n<article id=\"node-108\" class=\"node node-post promoted sticky view-mode-full clearfix\">\n<div class=\"content clearfix\">\n<div class=\"field field-name-body field-type-text-with-summary field-label-hidden\">\n<div class=\"field-items\">\n<div class=\"field-item even\">\n<h3>Un proyecto ilegal<\/h3>\n<p>Frente a la mega construcci\u00f3n que se realiza, compa\u00f1eros de la comunidad de Xpujil comienzan a hablar sobre la ilegalidad del proyecto, ya que la comunidad de Xpujil cuenta con una sentencia de suspensi\u00f3n definitiva por el Tribunal Colegiado.<\/p>\n<p>El amparo se ingres\u00f3 desde 2019; primero se recibi\u00f3 una suspensi\u00f3n provisional y despu\u00e9s la sentencia fue ratificada por un Tribunal Colegiado, concediendo as\u00ed la suspensi\u00f3n definitiva que indica que s\u00f3lo se pueden hacer trabajos de investigaci\u00f3n y trabajos administrativos en el \u00e1rea.<\/p>\n<p>Pese a que la orden del juez fue ratificada despu\u00e9s de que el Ejercito mexicano impugnara la obra, el gobierno Federal ha ignorado la orden del juez, y la destrucci\u00f3n de esta parte de la selva maya ha continuado en total impunidad.<\/p>\n<p>Despu\u00e9s de explicar el proceso legal que han llevado y c\u00f3mo se ha desacatado la sentencia judicial, el compa\u00f1ero procede a entregar la orden del juez a uno de los mandos militares a cargo de la construcci\u00f3n.<\/p>\n<blockquote>\n<p style=\"text-align: left;\" align=\"center\"><em>\u201cFONATUR y ustedes, SEDENA, est\u00e1n incurriendo en un desacatado y deber\u00edan estar preparados para enfrentar cargos legales, y nosotros tenemos el derecho de parar la obra. Ustedes est\u00e1n violando la orden de un juzgado, eso es un delito grave, un delito federal.\u201d<\/em><\/p>\n<\/blockquote>\n<p>El compa\u00f1ero indic\u00f3 que la comunidad regresar\u00e1 con actuario para que la obra se detenga de forma inmediata.<\/p>\n<p style=\"text-align: center;\"><a href=\"https:\/\/radiozapatista.org\/wp-content\/uploads\/2023\/05\/4.jpg\"><img loading=\"lazy\" decoding=\"async\" class=\"aligncenter size-large wp-image-44937\" src=\"https:\/\/radiozapatista.org\/wp-content\/uploads\/2023\/05\/4-1024x682.jpg\" alt=\"\" width=\"1024\" height=\"682\" srcset=\"https:\/\/radiozapatista.org\/wp-content\/uploads\/2023\/05\/4-1024x682.jpg 1024w, https:\/\/radiozapatista.org\/wp-content\/uploads\/2023\/05\/4-350x233.jpg 350w, https:\/\/radiozapatista.org\/wp-content\/uploads\/2023\/05\/4-768x512.jpg 768w, https:\/\/radiozapatista.org\/wp-content\/uploads\/2023\/05\/4-700x466.jpg 700w, https:\/\/radiozapatista.org\/wp-content\/uploads\/2023\/05\/4.jpg 1280w\" sizes=\"auto, (max-width: 1024px) 100vw, 1024px\" \/><\/a><\/p>\n<h3>Defenderemos el territorio con la vida.<\/h3>\n<p>La marcha regresa al centro de la comunidad de Xpujil, en donde se cierra una de las principales vialidades para realizar un mitin pol\u00edtico y cultural. Ah\u00ed, los compa\u00f1eros del Consejo Regional Ind\u00edgena de Xpujil explican c\u00f3mo el proyecto del Tren Maya ha profundizado la colonizaci\u00f3n en las m\u00e1s de 89 comunidades ind\u00edgenas con m\u00e1s de 10 lenguas que habitan esta parte del territorio, ya que imponen formas de vida ajenas a las comunidades, violando leyes y tratados internacionales sobre el derecho de los Pueblos Originarios a la libre autodeterminaci\u00f3n.<\/p>\n<p>Los compa\u00f1eros tambi\u00e9n expusieron discriminaci\u00f3n de la cual son objeto por parte de los tres niveles de gobierno, ya que, mientras a las comunidades originarias les han negado el derecho a la tierra con el argumento de reclasificar su territorio como reserva natural, al ej\u00e9rcito le abren la puerta para hacer todo tipo de construcciones.<\/p>\n<p>Durante el mitin, tambi\u00e9n se present\u00f3 el testimonio de compa\u00f1eros\/as de la Caravana el Sur Resiste, quienes hablaron sobre c\u00f3mo en otras comunidades se han llevado asambleas de forma ilegal e ileg\u00edtima para vender los derechos de la tierra al Tren Maya.<\/p>\n<p>Tan solo en el tramo de Nicol\u00e1s Bravo, Quintana Roo, el gobierno ha negado a la totalidad de los ejidatarios la toma de acuerdos colectivos. Las 35 mil hect\u00e1reas de selva virgen que el ejido hab\u00eda destinado voluntariamente a la conservaci\u00f3n fueron privatizadas para entregarlas al gran capital como el consorcio hotelero de Canc\u00fan y la familia Azc\u00e1rraga de grupo Televisa.<\/p>\n<p>Un integrante de la comunidad ind\u00edgena Emiliano Zapata en Candelaria, Campeche, hablante de lengua Chol y miembro de la Organizaci\u00f3n Regional Resistencia Civil, denunci\u00f3 las amenazas que han sufrido para ser desalojados de su casa y de su territorio.<\/p>\n<p>De acuerdo con el testimonio, una persona de nombre Fernando Humberto Oropeza ha promovido la orden de desalojo y se present\u00f3 ante los habitantes de estas tierras en donde familias han cultivado por a\u00f1os.\u00a0 Frente a esta situaci\u00f3n, el integrante de la comunidad de Emiliano Zapata dej\u00f3 en claro que los pueblos defender\u00e1n su territorio frente a esta pol\u00edtica de despojo.<\/p>\n<blockquote>\n<p style=\"text-align: left;\" align=\"center\"><em>\u201cComo pueblo Ind\u00edgena necesitamos un pedazo de tierra para solventar a nuestras familias y lo vamos a defender a como d\u00e9 lugar, cueste lo que cueste. Ya estamos cansados de tantas injusticias de parte del gobierno estatal y federal. Si tocan a uno, tocan a todos, no nos vamos a morir al pie del gobierno, moriremos en pie de lucha.\u201d<\/em><\/p>\n<\/blockquote>\n<p>Despu\u00e9s del mitin, regresamos al centro del Consejo Regional Ind\u00edgena de Xpujil (CRIPX) para compartir alimentos e iniciar nuestro viaje hacia Palenque, Chiapas, la \u00faltima parada de la caravana El Sur Resiste antes de dar inicio al Encuentro Internacional de Resistencias del Sureste Mexicano, que se llevar\u00e1 a cabo en el CIDECI el 5 y 6 de mayo, y en el cual pueblos originarios de todo el pa\u00eds, as\u00ed como organizaciones, colectivos y activistas, se unir\u00e1n para trabajar en respuestas unificadas frente a la m\u00e1quina de guerra del Estado mexicano y sus megaproyectos de muerte.<\/p>\n<p style=\"text-align: center;\"><a href=\"https:\/\/radiozapatista.org\/wp-content\/uploads\/2023\/05\/portada-3.jpg\"><img loading=\"lazy\" decoding=\"async\" class=\"aligncenter size-full wp-image-44938\" src=\"https:\/\/radiozapatista.org\/wp-content\/uploads\/2023\/05\/portada-3.jpg\" alt=\"\" width=\"797\" height=\"423\" srcset=\"https:\/\/radiozapatista.org\/wp-content\/uploads\/2023\/05\/portada-3.jpg 797w, https:\/\/radiozapatista.org\/wp-content\/uploads\/2023\/05\/portada-3-350x186.jpg 350w, https:\/\/radiozapatista.org\/wp-content\/uploads\/2023\/05\/portada-3-768x408.jpg 768w\" sizes=\"auto, (max-width: 797px) 100vw, 797px\" \/><\/a><\/p>\n<\/div>\n<\/div>\n<\/div>\n<div class=\"field field-name-field-tags field-type-taxonomy-term-reference field-label-hidden\">\n<p class=\"field-items\">Escucha y\/o descarga los audios aqu\u00ed:<\/p>\n<div class=\"wp-playlist wp-audio-playlist wp-playlist-light\">\n\t\t\t<div class=\"wp-playlist-current-item\"><\/div>\n\t\t<audio controls=\"controls\" preload=\"none\" width=\"640\"\n\t\t\t><\/audio>\n\t<div class=\"wp-playlist-next\"><\/div>\n\t<div class=\"wp-playlist-prev\"><\/div>\n\t<noscript>\n\t<ol>\n\t\t<li><a href='https:\/\/radiozapatista.org\/wp-content\/uploads\/2023\/05\/Xpujil1.mp3'>Consejo Regional Ind\u00edgena y Popular de Xpujil \u2013 Bienvenida<\/a><\/li><li><a href='https:\/\/radiozapatista.org\/wp-content\/uploads\/2023\/05\/Xpujil2.mp3'>Comunidades ind\u00edgenas de la regi\u00f3n Candelaria, Campeche<\/a><\/li><li><a href='https:\/\/radiozapatista.org\/wp-content\/uploads\/2023\/05\/Xpujil3.mp3'>CNI Puebla<\/a><\/li><li><a href='https:\/\/radiozapatista.org\/wp-content\/uploads\/2023\/05\/Xpujil4.mp3'>Comunidad nahua de Cuentepec<\/a><\/li><li><a href='https:\/\/radiozapatista.org\/wp-content\/uploads\/2023\/05\/Xpujil5.mp3'>Comunidad otom\u00ed, Santiago Mexquititl\u00e1n, Quer\u00e9taro<\/a><\/li><li><a href='https:\/\/radiozapatista.org\/wp-content\/uploads\/2023\/05\/Xpujil6.mp3'>Sur de Veracruz<\/a><\/li><li><a href='https:\/\/radiozapatista.org\/wp-content\/uploads\/2023\/05\/Xpujil7.mp3'>Norte de Quintana Roo<\/a><\/li><li><a href='https:\/\/radiozapatista.org\/wp-content\/uploads\/2023\/05\/Xpujil8.mp3'>Reflexiones sobre el recorrido de la Caravana<\/a><\/li>\t<\/ol>\n\t<\/noscript>\n\t<script type=\"application\/json\" class=\"wp-playlist-script\">{\"type\":\"audio\",\"tracklist\":true,\"tracknumbers\":true,\"images\":true,\"artists\":false,\"tracks\":[{\"src\":\"https:\/\/radiozapatista.org\/wp-content\/uploads\/2023\/05\/Xpujil1.mp3\",\"type\":\"audio\/mpeg\",\"title\":\"Consejo Regional Ind\\u00edgena y Popular de Xpujil \\u2013 Bienvenida\",\"caption\":\"Consejo Regional Ind\\u00edgena y Popular de Xpujil \\u2013 Bienvenida\",\"description\":\"\\\"Xpujil1\\\".\",\"meta\":{\"length_formatted\":\"3:32\"},\"image\":{\"src\":\"https:\/\/radiozapatista.org\/wp-includes\/images\/media\/audio.svg\",\"width\":48,\"height\":64},\"thumb\":{\"src\":\"https:\/\/radiozapatista.org\/wp-includes\/images\/media\/audio.svg\",\"width\":48,\"height\":64}},{\"src\":\"https:\/\/radiozapatista.org\/wp-content\/uploads\/2023\/05\/Xpujil2.mp3\",\"type\":\"audio\/mpeg\",\"title\":\"Comunidades ind\\u00edgenas de la regi\\u00f3n Candelaria, Campeche\",\"caption\":\"Comunidades ind\\u00edgenas de la regi\\u00f3n Candelaria, Campeche\",\"description\":\"\\\"Xpujil2\\\".\",\"meta\":{\"length_formatted\":\"3:01\"},\"image\":{\"src\":\"https:\/\/radiozapatista.org\/wp-includes\/images\/media\/audio.svg\",\"width\":48,\"height\":64},\"thumb\":{\"src\":\"https:\/\/radiozapatista.org\/wp-includes\/images\/media\/audio.svg\",\"width\":48,\"height\":64}},{\"src\":\"https:\/\/radiozapatista.org\/wp-content\/uploads\/2023\/05\/Xpujil3.mp3\",\"type\":\"audio\/mpeg\",\"title\":\"CNI Puebla\",\"caption\":\"Congreso Nacional Ind\\u00edgena (Puebla)\",\"description\":\"\\\"Xpujil3\\\".\",\"meta\":{\"length_formatted\":\"5:38\"},\"image\":{\"src\":\"https:\/\/radiozapatista.org\/wp-includes\/images\/media\/audio.svg\",\"width\":48,\"height\":64},\"thumb\":{\"src\":\"https:\/\/radiozapatista.org\/wp-includes\/images\/media\/audio.svg\",\"width\":48,\"height\":64}},{\"src\":\"https:\/\/radiozapatista.org\/wp-content\/uploads\/2023\/05\/Xpujil4.mp3\",\"type\":\"audio\/mpeg\",\"title\":\"Comunidad nahua de Cuentepec\",\"caption\":\"Comunidad nahua de Cuentepec\",\"description\":\"\\\"Xpujil4\\\".\",\"meta\":{\"length_formatted\":\"2:10\"},\"image\":{\"src\":\"https:\/\/radiozapatista.org\/wp-includes\/images\/media\/audio.svg\",\"width\":48,\"height\":64},\"thumb\":{\"src\":\"https:\/\/radiozapatista.org\/wp-includes\/images\/media\/audio.svg\",\"width\":48,\"height\":64}},{\"src\":\"https:\/\/radiozapatista.org\/wp-content\/uploads\/2023\/05\/Xpujil5.mp3\",\"type\":\"audio\/mpeg\",\"title\":\"Comunidad otom\\u00ed, Santiago Mexquititl\\u00e1n, Quer\\u00e9taro\",\"caption\":\"Comunidad otom\\u00ed, Santiago Mexquititl\\u00e1n, Quer\\u00e9taro\",\"description\":\"\\\"Xpujil5\\\".\",\"meta\":{\"length_formatted\":\"3:16\"},\"image\":{\"src\":\"https:\/\/radiozapatista.org\/wp-includes\/images\/media\/audio.svg\",\"width\":48,\"height\":64},\"thumb\":{\"src\":\"https:\/\/radiozapatista.org\/wp-includes\/images\/media\/audio.svg\",\"width\":48,\"height\":64}},{\"src\":\"https:\/\/radiozapatista.org\/wp-content\/uploads\/2023\/05\/Xpujil6.mp3\",\"type\":\"audio\/mpeg\",\"title\":\"Sur de Veracruz\",\"caption\":\"Sur de Veracruz\",\"description\":\"\\\"Xpujil6\\\".\",\"meta\":{\"length_formatted\":\"2:16\"},\"image\":{\"src\":\"https:\/\/radiozapatista.org\/wp-includes\/images\/media\/audio.svg\",\"width\":48,\"height\":64},\"thumb\":{\"src\":\"https:\/\/radiozapatista.org\/wp-includes\/images\/media\/audio.svg\",\"width\":48,\"height\":64}},{\"src\":\"https:\/\/radiozapatista.org\/wp-content\/uploads\/2023\/05\/Xpujil7.mp3\",\"type\":\"audio\/mpeg\",\"title\":\"Norte de Quintana Roo\",\"caption\":\"Norte de Quintana Roo\",\"description\":\"\\\"Xpujil7\\\".\",\"meta\":{\"length_formatted\":\"5:16\"},\"image\":{\"src\":\"https:\/\/radiozapatista.org\/wp-includes\/images\/media\/audio.svg\",\"width\":48,\"height\":64},\"thumb\":{\"src\":\"https:\/\/radiozapatista.org\/wp-includes\/images\/media\/audio.svg\",\"width\":48,\"height\":64}},{\"src\":\"https:\/\/radiozapatista.org\/wp-content\/uploads\/2023\/05\/Xpujil8.mp3\",\"type\":\"audio\/mpeg\",\"title\":\"Reflexiones sobre el recorrido de la Caravana\",\"caption\":\"Reflexiones sobre el recorrido de la Caravana\",\"description\":\"\\\"Xpujil8\\\".\",\"meta\":{\"length_formatted\":\"5:51\"},\"image\":{\"src\":\"https:\/\/radiozapatista.org\/wp-includes\/images\/media\/audio.svg\",\"width\":48,\"height\":64},\"thumb\":{\"src\":\"https:\/\/radiozapatista.org\/wp-includes\/images\/media\/audio.svg\",\"width\":48,\"height\":64}}]}<\/script>\n<\/div>\n\t\n<\/div>\n<\/div>\n<\/article>\n<div class=\"block block-block-mapa\">\n<div class=\"block-content\">\n<p>&nbsp;<\/p>\n<\/div>\n<\/div>\n<p><\/p>","protected":false},"excerpt":{"rendered":"<p>Texto: \u00a1El Sur Resiste! Fotos: \u00a1El Sur Resiste! Audios extra\u00eddos de: Video de APIIDTT Edici\u00f3n: Radio Zapatista El d\u00eda 9 de la caravana El Sur Resiste visitamos la comunidad Xpujil, Calakmul, Campeche; uno de los lugares en donde se construye el tramo 7 del proyecto Tren Maya y uno de polos de desarrollo que incluye [&hellip;]<\/p>\n","protected":false},"author":1,"featured_media":44938,"comment_status":"open","ping_status":"closed","sticky":false,"template":"","format":"standard","meta":{"footnotes":""},"categories":[1,957,1024,958,954,190],"tags":[1408,56,171,567,147,148,1250],"class_list":["post-44934","post","type-post","status-publish","format-standard","has-post-thumbnail","hentry","category-audio","category-autonomia","category-cni-temas","category-megaproyectos","category-mexico","category-radiozapatista","tag-el-sur-resiste","tag-encuentros","tag-medio-ambiente","tag-megaproyectos","tag-militarizacion","tag-resistencia","tag-tren-maya"],"_links":{"self":[{"href":"https:\/\/radiozapatista.org\/index.php?rest_route=\/wp\/v2\/posts\/44934","targetHints":{"allow":["GET"]}}],"collection":[{"href":"https:\/\/radiozapatista.org\/index.php?rest_route=\/wp\/v2\/posts"}],"about":[{"href":"https:\/\/radiozapatista.org\/index.php?rest_route=\/wp\/v2\/types\/post"}],"author":[{"embeddable":true,"href":"https:\/\/radiozapatista.org\/index.php?rest_route=\/wp\/v2\/users\/1"}],"replies":[{"embeddable":true,"href":"https:\/\/radiozapatista.org\/index.php?rest_route=%2Fwp%2Fv2%2Fcomments&post=44934"}],"version-history":[{"count":3,"href":"https:\/\/radiozapatista.org\/index.php?rest_route=\/wp\/v2\/posts\/44934\/revisions"}],"predecessor-version":[{"id":44950,"href":"https:\/\/radiozapatista.org\/index.php?rest_route=\/wp\/v2\/posts\/44934\/revisions\/44950"}],"wp:featuredmedia":[{"embeddable":true,"href":"https:\/\/radiozapatista.org\/index.php?rest_route=\/wp\/v2\/media\/44938"}],"wp:attachment":[{"href":"https:\/\/radiozapatista.org\/index.php?rest_route=%2Fwp%2Fv2%2Fmedia&parent=44934"}],"wp:term":[{"taxonomy":"category","embeddable":true,"href":"https:\/\/radiozapatista.org\/index.php?rest_route=%2Fwp%2Fv2%2Fcategories&post=44934"},{"taxonomy":"post_tag","embeddable":true,"href":"https:\/\/radiozapatista.org\/index.php?rest_route=%2Fwp%2Fv2%2Ftags&post=44934"}],"curies":[{"name":"wp","href":"https:\/\/api.w.org\/{rel}","templated":true}]}}