{"id":44917,"date":"2023-05-03T19:55:10","date_gmt":"2023-05-04T01:55:10","guid":{"rendered":"https:\/\/radiozapatista.org\/?p=44917"},"modified":"2023-05-03T19:55:10","modified_gmt":"2023-05-04T01:55:10","slug":"caravana-el-sur-resiste-dia-8-felipe-carrillo-puerto-quintana-roo-selva-maya-arrasada-por-el-tren-maya","status":"publish","type":"post","link":"https:\/\/radiozapatista.org\/?p=44917","title":{"rendered":"Caravana \u201cEl Sur Resiste\u201d d\u00eda 8 &#8211; Felipe Carrillo Puerto, Quintana Roo. Selva Maya arrasada por el Tren Maya"},"content":{"rendered":"<p>Texto: <a href=\"https:\/\/www.elsurresiste.org\/es\/posts\/dia-8-felipe-carrillo-puerto-quintana-roo-selva-maya-arrasada-por-el-tren-maya\" target=\"_blank\" rel=\"noopener\">\u00a1El Sur Resiste!<\/a><br \/>\nFotos: <a href=\"https:\/\/www.elsurresiste.org\/es\/posts\/dia-8-felipe-carrillo-puerto-quintana-roo-selva-maya-arrasada-por-el-tren-maya\" target=\"_blank\" rel=\"noopener\">\u00a1El Sur Resiste!<\/a><br \/>\nAudios extraidos de: Video de <a href=\"https:\/\/www.facebook.com\/APIIDTT\/videos\/d%C3%ADa-8-caravana-el-sur-resiste-carrillo-puerto-yucat%C3%A1n-marcha-elsurresiste\/1434328200727650\/?__cft__[0]=AZWS8782oH0sq4rrHgDTevqrUFCatN31qZwny0zpD7KTy1k8fZFtIks43ClQbECzKaWv8cTM7oCulSpmonWVQrs75r5eVs2R-TV9lpmGYE30WZAU5hH_WZqBKkZWfqg0zL2tehk46Pqq5lO3HufSdGix9p2sAn9xTb6Uq9VQEv5pQA\" target=\"_blank\" rel=\"noopener\">APIIDT<\/a><br \/>\nEdici\u00f3n: <a href=\"https:\/\/radiozapatista.org\/?page_id=44474\">Radio Zapatista<\/a><\/p>\n<p>El octavo d\u00eda de la Caravana el Sur Resiste, llegamos a la ciudad de Felipe Carillo Puerto, donde marchamos por las calles de la ciudad visibilizando las problem\u00e1ticas que ha causado el proyecto Tren Maya.<\/p>\n<p>Despu\u00e9s de la marcha, partimos hacia Xpujil, Campeche; sin embargo, nos detenemos en la parada en el crucero a Laguna Ocom.<\/p>\n<p>En cuanto llegamos, el panorama es desolador. En este lugar, el tramo 6 del mal llamado Tren Maya ya ha tomado la vida de miles de \u00e1rboles; cedros y caobas han sido talados sin ning\u00fan tipo de consideraci\u00f3n por todo lo que se pierde con cada \u00e1rbol que es derrumbado. El hogar de cientos de especies ha sido arrancado de la tierra para poder entregar estas tierras a empresas americanas, canadienses y alemanas.<\/p>\n<p>La selva maya, antes llena de vida, flora y fauna, ahora es un espacio partido a la mitad en donde s\u00f3lo hay piedras y todos los \u00e1rboles han sido asesinados. Ah\u00ed donde la vida ha sido destruida, el calor no da tregua, la sequ\u00eda se siente en el ambiente, el polvo se siente flotar en el aire.<\/p>\n<p>Aunque se han visto fotograf\u00edas en internet de este crimen, estar en medio de la destrucci\u00f3n y muerte es doloroso para todos y todas los\/las presentes. El responsable de este ecocidio tiene nombre: Andr\u00e9s Manuel L\u00f3pez Obrador.<\/p>\n<p style=\"text-align: center;\"><a href=\"https:\/\/radiozapatista.org\/wp-content\/uploads\/2023\/05\/Felipe-Carrillo-Puerto1.jpg\"><img loading=\"lazy\" decoding=\"async\" class=\"aligncenter size-large wp-image-44918\" src=\"https:\/\/radiozapatista.org\/wp-content\/uploads\/2023\/05\/Felipe-Carrillo-Puerto1-1024x682.jpg\" alt=\"\" width=\"1024\" height=\"682\" srcset=\"https:\/\/radiozapatista.org\/wp-content\/uploads\/2023\/05\/Felipe-Carrillo-Puerto1-1024x682.jpg 1024w, https:\/\/radiozapatista.org\/wp-content\/uploads\/2023\/05\/Felipe-Carrillo-Puerto1-350x233.jpg 350w, https:\/\/radiozapatista.org\/wp-content\/uploads\/2023\/05\/Felipe-Carrillo-Puerto1-768x512.jpg 768w, https:\/\/radiozapatista.org\/wp-content\/uploads\/2023\/05\/Felipe-Carrillo-Puerto1-700x466.jpg 700w, https:\/\/radiozapatista.org\/wp-content\/uploads\/2023\/05\/Felipe-Carrillo-Puerto1.jpg 1280w\" sizes=\"auto, (max-width: 1024px) 100vw, 1024px\" \/><\/a><\/p>\n<p>El compa\u00f1ero Angel Sulub, de la comunidad maya de Noj Kaj Santa Cruz X\u00e1alam Naj K\u2019ampokolche\u2019, habla de lo que este desastre significa para su pueblo, el pueblo maya que ha habitado y defendido esta selva por milenios:<\/p>\n<blockquote><p><em>\u201cCon mucho coraje, con mucha rabia en medio de un territorio sagrado, la selva que nos han legado nuestros ancestros y ancestras, un territorio por el que nuestros abuelos y abuelas lucharon para cuidar y garantizar que nosotros y nosotras sus nietas podamos disfrutar el bienestar que nos da el territorio. Esta selva maya est\u00e1 siendo despojada, esta selva maya est\u00e1 siendo brutalmente asesinada. Aqu\u00ed en donde estamos hab\u00eda cedros, caobas, chicozapotes, por aqu\u00ed caminaba el venado, por aqu\u00ed caminaban los jaguares. En este momento estamos viendo un lugar desolado. <\/em><\/p>\n<p><em>Estamos viendo el inicio de lo que ellos, los de arriba, quieren: el saqueo, el extractivismo m\u00e1s voraz de los pueblos. Por este territorio transitan aguas sagradas, que vienen desde el estado de Campeche y se van hasta la costa. No solo estamos viendo la devastaci\u00f3n de estos ecosistemas, estamos viendo la destrucci\u00f3n de la forma de la vida de los pueblos.\u201d<\/em><\/p><\/blockquote>\n<p style=\"text-align: center;\"><a href=\"https:\/\/radiozapatista.org\/wp-content\/uploads\/2023\/05\/Felipe-Carrillo-Puerto5.jpg\"><img loading=\"lazy\" decoding=\"async\" class=\"aligncenter size-full wp-image-44919\" src=\"https:\/\/radiozapatista.org\/wp-content\/uploads\/2023\/05\/Felipe-Carrillo-Puerto5.jpg\" alt=\"\" width=\"800\" height=\"533\" srcset=\"https:\/\/radiozapatista.org\/wp-content\/uploads\/2023\/05\/Felipe-Carrillo-Puerto5.jpg 800w, https:\/\/radiozapatista.org\/wp-content\/uploads\/2023\/05\/Felipe-Carrillo-Puerto5-350x233.jpg 350w, https:\/\/radiozapatista.org\/wp-content\/uploads\/2023\/05\/Felipe-Carrillo-Puerto5-768x512.jpg 768w, https:\/\/radiozapatista.org\/wp-content\/uploads\/2023\/05\/Felipe-Carrillo-Puerto5-700x466.jpg 700w\" sizes=\"auto, (max-width: 800px) 100vw, 800px\" \/><\/a><\/p>\n<p>Dos compa\u00f1eras realizan un ritual en este sitio de destrucci\u00f3n, ofrendan a la tierra herida agua y miel, le dicen que a la madre tierra que resista, que aqu\u00ed estamos, y que sentimos su dolor.<\/p>\n<h3>Un modelo de destrucci\u00f3n y muerte<\/h3>\n<p>En el lugar de la devastaci\u00f3n hablamos con Sergio Madrid y Sara Cuervo del Consejo Civil Mexicano de Silvicultura, sobre la destrucci\u00f3n de la selva maya en la Pen\u00ednsula de Yucat\u00e1n como resultado del avance del proyecto Tren Maya.<\/p>\n<p>Sergio Madrid y Sara Cuervo explican que esta regi\u00f3n y la pen\u00ednsula de Yucat\u00e1n es una de las regiones con mayor superficie forestal en el pa\u00eds junto con Chiapas, y el segundo sistema forestal m\u00e1s importante de Am\u00e9rica, reconocido como la Selva Maya. Tambi\u00e9n hablan sobre la variedad de especies end\u00e9micas en esta regi\u00f3n, como el jaguar, el tapir y muchos otros.<\/p>\n<p style=\"text-align: center;\"><a href=\"https:\/\/radiozapatista.org\/wp-content\/uploads\/2023\/05\/Felipe-Carrillo-Puerto2.jpg\"><img loading=\"lazy\" decoding=\"async\" class=\"aligncenter size-large wp-image-44920\" src=\"https:\/\/radiozapatista.org\/wp-content\/uploads\/2023\/05\/Felipe-Carrillo-Puerto2-1024x508.jpg\" alt=\"\" width=\"1024\" height=\"508\" srcset=\"https:\/\/radiozapatista.org\/wp-content\/uploads\/2023\/05\/Felipe-Carrillo-Puerto2-1024x508.jpg 1024w, https:\/\/radiozapatista.org\/wp-content\/uploads\/2023\/05\/Felipe-Carrillo-Puerto2-350x174.jpg 350w, https:\/\/radiozapatista.org\/wp-content\/uploads\/2023\/05\/Felipe-Carrillo-Puerto2-768x381.jpg 768w, https:\/\/radiozapatista.org\/wp-content\/uploads\/2023\/05\/Felipe-Carrillo-Puerto2.jpg 1280w\" sizes=\"auto, (max-width: 1024px) 100vw, 1024px\" \/><\/a><\/p>\n<p>Sergio Madrid habla sobre c\u00f3mo se quiere replicar el modelo de turismo extractivista y la destrucci\u00f3n ambiental y social de Canc\u00fan en toda la Pen\u00ednsula.<\/p>\n<blockquote><p><em>\u201cEse modelo ha sido sobre quitar el acceso de la playa a las personas, el territorio ha sido tomado por grandes capitales del turismo, lo que quiere FONATUR es llevar este esquema de grande inversi\u00f3n de empresarios, y el gobierno es el que abre el camino para que estos empresarios puedan entrar. El medio ambiente, la organizaci\u00f3n en defensa del territorio, los derechos humanos, son un estorbo para este esquema.\u201d<\/em><\/p><\/blockquote>\n<p>Sara Cuervo tambi\u00e9n habla sobre la necesidad de no s\u00f3lo ver la terrible devastaci\u00f3n de las v\u00edas del tren, sino tambi\u00e9n todo el ecocidio en otras \u00e1reas, como lo ha sido el relleno de cenotes y aguadas. Tambi\u00e9n mirar la violencia que se ha provocado a partir de la implementaci\u00f3n de este proyecto, y que se ha generado con la llegada del Ejercito y Guardia Nacional a los lugares en donde se va a construir el proyecto.<\/p>\n<blockquote><p><em>\u201cA pesar de m\u00e1s de 500 a\u00f1os de resistencia, vivimos un momento hist\u00f3rico de ver a las comunidades atravesadas por un proyecto genocida y ecocida. Hay terror y miedo por la militarizaci\u00f3n y la llegada de estos cuerpos; hay tambi\u00e9n este desconocimiento de todo lo que se est\u00e1 tejiendo con este proyecto, y c\u00f3mo est\u00e1 conectado con el corredor Interoce\u00e1nico y todo el inter\u00e9s geopol\u00edtico de la regi\u00f3n.\u201d<\/em><\/p><\/blockquote>\n<p>Sergio Madrid habla en espec\u00edfico del proceso de deforestaci\u00f3n, y sobe la falta de pol\u00edticas p\u00fablicas del Estado mexicano para atender y detener la deforestaci\u00f3n en los estados de Chiapas y la Pen\u00ednsula de Yucat\u00e1n. En cambio, el Gobierno de M\u00e9xico ha fomentado esta deforestaci\u00f3n masiva al no implementar ning\u00fan tipo de regulaci\u00f3n ambiental para talar miles de hect\u00e1reas y sembrar monocultivos como la ca\u00f1a de az\u00facar, sorgo y soya de manera agroindustrial o bajo el proyecto asistencial y clientelar Sembrando Vida, el cual se ha comentado durante la Caravana como uno de los principales promotores de divisi\u00f3n comunitaria.<\/p>\n<p style=\"text-align: center;\"><a href=\"https:\/\/radiozapatista.org\/wp-content\/uploads\/2023\/05\/Felipe-Carrillo-Puerto3.jpg\"><img loading=\"lazy\" decoding=\"async\" class=\"aligncenter size-large wp-image-44921\" src=\"https:\/\/radiozapatista.org\/wp-content\/uploads\/2023\/05\/Felipe-Carrillo-Puerto3-1024x682.jpg\" alt=\"\" width=\"1024\" height=\"682\" srcset=\"https:\/\/radiozapatista.org\/wp-content\/uploads\/2023\/05\/Felipe-Carrillo-Puerto3-1024x682.jpg 1024w, https:\/\/radiozapatista.org\/wp-content\/uploads\/2023\/05\/Felipe-Carrillo-Puerto3-350x233.jpg 350w, https:\/\/radiozapatista.org\/wp-content\/uploads\/2023\/05\/Felipe-Carrillo-Puerto3-768x512.jpg 768w, https:\/\/radiozapatista.org\/wp-content\/uploads\/2023\/05\/Felipe-Carrillo-Puerto3-700x466.jpg 700w, https:\/\/radiozapatista.org\/wp-content\/uploads\/2023\/05\/Felipe-Carrillo-Puerto3.jpg 1280w\" sizes=\"auto, (max-width: 1024px) 100vw, 1024px\" \/><\/a><\/p>\n<p>Finalmente, Sara Cuervo habla sobre la llegada de otras industrias explotadoras a la regi\u00f3n junto con la llegada del Tren Maya, entre las que se incluyen las inmobiliarias para construcciones de lujo y proyectos de turismo para personas extranjeras con alto poder adquisitivo, la trata de mujeres e infancias, como ha pasado en la zona de Canc\u00fan y en otras \u00e1reas impactadas por megaproyectos de muerte.<\/p>\n<p>Antes de partir, nos tomamos una fotograf\u00eda en una pila de piedras y material de construcci\u00f3n. Con el pu\u00f1o en alto, la Caravana el Sur Resiste grita: <em>\u00a1La Selva No se Vende, se Ama y se Defiende!\u00a0 <\/em><\/p>\n<p>Nos vamos con el coraz\u00f3n adolorido de ver la forma m\u00e1s cruel del capitalismo asesino y voraz, pero tambi\u00e9n llevamos el coraz\u00f3n lleno de rabia prometiendo a la madre tierra luchar para defenderla, para defendernos. Hoy m\u00e1s que nunca necesitamos entender que esta lucha es por la vida.<\/p>\n<p><a href=\"https:\/\/radiozapatista.org\/wp-content\/uploads\/2023\/05\/portada-2.jpg\"><img loading=\"lazy\" decoding=\"async\" class=\"aligncenter size-full wp-image-44922\" src=\"https:\/\/radiozapatista.org\/wp-content\/uploads\/2023\/05\/portada-2.jpg\" alt=\"\" width=\"799\" height=\"427\" srcset=\"https:\/\/radiozapatista.org\/wp-content\/uploads\/2023\/05\/portada-2.jpg 799w, https:\/\/radiozapatista.org\/wp-content\/uploads\/2023\/05\/portada-2-350x187.jpg 350w, https:\/\/radiozapatista.org\/wp-content\/uploads\/2023\/05\/portada-2-768x410.jpg 768w\" sizes=\"auto, (max-width: 799px) 100vw, 799px\" \/><\/a><\/p>\n<p>Escucha los audios del mitin en Felipe Carrillo Puerto aqu\u00ed:<\/p>\n<p><div class=\"wp-playlist wp-audio-playlist wp-playlist-light\">\n\t\t\t<div class=\"wp-playlist-current-item\"><\/div>\n\t\t<audio controls=\"controls\" preload=\"none\" width=\"640\"\n\t\t\t><\/audio>\n\t<div class=\"wp-playlist-next\"><\/div>\n\t<div class=\"wp-playlist-prev\"><\/div>\n\t<noscript>\n\t<ol>\n\t\t<li><a href='https:\/\/radiozapatista.org\/wp-content\/uploads\/2023\/05\/Carrillo-Puerto1.mp3'>Zona Norte de Quintana Roo<\/a><\/li><li><a href='https:\/\/radiozapatista.org\/wp-content\/uploads\/2023\/05\/Carrillo-Puerto2.mp3'>Red de Articulaci\u00f3n de Yucat\u00e1n<\/a><\/li><li><a href='https:\/\/radiozapatista.org\/wp-content\/uploads\/2023\/05\/Carrillo-Puerto3.mp3'>Red Ajmaq<\/a><\/li><li><a href='https:\/\/radiozapatista.org\/wp-content\/uploads\/2023\/05\/Carrillo-Puerto4.mp3'>CNI - Guerrero<\/a><\/li><li><a href='https:\/\/radiozapatista.org\/wp-content\/uploads\/2023\/05\/Carrillo-Puerto5.mp3'>CNI - Mexquititl\u00e1n<\/a><\/li><li><a href='https:\/\/radiozapatista.org\/wp-content\/uploads\/2023\/05\/Carrillo-Puerto6.mp3'>CNI - Defensa del agua y el territorio<\/a><\/li><li><a href='https:\/\/radiozapatista.org\/wp-content\/uploads\/2023\/05\/Carrillo-Puerto7.mp3'>CNI (Quer\u00e9taro)<\/a><\/li><li><a href='https:\/\/radiozapatista.org\/wp-content\/uploads\/2023\/05\/Carrillo-Puerto8.mp3'>Milpa Alta<\/a><\/li>\t<\/ol>\n\t<\/noscript>\n\t<script type=\"application\/json\" class=\"wp-playlist-script\">{\"type\":\"audio\",\"tracklist\":true,\"tracknumbers\":true,\"images\":true,\"artists\":false,\"tracks\":[{\"src\":\"https:\/\/radiozapatista.org\/wp-content\/uploads\/2023\/05\/Carrillo-Puerto1.mp3\",\"type\":\"audio\/mpeg\",\"title\":\"Zona Norte de Quintana Roo\",\"caption\":\"Zona Norte de Quintana Roo\",\"description\":\"\\\"Carrillo-Puerto1\\\".\",\"meta\":{\"length_formatted\":\"7:55\"},\"image\":{\"src\":\"https:\/\/radiozapatista.org\/wp-includes\/images\/media\/audio.svg\",\"width\":48,\"height\":64},\"thumb\":{\"src\":\"https:\/\/radiozapatista.org\/wp-includes\/images\/media\/audio.svg\",\"width\":48,\"height\":64}},{\"src\":\"https:\/\/radiozapatista.org\/wp-content\/uploads\/2023\/05\/Carrillo-Puerto2.mp3\",\"type\":\"audio\/mpeg\",\"title\":\"Red de Articulaci\\u00f3n de Yucat\\u00e1n\",\"caption\":\"Red de Articulaci\\u00f3n de Yucat\\u00e1n\",\"description\":\"\\\"Carrillo-Puerto2\\\".\",\"meta\":{\"length_formatted\":\"7:40\"},\"image\":{\"src\":\"https:\/\/radiozapatista.org\/wp-includes\/images\/media\/audio.svg\",\"width\":48,\"height\":64},\"thumb\":{\"src\":\"https:\/\/radiozapatista.org\/wp-includes\/images\/media\/audio.svg\",\"width\":48,\"height\":64}},{\"src\":\"https:\/\/radiozapatista.org\/wp-content\/uploads\/2023\/05\/Carrillo-Puerto3.mp3\",\"type\":\"audio\/mpeg\",\"title\":\"Red Ajmaq\",\"caption\":\"Red Ajmaq\",\"description\":\"\\\"Carrillo-Puerto3\\\".\",\"meta\":{\"length_formatted\":\"11:20\"},\"image\":{\"src\":\"https:\/\/radiozapatista.org\/wp-includes\/images\/media\/audio.svg\",\"width\":48,\"height\":64},\"thumb\":{\"src\":\"https:\/\/radiozapatista.org\/wp-includes\/images\/media\/audio.svg\",\"width\":48,\"height\":64}},{\"src\":\"https:\/\/radiozapatista.org\/wp-content\/uploads\/2023\/05\/Carrillo-Puerto4.mp3\",\"type\":\"audio\/mpeg\",\"title\":\"CNI - Guerrero\",\"caption\":\"Congreso Nacional Ind\\u00edgena (Guerrero)\",\"description\":\"\\\"Carrillo-Puerto4\\\".\",\"meta\":{\"length_formatted\":\"10:04\"},\"image\":{\"src\":\"https:\/\/radiozapatista.org\/wp-includes\/images\/media\/audio.svg\",\"width\":48,\"height\":64},\"thumb\":{\"src\":\"https:\/\/radiozapatista.org\/wp-includes\/images\/media\/audio.svg\",\"width\":48,\"height\":64}},{\"src\":\"https:\/\/radiozapatista.org\/wp-content\/uploads\/2023\/05\/Carrillo-Puerto5.mp3\",\"type\":\"audio\/mpeg\",\"title\":\"CNI - Mexquititl\\u00e1n\",\"caption\":\"Congreso Nacional Ind\\u00edgena (Mexquititl\\u00e1n)\",\"description\":\"\\\"Carrillo-Puerto5\\\".\",\"meta\":{\"length_formatted\":\"5:37\"},\"image\":{\"src\":\"https:\/\/radiozapatista.org\/wp-includes\/images\/media\/audio.svg\",\"width\":48,\"height\":64},\"thumb\":{\"src\":\"https:\/\/radiozapatista.org\/wp-includes\/images\/media\/audio.svg\",\"width\":48,\"height\":64}},{\"src\":\"https:\/\/radiozapatista.org\/wp-content\/uploads\/2023\/05\/Carrillo-Puerto6.mp3\",\"type\":\"audio\/mpeg\",\"title\":\"CNI - Defensa del agua y el territorio\",\"caption\":\"Congreso Nacional Ind\\u00edgena - Defensa del agua y el territorio\",\"description\":\"\\\"Carrillo-Puerto6\\\".\",\"meta\":{\"length_formatted\":\"4:20\"},\"image\":{\"src\":\"https:\/\/radiozapatista.org\/wp-includes\/images\/media\/audio.svg\",\"width\":48,\"height\":64},\"thumb\":{\"src\":\"https:\/\/radiozapatista.org\/wp-includes\/images\/media\/audio.svg\",\"width\":48,\"height\":64}},{\"src\":\"https:\/\/radiozapatista.org\/wp-content\/uploads\/2023\/05\/Carrillo-Puerto7.mp3\",\"type\":\"audio\/mpeg\",\"title\":\"CNI (Quer\\u00e9taro)\",\"caption\":\"Congreso Nacional Ind\\u00edgena (Quer\\u00e9taro)\",\"description\":\"\\\"Carrillo-Puerto7\\\".\",\"meta\":{\"length_formatted\":\"0:27\"},\"image\":{\"src\":\"https:\/\/radiozapatista.org\/wp-includes\/images\/media\/audio.svg\",\"width\":48,\"height\":64},\"thumb\":{\"src\":\"https:\/\/radiozapatista.org\/wp-includes\/images\/media\/audio.svg\",\"width\":48,\"height\":64}},{\"src\":\"https:\/\/radiozapatista.org\/wp-content\/uploads\/2023\/05\/Carrillo-Puerto8.mp3\",\"type\":\"audio\/mpeg\",\"title\":\"Milpa Alta\",\"caption\":\"Milpa Alta\",\"description\":\"\\\"Carrillo-Puerto8\\\".\",\"meta\":{\"length_formatted\":\"3:51\"},\"image\":{\"src\":\"https:\/\/radiozapatista.org\/wp-includes\/images\/media\/audio.svg\",\"width\":48,\"height\":64},\"thumb\":{\"src\":\"https:\/\/radiozapatista.org\/wp-includes\/images\/media\/audio.svg\",\"width\":48,\"height\":64}}]}<\/script>\n<\/div>\n\t<\/p>","protected":false},"excerpt":{"rendered":"<p>Texto: \u00a1El Sur Resiste! Fotos: \u00a1El Sur Resiste! Audios extraidos de: Video de APIIDT Edici\u00f3n: Radio Zapatista El octavo d\u00eda de la Caravana el Sur Resiste, llegamos a la ciudad de Felipe Carillo Puerto, donde marchamos por las calles de la ciudad visibilizando las problem\u00e1ticas que ha causado el proyecto Tren Maya. Despu\u00e9s de la [&hellip;]<\/p>\n","protected":false},"author":1,"featured_media":44922,"comment_status":"open","ping_status":"closed","sticky":false,"template":"","format":"standard","meta":{"footnotes":""},"categories":[1,957,1024,958,954,190],"tags":[1288,1408,171,567,148,483,1250,1347],"class_list":["post-44917","post","type-post","status-publish","format-standard","has-post-thumbnail","hentry","category-audio","category-autonomia","category-cni-temas","category-megaproyectos","category-mexico","category-radiozapatista","tag-4t","tag-el-sur-resiste","tag-medio-ambiente","tag-megaproyectos","tag-resistencia","tag-tierra-y-territorio","tag-tren-maya","tag-yucatan"],"_links":{"self":[{"href":"https:\/\/radiozapatista.org\/index.php?rest_route=\/wp\/v2\/posts\/44917","targetHints":{"allow":["GET"]}}],"collection":[{"href":"https:\/\/radiozapatista.org\/index.php?rest_route=\/wp\/v2\/posts"}],"about":[{"href":"https:\/\/radiozapatista.org\/index.php?rest_route=\/wp\/v2\/types\/post"}],"author":[{"embeddable":true,"href":"https:\/\/radiozapatista.org\/index.php?rest_route=\/wp\/v2\/users\/1"}],"replies":[{"embeddable":true,"href":"https:\/\/radiozapatista.org\/index.php?rest_route=%2Fwp%2Fv2%2Fcomments&post=44917"}],"version-history":[{"count":2,"href":"https:\/\/radiozapatista.org\/index.php?rest_route=\/wp\/v2\/posts\/44917\/revisions"}],"predecessor-version":[{"id":44932,"href":"https:\/\/radiozapatista.org\/index.php?rest_route=\/wp\/v2\/posts\/44917\/revisions\/44932"}],"wp:featuredmedia":[{"embeddable":true,"href":"https:\/\/radiozapatista.org\/index.php?rest_route=\/wp\/v2\/media\/44922"}],"wp:attachment":[{"href":"https:\/\/radiozapatista.org\/index.php?rest_route=%2Fwp%2Fv2%2Fmedia&parent=44917"}],"wp:term":[{"taxonomy":"category","embeddable":true,"href":"https:\/\/radiozapatista.org\/index.php?rest_route=%2Fwp%2Fv2%2Fcategories&post=44917"},{"taxonomy":"post_tag","embeddable":true,"href":"https:\/\/radiozapatista.org\/index.php?rest_route=%2Fwp%2Fv2%2Ftags&post=44917"}],"curies":[{"name":"wp","href":"https:\/\/api.w.org\/{rel}","templated":true}]}}