{"id":44874,"date":"2023-05-02T13:08:27","date_gmt":"2023-05-02T19:08:27","guid":{"rendered":"https:\/\/radiozapatista.org\/?p=44874"},"modified":"2023-05-02T13:11:15","modified_gmt":"2023-05-02T19:11:15","slug":"caravana-el-sur-resiste-dia-7-valladolid-yucatan-el-pueblo-como-la-selva-siempre-retona","status":"publish","type":"post","link":"https:\/\/radiozapatista.org\/?p=44874","title":{"rendered":"Caravana &#8220;El Sur Resiste&#8221; d\u00eda 7. Valladolid, Yucat\u00e1n. EL pueblo como la selva siempre reto\u00f1a"},"content":{"rendered":"<p>Texto: <a href=\"https:\/\/www.elsurresiste.org\/es\/posts\/dia-7-valladolid-yucatan-el-pueblo-como-la-selva-siempre-retona\" target=\"_blank\" rel=\"noopener\">\u00a1El Sur Resiste!<\/a><br \/>\nFotos: <a href=\"https:\/\/www.elsurresiste.org\/es\/posts\/dia-7-valladolid-yucatan-el-pueblo-como-la-selva-siempre-retona\" target=\"_blank\" rel=\"noopener\">\u00a1El Sur Resiste!<\/a>, Juan Valerio, David Munoz, Rosa MX, Gabriela Sanabria, Mitzy Violeta, <a href=\"https:\/\/memoriaylibertad.wixsite.com\/inicio\/post\/la-ruta-del-tren-maya-devastaci%C3%B3n-ambiental-y-divisi%C3%B3n-social\" target=\"_blank\" rel=\"noopener\">Observatorio Memoria y Libertad<\/a><br \/>\nAudios extra\u00eddos de: Video de <a href=\"https:\/\/www.facebook.com\/APIIDTT\/videos\/d%C3%ADa-7-valladolid-yucat%C3%A1n-caravana-el-sur-resiste-elsurresiste-mitin\/765521008291592\/\" target=\"_blank\" rel=\"noopener\">APIIDTT<\/a><br \/>\nEdici\u00f3n: <a href=\"https:\/\/radiozapatista.org\/?page_id=44474\">Radio Zapatista<\/a><\/p>\n<p>El d\u00eda 7 de la Caravana El Sur Resiste comienza con un ritual entre todas las personas que la integran; mujeres, j\u00f3venes e infancias, personas de la tercera edad. Muchos vienen de otros estados de la Rep\u00fablica y tambi\u00e9n de otros pa\u00edses, pero en esta caravana hemos caminado juntxs con el fin de escuchar el dolor de los Pueblos Originarios y tambi\u00e9n dar voz a su resistencia.<\/p>\n<p style=\"text-align: center;\"><a href=\"https:\/\/radiozapatista.org\/wp-content\/uploads\/2023\/05\/valladolid1.jpeg\"><img loading=\"lazy\" decoding=\"async\" class=\"aligncenter size-large wp-image-44875\" src=\"https:\/\/radiozapatista.org\/wp-content\/uploads\/2023\/05\/valladolid1-1024x682.jpeg\" alt=\"\" width=\"1024\" height=\"682\" srcset=\"https:\/\/radiozapatista.org\/wp-content\/uploads\/2023\/05\/valladolid1-1024x682.jpeg 1024w, https:\/\/radiozapatista.org\/wp-content\/uploads\/2023\/05\/valladolid1-350x233.jpeg 350w, https:\/\/radiozapatista.org\/wp-content\/uploads\/2023\/05\/valladolid1-768x512.jpeg 768w, https:\/\/radiozapatista.org\/wp-content\/uploads\/2023\/05\/valladolid1-700x466.jpeg 700w, https:\/\/radiozapatista.org\/wp-content\/uploads\/2023\/05\/valladolid1.jpeg 1600w\" sizes=\"auto, (max-width: 1024px) 100vw, 1024px\" \/><\/a><\/p>\n<p>En el ritual, las compa\u00f1eras de Casa Colibr\u00ed hablan de recordar a todas las personas y compa\u00f1erxs que han trascendido esta vida, y a lxs defensorxs de la tierra que han sido asesinadxs defendiendo el territorio. Tambi\u00e9n se enfatiz\u00f3 la necesidad de recordar que los ni\u00f1os\/ni\u00f1as\/ni\u00f1xs y adolescentes son la raz\u00f3n de luchar por dejar un mundo mejor en todo sentido, incluyendo el derecho de las infancias a un medio ambiente sano.<\/p>\n<blockquote>\n<p style=\"text-align: left;\" align=\"center\"><em>\u201cHoy me comprometo a que mis acciones como adulto marquen una diferencia para las infancias, en donde el valor de nuestra tierra y nuestra cultura no tiene precio, simplemente no est\u00e1 a la venta.\u201d<\/em><\/p>\n<\/blockquote>\n<p>Terminando el ritual, partimos en marcha hacia el centro de Valladolid. Durante el caminar los compa\u00f1eros y compa\u00f1eras de los pueblos originarios y todos los colectivos que les acompa\u00f1an gritan fuertemente: <em>\u00a1Selva s\u00ed, tren No! \u00a1Agua s\u00ed, tren No!, \u00a1Los cenotes no se venden, se aman y se defienden!, \u00a1Ese tren no es Maya, ese tren es militar!<\/em><\/p>\n<p style=\"text-align: center;\"><a href=\"https:\/\/radiozapatista.org\/wp-content\/uploads\/2023\/05\/valladolid2.jpeg\"><img loading=\"lazy\" decoding=\"async\" class=\"aligncenter size-large wp-image-44876\" src=\"https:\/\/radiozapatista.org\/wp-content\/uploads\/2023\/05\/valladolid2-1024x682.jpeg\" alt=\"\" width=\"1024\" height=\"682\" srcset=\"https:\/\/radiozapatista.org\/wp-content\/uploads\/2023\/05\/valladolid2-1024x682.jpeg 1024w, https:\/\/radiozapatista.org\/wp-content\/uploads\/2023\/05\/valladolid2-350x233.jpeg 350w, https:\/\/radiozapatista.org\/wp-content\/uploads\/2023\/05\/valladolid2-768x512.jpeg 768w, https:\/\/radiozapatista.org\/wp-content\/uploads\/2023\/05\/valladolid2-700x466.jpeg 700w, https:\/\/radiozapatista.org\/wp-content\/uploads\/2023\/05\/valladolid2.jpeg 1600w\" sizes=\"auto, (max-width: 1024px) 100vw, 1024px\" \/><\/a><\/p>\n<p>Integrantes de la caravana entregan volantes con informaci\u00f3n sobre las afectaciones del Tren Maya a las personas de Valladolid que miran con inter\u00e9s la marcha; muchos graban con sus tel\u00e9fonos y miran a trav\u00e9s de las ventanas de sus negocios, hogares y autom\u00f3viles.<\/p>\n<h3><strong>Violencia y destrucci\u00f3n ambiental en Yucat\u00e1n por la imposici\u00f3n de megaproyectos<\/strong><\/h3>\n<p>Al fin de la marcha, se realiza un mitin en donde personas de diferentes comunidades de Yucat\u00e1n y otras \u00e1reas de la Pen\u00ednsula hablan sobre el despojo, la contaminaci\u00f3n ambiental y la violencia que viven en sus comunidades.<\/p>\n<ul>\n<li><strong>Valladolid:<\/strong> Se habla sobre la gentrificaci\u00f3n de la ciudad y c\u00f3mo para las juventudes y las nuevas generaciones es pr\u00e1cticamente imposible comprar o adquirir un terreno en la ciudad, violando as\u00ed el derecho a tener un hogar digno. Esto ha sido provocado por la llegada de un turismo que deja a un lado el bienestar de las personas que son originarias de este territorio. Pese a la situaci\u00f3n cr\u00edtica del estado con respecto a la destrucci\u00f3n del ambiente, las compa\u00f1eras que hablan resaltan la esperanza que tienen en seguir trabajando para cambiar la situaci\u00f3n y dejar un mundo mejor para las siguientes generaciones.<\/li>\n<li><strong>Concejo de Xpujil, Calakmul<\/strong>: El concejo habla sobre el amparo que tienen en pie y con el cual han intentado frenar la construcci\u00f3n del Tren Maya en su territorio. El compa\u00f1ero habla sobre la utilizaci\u00f3n de la Guardia Nacional y el Ej\u00e9rcito y sobre la construcci\u00f3n de un hotel que posiblemente tenga 162 habitaciones. Este hotel est\u00e1 siendo construido en el coraz\u00f3n de la reserva de Calakmul, la cual tambi\u00e9n se ha otorgado al Ej\u00e9rcito de M\u00e9xico, como el resto del Proyecto Tren Maya. Dicha construcci\u00f3n ha encendido las alarmas debido a que, de llevarse a cabo, destruir\u00eda una de las \u00faltimas selvas conservadas en todo el continente.<\/li>\n<li><strong>Canc\u00fan y Playa del Carmen:<\/strong> La compa\u00f1era habla sobre toda la destrucci\u00f3n que el proyecto del Tren Maya est\u00e1 ya causando en esta zona, como lo es la tala de 9 millones de \u00e1rboles tan solo entre M\u00e9rida y Xpujil. Tambi\u00e9n se habla de toda la violencia que el modelo de turismo que se ha impulsado en Canc\u00fan y Playa del Carmen ha generado (mismo modelo que se aplicar\u00e1 con la construcci\u00f3n del Tren Maya en toda la pen\u00ednsula de Yucat\u00e1n y en cada territorio que atraviese). \u00a0Las desapariciones forzadas, los feminicidios y la violencia generada por c\u00e1rteles de las drogas son tres fen\u00f3menos que se ha demostrado estar interrelacionados con la llegada de megaproyectos como el Tren Maya.<\/li>\n<\/ul>\n<p><a href=\"https:\/\/radiozapatista.org\/wp-content\/uploads\/2023\/05\/valladolid3.jpeg\"><img loading=\"lazy\" decoding=\"async\" class=\"aligncenter size-large wp-image-44877\" src=\"https:\/\/radiozapatista.org\/wp-content\/uploads\/2023\/05\/valladolid3-1024x682.jpeg\" alt=\"\" width=\"1024\" height=\"682\" srcset=\"https:\/\/radiozapatista.org\/wp-content\/uploads\/2023\/05\/valladolid3-1024x682.jpeg 1024w, https:\/\/radiozapatista.org\/wp-content\/uploads\/2023\/05\/valladolid3-350x233.jpeg 350w, https:\/\/radiozapatista.org\/wp-content\/uploads\/2023\/05\/valladolid3-768x512.jpeg 768w, https:\/\/radiozapatista.org\/wp-content\/uploads\/2023\/05\/valladolid3-700x466.jpeg 700w, https:\/\/radiozapatista.org\/wp-content\/uploads\/2023\/05\/valladolid3.jpeg 1280w\" sizes=\"auto, (max-width: 1024px) 100vw, 1024px\" \/><\/a><\/p>\n<blockquote>\n<p style=\"text-align: left;\" align=\"center\"><em>\u201cTenemos m\u00e1s de 9 millones de \u00e1rboles talados despu\u00e9s de que se dijo que no se iba a talar ninguno; pues tenemos 9 millones de mentiras, mentiras regadas por ah\u00ed como si fueran cualquier cosa.\u201d<\/em><\/p>\n<p style=\"text-align: left;\" align=\"center\"><em>\u201cTenemos el resultado de ese desarrollo, tenemos a Canc\u00fan como una de las ciudades m\u00e1s violentas, m\u00e1s peligrosas, ocultando as\u00ed cifras todo el tiempo, presentando cifras bonitas de hoteles, de cu\u00e1ntos cuartos de hoteles tenemos, de cu\u00e1ntos trabajos se generan, pero no nos dicen a costa de qu\u00e9.\u201d<\/em><\/p>\n<\/blockquote>\n<ul>\n<li><strong>Siltepech<\/strong>: las compa\u00f1eras hablan sobre su lucha en defensa del agua de su territorio, que est\u00e1 en riesgo por la presencia cada vez mayor de mega granjas porc\u00edcolas, las cuales, como se ha demostrado, son altamente contaminadas por los desechos que generan. Se menciona tambi\u00e9n la criminalizaci\u00f3n de la cual han sido v\u00edctimas pobladoras mayas de Siltepech: actualmente ocho integrantes enfrentan procesos penales por la defensa de su territorio. Se recuerdan tambi\u00e9n los actos de brutalidad policial y detenciones arbitrarias que sucedieron en contra de varios participantes despu\u00e9s de una marcha en apoyo a la comunidad de Siltepech en la ciudad de M\u00e9rida, Yucat\u00e1n.<\/li>\n<\/ul>\n<blockquote>\n<p style=\"text-align: left;\" align=\"center\"><em>\u201cQueremos agua limpia, el agua es nuestra\u201d.<\/em><\/p>\n<\/blockquote>\n<p style=\"text-align: left;\" align=\"center\">Escucha y\/o descarga los audios aqu\u00ed:<\/p>\n<div class=\"wp-playlist wp-audio-playlist wp-playlist-light\">\n\t\t\t<div class=\"wp-playlist-current-item\"><\/div>\n\t\t<audio controls=\"controls\" preload=\"none\" width=\"640\"\n\t\t\t><\/audio>\n\t<div class=\"wp-playlist-next\"><\/div>\n\t<div class=\"wp-playlist-prev\"><\/div>\n\t<noscript>\n\t<ol>\n\t\t<li><a href='https:\/\/radiozapatista.org\/wp-content\/uploads\/2023\/05\/Valladolid1.mp3'>Pen\u00ednsula de Yucat\u00e1n<\/a><\/li><li><a href='https:\/\/radiozapatista.org\/wp-content\/uploads\/2023\/05\/Valladolid2.mp3'>Colectivo agroecol\u00f3gico, Pen\u00ednsula de Yucat\u00e1n<\/a><\/li><li><a href='https:\/\/radiozapatista.org\/wp-content\/uploads\/2023\/05\/Valladolid3.mp3'>Colectiva de M\u00e9rida<\/a><\/li><li><a href='https:\/\/radiozapatista.org\/wp-content\/uploads\/2023\/05\/Valladolid4.mp3'>Consejo Regional Ind\u00edgena y Popular de Xpujil<\/a><\/li><li><a href='https:\/\/radiozapatista.org\/wp-content\/uploads\/2023\/05\/Valladolid5.mp3'>Zona Norte de Quintana Roo<\/a><\/li><li><a href='https:\/\/radiozapatista.org\/wp-content\/uploads\/2023\/05\/Valladolid6.mp3'>Candelaria, Campeche<\/a><\/li><li><a href='https:\/\/radiozapatista.org\/wp-content\/uploads\/2023\/05\/Valladolid7.mp3'>M\u00e9rida - sobre Siltepech<\/a><\/li><li><a href='https:\/\/radiozapatista.org\/wp-content\/uploads\/2023\/05\/Valladolid8.mp3'>Criminalizaci\u00f3n de defensores de Sitilpech contra granja porcina<\/a><\/li><li><a href='https:\/\/radiozapatista.org\/wp-content\/uploads\/2023\/05\/Valladolid9.mp3'>Costa de Chiapas<\/a><\/li><li><a href='https:\/\/radiozapatista.org\/wp-content\/uploads\/2023\/05\/Valladolid10.mp3'>Comunidad Biniza de Puente Madera<\/a><\/li><li><a href='https:\/\/radiozapatista.org\/wp-content\/uploads\/2023\/05\/Valladolid11.mp3'>Oteapa, Sur de Veracruz<\/a><\/li><li><a href='https:\/\/radiozapatista.org\/wp-content\/uploads\/2023\/05\/Valladolid12.mp3'>CNI<\/a><\/li><li><a href='https:\/\/radiozapatista.org\/wp-content\/uploads\/2023\/05\/Valladolid13.mp3'>Contra el Tren Maya<\/a><\/li><li><a href='https:\/\/radiozapatista.org\/wp-content\/uploads\/2023\/05\/Valladolid14.mp3'>Palabras de clausura<\/a><\/li>\t<\/ol>\n\t<\/noscript>\n\t<script type=\"application\/json\" class=\"wp-playlist-script\">{\"type\":\"audio\",\"tracklist\":true,\"tracknumbers\":true,\"images\":true,\"artists\":false,\"tracks\":[{\"src\":\"https:\/\/radiozapatista.org\/wp-content\/uploads\/2023\/05\/Valladolid1.mp3\",\"type\":\"audio\/mpeg\",\"title\":\"Pen\\u00ednsula de Yucat\\u00e1n\",\"caption\":\"Pen\\u00ednsula de Yucat\\u00e1n\",\"description\":\"\\\"Valladolid1\\\".\",\"meta\":{\"length_formatted\":\"4:30\"},\"image\":{\"src\":\"https:\/\/radiozapatista.org\/wp-includes\/images\/media\/audio.svg\",\"width\":48,\"height\":64},\"thumb\":{\"src\":\"https:\/\/radiozapatista.org\/wp-includes\/images\/media\/audio.svg\",\"width\":48,\"height\":64}},{\"src\":\"https:\/\/radiozapatista.org\/wp-content\/uploads\/2023\/05\/Valladolid2.mp3\",\"type\":\"audio\/mpeg\",\"title\":\"Colectivo agroecol\\u00f3gico, Pen\\u00ednsula de Yucat\\u00e1n\",\"caption\":\"Colectivo agroecol\\u00f3gico, Pen\\u00ednsula de Yucat\\u00e1n\",\"description\":\"\\\"Valladolid2\\\".\",\"meta\":{\"length_formatted\":\"2:17\"},\"image\":{\"src\":\"https:\/\/radiozapatista.org\/wp-includes\/images\/media\/audio.svg\",\"width\":48,\"height\":64},\"thumb\":{\"src\":\"https:\/\/radiozapatista.org\/wp-includes\/images\/media\/audio.svg\",\"width\":48,\"height\":64}},{\"src\":\"https:\/\/radiozapatista.org\/wp-content\/uploads\/2023\/05\/Valladolid3.mp3\",\"type\":\"audio\/mpeg\",\"title\":\"Colectiva de M\\u00e9rida\",\"caption\":\"Colectiva de M\\u00e9rida\",\"description\":\"\\\"Valladolid3\\\".\",\"meta\":{\"length_formatted\":\"1:09\"},\"image\":{\"src\":\"https:\/\/radiozapatista.org\/wp-includes\/images\/media\/audio.svg\",\"width\":48,\"height\":64},\"thumb\":{\"src\":\"https:\/\/radiozapatista.org\/wp-includes\/images\/media\/audio.svg\",\"width\":48,\"height\":64}},{\"src\":\"https:\/\/radiozapatista.org\/wp-content\/uploads\/2023\/05\/Valladolid4.mp3\",\"type\":\"audio\/mpeg\",\"title\":\"Consejo Regional Ind\\u00edgena y Popular de Xpujil\",\"caption\":\"Consejo Regional Ind\\u00edgena y Popular de Xpujil\",\"description\":\"\\\"Valladolid4\\\".\",\"meta\":{\"length_formatted\":\"5:34\"},\"image\":{\"src\":\"https:\/\/radiozapatista.org\/wp-includes\/images\/media\/audio.svg\",\"width\":48,\"height\":64},\"thumb\":{\"src\":\"https:\/\/radiozapatista.org\/wp-includes\/images\/media\/audio.svg\",\"width\":48,\"height\":64}},{\"src\":\"https:\/\/radiozapatista.org\/wp-content\/uploads\/2023\/05\/Valladolid5.mp3\",\"type\":\"audio\/mpeg\",\"title\":\"Zona Norte de Quintana Roo\",\"caption\":\"Zona Norte de Quintana Roo\",\"description\":\"\\\"Valladolid5\\\".\",\"meta\":{\"length_formatted\":\"6:43\"},\"image\":{\"src\":\"https:\/\/radiozapatista.org\/wp-includes\/images\/media\/audio.svg\",\"width\":48,\"height\":64},\"thumb\":{\"src\":\"https:\/\/radiozapatista.org\/wp-includes\/images\/media\/audio.svg\",\"width\":48,\"height\":64}},{\"src\":\"https:\/\/radiozapatista.org\/wp-content\/uploads\/2023\/05\/Valladolid6.mp3\",\"type\":\"audio\/mpeg\",\"title\":\"Candelaria, Campeche\",\"caption\":\"Candelaria, Campeche\",\"description\":\"\\\"Valladolid6\\\".\",\"meta\":{\"length_formatted\":\"3:23\"},\"image\":{\"src\":\"https:\/\/radiozapatista.org\/wp-includes\/images\/media\/audio.svg\",\"width\":48,\"height\":64},\"thumb\":{\"src\":\"https:\/\/radiozapatista.org\/wp-includes\/images\/media\/audio.svg\",\"width\":48,\"height\":64}},{\"src\":\"https:\/\/radiozapatista.org\/wp-content\/uploads\/2023\/05\/Valladolid7.mp3\",\"type\":\"audio\/mpeg\",\"title\":\"M\\u00e9rida - sobre Siltepech\",\"caption\":\"M\\u00e9rida - sobre Siltepech\",\"description\":\"\\\"Valladolid7\\\".\",\"meta\":{\"length_formatted\":\"0:58\"},\"image\":{\"src\":\"https:\/\/radiozapatista.org\/wp-includes\/images\/media\/audio.svg\",\"width\":48,\"height\":64},\"thumb\":{\"src\":\"https:\/\/radiozapatista.org\/wp-includes\/images\/media\/audio.svg\",\"width\":48,\"height\":64}},{\"src\":\"https:\/\/radiozapatista.org\/wp-content\/uploads\/2023\/05\/Valladolid8.mp3\",\"type\":\"audio\/mpeg\",\"title\":\"Criminalizaci\\u00f3n de defensores de Sitilpech contra granja porcina\",\"caption\":\"Criminalizaci\\u00f3n de defensores de Sitilpech contra granja porcina\",\"description\":\"\\\"Valladolid8\\\".\",\"meta\":{\"length_formatted\":\"3:39\"},\"image\":{\"src\":\"https:\/\/radiozapatista.org\/wp-includes\/images\/media\/audio.svg\",\"width\":48,\"height\":64},\"thumb\":{\"src\":\"https:\/\/radiozapatista.org\/wp-includes\/images\/media\/audio.svg\",\"width\":48,\"height\":64}},{\"src\":\"https:\/\/radiozapatista.org\/wp-content\/uploads\/2023\/05\/Valladolid9.mp3\",\"type\":\"audio\/mpeg\",\"title\":\"Costa de Chiapas\",\"caption\":\"Costa de Chiapas\",\"description\":\"\\\"Valladolid9\\\".\",\"meta\":{\"length_formatted\":\"1:49\"},\"image\":{\"src\":\"https:\/\/radiozapatista.org\/wp-includes\/images\/media\/audio.svg\",\"width\":48,\"height\":64},\"thumb\":{\"src\":\"https:\/\/radiozapatista.org\/wp-includes\/images\/media\/audio.svg\",\"width\":48,\"height\":64}},{\"src\":\"https:\/\/radiozapatista.org\/wp-content\/uploads\/2023\/05\/Valladolid10.mp3\",\"type\":\"audio\/mpeg\",\"title\":\"Comunidad Biniza de Puente Madera\",\"caption\":\"Comunidad Biniza de Puente Madera\",\"description\":\"\\\"Valladolid10\\\".\",\"meta\":{\"length_formatted\":\"0:46\"},\"image\":{\"src\":\"https:\/\/radiozapatista.org\/wp-includes\/images\/media\/audio.svg\",\"width\":48,\"height\":64},\"thumb\":{\"src\":\"https:\/\/radiozapatista.org\/wp-includes\/images\/media\/audio.svg\",\"width\":48,\"height\":64}},{\"src\":\"https:\/\/radiozapatista.org\/wp-content\/uploads\/2023\/05\/Valladolid11.mp3\",\"type\":\"audio\/mpeg\",\"title\":\"Oteapa, Sur de Veracruz\",\"caption\":\"Oteapa, Sur de Veracruz\",\"description\":\"\\\"Valladolid11\\\".\",\"meta\":{\"length_formatted\":\"5:28\"},\"image\":{\"src\":\"https:\/\/radiozapatista.org\/wp-includes\/images\/media\/audio.svg\",\"width\":48,\"height\":64},\"thumb\":{\"src\":\"https:\/\/radiozapatista.org\/wp-includes\/images\/media\/audio.svg\",\"width\":48,\"height\":64}},{\"src\":\"https:\/\/radiozapatista.org\/wp-content\/uploads\/2023\/05\/Valladolid12.mp3\",\"type\":\"audio\/mpeg\",\"title\":\"CNI\",\"caption\":\"Congreso Nacional Ind\\u00edgena\",\"description\":\"\\\"Valladolid12\\\".\",\"meta\":{\"length_formatted\":\"3:40\"},\"image\":{\"src\":\"https:\/\/radiozapatista.org\/wp-includes\/images\/media\/audio.svg\",\"width\":48,\"height\":64},\"thumb\":{\"src\":\"https:\/\/radiozapatista.org\/wp-includes\/images\/media\/audio.svg\",\"width\":48,\"height\":64}},{\"src\":\"https:\/\/radiozapatista.org\/wp-content\/uploads\/2023\/05\/Valladolid13.mp3\",\"type\":\"audio\/mpeg\",\"title\":\"Contra el Tren Maya\",\"caption\":\"Contra el Tren Maya\",\"description\":\"\\\"Valladolid13\\\".\",\"meta\":{\"length_formatted\":\"2:39\"},\"image\":{\"src\":\"https:\/\/radiozapatista.org\/wp-includes\/images\/media\/audio.svg\",\"width\":48,\"height\":64},\"thumb\":{\"src\":\"https:\/\/radiozapatista.org\/wp-includes\/images\/media\/audio.svg\",\"width\":48,\"height\":64}},{\"src\":\"https:\/\/radiozapatista.org\/wp-content\/uploads\/2023\/05\/Valladolid14.mp3\",\"type\":\"audio\/mpeg\",\"title\":\"Palabras de clausura\",\"caption\":\"Palabras de clausura\",\"description\":\"\\\"Valladolid14\\\".\",\"meta\":{\"length_formatted\":\"1:28\"},\"image\":{\"src\":\"https:\/\/radiozapatista.org\/wp-includes\/images\/media\/audio.svg\",\"width\":48,\"height\":64},\"thumb\":{\"src\":\"https:\/\/radiozapatista.org\/wp-includes\/images\/media\/audio.svg\",\"width\":48,\"height\":64}}]}<\/script>\n<\/div>\n\t\n<p style=\"text-align: center;\" align=\"center\"><a href=\"https:\/\/radiozapatista.org\/wp-content\/uploads\/2023\/05\/valladolid4.jpeg\"><img loading=\"lazy\" decoding=\"async\" class=\"aligncenter size-large wp-image-44878\" src=\"https:\/\/radiozapatista.org\/wp-content\/uploads\/2023\/05\/valladolid4-1024x682.jpeg\" alt=\"\" width=\"1024\" height=\"682\" srcset=\"https:\/\/radiozapatista.org\/wp-content\/uploads\/2023\/05\/valladolid4-1024x682.jpeg 1024w, https:\/\/radiozapatista.org\/wp-content\/uploads\/2023\/05\/valladolid4-350x233.jpeg 350w, https:\/\/radiozapatista.org\/wp-content\/uploads\/2023\/05\/valladolid4-768x512.jpeg 768w, https:\/\/radiozapatista.org\/wp-content\/uploads\/2023\/05\/valladolid4-700x466.jpeg 700w, https:\/\/radiozapatista.org\/wp-content\/uploads\/2023\/05\/valladolid4.jpeg 1280w\" sizes=\"auto, (max-width: 1024px) 100vw, 1024px\" \/><\/a><\/p>\n<h3><strong>La voz de esperanza de los j\u00f3venes <\/strong><\/h3>\n<p>Chirro, un joven de la comunidad ind\u00edgena de Oteapan, Veracruz \u2013la cual fue visitada por la Carava El Sur Resiste\u2013 habl\u00f3 en nombre de su comunidad con un mensaje esperanzador, lleno de vitalidad y fuerza.<\/p>\n<p>Su participaci\u00f3n deja en claro que los j\u00f3venes no son el futuro, sino el presente; que para poder seguir con esta lucha debemos escucharles, integrarles, compartir su visi\u00f3n, escuchar su palabra y entender que esta lucha necesita de todos y todas.<\/p>\n<p>A continuaci\u00f3n, incluimos parte de su mensaje:<\/p>\n<blockquote>\n<p style=\"text-align: left;\" align=\"center\"><em>\u201cSi no tenemos el territorio, no vamos a poder cuidarlo. Pero yo les vengo a decir que no se desesperen, como pueblo hay que resistir porque la selva siempre reto\u00f1a. Porque los escarabajos y todos los animalitos buscan su vida en los troncos secos. Pueden querer llenarnos de concreto, pero la naturaleza siempre se defiende y los pueblos somos esa naturaleza defendi\u00e9ndose.<\/em><\/p>\n<p style=\"text-align: left;\" align=\"center\"><em>Nosotros somos la monta\u00f1a, nosotros somos el agua, nosotros somos los animales. Nosotros podemos ser la voz de las abejas, de la selva y de todo lo que habita.<\/em><\/p>\n<p style=\"text-align: left;\" align=\"center\"><em>Nosotros estamos enfocados en hablar con otros j\u00f3venes, lo hacemos a trav\u00e9s de la m\u00fasica, de c\u00e1psulas de video, de la radio. <\/em><\/p>\n<p style=\"text-align: left;\" align=\"center\"><em>Desde el Sur de Veracruz seguimos resistiendo, y debemos seguir resistiendo porque nosotros somos el monte. Que viva la selva Maya.\u201d<\/em><\/p>\n<\/blockquote>\n<p align=\"center\"><a href=\"https:\/\/radiozapatista.org\/wp-content\/uploads\/2023\/05\/valladolid5.jpeg\"><img loading=\"lazy\" decoding=\"async\" class=\"aligncenter size-large wp-image-44879\" src=\"https:\/\/radiozapatista.org\/wp-content\/uploads\/2023\/05\/valladolid5-1024x682.jpeg\" alt=\"\" width=\"1024\" height=\"682\" srcset=\"https:\/\/radiozapatista.org\/wp-content\/uploads\/2023\/05\/valladolid5-1024x682.jpeg 1024w, https:\/\/radiozapatista.org\/wp-content\/uploads\/2023\/05\/valladolid5-350x233.jpeg 350w, https:\/\/radiozapatista.org\/wp-content\/uploads\/2023\/05\/valladolid5-768x512.jpeg 768w, https:\/\/radiozapatista.org\/wp-content\/uploads\/2023\/05\/valladolid5-700x466.jpeg 700w, https:\/\/radiozapatista.org\/wp-content\/uploads\/2023\/05\/valladolid5.jpeg 1280w\" sizes=\"auto, (max-width: 1024px) 100vw, 1024px\" \/><\/a><\/p>\n<p style=\"text-align: left;\" align=\"center\">El d\u00eda en Valladolid termina compartiendo cochinita pibil que las compa\u00f1eras preparan con cari\u00f1o para la caravana. Partimos hacia Felipe Carillo Puerto, Quintana Roo, en donde ya nos esperan con un acto cultural en el centro de la comunidad. Con m\u00fasica, teatro y poemas comenzamos esta jornada, porque el arte tambi\u00e9n es resistencia.<\/p>\n<p style=\"text-align: left;\" align=\"center\"><div class=\"slider js_slider\">\n\t                <div class=\"frame js_frame\">\n\t                    <ul class=\"slides js_slides\"><li class=\"js_slide\"><img loading=\"lazy\" decoding=\"async\" width=\"799\" height=\"427\" src=\"https:\/\/radiozapatista.org\/wp-content\/uploads\/2023\/05\/portada.jpeg\" class=\"attachment- size-\" alt=\"\" srcset=\"https:\/\/radiozapatista.org\/wp-content\/uploads\/2023\/05\/portada.jpeg 799w, https:\/\/radiozapatista.org\/wp-content\/uploads\/2023\/05\/portada-350x187.jpeg 350w, https:\/\/radiozapatista.org\/wp-content\/uploads\/2023\/05\/portada-768x410.jpeg 768w\" sizes=\"auto, (max-width: 799px) 100vw, 799px\" \/><\/li><li class=\"js_slide\"><img loading=\"lazy\" decoding=\"async\" width=\"1280\" height=\"853\" src=\"https:\/\/radiozapatista.org\/wp-content\/uploads\/2023\/05\/valladolid5.jpeg\" class=\"attachment- size-\" alt=\"\" srcset=\"https:\/\/radiozapatista.org\/wp-content\/uploads\/2023\/05\/valladolid5.jpeg 1280w, https:\/\/radiozapatista.org\/wp-content\/uploads\/2023\/05\/valladolid5-350x233.jpeg 350w, https:\/\/radiozapatista.org\/wp-content\/uploads\/2023\/05\/valladolid5-768x512.jpeg 768w, https:\/\/radiozapatista.org\/wp-content\/uploads\/2023\/05\/valladolid5-1024x682.jpeg 1024w, https:\/\/radiozapatista.org\/wp-content\/uploads\/2023\/05\/valladolid5-700x466.jpeg 700w\" sizes=\"auto, (max-width: 1280px) 100vw, 1280px\" \/><\/li><li class=\"js_slide\"><img loading=\"lazy\" decoding=\"async\" width=\"1280\" height=\"853\" src=\"https:\/\/radiozapatista.org\/wp-content\/uploads\/2023\/05\/valladolid4.jpeg\" class=\"attachment- size-\" alt=\"\" srcset=\"https:\/\/radiozapatista.org\/wp-content\/uploads\/2023\/05\/valladolid4.jpeg 1280w, https:\/\/radiozapatista.org\/wp-content\/uploads\/2023\/05\/valladolid4-350x233.jpeg 350w, https:\/\/radiozapatista.org\/wp-content\/uploads\/2023\/05\/valladolid4-768x512.jpeg 768w, https:\/\/radiozapatista.org\/wp-content\/uploads\/2023\/05\/valladolid4-1024x682.jpeg 1024w, https:\/\/radiozapatista.org\/wp-content\/uploads\/2023\/05\/valladolid4-700x466.jpeg 700w\" sizes=\"auto, (max-width: 1280px) 100vw, 1280px\" \/><\/li><li class=\"js_slide\"><img loading=\"lazy\" decoding=\"async\" width=\"1280\" height=\"853\" src=\"https:\/\/radiozapatista.org\/wp-content\/uploads\/2023\/05\/valladolid3.jpeg\" class=\"attachment- size-\" alt=\"\" srcset=\"https:\/\/radiozapatista.org\/wp-content\/uploads\/2023\/05\/valladolid3.jpeg 1280w, https:\/\/radiozapatista.org\/wp-content\/uploads\/2023\/05\/valladolid3-350x233.jpeg 350w, https:\/\/radiozapatista.org\/wp-content\/uploads\/2023\/05\/valladolid3-768x512.jpeg 768w, https:\/\/radiozapatista.org\/wp-content\/uploads\/2023\/05\/valladolid3-1024x682.jpeg 1024w, https:\/\/radiozapatista.org\/wp-content\/uploads\/2023\/05\/valladolid3-700x466.jpeg 700w\" sizes=\"auto, (max-width: 1280px) 100vw, 1280px\" \/><\/li><li class=\"js_slide\"><img loading=\"lazy\" decoding=\"async\" width=\"1600\" height=\"1066\" src=\"https:\/\/radiozapatista.org\/wp-content\/uploads\/2023\/05\/valladolid2.jpeg\" class=\"attachment- size-\" alt=\"\" srcset=\"https:\/\/radiozapatista.org\/wp-content\/uploads\/2023\/05\/valladolid2.jpeg 1600w, https:\/\/radiozapatista.org\/wp-content\/uploads\/2023\/05\/valladolid2-350x233.jpeg 350w, https:\/\/radiozapatista.org\/wp-content\/uploads\/2023\/05\/valladolid2-768x512.jpeg 768w, https:\/\/radiozapatista.org\/wp-content\/uploads\/2023\/05\/valladolid2-1024x682.jpeg 1024w, https:\/\/radiozapatista.org\/wp-content\/uploads\/2023\/05\/valladolid2-700x466.jpeg 700w\" sizes=\"auto, (max-width: 1600px) 100vw, 1600px\" \/><\/li><li class=\"js_slide\"><img loading=\"lazy\" decoding=\"async\" width=\"1600\" height=\"1066\" src=\"https:\/\/radiozapatista.org\/wp-content\/uploads\/2023\/05\/valladolid1.jpeg\" class=\"attachment- size-\" alt=\"\" srcset=\"https:\/\/radiozapatista.org\/wp-content\/uploads\/2023\/05\/valladolid1.jpeg 1600w, https:\/\/radiozapatista.org\/wp-content\/uploads\/2023\/05\/valladolid1-350x233.jpeg 350w, https:\/\/radiozapatista.org\/wp-content\/uploads\/2023\/05\/valladolid1-768x512.jpeg 768w, https:\/\/radiozapatista.org\/wp-content\/uploads\/2023\/05\/valladolid1-1024x682.jpeg 1024w, https:\/\/radiozapatista.org\/wp-content\/uploads\/2023\/05\/valladolid1-700x466.jpeg 700w\" sizes=\"auto, (max-width: 1600px) 100vw, 1600px\" \/><\/li>\t<\/ul>\n\t                <\/div>\n\t\t\t\t\t<span class=\"js_prev rz_slider_nav\"><svg xmlns='http:\/\/www.w3.org\/2000\/svg' viewBox='0 0 40 70'>\n\t<line x1='37' y1='3' x2='3' y2='36' style='stroke:white;stroke-width:5px' \/>\n\t<line x1='3' y1='34' x2='37' y2='67' style='stroke:white;stroke-width:5px' \/>\n<\/svg><\/span>\n\t\t\t\t\t<span class=\"js_next rz_slider_nav\"><svg xmlns='http:\/\/www.w3.org\/2000\/svg' viewBox='0 0 40 70'>\n\t<line x1='3' y1='3' x2='35' y2='36' style='stroke:white;stroke-width:5px' \/>\n\t<line x1='35' y1='34' x2='3' y2='67' style='stroke:white;stroke-width:5px' \/>\n<\/svg><\/span><\/div><script>\n\t'use strict';\n\n\tif(!window.slideshowCodeAlreadyRun) {\n\t\twindow.slideshowCodeAlreadyRun = true;\n\t\tdocument.addEventListener('DOMContentLoaded', function(){\n\t\t\tvar slidersMarkup = document.querySelectorAll('.js_slider'),\n\t\t\t\tsliders = [];\n\n\t        Array.prototype.slice.call(slidersMarkup).forEach(function (element, index) {\n\t            sliders.push( lory(element, {\n\t\t\t\t    \tinfinite: 1\n\t\t            })\n\t\t\t\t);\n\t\t\t\t\/\/ console.log(sliders);\n\t        });\n\n\t\t\t\/\/ reset sliders. firefox bug?\n\t\t\t\/\/ setTimeout(function () {\n\t\t\t\/\/ \tsliders.forEach(function(slider){\n\t\t\t\/\/ \t\tconsole.log(slider);\n\t\t\t\/\/ \t\tslider.reset(); \n\t\t\t\/\/ \t\t\/\/ slider.slideTo(1);\n\t\t\t\/\/ \t});\n\t\t\t\/\/ }, 100);\n\t\n\t\t}); \n\t}\n\t<\/script><\/p>\n<p><\/p>","protected":false},"excerpt":{"rendered":"<p>Texto: \u00a1El Sur Resiste! Fotos: \u00a1El Sur Resiste!, Juan Valerio, David Munoz, Rosa MX, Gabriela Sanabria, Mitzy Violeta, Observatorio Memoria y Libertad Audios extra\u00eddos de: Video de APIIDTT Edici\u00f3n: Radio Zapatista El d\u00eda 7 de la Caravana El Sur Resiste comienza con un ritual entre todas las personas que la integran; mujeres, j\u00f3venes e infancias, [&hellip;]<\/p>\n","protected":false},"author":1,"featured_media":44881,"comment_status":"open","ping_status":"closed","sticky":false,"template":"","format":"standard","meta":{"footnotes":""},"categories":[1,957,1024,949,958,954,190],"tags":[1288,1409,1408,56,171,567,147,1250],"class_list":["post-44874","post","type-post","status-publish","format-standard","has-post-thumbnail","hentry","category-audio","category-autonomia","category-cni-temas","category-fotorreportaje","category-megaproyectos","category-mexico","category-radiozapatista","tag-4t","tag-caravana","tag-el-sur-resiste","tag-encuentros","tag-medio-ambiente","tag-megaproyectos","tag-militarizacion","tag-tren-maya"],"_links":{"self":[{"href":"https:\/\/radiozapatista.org\/index.php?rest_route=\/wp\/v2\/posts\/44874","targetHints":{"allow":["GET"]}}],"collection":[{"href":"https:\/\/radiozapatista.org\/index.php?rest_route=\/wp\/v2\/posts"}],"about":[{"href":"https:\/\/radiozapatista.org\/index.php?rest_route=\/wp\/v2\/types\/post"}],"author":[{"embeddable":true,"href":"https:\/\/radiozapatista.org\/index.php?rest_route=\/wp\/v2\/users\/1"}],"replies":[{"embeddable":true,"href":"https:\/\/radiozapatista.org\/index.php?rest_route=%2Fwp%2Fv2%2Fcomments&post=44874"}],"version-history":[{"count":3,"href":"https:\/\/radiozapatista.org\/index.php?rest_route=\/wp\/v2\/posts\/44874\/revisions"}],"predecessor-version":[{"id":44898,"href":"https:\/\/radiozapatista.org\/index.php?rest_route=\/wp\/v2\/posts\/44874\/revisions\/44898"}],"wp:featuredmedia":[{"embeddable":true,"href":"https:\/\/radiozapatista.org\/index.php?rest_route=\/wp\/v2\/media\/44881"}],"wp:attachment":[{"href":"https:\/\/radiozapatista.org\/index.php?rest_route=%2Fwp%2Fv2%2Fmedia&parent=44874"}],"wp:term":[{"taxonomy":"category","embeddable":true,"href":"https:\/\/radiozapatista.org\/index.php?rest_route=%2Fwp%2Fv2%2Fcategories&post=44874"},{"taxonomy":"post_tag","embeddable":true,"href":"https:\/\/radiozapatista.org\/index.php?rest_route=%2Fwp%2Fv2%2Ftags&post=44874"}],"curies":[{"name":"wp","href":"https:\/\/api.w.org\/{rel}","templated":true}]}}