{"id":44830,"date":"2023-05-01T09:20:55","date_gmt":"2023-05-01T15:20:55","guid":{"rendered":"https:\/\/radiozapatista.org\/?p=44830"},"modified":"2023-05-01T09:39:22","modified_gmt":"2023-05-01T15:39:22","slug":"caravana-el-sur-resiste-dia-5-villahermosa-desprecio-en-la-tierra-natal-del-presidente","status":"publish","type":"post","link":"https:\/\/radiozapatista.org\/?p=44830","title":{"rendered":"Caravana &#8220;El Sur Resiste&#8221; d\u00eda 5: Villahermosa. Desprecio en la tierra natal del presidente"},"content":{"rendered":"<p>Texto y fotos: <a href=\"https:\/\/www.elsurresiste.org\/es\/posts\/dia-5-villahermosa-y-el-bosque-tabasco-desprecio-en-la-tierra-natal-del-presidente-y\" target=\"_blank\" rel=\"noopener\">El sur resiste<\/a><br \/>\nAudios extra\u00eddos del video de <a href=\"https:\/\/www.facebook.com\/APIIDTT\/videos\/d%C3%ADa-5-caravana-el-sur-resiste-villahermosa-tabasco-elsurresiste\/1936996563325158\/\" target=\"_blank\" rel=\"noopener\">APIIDTT<\/a><br \/>\nEdici\u00f3n de audio y texto: <a href=\"https:\/\/radiozapatista.org\/?page_id=44474\">Radio Zapatista<\/a><\/p>\n<p>La noche del 28 de abril, la Caravana El Sur Resiste fue recibida calurosamente por una iglesia que acompa\u00f1a los procesos organizativos de lucha con los de abajo: la iglesia de la parroquia de San Jos\u00e9, la cual dot\u00f3 a los compa\u00f1eros de un espacio para pernoctar, alimentos y pozol. En la ma\u00f1ana, la Caravana se traslad\u00f3 al centro de Villahermosa, para realizar en encuentro pol\u00edtico cultural con las organizaciones locales.<\/p>\n<p style=\"text-align: center;\"><a href=\"https:\/\/radiozapatista.org\/wp-content\/uploads\/2023\/05\/photo_2023-04-30_09-51-00_0.jpg\"><img loading=\"lazy\" decoding=\"async\" class=\"aligncenter size-large wp-image-44831\" src=\"https:\/\/radiozapatista.org\/wp-content\/uploads\/2023\/05\/photo_2023-04-30_09-51-00_0-1024x682.jpg\" alt=\"\" width=\"1024\" height=\"682\" srcset=\"https:\/\/radiozapatista.org\/wp-content\/uploads\/2023\/05\/photo_2023-04-30_09-51-00_0-1024x682.jpg 1024w, https:\/\/radiozapatista.org\/wp-content\/uploads\/2023\/05\/photo_2023-04-30_09-51-00_0-350x233.jpg 350w, https:\/\/radiozapatista.org\/wp-content\/uploads\/2023\/05\/photo_2023-04-30_09-51-00_0-768x512.jpg 768w, https:\/\/radiozapatista.org\/wp-content\/uploads\/2023\/05\/photo_2023-04-30_09-51-00_0-700x466.jpg 700w, https:\/\/radiozapatista.org\/wp-content\/uploads\/2023\/05\/photo_2023-04-30_09-51-00_0.jpg 1280w\" sizes=\"auto, (max-width: 1024px) 100vw, 1024px\" \/><\/a><\/p>\n<p>Durante el evento, el Comit\u00e9 de Derechos Humanos de Tabasco (CODEHUTAB) contextualiz\u00f3 la situaci\u00f3n local. El nombramiento de Ad\u00e1n Augusto L\u00f3pez Hern\u00e1ndez como gobernador de Tabasco, que promet\u00eda transformar radicalmente la forma de gobernar, fue recibido con optimismo y cont\u00f3 con un amplio apoyo popular. Sin embargo, una vez en el poder abandon\u00f3 los intereses de representaci\u00f3n popular e incluso retrocedi\u00f3 en los derechos de la legislaci\u00f3n local, promoviendo la iniciativa de la Ley Garrote, que permit\u00eda la criminalizaci\u00f3n de la protesta social. Dicha ley se aprob\u00f3 durante el nuevo gobierno, aunque con el apoyo de la CODEHUTAB se logr\u00f3 que la Suprema Corte la invalidara por inconstitucional. Tambi\u00e9n se promovi\u00f3 y aprob\u00f3 la Ley Dedazo, lesiva para los derechos democr\u00e1ticos, que propone sustituir el nombramiento de los delegados municipales de elecci\u00f3n popular para que sean elegidos por el cabildo del ayuntamiento.<\/p>\n<p style=\"text-align: center;\"><a href=\"https:\/\/radiozapatista.org\/wp-content\/uploads\/2023\/05\/photo_2023-04-30_09-51-01.jpg\"><img loading=\"lazy\" decoding=\"async\" class=\"aligncenter size-large wp-image-44832\" src=\"https:\/\/radiozapatista.org\/wp-content\/uploads\/2023\/05\/photo_2023-04-30_09-51-01-1024x682.jpg\" alt=\"\" width=\"1024\" height=\"682\" srcset=\"https:\/\/radiozapatista.org\/wp-content\/uploads\/2023\/05\/photo_2023-04-30_09-51-01-1024x682.jpg 1024w, https:\/\/radiozapatista.org\/wp-content\/uploads\/2023\/05\/photo_2023-04-30_09-51-01-350x233.jpg 350w, https:\/\/radiozapatista.org\/wp-content\/uploads\/2023\/05\/photo_2023-04-30_09-51-01-768x512.jpg 768w, https:\/\/radiozapatista.org\/wp-content\/uploads\/2023\/05\/photo_2023-04-30_09-51-01-700x466.jpg 700w, https:\/\/radiozapatista.org\/wp-content\/uploads\/2023\/05\/photo_2023-04-30_09-51-01.jpg 1280w\" sizes=\"auto, (max-width: 1024px) 100vw, 1024px\" \/><\/a><\/p>\n<p>Los proyectos de hidrocarburos que tanto abundan en esta regi\u00f3n han provocado un severo deterioro de la tierra y de las comunidades campesinas e ind\u00edgenas vinculadas a \u00e9sta, volviendo cada vez m\u00e1s contaminados los suelos y el agua, lo que afecta directamente la agricultura, la ganader\u00eda y la pesca, actividades sustantivas de las comunidades. PEMEX, paraestatal que opera en esta regi\u00f3n, ha contabilizado y hecho p\u00fablico que de 2018 a 2022 han sucedido 84 derrames y 11 fugas, principalmente por problemas de dise\u00f1o y mantenimiento, que deterioran la regi\u00f3n. Con el nuevo proyecto de Dos Bocas en construcci\u00f3n, se presume que se generar\u00e1 a\u00fan m\u00e1s deterioro.<\/p>\n<p>A pesar de este adverso panorama, la organizaci\u00f3n adherente a la Sexta Declaraci\u00f3n de la Selva Lacandona &#8220;Coraz\u00f3n de Piedra Verde&#8221; comparti\u00f3 sus palabras de aliento y fuerza de la defensa territorial, parte inherente a las comunidades ind\u00edgenas que existen a lo largo del Abya Yala. Se salud\u00f3 el esfuerzo de la Caravana por denunciar y evidenciar el v\u00ednculo de los megaproyectos del Tren Maya y el Corredor Interoce\u00e1nico, que buscan asentarse en una de las zonas con mayor cantidad de recursos del pa\u00eds y que el discurso hegem\u00f3nico manipula como un proyecto para los pueblos, cuando es un proyecto de despojo.<\/p>\n<p style=\"text-align: center;\"><a href=\"https:\/\/radiozapatista.org\/wp-content\/uploads\/2023\/05\/photo_2023-04-30_09-51-08.jpg\"><img loading=\"lazy\" decoding=\"async\" class=\"aligncenter size-large wp-image-44833\" src=\"https:\/\/radiozapatista.org\/wp-content\/uploads\/2023\/05\/photo_2023-04-30_09-51-08-1024x682.jpg\" alt=\"\" width=\"1024\" height=\"682\" srcset=\"https:\/\/radiozapatista.org\/wp-content\/uploads\/2023\/05\/photo_2023-04-30_09-51-08-1024x682.jpg 1024w, https:\/\/radiozapatista.org\/wp-content\/uploads\/2023\/05\/photo_2023-04-30_09-51-08-350x233.jpg 350w, https:\/\/radiozapatista.org\/wp-content\/uploads\/2023\/05\/photo_2023-04-30_09-51-08-768x512.jpg 768w, https:\/\/radiozapatista.org\/wp-content\/uploads\/2023\/05\/photo_2023-04-30_09-51-08-700x466.jpg 700w, https:\/\/radiozapatista.org\/wp-content\/uploads\/2023\/05\/photo_2023-04-30_09-51-08.jpg 1280w\" sizes=\"auto, (max-width: 1024px) 100vw, 1024px\" \/><\/a><\/p>\n<p>Se comparti\u00f3 un fragmento de un texto de Alfredo Viterio que reproducimos a continuaci\u00f3n:<\/p>\n<blockquote><p>\u201c<em>Nuestro territorio no es una cosa ni un conjunto de cosas utilizables, explotables, ni tampoco un conjunto de recursos. Nuestro territorio, con sus selvas, sus monta\u00f1as, sus r\u00edos, sus lagunas y humedales, con sus lugares sagrados donde viven los dioses protectores, con sus tierras negras, rojas y arenosas y sus arcillas, es un ente vivo que nos da vida, nos provee agua y aire, nos cuida, nos da alimento y salud, nos da conocimiento y energ\u00eda, nos da generaciones y una historia, un presente y un futuro, nos da identidad y cultura, nos da autonom\u00eda y libertad. Entonces, junto con el territorio est\u00e1 la vida, y junto con la vida est\u00e1 la dignidad, junto al territorio est\u00e1 nuestra autodeterminaci\u00f3n como pueblos<\/em>.\u201d<\/p><\/blockquote>\n<p>As\u00ed se dej\u00f3 en claro que los pueblos siguen recibiendo los embates del gran capital y los enga\u00f1os de los falsos representantes del pueblo que obedecen a intereses particulares, y que la resistencia contra el despojo debe reforzarse, entretejerse y encontrarse para unir esfuerzos por la preservaci\u00f3n de su territorio y por ende de su existencia.<\/p>\n<p>Escucha y\/o descarga los audios del evento:<\/p>\n<div class=\"wp-playlist wp-audio-playlist wp-playlist-light\">\n\t\t\t<div class=\"wp-playlist-current-item\"><\/div>\n\t\t<audio controls=\"controls\" preload=\"none\" width=\"640\"\n\t\t\t><\/audio>\n\t<div class=\"wp-playlist-next\"><\/div>\n\t<div class=\"wp-playlist-prev\"><\/div>\n\t<noscript>\n\t<ol>\n\t\t<li><a href='https:\/\/radiozapatista.org\/wp-content\/uploads\/2023\/05\/villahermosa1.mp3'>CODEHUTAB<\/a><\/li><li><a href='https:\/\/radiozapatista.org\/wp-content\/uploads\/2023\/05\/villahermosa2.mp3'>Parroquia de San Jos\u00e9<\/a><\/li><li><a href='https:\/\/radiozapatista.org\/wp-content\/uploads\/2023\/05\/villahermosa3.mp3'>CNTE<\/a><\/li><li><a href='https:\/\/radiozapatista.org\/wp-content\/uploads\/2023\/05\/villahermosa4.mp3'>Coraz\u00f3n Cultural de Piedra Verde<\/a><\/li><li><a href='https:\/\/radiozapatista.org\/wp-content\/uploads\/2023\/05\/villahermosa5.mp3'>villahermosa5<\/a><\/li><li><a href='https:\/\/radiozapatista.org\/wp-content\/uploads\/2023\/05\/villahermosa6.mp3'>Uni\u00f3n de Tricicleros<\/a><\/li><li><a href='https:\/\/radiozapatista.org\/wp-content\/uploads\/2023\/05\/villahermosa7.mp3'>Fuerza Planetaria<\/a><\/li><li><a href='https:\/\/radiozapatista.org\/wp-content\/uploads\/2023\/05\/villahermosa8.mp3'>Oraci\u00f3n por las mujeres del planeta<\/a><\/li>\t<\/ol>\n\t<\/noscript>\n\t<script type=\"application\/json\" class=\"wp-playlist-script\">{\"type\":\"audio\",\"tracklist\":true,\"tracknumbers\":true,\"images\":true,\"artists\":false,\"tracks\":[{\"src\":\"https:\/\/radiozapatista.org\/wp-content\/uploads\/2023\/05\/villahermosa1.mp3\",\"type\":\"audio\/mpeg\",\"title\":\"CODEHUTAB\",\"caption\":\"Suilma Vel\\u00e1zquez, directora del Comit\\u00e9 de Derechos Humanos de Tabasco (CODEHUTAB)\",\"description\":\"\\\"villahermosa1\\\".\",\"meta\":{\"length_formatted\":\"11:30\"},\"image\":{\"src\":\"https:\/\/radiozapatista.org\/wp-includes\/images\/media\/audio.svg\",\"width\":48,\"height\":64},\"thumb\":{\"src\":\"https:\/\/radiozapatista.org\/wp-includes\/images\/media\/audio.svg\",\"width\":48,\"height\":64}},{\"src\":\"https:\/\/radiozapatista.org\/wp-content\/uploads\/2023\/05\/villahermosa2.mp3\",\"type\":\"audio\/mpeg\",\"title\":\"Parroquia de San Jos\\u00e9\",\"caption\":\"Jos\\u00e9 Su\\u00e1rez Trueva, sacerdote de la parroquia de San Jos\\u00e9\",\"description\":\"\\\"villahermosa2\\\".\",\"meta\":{\"length_formatted\":\"1:43\"},\"image\":{\"src\":\"https:\/\/radiozapatista.org\/wp-includes\/images\/media\/audio.svg\",\"width\":48,\"height\":64},\"thumb\":{\"src\":\"https:\/\/radiozapatista.org\/wp-includes\/images\/media\/audio.svg\",\"width\":48,\"height\":64}},{\"src\":\"https:\/\/radiozapatista.org\/wp-content\/uploads\/2023\/05\/villahermosa3.mp3\",\"type\":\"audio\/mpeg\",\"title\":\"CNTE\",\"caption\":\"Prof. Alberto Barrera Salvador, dirigente de la CNTE\",\"description\":\"\\\"villahermosa3\\\".\",\"meta\":{\"length_formatted\":\"2:34\"},\"image\":{\"src\":\"https:\/\/radiozapatista.org\/wp-includes\/images\/media\/audio.svg\",\"width\":48,\"height\":64},\"thumb\":{\"src\":\"https:\/\/radiozapatista.org\/wp-includes\/images\/media\/audio.svg\",\"width\":48,\"height\":64}},{\"src\":\"https:\/\/radiozapatista.org\/wp-content\/uploads\/2023\/05\/villahermosa4.mp3\",\"type\":\"audio\/mpeg\",\"title\":\"Coraz\\u00f3n Cultural de Piedra Verde\",\"caption\":\"Colectivo Coraz\\u00f3n Cultural de Piedra Verde, Adherente a la Sexta Declaraci\\u00f3n de la Selva Lacandona\",\"description\":\"\\\"villahermosa4\\\".\",\"meta\":{\"length_formatted\":\"8:01\"},\"image\":{\"src\":\"https:\/\/radiozapatista.org\/wp-includes\/images\/media\/audio.svg\",\"width\":48,\"height\":64},\"thumb\":{\"src\":\"https:\/\/radiozapatista.org\/wp-includes\/images\/media\/audio.svg\",\"width\":48,\"height\":64}},{\"src\":\"https:\/\/radiozapatista.org\/wp-content\/uploads\/2023\/05\/villahermosa5.mp3\",\"type\":\"audio\/mpeg\",\"title\":\"villahermosa5\",\"caption\":\"Aurelio Cordero Aquino - Comunidades en defensa del agua de la Zona La Isla\",\"description\":\"\\\"villahermosa5\\\".\",\"meta\":{\"length_formatted\":\"4:10\"},\"image\":{\"src\":\"https:\/\/radiozapatista.org\/wp-includes\/images\/media\/audio.svg\",\"width\":48,\"height\":64},\"thumb\":{\"src\":\"https:\/\/radiozapatista.org\/wp-includes\/images\/media\/audio.svg\",\"width\":48,\"height\":64}},{\"src\":\"https:\/\/radiozapatista.org\/wp-content\/uploads\/2023\/05\/villahermosa6.mp3\",\"type\":\"audio\/mpeg\",\"title\":\"Uni\\u00f3n de Tricicleros\",\"caption\":\"Jos\\u00e9 Alberto Falc\\u00f3n Gonz\\u00e1lez, Uni\\u00f3n de Tricicleros de Macuspana, Tabasco\",\"description\":\"\\\"villahermosa6\\\".\",\"meta\":{\"length_formatted\":\"4:27\"},\"image\":{\"src\":\"https:\/\/radiozapatista.org\/wp-includes\/images\/media\/audio.svg\",\"width\":48,\"height\":64},\"thumb\":{\"src\":\"https:\/\/radiozapatista.org\/wp-includes\/images\/media\/audio.svg\",\"width\":48,\"height\":64}},{\"src\":\"https:\/\/radiozapatista.org\/wp-content\/uploads\/2023\/05\/villahermosa7.mp3\",\"type\":\"audio\/mpeg\",\"title\":\"Fuerza Planetaria\",\"caption\":\"Rosalino Lagunes Hern\\u00e1ndez - Fuerza Planetaria, Macuspana, Tabasco\",\"description\":\"\\\"villahermosa7\\\".\",\"meta\":{\"length_formatted\":\"9:10\"},\"image\":{\"src\":\"https:\/\/radiozapatista.org\/wp-includes\/images\/media\/audio.svg\",\"width\":48,\"height\":64},\"thumb\":{\"src\":\"https:\/\/radiozapatista.org\/wp-includes\/images\/media\/audio.svg\",\"width\":48,\"height\":64}},{\"src\":\"https:\/\/radiozapatista.org\/wp-content\/uploads\/2023\/05\/villahermosa8.mp3\",\"type\":\"audio\/mpeg\",\"title\":\"Oraci\\u00f3n por las mujeres del planeta\",\"caption\":\"Reynalda - poema \\\"Oraci\\u00f3n por las mujeres del planeta\\\"\",\"description\":\"\\\"villahermosa8\\\".\",\"meta\":{\"length_formatted\":\"11:20\"},\"image\":{\"src\":\"https:\/\/radiozapatista.org\/wp-includes\/images\/media\/audio.svg\",\"width\":48,\"height\":64},\"thumb\":{\"src\":\"https:\/\/radiozapatista.org\/wp-includes\/images\/media\/audio.svg\",\"width\":48,\"height\":64}}]}<\/script>\n<\/div>\n\t\n<p>&nbsp;<\/p>","protected":false},"excerpt":{"rendered":"<p>Texto y fotos: El sur resiste Audios extra\u00eddos del video de APIIDTT Edici\u00f3n de audio y texto: Radio Zapatista La noche del 28 de abril, la Caravana El Sur Resiste fue recibida calurosamente por una iglesia que acompa\u00f1a los procesos organizativos de lucha con los de abajo: la iglesia de la parroquia de San Jos\u00e9, [&hellip;]<\/p>\n","protected":false},"author":1,"featured_media":44834,"comment_status":"open","ping_status":"closed","sticky":false,"template":"","format":"standard","meta":{"footnotes":""},"categories":[1,957,1024,958,954,190],"tags":[1409,1408,56,171,567,1178],"class_list":["post-44830","post","type-post","status-publish","format-standard","has-post-thumbnail","hentry","category-audio","category-autonomia","category-cni-temas","category-megaproyectos","category-mexico","category-radiozapatista","tag-caravana","tag-el-sur-resiste","tag-encuentros","tag-medio-ambiente","tag-megaproyectos","tag-tabasco"],"_links":{"self":[{"href":"https:\/\/radiozapatista.org\/index.php?rest_route=\/wp\/v2\/posts\/44830","targetHints":{"allow":["GET"]}}],"collection":[{"href":"https:\/\/radiozapatista.org\/index.php?rest_route=\/wp\/v2\/posts"}],"about":[{"href":"https:\/\/radiozapatista.org\/index.php?rest_route=\/wp\/v2\/types\/post"}],"author":[{"embeddable":true,"href":"https:\/\/radiozapatista.org\/index.php?rest_route=\/wp\/v2\/users\/1"}],"replies":[{"embeddable":true,"href":"https:\/\/radiozapatista.org\/index.php?rest_route=%2Fwp%2Fv2%2Fcomments&post=44830"}],"version-history":[{"count":4,"href":"https:\/\/radiozapatista.org\/index.php?rest_route=\/wp\/v2\/posts\/44830\/revisions"}],"predecessor-version":[{"id":44846,"href":"https:\/\/radiozapatista.org\/index.php?rest_route=\/wp\/v2\/posts\/44830\/revisions\/44846"}],"wp:featuredmedia":[{"embeddable":true,"href":"https:\/\/radiozapatista.org\/index.php?rest_route=\/wp\/v2\/media\/44834"}],"wp:attachment":[{"href":"https:\/\/radiozapatista.org\/index.php?rest_route=%2Fwp%2Fv2%2Fmedia&parent=44830"}],"wp:term":[{"taxonomy":"category","embeddable":true,"href":"https:\/\/radiozapatista.org\/index.php?rest_route=%2Fwp%2Fv2%2Fcategories&post=44830"},{"taxonomy":"post_tag","embeddable":true,"href":"https:\/\/radiozapatista.org\/index.php?rest_route=%2Fwp%2Fv2%2Ftags&post=44830"}],"curies":[{"name":"wp","href":"https:\/\/api.w.org\/{rel}","templated":true}]}}