{"id":44818,"date":"2023-04-30T14:44:46","date_gmt":"2023-04-30T20:44:46","guid":{"rendered":"https:\/\/radiozapatista.org\/?p=44818"},"modified":"2023-04-30T14:44:46","modified_gmt":"2023-04-30T20:44:46","slug":"lo-que-quieren-es-acabar-con-nosotros-con-los-pueblos-indigenas-porque-somos-un-obstaculo-para-esos-proyectos-entrevista","status":"publish","type":"post","link":"https:\/\/radiozapatista.org\/?p=44818","title":{"rendered":"\u201cLo que quieren es acabar con nosotros, con los pueblos ind\u00edgenas, porque somos un obst\u00e1culo para esos proyectos\u201d | ENTREVISTA"},"content":{"rendered":"<p>Por <a href=\"https:\/\/es.mongabay.com\/by\/thelma-gomez-duran\/\" rel=\"tag\" data-wpel-link=\"internal\">Thelma G\u00f3mez Dur\u00e1n<\/a>, <a href=\"https:\/\/es.mongabay.com\/2023\/04\/mexico-lo-que-quieren-es-acabar-con-nosotros-con-los-pueblos-indigenas-porque-somos-un-obstaculo-para-esos-proyectos-entrevista\/\">Mongabay Latam<\/a><\/p>\n<ul>\n<li><em>Para mostrar c\u00f3mo los territorios del sur de M\u00e9xico est\u00e1n siendo \u201cacorralados por megaproyectos\u201d y c\u00f3mo las comunidades resisten al Corredor Interoce\u00e1nico del Istmo de Tehuantepec y al llamado Tren Maya, se realiza la Caravana El Sur Resiste.<\/em><\/li>\n<li><em>Diversas organizaciones sociales, entre ellas el Congreso Nacional Ind\u00edgena (CNI), convocaron a esta Caravana que comenz\u00f3 desde el 25 de abril y recorrer\u00e1 comunidades de siete estados del pa\u00eds. Ser\u00e1 en San Crist\u00f3bal de las Casas, en Chiapas, donde terminar\u00e1 con un Encuentro Internacional los d\u00edas 6 y 7 de mayo.<\/em><\/li>\n<li><em>En entrevista con Mongabay Latam, Bettina Cruz, ind\u00edgena binniz\u00e1 e integrante del Concejo Ind\u00edgena de Gobierno del CNI, remarca que el gobierno de Andr\u00e9s Manuel L\u00f3pez Obrador est\u00e1 dando poder a las fuerzas armadas para imponer proyectos con los que se busca \u201creorganizar el territorio\u201d.<\/em><\/li>\n<\/ul>\n<p>Antes de bajar del autob\u00fas, una mujer de 62 a\u00f1os se prepara. Se coloca un paliacate rojo en el cuello, signo de resistencia, dice. Se pone la m\u00e1scara de jaguar que ella misma elabor\u00f3 y se cubre el cabello con un rebozo de la mixteca oaxaque\u00f1a, la tierra donde nacieron sus padres. As\u00ed es como se suma a la marcha llevando, adem\u00e1s, un cartel en donde se lee: \u201cYo prefiero la selva. \u00a1Territorio, agua y vida!\u201d.<\/p>\n<p>La mujer que porta la m\u00e1scara de jaguar camina junto a integrantes del Concejo Ind\u00edgena de Gobierno del Congreso Nacional Ind\u00edgena (CNI), entre ellas Bettina Cruz, que llegaron hasta el Ejido Progreso, ubicado en la costa de Chiapas, para sumarse a la <strong>Caravana y El Encuentro Internacional El Sur Resiste<\/strong>, que busca mostrar que en M\u00e9xico crece una resistencia en contra de los megaproyectos que impulsa el gobierno de Andr\u00e9s Manuel L\u00f3pez Obrador.<\/p>\n<figure id=\"attachment_242018\" class=\"wp-caption alignnone\"><img loading=\"lazy\" decoding=\"async\" class=\"size-full wp-image-242018\" src=\"https:\/\/imgs.mongabay.com\/wp-content\/uploads\/sites\/25\/2023\/04\/28052900\/Caravana_Dia1_2-scaled.jpg\" sizes=\"auto, (max-width: 2560px) 100vw, 2560px\" srcset=\"https:\/\/imgs.mongabay.com\/wp-content\/uploads\/sites\/25\/2023\/04\/28052900\/Caravana_Dia1_2-scaled.jpg 2560w, https:\/\/imgs.mongabay.com\/wp-content\/uploads\/sites\/25\/2023\/04\/28052900\/Caravana_Dia1_2-768x512.jpg 768w, https:\/\/imgs.mongabay.com\/wp-content\/uploads\/sites\/25\/2023\/04\/28052900\/Caravana_Dia1_2-1200x800.jpg 1200w, https:\/\/imgs.mongabay.com\/wp-content\/uploads\/sites\/25\/2023\/04\/28052900\/Caravana_Dia1_2-1536x1024.jpg 1536w, https:\/\/imgs.mongabay.com\/wp-content\/uploads\/sites\/25\/2023\/04\/28052900\/Caravana_Dia1_2-2048x1365.jpg 2048w, https:\/\/imgs.mongabay.com\/wp-content\/uploads\/sites\/25\/2023\/04\/28052900\/Caravana_Dia1_2-610x407.jpg 610w\" alt=\"Caravana El Sur Resiste\" width=\"2560\" height=\"1707\" \/><figcaption class=\"wp-caption-text\">El 25 de abril comenz\u00f3 la Caravana El Sur Resiste en el Ejido Progreso, en el municipio de Pijijiapan. Foto: Isabel Mateos.<\/figcaption><\/figure>\n<p>Esa ma\u00f1ana del martes 25 de abril, habitantes del Ejido El Progreso y de otras rancher\u00edas del municipio de Pijijiapan tambi\u00e9n se unieron al comienzo de la Caravana, iniciativa que recorrer\u00e1 comunidades de siete estados del pa\u00eds y terminar\u00e1 con <strong>un Encuentro Internacional que se realizar\u00e1 los d\u00edas 6 y 7<\/strong> <strong>de mayo<\/strong> en la ciudad de San Crist\u00f3bal de las Casas, en el estado de Chiapas.<\/p>\n<p>Desde finales del 2022, diversas organizaciones sociales, entre ellas el CNI, convocaron a esta caravana para mostrar c\u00f3mo, a lo largo de todo el sur del pa\u00eds, hay comunidades que se oponen a los dos megaproyectos del actual gobierno.<\/p>\n<p>Uno de ellos es el <strong>Corredor Interoce\u00e1nico del Istmo de Tehuantepec<\/strong>. As\u00ed es como en este sexenio se bautiz\u00f3 a la modernizaci\u00f3n del tren que va de Salina Cruz, en Oaxaca, a Coatzacoalcos, en Veracruz, y a la instalaci\u00f3n de al menos 10 parques industriales a lo largo de toda la ruta. El otro proyecto es <strong>el llamado Tren Maya<\/strong> que, desde 2019, construye el gobierno mexicano en cinco estados del pa\u00eds.<\/p>\n<p><!--more--><\/p>\n<figure id=\"attachment_240892\" class=\"wp-caption alignnone\"><img loading=\"lazy\" decoding=\"async\" class=\"size-full wp-image-240892\" src=\"https:\/\/imgs.mongabay.com\/wp-content\/uploads\/sites\/25\/2023\/03\/15062103\/Tribunal_3-scaled-e1678861953273.jpg\" sizes=\"auto, (max-width: 2560px) 100vw, 2560px\" srcset=\"https:\/\/imgs.mongabay.com\/wp-content\/uploads\/sites\/25\/2023\/03\/15062103\/Tribunal_3-scaled-e1678861953273.jpg 2560w, https:\/\/imgs.mongabay.com\/wp-content\/uploads\/sites\/25\/2023\/03\/15062103\/Tribunal_3-scaled-e1678861953273-768x386.jpg 768w, https:\/\/imgs.mongabay.com\/wp-content\/uploads\/sites\/25\/2023\/03\/15062103\/Tribunal_3-scaled-e1678861953273-1536x772.jpg 1536w, https:\/\/imgs.mongabay.com\/wp-content\/uploads\/sites\/25\/2023\/03\/15062103\/Tribunal_3-scaled-e1678861953273-2048x1029.jpg 2048w, https:\/\/imgs.mongabay.com\/wp-content\/uploads\/sites\/25\/2023\/03\/15062103\/Tribunal_3-scaled-e1678861953273-610x306.jpg 610w\" alt=\"\" width=\"2560\" height=\"1286\" \/><figcaption class=\"wp-caption-text\">Una de las zonas de la Selva Maya en donde se construye el Tramo 5 del llamado Tren Maya. Foto: @CCMSSAC<\/figcaption><\/figure>\n<p>En la Caravana El Sur Resiste no s\u00f3lo participan habitantes de comunidades en donde hay resistencia a estos proyectos. Al llamado del CNI respondieron personas de Quer\u00e9taro, Morelos, Michoac\u00e1n, Guerrero, de otros estados y de otros pa\u00edses como Colombia, Alemania, Italia, Grecia, Espa\u00f1a o Francia.<\/p>\n<p>Para conocer m\u00e1s los motivos que llevaron a la organizaci\u00f3n de la Caravana y el Encuentro Internacional El Sur Resiste, Mongabay Latam convers\u00f3 con <strong>Bettina Cruz, ind\u00edgena binniz\u00e1<\/strong> que, adem\u00e1s es integrante de la Asamblea de Pueblos Ind\u00edgenas del Istmo en Defensa de la Tierra y el Territorio (APIIDTT).<\/p>\n<p>En los sexenios de Felipe Calder\u00f3n y Enrique Pe\u00f1a Nieto, <a href=\"https:\/\/es.mongabay.com\/2021\/11\/mexico-la-defensora-binniza-que-alerto-sobre-la-privatizacion-del-viento\/\" target=\"_blank\" rel=\"noopener\" data-wpel-link=\"internal\">Bettina Cruz<\/a> denunci\u00f3 c\u00f3mo los proyectos e\u00f3licos que se instalaron en el Istmo despojaban de sus tierras a las comunidades ind\u00edgenas. Ahora, en la administraci\u00f3n de Andr\u00e9s Manuel L\u00f3pez Obrador, la defensora ind\u00edgena alza la voz para denunciar c\u00f3mo los territorios ind\u00edgenas del sur del pa\u00eds est\u00e1n siendo \u201cacorralados por megaproyectos\u201d. En el actual gobierno, dice Cruz, los defensores del territorio \u201cnos estamos enfrentando a un presidente que est\u00e1 dando todo el poder a las fuerzas armadas\u201d.<\/p>\n<figure id=\"attachment_242028\" class=\"wp-caption alignnone\"><img loading=\"lazy\" decoding=\"async\" class=\"size-full wp-image-242028\" src=\"https:\/\/imgs.mongabay.com\/wp-content\/uploads\/sites\/25\/2023\/04\/28053208\/Caravana_Dia2_6-scaled.jpg\" sizes=\"auto, (max-width: 2560px) 100vw, 2560px\" srcset=\"https:\/\/imgs.mongabay.com\/wp-content\/uploads\/sites\/25\/2023\/04\/28053208\/Caravana_Dia2_6-scaled.jpg 2560w, https:\/\/imgs.mongabay.com\/wp-content\/uploads\/sites\/25\/2023\/04\/28053208\/Caravana_Dia2_6-768x512.jpg 768w, https:\/\/imgs.mongabay.com\/wp-content\/uploads\/sites\/25\/2023\/04\/28053208\/Caravana_Dia2_6-1200x800.jpg 1200w, https:\/\/imgs.mongabay.com\/wp-content\/uploads\/sites\/25\/2023\/04\/28053208\/Caravana_Dia2_6-1536x1024.jpg 1536w, https:\/\/imgs.mongabay.com\/wp-content\/uploads\/sites\/25\/2023\/04\/28053208\/Caravana_Dia2_6-2048x1365.jpg 2048w, https:\/\/imgs.mongabay.com\/wp-content\/uploads\/sites\/25\/2023\/04\/28053208\/Caravana_Dia2_6-610x407.jpg 610w\" alt=\"Caravana El Sur Resiste\" width=\"2560\" height=\"1707\" \/><figcaption class=\"wp-caption-text\">Durante el segundo d\u00eda de la Caravana, Bettina Cruz y otras mujeres ind\u00edgenas binniz\u00e1 colocaron una ofrenda en el predio El Pitayal, donde el gobierno federal pretende instalar un parque industrial como parte del Corredor Interoce\u00e1nico. Foro: Isabel Mateos.<\/figcaption><\/figure>\n<p><b>\u2014\u00bfPor qu\u00e9 realizar la Caravana El Sur Resiste?\u00a0<\/b><\/p>\n<p>\u2014En este momento se est\u00e1n implementando varios megaproyectos en el sur y sureste de M\u00e9xico, una regi\u00f3n en donde vivimos muchos pueblos originarios. <strong>Tan s\u00f3lo en Oaxaca somos 16 pueblos originarios.<\/strong> Yo, por ejemplo, pertenezco al pueblo binniz\u00e1, pero tambi\u00e9n est\u00e1n los pueblos del sur de Veracruz. Y en el sureste est\u00e1 toda la zona maya. Todos estos pueblos estamos siendo amenazados por estos megaproyectos, porque est\u00e1n ambicionando nuestros territorios que son ricos en agua, en bienes naturales, como el viento que produce energ\u00eda.<\/p>\n<p>Nosotros pensamos que es importante hablar, que se sepa, que se visibilice que cada vez m\u00e1s nuestros territorios est\u00e1n siendo acorralados por estos megaproyectos patriarcales.<\/p>\n<figure id=\"attachment_242023\" class=\"wp-caption alignnone\"><img loading=\"lazy\" decoding=\"async\" class=\"size-full wp-image-242023\" src=\"https:\/\/imgs.mongabay.com\/wp-content\/uploads\/sites\/25\/2023\/04\/28053057\/Caravana_Dia1_3-scaled.jpg\" sizes=\"auto, (max-width: 2560px) 100vw, 2560px\" srcset=\"https:\/\/imgs.mongabay.com\/wp-content\/uploads\/sites\/25\/2023\/04\/28053057\/Caravana_Dia1_3-scaled.jpg 2560w, https:\/\/imgs.mongabay.com\/wp-content\/uploads\/sites\/25\/2023\/04\/28053057\/Caravana_Dia1_3-768x512.jpg 768w, https:\/\/imgs.mongabay.com\/wp-content\/uploads\/sites\/25\/2023\/04\/28053057\/Caravana_Dia1_3-1200x800.jpg 1200w, https:\/\/imgs.mongabay.com\/wp-content\/uploads\/sites\/25\/2023\/04\/28053057\/Caravana_Dia1_3-1536x1024.jpg 1536w, https:\/\/imgs.mongabay.com\/wp-content\/uploads\/sites\/25\/2023\/04\/28053057\/Caravana_Dia1_3-2048x1365.jpg 2048w, https:\/\/imgs.mongabay.com\/wp-content\/uploads\/sites\/25\/2023\/04\/28053057\/Caravana_Dia1_3-610x407.jpg 610w\" alt=\"Caravana El Sur Resiste. \" width=\"2560\" height=\"1707\" \/><figcaption class=\"wp-caption-text\">Marcha con la que comenz\u00f3 la Caravana El Sur Resiste. Foto: Isabel Mateos.<\/figcaption><\/figure>\n<p><b>\u2014En el primer d\u00eda de la caravana usted se\u00f1al\u00f3 que los proyectos que se est\u00e1n instalando en el sur de M\u00e9xico, en realidad, son un solo proyecto.<\/b><\/p>\n<p>\u2014No se trata s\u00f3lo del Corredor Interoce\u00e1nico del Istmo de Tehuantepec, ni del llamado <a href=\"https:\/\/es.mongabay.com\/2023\/03\/tren-maya-amenaza-ecosistemas-comunidades-mexico-entrevista\/\" target=\"_blank\" rel=\"noopener\" data-wpel-link=\"internal\">Tren Maya<\/a>, ni del <a href=\"https:\/\/medioambiente.nexos.com.mx\/el-proyecto-integral-morelos-y-la-devastacion-del-territorio\/\" rel=\"external noopener noreferrer\" data-wpel-link=\"external\">Proyecto Integral Morelos<\/a> (que contempla la construcci\u00f3n de termoel\u00e9ctricas y un gasoducto, el cual se impuls\u00f3 durante el sexenio de Felipe Calder\u00f3n y ha tenido continuidad durante los gobiernos de Enrique Pe\u00f1a Nieto y Andr\u00e9s Manuel L\u00f3pez Obrador); ese es un proyecto energ\u00e9tico muy grande que est\u00e1 en medio del pa\u00eds, que es para dar energ\u00eda a los <i>clusters<\/i> industriales que se piensan ubicar para la manufactura de las mercanc\u00edas que se piensan transportar por el Corredor del Istmo.<\/p>\n<p>En realidad, es un solo proyecto con el que se est\u00e1 queriendo reorganizar este territorio del sur de M\u00e9xico. Se busca que este territorio pueda ser controlado y explotado por empresas ligadas, principalmente, al gobierno estadounidense. Hay muchos intereses multinacionales sobre el sur y sureste mexicano.<\/p>\n<figure id=\"attachment_242024\" class=\"wp-caption alignnone\"><img loading=\"lazy\" decoding=\"async\" class=\"size-full wp-image-242024\" src=\"https:\/\/imgs.mongabay.com\/wp-content\/uploads\/sites\/25\/2023\/04\/28053112\/Caravana_Dia1_4-scaled.jpg\" sizes=\"auto, (max-width: 2560px) 100vw, 2560px\" srcset=\"https:\/\/imgs.mongabay.com\/wp-content\/uploads\/sites\/25\/2023\/04\/28053112\/Caravana_Dia1_4-scaled.jpg 2560w, https:\/\/imgs.mongabay.com\/wp-content\/uploads\/sites\/25\/2023\/04\/28053112\/Caravana_Dia1_4-768x512.jpg 768w, https:\/\/imgs.mongabay.com\/wp-content\/uploads\/sites\/25\/2023\/04\/28053112\/Caravana_Dia1_4-1200x800.jpg 1200w, https:\/\/imgs.mongabay.com\/wp-content\/uploads\/sites\/25\/2023\/04\/28053112\/Caravana_Dia1_4-1536x1024.jpg 1536w, https:\/\/imgs.mongabay.com\/wp-content\/uploads\/sites\/25\/2023\/04\/28053112\/Caravana_Dia1_4-2048x1365.jpg 2048w, https:\/\/imgs.mongabay.com\/wp-content\/uploads\/sites\/25\/2023\/04\/28053112\/Caravana_Dia1_4-610x407.jpg 610w\" alt=\"Caravana El Sur Resiste\" width=\"2560\" height=\"1707\" \/><figcaption class=\"wp-caption-text\">Recibimiento de la caravana en el Ejido Progreso, en el municipio de Pijijiapan, en Chiapas. Foto: Isabel Mateos.<\/figcaption><\/figure>\n<p><b>\u2014Durante los primeros d\u00edas de la caravana tambi\u00e9n han se\u00f1alado que a la par de la construcci\u00f3n de los megaproyectos hay una militarizaci\u00f3n de los territorios.<\/b><\/p>\n<p>\u2014El gobierno est\u00e1 poniendo a las fuerzas armadas para controlar el territorio. Por ejemplo, el proyecto del Corredor Interoce\u00e1nico lo tiene controlado la Secretar\u00eda de Marina. El llamado Tren Maya est\u00e1 controlado por la Secretar\u00eda de la Defensa Nacional. Es como si fuera un gobierno militar, porque <strong>nuestros territorios est\u00e1n siendo controlados por los militares<\/strong> y si nosotros nos oponemos, nos enfrentamos a ellos de manera directa.<\/p>\n<p>La gente tiene que saber todo esto, tiene que saber lo que vamos a perder. Si ahorita hay problemas de agua en algunos lugares, al rato todos vamos a tener problemas de agua.<\/p>\n<p>Nosotros estamos resistiendo desde hace mucho, ahora nos estamos organizando. Estamos tratando de construir redes, lazos para unir a todas las luchas por muy peque\u00f1as que sean. Estando juntos nos hacemos grandes y nos protegemos. De eso se trata la caravana y no s\u00f3lo es por el sur y sureste de M\u00e9xico. Esta es una lucha global.<\/p>\n<figure id=\"attachment_242025\" class=\"wp-caption alignnone\"><img loading=\"lazy\" decoding=\"async\" class=\"size-full wp-image-242025\" src=\"https:\/\/imgs.mongabay.com\/wp-content\/uploads\/sites\/25\/2023\/04\/28053125\/Caravana_dia2_1-1-scaled.jpg\" sizes=\"auto, (max-width: 2560px) 100vw, 2560px\" srcset=\"https:\/\/imgs.mongabay.com\/wp-content\/uploads\/sites\/25\/2023\/04\/28053125\/Caravana_dia2_1-1-scaled.jpg 2560w, https:\/\/imgs.mongabay.com\/wp-content\/uploads\/sites\/25\/2023\/04\/28053125\/Caravana_dia2_1-1-768x512.jpg 768w, https:\/\/imgs.mongabay.com\/wp-content\/uploads\/sites\/25\/2023\/04\/28053125\/Caravana_dia2_1-1-1200x800.jpg 1200w, https:\/\/imgs.mongabay.com\/wp-content\/uploads\/sites\/25\/2023\/04\/28053125\/Caravana_dia2_1-1-1536x1024.jpg 1536w, https:\/\/imgs.mongabay.com\/wp-content\/uploads\/sites\/25\/2023\/04\/28053125\/Caravana_dia2_1-1-2048x1365.jpg 2048w, https:\/\/imgs.mongabay.com\/wp-content\/uploads\/sites\/25\/2023\/04\/28053125\/Caravana_dia2_1-1-610x407.jpg 610w\" alt=\"Caravana El Sur Resiste\" width=\"2560\" height=\"1707\" \/><figcaption class=\"wp-caption-text\">En Puente Madera, Oaxaca, la comunidad recibi\u00f3 a la Caravana El Sur Resiste con antorchas. Foto: Isabel Mateos.<\/figcaption><\/figure>\n<p><b>\u2014\u00bfCon el Corredor Interoce\u00e1nico del Istmo de Tehuantepec se revive el Plan Puebla Panam\u00e1 que, en su momento, busc\u00f3 realizar el gobierno panista de Vicente Fox?\u00a0\u00a0<\/b><\/p>\n<p>\u2014Este proyecto ha tenido muchos nombres: Proyecto Mesoamericano, Plan Puebla Panam\u00e1, Zonas Econ\u00f3micas Especiales (como se llam\u00f3 durante el sexenio de Enrique Pe\u00f1a Nieto) y ahora es el Corredor Interoce\u00e1nico del Istmo de Tehuantepec.<\/p>\n<p>La geograf\u00eda del Istmo permite articular dos oc\u00e9anos, es por eso que ese proyecto siempre ha estado latente en la mente de ellos, ya sean gobiernos panistas, pri\u00edstas y, en este momento, morenistas. <strong>Todos han tratado de eternizarse con este proyecto a costa de los pueblos que vivimos aqu\u00ed.<\/strong> Y vale decir que ninguno de esos gobiernos nos ha representado.<\/p>\n<p>Los pueblos originarios siempre hemos estado excluidos, a pesar de que esta es nuestra tierra. <strong>El gobierno nos arrebata nuestra tierra usando la Constituci\u00f3n <\/strong>al decir que \u201ces propiedad de la naci\u00f3n\u201d, pero esta es la tierra de nuestros pueblos originarios.<\/p>\n<p>La Constituci\u00f3n, por ejemplo, reconoce que somos un pa\u00eds multicultural, pero no reconoce que estas son nuestras tierras, nuestro territorio; no reconoce que son nuestras costumbres, nuestra forma de gobierno, que somos los due\u00f1os y que tenemos todo el derecho a defenderlo.<\/p>\n<figure id=\"attachment_242021\" class=\"wp-caption alignnone\"><img loading=\"lazy\" decoding=\"async\" class=\"size-full wp-image-242021\" src=\"https:\/\/imgs.mongabay.com\/wp-content\/uploads\/sites\/25\/2023\/04\/28052937\/Caravana_Dia2_4-scaled.jpg\" sizes=\"auto, (max-width: 2560px) 100vw, 2560px\" srcset=\"https:\/\/imgs.mongabay.com\/wp-content\/uploads\/sites\/25\/2023\/04\/28052937\/Caravana_Dia2_4-scaled.jpg 2560w, https:\/\/imgs.mongabay.com\/wp-content\/uploads\/sites\/25\/2023\/04\/28052937\/Caravana_Dia2_4-768x512.jpg 768w, https:\/\/imgs.mongabay.com\/wp-content\/uploads\/sites\/25\/2023\/04\/28052937\/Caravana_Dia2_4-1200x800.jpg 1200w, https:\/\/imgs.mongabay.com\/wp-content\/uploads\/sites\/25\/2023\/04\/28052937\/Caravana_Dia2_4-1536x1024.jpg 1536w, https:\/\/imgs.mongabay.com\/wp-content\/uploads\/sites\/25\/2023\/04\/28052937\/Caravana_Dia2_4-2048x1365.jpg 2048w, https:\/\/imgs.mongabay.com\/wp-content\/uploads\/sites\/25\/2023\/04\/28052937\/Caravana_Dia2_4-610x407.jpg 610w\" alt=\"Caravana El Sur Resiste\" width=\"2560\" height=\"1707\" \/><figcaption class=\"wp-caption-text\">Puente Madera se opone al Corredor Interoce\u00e1nico, porque el proyecto pretende instalar un parque industrial en sus terrenos comunales. Foto: Isabel Mateos.<\/figcaption><\/figure>\n<p><b>\u2014\u00bfCu\u00e1les son los riesgos que ustedes miran con el Corredor Interoce\u00e1nico del Istmo de Tehuantepec?<\/b><\/p>\n<p>\u2014El gobierno mexicano est\u00e1 postrado ante las empresas y los gobiernos de Estados Unidos y China. Quiere apropiarse de los bienes naturales que tenemos en el sur y sureste; de selvas que a\u00fan est\u00e1n vivas. Pretenden tener el control del Istmo de Tehuantepec para movilizar sus mercanc\u00edas.<\/p>\n<p>Nos quieren como mano de obra barata. <strong>S\u00f3lo quieren comercializar nuestros bienes naturales y culturales<\/strong>. Esta caravana es para visibilizar eso, visibilizar que los pueblos no vamos a aguantar la imposici\u00f3n. Estamos en la resistencia y la rebeld\u00eda. Y por eso estamos construyendo proyectos aut\u00f3nomos en los territorios.<\/p>\n<figure id=\"attachment_242017\" class=\"wp-caption alignnone\"><img loading=\"lazy\" decoding=\"async\" class=\"size-full wp-image-242017\" src=\"https:\/\/imgs.mongabay.com\/wp-content\/uploads\/sites\/25\/2023\/04\/28052847\/Caravana_Dia2_2-scaled.jpg\" sizes=\"auto, (max-width: 2560px) 100vw, 2560px\" srcset=\"https:\/\/imgs.mongabay.com\/wp-content\/uploads\/sites\/25\/2023\/04\/28052847\/Caravana_Dia2_2-scaled.jpg 2560w, https:\/\/imgs.mongabay.com\/wp-content\/uploads\/sites\/25\/2023\/04\/28052847\/Caravana_Dia2_2-768x512.jpg 768w, https:\/\/imgs.mongabay.com\/wp-content\/uploads\/sites\/25\/2023\/04\/28052847\/Caravana_Dia2_2-1200x800.jpg 1200w, https:\/\/imgs.mongabay.com\/wp-content\/uploads\/sites\/25\/2023\/04\/28052847\/Caravana_Dia2_2-1536x1024.jpg 1536w, https:\/\/imgs.mongabay.com\/wp-content\/uploads\/sites\/25\/2023\/04\/28052847\/Caravana_Dia2_2-2048x1365.jpg 2048w, https:\/\/imgs.mongabay.com\/wp-content\/uploads\/sites\/25\/2023\/04\/28052847\/Caravana_Dia2_2-610x407.jpg 610w\" alt=\"Caravana El Sur Resiste\" width=\"2560\" height=\"1707\" \/><figcaption class=\"wp-caption-text\">Mujeres de Puente Madera recibiendo a la caravana. Foto: Isabel Mateos<\/figcaption><\/figure>\n<p><b>\u2014Cuando comenz\u00f3 la instalaci\u00f3n de los parques e\u00f3licos en el Istmo, ustedes fueron de los primeros en <\/b><a href=\"https:\/\/es.mongabay.com\/2021\/11\/mexico-la-defensora-binniza-que-alerto-sobre-la-privatizacion-del-viento\/\" data-wpel-link=\"internal\"><b>alertar<\/b><\/a><b> sobre los riesgos que traen algunas de las llamadas energ\u00edas \u201cverdes\u201d. Ahora, \u00bfcu\u00e1l es su reflexi\u00f3n sobre eso que entonces denunciaron?<\/b><\/p>\n<p>\u2014Es importante esto que nosotros hemos denunciado. Cuando lo hac\u00edamos, dec\u00edan que \u00e9ramos unos retr\u00f3gradas, que no quer\u00edamos aportar para la mitigaci\u00f3n del cambio clim\u00e1tico, pero ahorita esa misma gente se est\u00e1 dando cuenta de que todo eso es un negocio de las mismas empresas. <strong>Ellos provocaron el calentamiento global y ahora ellos dicen que nos est\u00e1n dando la soluci\u00f3n.<\/strong><\/p>\n<p>Creo que ya hay una visi\u00f3n m\u00e1s cr\u00edtica en el mundo de que no todo lo que las empresas pinten de verde realmente es verde. Como ahora est\u00e1 planteada la energ\u00eda renovable s\u00f3lo est\u00e1 sirviendo para llenar m\u00e1s los bolsillos de las empresas que son productoras de energ\u00eda y que han da\u00f1ado al mundo. Creo que ya hay una visi\u00f3n m\u00e1s cr\u00edtica. As\u00ed que ha sido importante esa lucha que hemos dado.<\/p>\n<figure id=\"attachment_230035\" class=\"wp-caption alignnone\"><img loading=\"lazy\" decoding=\"async\" class=\"size-full wp-image-230035\" src=\"https:\/\/imgs.mongabay.com\/wp-content\/uploads\/sites\/25\/2021\/11\/21173512\/Foto-3_Eolicos_Foto_Francisco-Ramos-scaled.jpg\" sizes=\"auto, (max-width: 2560px) 100vw, 2560px\" srcset=\"https:\/\/imgs.mongabay.com\/wp-content\/uploads\/sites\/25\/2021\/11\/21173512\/Foto-3_Eolicos_Foto_Francisco-Ramos-scaled.jpg 2560w, https:\/\/imgs.mongabay.com\/wp-content\/uploads\/sites\/25\/2021\/11\/21173512\/Foto-3_Eolicos_Foto_Francisco-Ramos-768x512.jpg 768w, https:\/\/imgs.mongabay.com\/wp-content\/uploads\/sites\/25\/2021\/11\/21173512\/Foto-3_Eolicos_Foto_Francisco-Ramos-1200x800.jpg 1200w, https:\/\/imgs.mongabay.com\/wp-content\/uploads\/sites\/25\/2021\/11\/21173512\/Foto-3_Eolicos_Foto_Francisco-Ramos-1536x1024.jpg 1536w, https:\/\/imgs.mongabay.com\/wp-content\/uploads\/sites\/25\/2021\/11\/21173512\/Foto-3_Eolicos_Foto_Francisco-Ramos-2048x1365.jpg 2048w, https:\/\/imgs.mongabay.com\/wp-content\/uploads\/sites\/25\/2021\/11\/21173512\/Foto-3_Eolicos_Foto_Francisco-Ramos-610x407.jpg 610w\" alt=\"\" width=\"2560\" height=\"1707\" \/><figcaption class=\"wp-caption-text\">En el Istmo ya hay m\u00e1s de 2 000 aerogeneradores. Foto: Francisco Ramos.<\/figcaption><\/figure>\n<p><b>\u2014Durante la caravana, comunidades han denunciado las altas tarifas de electricidad. En el territorio donde se produce luz, la poblaci\u00f3n debe lidiar con altas tarifas a la energ\u00eda el\u00e9ctrica. Qu\u00e9 paradoja, \u00bfno?<\/b><\/p>\n<p>\u2014S\u00ed, porque el megaproyecto e\u00f3lico no es para nosotros, es para las empresas; no es para los pueblos.<\/p>\n<p><b>\u2014Su lucha contra los parques e\u00f3licos la hicieron cuando gobernaba el PAN y el PRI. Ahora, \u00bfc\u00f3mo ha sido ser defensor del ambiente y el territorio en el gobierno de Andr\u00e9s Manuel L\u00f3pez Obrador?<\/b><\/p>\n<p>\u2014Ahora es m\u00e1s dif\u00edcil. Un compa\u00f1ero lo dijo muy bien: \u201cCuando estaban los otros gobiernos, por lo menos dialogaban con nosotros\u201d. <strong>Este gobierno no dialoga, al contrario, nos ataca<\/strong>, nos ha llamado conservadores, nos ha llamado corruptos, nos ha llamado chantajistas. Nos ha dicho que nosotros no tenemos el valor moral para poder llevar esta lucha.<\/p>\n<p>Ser defensor del territorio ha sido mucho m\u00e1s dif\u00edcil en este gobierno. Este gobierno se ha caracterizado por denostar a los defensores, por decir que es \u00e9l la \u00fanica persona que puede decir cu\u00e1l es la soluci\u00f3n. Y eso no es cierto. Nosotros nos estamos enfrentando a un presidente que est\u00e1 dando todo el poder a las fuerzas armadas.<\/p>\n<figure id=\"attachment_242042\" class=\"wp-caption alignnone\"><img loading=\"lazy\" decoding=\"async\" class=\"size-full wp-image-242042\" src=\"https:\/\/imgs.mongabay.com\/wp-content\/uploads\/sites\/25\/2023\/04\/29041152\/PHOTO-2023-04-28-11-53-13.jpg\" sizes=\"auto, (max-width: 1600px) 100vw, 1600px\" srcset=\"https:\/\/imgs.mongabay.com\/wp-content\/uploads\/sites\/25\/2023\/04\/29041152\/PHOTO-2023-04-28-11-53-13.jpg 1600w, https:\/\/imgs.mongabay.com\/wp-content\/uploads\/sites\/25\/2023\/04\/29041152\/PHOTO-2023-04-28-11-53-13-768x512.jpg 768w, https:\/\/imgs.mongabay.com\/wp-content\/uploads\/sites\/25\/2023\/04\/29041152\/PHOTO-2023-04-28-11-53-13-1200x800.jpg 1200w, https:\/\/imgs.mongabay.com\/wp-content\/uploads\/sites\/25\/2023\/04\/29041152\/PHOTO-2023-04-28-11-53-13-1536x1023.jpg 1536w, https:\/\/imgs.mongabay.com\/wp-content\/uploads\/sites\/25\/2023\/04\/29041152\/PHOTO-2023-04-28-11-53-13-610x406.jpg 610w\" alt=\"Caravana El Sur Resiste\" width=\"1600\" height=\"1066\" \/><figcaption class=\"wp-caption-text\">En su tercer d\u00eda de recorrido, la Caravana lleg\u00f3 a Mogo\u00f1\u00e9 Viejo, donde los pobladores se oponen al Corredor Interoce\u00e1nico. Foto: Isabel Mateos.<\/figcaption><\/figure>\n<p><b>\u2014\u00bfC\u00f3mo los megaproyectos han transformado al Istmo de Tehuantepec?<\/b><\/p>\n<p>\u2014Nuestro territorio tiene cicatrices de todos los proyectos. Todos los canales de riego son las cicatrices que quedaron del proyecto de la presa Benito Ju\u00e1rez que prometi\u00f3 regar m\u00e1s de 50 000 hect\u00e1reas y que dif\u00edcilmente riega 10 000 hect\u00e1reas. Tambi\u00e9n est\u00e1 la refiner\u00eda que en su momento dio mucho empleo a la gente que estaba construyendo, pero despu\u00e9s ya no. La gente dej\u00f3 la tierra, se desplaz\u00f3 de sus comunidades y dej\u00f3 esa vida que ten\u00eda. El proyecto e\u00f3lico es lo mismo. <strong>La gente que permiti\u00f3 que se partieran y fragmentara su tierra ya no puede sembrar<\/strong>, tiene que buscar otro empleo e irse. Eso es lo que est\u00e1 pasando.<\/p>\n<p>La intervenci\u00f3n de las empresas en comunidades ind\u00edgenas, como las nuestras, vulnera nuestro tejido social, lo rompe, porque entran con pr\u00e1cticas muy corruptas. Y porque tambi\u00e9n hay una situaci\u00f3n de contexto que es el empobrecimiento deliberado de nuestros territorios que han hecho los gobiernos. <strong>No es que seamos pobres, nos han empobrecido.<\/strong> No es que seamos vulnerables, hemos sido vulnerados por todas estas pol\u00edticas y por todas estas pr\u00e1cticas violentas contra nuestra vida y nuestra cosmovisi\u00f3n.<\/p>\n<p>Ahorita, lo que est\u00e1n haciendo aqu\u00ed es entrar con la delincuencia organizada. Lo que quieren es acabar con nosotros, con los pueblos ind\u00edgenas, porque somos un obst\u00e1culo para esos proyectos. Somos un estorbo para sus planes.<\/p>\n<figure id=\"attachment_242019\" class=\"wp-caption alignnone\"><img loading=\"lazy\" decoding=\"async\" class=\"size-full wp-image-242019\" src=\"https:\/\/imgs.mongabay.com\/wp-content\/uploads\/sites\/25\/2023\/04\/28052912\/Caravana_Dia2_9-scaled.jpg\" sizes=\"auto, (max-width: 2560px) 100vw, 2560px\" srcset=\"https:\/\/imgs.mongabay.com\/wp-content\/uploads\/sites\/25\/2023\/04\/28052912\/Caravana_Dia2_9-scaled.jpg 2560w, https:\/\/imgs.mongabay.com\/wp-content\/uploads\/sites\/25\/2023\/04\/28052912\/Caravana_Dia2_9-768x512.jpg 768w, https:\/\/imgs.mongabay.com\/wp-content\/uploads\/sites\/25\/2023\/04\/28052912\/Caravana_Dia2_9-1200x800.jpg 1200w, https:\/\/imgs.mongabay.com\/wp-content\/uploads\/sites\/25\/2023\/04\/28052912\/Caravana_Dia2_9-1536x1024.jpg 1536w, https:\/\/imgs.mongabay.com\/wp-content\/uploads\/sites\/25\/2023\/04\/28052912\/Caravana_Dia2_9-2048x1365.jpg 2048w, https:\/\/imgs.mongabay.com\/wp-content\/uploads\/sites\/25\/2023\/04\/28052912\/Caravana_Dia2_9-610x407.jpg 610w\" alt=\"Caravana El Sur Resiste\" width=\"2560\" height=\"1707\" \/><figcaption class=\"wp-caption-text\">En el foro que se realiz\u00f3 en Puente Madera se exhibieron mapas que muestran los megaproyectos que el gobierno federal busca instalar en el Istmo. Foto: Isabel Mateos<\/figcaption><\/figure>\n<p><b>\u2014La caravana tambi\u00e9n visit\u00f3 la comunidad de El Bosque, en Tabasco, un poblado que ya padece los efectos de la elevaci\u00f3n del nivel del mar\u2026\u00a0<\/b><\/p>\n<p>\u2014A la comunidad El Bosque se lleg\u00f3 para apoyar su lucha y mostrar las consecuencias que est\u00e1n teniendo todos esos megaproyectos que quieren hacer en nuestros territorios.<\/p>\n<p>Esa comunidad es una prueba clara de que megaproyectos, como el Corredor o el llamado Tren Maya, a nosotros no nos sirven, a los territorios no les sirven. Les sirven a los gobiernos, les sirven a las empresas para acumular m\u00e1s dinero.<\/p>\n<p>\u00bfQu\u00e9 est\u00e1n planteando estos megaproyectos? Seguir con la explotaci\u00f3n de la naturaleza, de la tierra, del agua, de todo. Y eso est\u00e1 provocando una mayor profundizaci\u00f3n del cambio clim\u00e1tico. \u00bfQui\u00e9nes lo va a sufrir?\u00a0 Las poblaciones que han sido vulneradas y empobrecidas.<\/p>\n<p>Iremos a El Bosque e iremos a todos aquellos lugares en donde sea necesario articular, escucharnos, hablar y luchar juntos. Nosotros lo que estamos defendiendo es la vida.<\/p>\n<figure id=\"attachment_242048\" class=\"wp-caption alignnone\"><img loading=\"lazy\" decoding=\"async\" class=\"size-full wp-image-242048\" src=\"https:\/\/imgs.mongabay.com\/wp-content\/uploads\/sites\/25\/2023\/04\/30073951\/ElBosque.jpg\" sizes=\"auto, (max-width: 2304px) 100vw, 2304px\" srcset=\"https:\/\/imgs.mongabay.com\/wp-content\/uploads\/sites\/25\/2023\/04\/30073951\/ElBosque.jpg 2304w, https:\/\/imgs.mongabay.com\/wp-content\/uploads\/sites\/25\/2023\/04\/30073951\/ElBosque-768x512.jpg 768w, https:\/\/imgs.mongabay.com\/wp-content\/uploads\/sites\/25\/2023\/04\/30073951\/ElBosque-1200x800.jpg 1200w, https:\/\/imgs.mongabay.com\/wp-content\/uploads\/sites\/25\/2023\/04\/30073951\/ElBosque-1536x1024.jpg 1536w, https:\/\/imgs.mongabay.com\/wp-content\/uploads\/sites\/25\/2023\/04\/30073951\/ElBosque-2048x1365.jpg 2048w, https:\/\/imgs.mongabay.com\/wp-content\/uploads\/sites\/25\/2023\/04\/30073951\/ElBosque-610x407.jpg 610w\" alt=\"Caravana El Sur Resiste\" width=\"2304\" height=\"1536\" \/><figcaption class=\"wp-caption-text\">En El Bosque,Tabasco, el aumento del nivel del mar ha dejado sin casa a varias familias. Foto: Isabel Mateos<\/figcaption><\/figure>\n<p><b>\u2014La Caravana terminar\u00e1 en San Crist\u00f3bal, Chiapas, con el Encuentro Internacional. \u00bfCu\u00e1les son los objetivos de ese encuentro?<\/b><\/p>\n<p>\u2014Vamos a ver cu\u00e1les son los puntos en com\u00fan entre un lugar a otro. C\u00f3mo nos articularnos, ver c\u00f3mo podemos accionar de manera conjunta, ver c\u00f3mo podemos llegar con otros compa\u00f1eros a esos lugares en donde est\u00e1n las empresas. Tenemos que cuidarnos y caminar juntos, que los ecos de la lucha, por muy peque\u00f1a que sea, se oigan en todos lados.<\/p>\n<p><b>\u2014La resistencia en contra del Corredor Interoce\u00e1nico y el llamado Tren Maya, \u00bfes tambi\u00e9n una lucha contra el capitalismo, contra todo un modelo econ\u00f3mico?<\/b><\/p>\n<p>\u2014S\u00ed, contra un modelo econ\u00f3mico que nos ha quedado a deber el bienestar, una vida buena. Hay cosas para los ricos, pero para nosotros, para el pueblo, no las hay. Ese sistema corporativo, capitalista, patriarcal nos debe todo. Este modelo no es la opci\u00f3n, tenemos que derrumbarlo. Y hacerlo as\u00ed, junt\u00e1ndonos y cada quien, desde su espacio, transformando lo que tiene que transformar.<\/p>\n<figure id=\"attachment_242044\" class=\"wp-caption alignnone\"><img loading=\"lazy\" decoding=\"async\" class=\"size-full wp-image-242044\" src=\"https:\/\/imgs.mongabay.com\/wp-content\/uploads\/sites\/25\/2023\/04\/29052828\/image00005.jpeg\" sizes=\"auto, (max-width: 2304px) 100vw, 2304px\" srcset=\"https:\/\/imgs.mongabay.com\/wp-content\/uploads\/sites\/25\/2023\/04\/29052828\/image00005.jpeg 2304w, https:\/\/imgs.mongabay.com\/wp-content\/uploads\/sites\/25\/2023\/04\/29052828\/image00005-768x512.jpeg 768w, https:\/\/imgs.mongabay.com\/wp-content\/uploads\/sites\/25\/2023\/04\/29052828\/image00005-1200x800.jpeg 1200w, https:\/\/imgs.mongabay.com\/wp-content\/uploads\/sites\/25\/2023\/04\/29052828\/image00005-1536x1024.jpeg 1536w, https:\/\/imgs.mongabay.com\/wp-content\/uploads\/sites\/25\/2023\/04\/29052828\/image00005-2048x1365.jpeg 2048w, https:\/\/imgs.mongabay.com\/wp-content\/uploads\/sites\/25\/2023\/04\/29052828\/image00005-610x407.jpeg 610w\" alt=\"Caravana El Sur Resiste\" width=\"2304\" height=\"1536\" \/><figcaption class=\"wp-caption-text\">Paso de la Caravana El Sur Resiste por Oteapan, Veracruz. Foto: Isabel Mateos<\/figcaption><\/figure>\n<p><b>\u2014En enero de 2024 se cumplen 30 a\u00f1os del levantamiento zapatista, \u00bfcu\u00e1les resaltar\u00eda como las principales ense\u00f1anzas de estas tres d\u00e9cadas?<\/b><\/p>\n<p>\u2014El levantamiento zapatista fue un parteaguas para la lucha de los pueblos originarios. Uno de los mayores aportes es que nosotros, como pueblos originarios, podamos levantarnos, alzar nuestra voz y decir esto somos y vamos a defender nuestro territorio.<\/p>\n<p><em><strong>*Imagen de portada:<\/strong> Bettina Cruz habla durante el foro que se realiz\u00f3 en Puente Madera, Oaxaca, durante el segundo d\u00eda de la Caravana El Sur Resiste. Foto: Isabel Mateos<\/em><\/p>","protected":false},"excerpt":{"rendered":"<p>Por Thelma G\u00f3mez Dur\u00e1n, Mongabay Latam Para mostrar c\u00f3mo los territorios del sur de M\u00e9xico est\u00e1n siendo \u201cacorralados por megaproyectos\u201d y c\u00f3mo las comunidades resisten al Corredor Interoce\u00e1nico del Istmo de Tehuantepec y al llamado Tren Maya, se realiza la Caravana El Sur Resiste. Diversas organizaciones sociales, entre ellas el Congreso Nacional Ind\u00edgena (CNI), convocaron [&hellip;]<\/p>\n","protected":false},"author":1,"featured_media":44819,"comment_status":"open","ping_status":"closed","sticky":false,"template":"","format":"standard","meta":{"footnotes":""},"categories":[957,1024,826,958,954,961],"tags":[1288,1408,655,567,147,918,148],"class_list":["post-44818","post","type-post","status-publish","format-standard","has-post-thumbnail","hentry","category-autonomia","category-cni-temas","category-medios-libres-2","category-megaproyectos","category-mexico","category-mujeres","tag-4t","tag-el-sur-resiste","tag-istmo","tag-megaproyectos","tag-militarizacion","tag-oaxaca","tag-resistencia"],"_links":{"self":[{"href":"https:\/\/radiozapatista.org\/index.php?rest_route=\/wp\/v2\/posts\/44818","targetHints":{"allow":["GET"]}}],"collection":[{"href":"https:\/\/radiozapatista.org\/index.php?rest_route=\/wp\/v2\/posts"}],"about":[{"href":"https:\/\/radiozapatista.org\/index.php?rest_route=\/wp\/v2\/types\/post"}],"author":[{"embeddable":true,"href":"https:\/\/radiozapatista.org\/index.php?rest_route=\/wp\/v2\/users\/1"}],"replies":[{"embeddable":true,"href":"https:\/\/radiozapatista.org\/index.php?rest_route=%2Fwp%2Fv2%2Fcomments&post=44818"}],"version-history":[{"count":1,"href":"https:\/\/radiozapatista.org\/index.php?rest_route=\/wp\/v2\/posts\/44818\/revisions"}],"predecessor-version":[{"id":44820,"href":"https:\/\/radiozapatista.org\/index.php?rest_route=\/wp\/v2\/posts\/44818\/revisions\/44820"}],"wp:featuredmedia":[{"embeddable":true,"href":"https:\/\/radiozapatista.org\/index.php?rest_route=\/wp\/v2\/media\/44819"}],"wp:attachment":[{"href":"https:\/\/radiozapatista.org\/index.php?rest_route=%2Fwp%2Fv2%2Fmedia&parent=44818"}],"wp:term":[{"taxonomy":"category","embeddable":true,"href":"https:\/\/radiozapatista.org\/index.php?rest_route=%2Fwp%2Fv2%2Fcategories&post=44818"},{"taxonomy":"post_tag","embeddable":true,"href":"https:\/\/radiozapatista.org\/index.php?rest_route=%2Fwp%2Fv2%2Ftags&post=44818"}],"curies":[{"name":"wp","href":"https:\/\/api.w.org\/{rel}","templated":true}]}}