{"id":44799,"date":"2023-04-30T08:53:02","date_gmt":"2023-04-30T14:53:02","guid":{"rendered":"https:\/\/radiozapatista.org\/?p=44799"},"modified":"2023-04-30T09:13:17","modified_gmt":"2023-04-30T15:13:17","slug":"caravana-el-sur-resiste-dia-5-la-comunidad-del-bosque-devorada-por-el-calentamiento-global","status":"publish","type":"post","link":"https:\/\/radiozapatista.org\/?p=44799","title":{"rendered":"Caravana &#8220;El Sur Resiste&#8221; d\u00eda 5: La Comunidad de El Bosque devorada por el calentamiento global"},"content":{"rendered":"<p><\/p>\n<p style=\"text-align: left;\" align=\"center\">Texto: <span class=\"\"><span class=\"tQ0Q1A user-name dlINDG\" title=\"Observatorio Memoria y Libertad\" data-hook=\"user-name\"><a href=\"https:\/\/memoriaylibertad.wixsite.com\/inicio\/post\/la-comunidad-del-bosque-devorada-por-el-calentamiento-global\">Observatorio Memoria y Libertad<\/a><br \/>\nFotos: Karen Castillo &#8211; <a href=\"https:\/\/memoriaylibertad.wixsite.com\/inicio\/post\/la-comunidad-del-bosque-devorada-por-el-calentamiento-global\">Observatorio Memoria y Libertad<\/a><br \/>\nVideo: Red Universitaria Anticapitalista<br \/>\nAudios extra\u00eddos de<\/span><\/span> video de <a href=\"https:\/\/www.facebook.com\/APIIDTT\/\" target=\"_blank\" rel=\"noopener\">APIIDTT<\/a><br \/>\nEdici\u00f3n de audios: <a href=\"https:\/\/radiozapatista.org\/?page_id=44474\">Radio Zapatista<\/a><\/p>\n<p align=\"center\"><iframe loading=\"lazy\" src=\"https:\/\/player.vimeo.com\/video\/822482875?h=bda47dfebd&amp;title=0&amp;byline=0&amp;portrait=0&amp;speed=0&amp;badge=0&amp;autopause=0&amp;player_id=0&amp;app_id=58479\" width=\"800\" height=\"450\" frameborder=\"0\" allow=\"autoplay; fullscreen; picture-in-picture\" allowfullscreen title=\"Caravana El Sur Resiste - Villahermosa y comunidad de El Bosque\"><\/iframe><\/p>\n<p id=\"viewer-5s7j6\" class=\"mm8Nw _1j-51 WkT0MK _1FoOD _3M0Fe T3Ond1 WkT0MK public-DraftStyleDefault-block-depth0 fixed-tab-size public-DraftStyleDefault-text-ltr\"><span class=\"_2PHJq public-DraftStyleDefault-ltr\">La Caravana El Sur Resiste lleg\u00f3 en su quinto d\u00eda de recorrido a la Colonia el Bosque, Tabasco, una comunidad ubicada entre el oc\u00e9ano Atl\u00e1ntico y el R\u00edo Grijalva. <\/span><\/p>\n<p id=\"viewer-wzrjm820\" class=\"mm8Nw _1j-51 WkT0MK _1FoOD _3M0Fe T3Ond1 WkT0MK public-DraftStyleDefault-block-depth0 fixed-tab-size public-DraftStyleDefault-text-ltr\"><span class=\"_2PHJq public-DraftStyleDefault-ltr\">El Bosque, est\u00e1 en peligro de desaparecer debido a que, desde 2019, el nivel del mar comenz\u00f3 a aumentar aceleradamente, arrasando con la costa, las calles, el k\u00ednder y la escuela y decenas de hogares.<\/span><\/p>\n<p id=\"viewer-kjzwi697\" class=\"mm8Nw _1j-51 WkT0MK _1FoOD _3M0Fe T3Ond1 WkT0MK public-DraftStyleDefault-block-depth0 fixed-tab-size public-DraftStyleDefault-text-ltr\"><span class=\"_2PHJq public-DraftStyleDefault-ltr\">El Bosque es una de las muchas comunidades alrededor del mundo en riesgo de desaparecer bajo el agua debido al incremento del nivel del mar causado por el cambio clim\u00e1tico. En M\u00e9xico, es una de las primeras comunidades identificada como desplazada por este fen\u00f3meno.<\/span><\/p>\n<p id=\"viewer-4s4x6699\" class=\"mm8Nw _1j-51 WkT0MK _1FoOD _3M0Fe T3Ond1 WkT0MK public-DraftStyleDefault-block-depth0 fixed-tab-size public-DraftStyleDefault-text-ltr\"><span class=\"_2PHJq public-DraftStyleDefault-ltr\">Hoy son pocas las casas y edificaciones que sobreviven la cat\u00e1strofe en El Bosque, muchas familias han sido desplazadas y las que a\u00fan resisten, exigen al Gobierno Federal, apoyo frente a la destrucci\u00f3n de su comunidad, de sus hogares, de sus ra\u00edces, y de toda su forma de vida.<\/span><\/p>\n<p align=\"center\"><a href=\"https:\/\/radiozapatista.org\/wp-content\/uploads\/2023\/04\/el-bosque1.jpg\"><img loading=\"lazy\" decoding=\"async\" class=\"aligncenter size-full wp-image-44801\" src=\"https:\/\/radiozapatista.org\/wp-content\/uploads\/2023\/04\/el-bosque1.jpg\" alt=\"\" width=\"740\" height=\"416\" srcset=\"https:\/\/radiozapatista.org\/wp-content\/uploads\/2023\/04\/el-bosque1.jpg 740w, https:\/\/radiozapatista.org\/wp-content\/uploads\/2023\/04\/el-bosque1-350x197.jpg 350w\" sizes=\"auto, (max-width: 740px) 100vw, 740px\" \/><\/a><\/p>\n<p id=\"viewer-47x8d701\" class=\"mm8Nw _1j-51 WkT0MK _1FoOD _3M0Fe T3Ond1 WkT0MK public-DraftStyleDefault-block-depth0 fixed-tab-size public-DraftStyleDefault-text-ltr\"><span class=\"_2PHJq public-DraftStyleDefault-ltr\">As\u00ed lo explican Cristina Isabel Vicente y Estanilada Cardona quienes nos dan un recorrido por la comunidad para mostrar las edificaciones que est\u00e1n en proceso de desaparecer bajo el mar, y contarnos adem\u00e1s su testimonio y el de otros miembros de la comunidad que ahora esperan que el Gobierno Federal cumpla con el plan de reubicaci\u00f3n que prometi\u00f3 a las familias de El Bosque en febrero de este a\u00f1o.<\/span><\/p>\n<blockquote><p>\u201c<em>El 10 de noviembre del 2022 se hizo una rueda de prensa aqu\u00ed en El Bosque para dar a conocer la situaci\u00f3n tan terrible que vivimos, y ah\u00ed fue cuando comenzamos a ser escuchados por medios y autoridades. De cuando se hizo esa rueda de prensa, ya no queda nada, todo ha desaparecido.<\/em><\/p><\/blockquote>\n<blockquote id=\"viewer-kyuce705\" class=\"_3cMZT _3Dd1B b8KWBd _1FoOD _3M0Fe T3Ond1 WkT0MK public-DraftStyleDefault-block-depth0 fixed-tab-size public-DraftStyleDefault-text-ltr\"><p><span class=\"_2PHJq public-DraftStyleDefault-ltr\"><em>Lo que nosotros pedimos es la reubicaci\u00f3n, nosotros ya perdimos nuestros hogares, andamos rentando, prestando, pedimos la reubicaci\u00f3n. Las autoridades nos han dado una respuesta, dicen que vamos a ser reubicados, pero dicen que toma tiempo, nosotros hablamos de al menos 60 personas que necesitan reubicaci\u00f3n.<\/em>\u201d<\/span><\/p><\/blockquote>\n<p id=\"viewer-0qmy0707\" class=\"mm8Nw _1j-51 WkT0MK _1FoOD _3M0Fe T3Ond1 WkT0MK public-DraftStyleDefault-block-depth0 fixed-tab-size public-DraftStyleDefault-text-ltr\"><span class=\"_2PHJq public-DraftStyleDefault-ltr\">Como mencionamos, El Bosque no es la \u00fanica comunidad alrededor del mundo que est\u00e1 en peligro de ser devorada por el mar. <\/span><\/p>\n<p id=\"viewer-p6hp7709\" class=\"mm8Nw _1j-51 WkT0MK _1FoOD _3M0Fe T3Ond1 WkT0MK public-DraftStyleDefault-block-depth0 fixed-tab-size public-DraftStyleDefault-text-ltr\"><span class=\"_2PHJq public-DraftStyleDefault-ltr\">Cristina y Estanilada contin\u00faan el recorrido por El Bosque, nos detenemos frente a una edificaci\u00f3n que est\u00e1 a punto de derrumbarse. Detr\u00e1s, el mar picado y el viento fuerte contin\u00faan con el proceso de erosionar los cimientos del edificio. Tambi\u00e9n se pueden apreciar restos de otras edificaciones entre las olas, as\u00ed como \u00e1rboles y ramas secas. Ah\u00ed, Cristina nos explica que esta edificaci\u00f3n era su hogar.<\/span><\/p>\n<blockquote id=\"viewer-63db5711\" class=\"_3cMZT _3Dd1B b8KWBd _1FoOD _3M0Fe T3Ond1 WkT0MK public-DraftStyleDefault-block-depth0 fixed-tab-size public-DraftStyleDefault-text-ltr\"><p><span class=\"_2PHJq public-DraftStyleDefault-ltr\">\u201c<em>Quiero compartirles que, esta de atr\u00e1s, fue mi casa\u2026 fueron a\u00f1os de lucha para construir y, lamentablemente, hoy ya no tengo hogar. Es muy dif\u00edcil para nosotros ser desplazados, es muy dif\u00edcil estar ahora en la lucha, pero vamos a seguir.<\/em>\u201d<\/span><\/p><\/blockquote>\n<p id=\"viewer-txz4e713\" class=\"mm8Nw _1j-51 WkT0MK _1FoOD _3M0Fe T3Ond1 WkT0MK public-DraftStyleDefault-block-depth0 fixed-tab-size public-DraftStyleDefault-text-ltr\"><span class=\"_2PHJq public-DraftStyleDefault-ltr\">Cristina se une a relatar su testimonio, de la que era hogar, ya no queda nada; un espacio vac\u00edo y las olas de mar son lo \u00fanico que podemos observar.<\/span><\/p>\n<blockquote id=\"viewer-5tk7s715\" class=\"_3cMZT _3Dd1B b8KWBd _1FoOD _3M0Fe T3Ond1 WkT0MK public-DraftStyleDefault-block-depth0 fixed-tab-size public-DraftStyleDefault-text-ltr\"><p><span class=\"_2PHJq public-DraftStyleDefault-ltr\">\u201c<em>Yo tambi\u00e9n perd\u00ed mi casa, ah\u00ed estaba mi casa y la perd\u00ed, qued\u00e9 sin casa, ahora s\u00ed que\u2026 sin nada, ya no se ve, qued\u00f3 abajo del agua.<\/em>\u201d<\/span><\/p><\/blockquote>\n<p style=\"text-align: center;\"><a href=\"https:\/\/radiozapatista.org\/wp-content\/uploads\/2023\/04\/el-bosque2.jpg\"><img loading=\"lazy\" decoding=\"async\" class=\"aligncenter size-full wp-image-44802\" src=\"https:\/\/radiozapatista.org\/wp-content\/uploads\/2023\/04\/el-bosque2.jpg\" alt=\"\" width=\"740\" height=\"448\" srcset=\"https:\/\/radiozapatista.org\/wp-content\/uploads\/2023\/04\/el-bosque2.jpg 740w, https:\/\/radiozapatista.org\/wp-content\/uploads\/2023\/04\/el-bosque2-350x212.jpg 350w\" sizes=\"auto, (max-width: 740px) 100vw, 740px\" \/><\/a><\/p>\n<h2 id=\"viewer-ujfrn1045\" class=\"eSWI6 _1j-51 blog-post-title-font t35QI2 EDIPYa _1FoOD _3M0Fe T3Ond1 WkT0MK public-DraftStyleDefault-block-depth0 fixed-tab-size public-DraftStyleDefault-text-ltr\"><span class=\"_2PHJq public-DraftStyleDefault-ltr\">El Proceso de Reubicaci\u00f3n<\/span><\/h2>\n<p id=\"viewer-yl7ea720\" class=\"mm8Nw _1j-51 WkT0MK _1FoOD _3M0Fe T3Ond1 WkT0MK public-DraftStyleDefault-block-depth0 fixed-tab-size public-DraftStyleDefault-text-ltr\"><span class=\"_2PHJq public-DraftStyleDefault-ltr\">Los pocos habitantes de El Bosque que a\u00fan esperan ser reubicados, relatan que ya hay contacto con instituciones gubernamentales, la SEDATU y la SEMARNAT son las que han mantenido contacto con la comunidad desde febrero del 2023. <\/span><\/p>\n<p id=\"viewer-1d07n722\" class=\"mm8Nw _1j-51 WkT0MK _1FoOD _3M0Fe T3Ond1 WkT0MK public-DraftStyleDefault-block-depth0 fixed-tab-size public-DraftStyleDefault-text-ltr\"><span class=\"_2PHJq public-DraftStyleDefault-ltr\">Sin embargo, las familias a\u00fan no tienen una fecha posible para ser reubicadas y tampoco tienen conocimiento del lugar al cual ser\u00edan reubicadas y mucho menos de la extensi\u00f3n del terreno que recibir\u00e1n.<\/span><\/p>\n<p id=\"viewer-cxz4c724\" class=\"mm8Nw _1j-51 WkT0MK _1FoOD _3M0Fe T3Ond1 WkT0MK public-DraftStyleDefault-block-depth0 fixed-tab-size public-DraftStyleDefault-text-ltr\"><span class=\"_2PHJq public-DraftStyleDefault-ltr\">Cristina y Estanilada comentan que la comunidad espera poder permanecer cerca del mar, ya que son pueblo que hist\u00f3ricamente se ha dedicado a la pesca y el mar es su fuente de alimento y de sost\u00e9n econ\u00f3mico.<\/span><\/p>\n<blockquote id=\"viewer-48qaf726\" class=\"_3cMZT _3Dd1B b8KWBd _1FoOD _3M0Fe T3Ond1 WkT0MK public-DraftStyleDefault-block-depth0 fixed-tab-size public-DraftStyleDefault-text-ltr\"><p><span class=\"_2PHJq public-DraftStyleDefault-ltr\">\u201c<em>Nosotros vivimos de la pesca, por eso queremos pedir si puede ser en un lugar en donde podamos hacer eso, es preocupante todo, muy preocupante, no sabemos a d\u00f3nde vamos a ir, ni cu\u00e1ndo.<\/em><\/span><\/p><\/blockquote>\n<blockquote id=\"viewer-kv5r3728\" class=\"_3cMZT _3Dd1B b8KWBd _1FoOD _3M0Fe T3Ond1 WkT0MK public-DraftStyleDefault-block-depth0 fixed-tab-size public-DraftStyleDefault-text-ltr\"><p><span class=\"_2PHJq public-DraftStyleDefault-ltr\"><em>S\u00ed platicamos como comunidad, nos sentamos, platicamos con el caf\u00e9 y el pan, porque dicen que las penas con pan son menos. Nos ponemos muy mal como comunidad, las noches son muy preocupantes, nos la pasamos pensando en el mar, ese mar que ya nos da miedo de que vaya a subir m\u00e1s. Nos ha tocado a las 3am, a las 4am sacar cosas de la gente porque ya el mar subi\u00f3, y s\u00ed nos pega como comunidad.<\/em>\u201d<\/span><\/p><\/blockquote>\n<p id=\"viewer-dmoc81095\" class=\"mm8Nw _1j-51 WkT0MK _1FoOD _3M0Fe T3Ond1 WkT0MK public-DraftStyleDefault-block-depth0 fixed-tab-size public-DraftStyleDefault-text-ltr\"><span class=\"_2PHJq public-DraftStyleDefault-ltr\">Adem\u00e1s de vivir con la preocupaci\u00f3n d\u00eda y noche, de que m\u00e1s casas y espacios desaparezcan bajo el mar, la situaci\u00f3n de servicios en la comunidad empeora d\u00eda con d\u00eda.<\/span><\/p>\n<p id=\"viewer-yl1i8732\" class=\"mm8Nw _1j-51 WkT0MK _1FoOD _3M0Fe T3Ond1 WkT0MK public-DraftStyleDefault-block-depth0 fixed-tab-size public-DraftStyleDefault-text-ltr\"><span class=\"_2PHJq public-DraftStyleDefault-ltr\">Cristina nos platica que la mayor\u00eda de las familias ha perdido los refrigeradores de sus hogares que se han descompuesto en el proceso. Esto no s\u00f3lo dificulta que las familias puedan mantener sus alimentos por m\u00e1s tiempo, sino que adem\u00e1s dificulta que medicinas para la diabetes se mantengan refrigeradas. <\/span><\/p>\n<p id=\"viewer-wk21q1845\" class=\"mm8Nw _1j-51 WkT0MK _1FoOD _3M0Fe T3Ond1 WkT0MK public-DraftStyleDefault-block-depth0 fixed-tab-size public-DraftStyleDefault-text-ltr\"><span class=\"_2PHJq public-DraftStyleDefault-ltr\">Los postes de luz tambi\u00e9n comienzan a ceder a las olas; la comunidad podr\u00eda perder el servicio al acceso el\u00e9ctrico en cualquier momento.<\/span><\/p>\n<blockquote id=\"viewer-hqlh9734\" class=\"_3cMZT _3Dd1B b8KWBd _1FoOD _3M0Fe T3Ond1 WkT0MK public-DraftStyleDefault-block-depth0 fixed-tab-size public-DraftStyleDefault-text-ltr\"><p><span class=\"_2PHJq public-DraftStyleDefault-ltr\">\u201c<em>La comunidad entera casi perdi\u00f3 sus refrigeradores. Yo que tengo diabetes, por ejemplo, no tengo en donde guardar mi insulina, ayer me traje una barra de hielo, pero no s\u00e9 si pueda traerla diario. Estamos de acuerdo con la reubicaci\u00f3n, pero tenemos necesidades urgentes por lo mientras.<\/em>\u201d<\/span><\/p><\/blockquote>\n<p align=\"center\"><a href=\"https:\/\/radiozapatista.org\/wp-content\/uploads\/2023\/04\/el-bosque3.jpg\"><img loading=\"lazy\" decoding=\"async\" class=\"aligncenter size-full wp-image-44803\" src=\"https:\/\/radiozapatista.org\/wp-content\/uploads\/2023\/04\/el-bosque3.jpg\" alt=\"\" width=\"740\" height=\"416\" srcset=\"https:\/\/radiozapatista.org\/wp-content\/uploads\/2023\/04\/el-bosque3.jpg 740w, https:\/\/radiozapatista.org\/wp-content\/uploads\/2023\/04\/el-bosque3-350x197.jpg 350w\" sizes=\"auto, (max-width: 740px) 100vw, 740px\" \/><\/a><\/p>\n<p id=\"viewer-u8dcz1317\" class=\"mm8Nw _1j-51 WkT0MK _1FoOD _3M0Fe T3Ond1 WkT0MK public-DraftStyleDefault-block-depth0 fixed-tab-size public-DraftStyleDefault-text-ltr\"><span class=\"_2PHJq public-DraftStyleDefault-ltr\">Al platicar con algunas personas de la comunidad, hacen menci\u00f3n de que entienden que el proceso de reubicaci\u00f3n puede ser tardado y complicado; sin embargo, esperan que pueda haber otro tipo de plan mientras esperan que pueda aminorar la situaci\u00f3n de crisis que se vive en la comunidad.<\/span><\/p>\n<p id=\"viewer-uw3j5738\" class=\"mm8Nw _1j-51 WkT0MK _1FoOD _3M0Fe T3Ond1 WkT0MK public-DraftStyleDefault-block-depth0 fixed-tab-size public-DraftStyleDefault-text-ltr\"><span class=\"_2PHJq public-DraftStyleDefault-ltr\">Pese a que el proceso de calentamiento global se ha identificado como una prioridad en la pol\u00edtica internacional por los impactos que generar\u00e1 en la seguridad humana de millones de personas a nivel mundial, el Gobierno de M\u00e9xico no cuenta con alg\u00fan tipo de plan o propuesta de pol\u00edtica p\u00fablica que busque frenar este proceso.<\/span><\/p>\n<p id=\"viewer-zqbm41581\" class=\"mm8Nw _1j-51 WkT0MK _1FoOD _3M0Fe T3Ond1 WkT0MK public-DraftStyleDefault-block-depth0 fixed-tab-size public-DraftStyleDefault-text-ltr\"><span class=\"_2PHJq public-DraftStyleDefault-ltr\">De acuerdo con el Programa Estatal de Acci\u00f3n Ante el Cambio Clim\u00e1tico del Estado de Tabasco, \u201clos impactos que recibe la zona costera del Estado de Tabasco por ascenso acelerado del nivel del mar se traducen en la destrucci\u00f3n de tierras [\u2026] por acci\u00f3n del oleaje. Todos estos aspectos tendr\u00e1n notables repercusiones tanto ambientales como sociales y econ\u00f3micas.\u201d <\/span><\/p>\n<p id=\"viewer-a13l2740\" class=\"mm8Nw _1j-51 WkT0MK _1FoOD _3M0Fe T3Ond1 WkT0MK public-DraftStyleDefault-block-depth0 fixed-tab-size public-DraftStyleDefault-text-ltr\"><span class=\"_2PHJq public-DraftStyleDefault-ltr\">Sin embargo, no existe un plan para atender a las v\u00edctimas de las cat\u00e1strofes naturales que ya comienzan a presentarse, como el caso de la comunidad de El Bosque deja entrever, y que pronto se multiplicaran en todo el territorio nacional de no atender las causas de la crisis clim\u00e1tica: el capitalismo devorador que contin\u00faa con un proceso de producci\u00f3n ilimitada a costa del medio ambiente y de la vida de todo ser vivo en el planeta.<\/span><\/p>\n<p id=\"viewer-gqchl742\" class=\"mm8Nw _1j-51 WkT0MK _1FoOD _3M0Fe T3Ond1 WkT0MK public-DraftStyleDefault-block-depth0 fixed-tab-size public-DraftStyleDefault-text-ltr\"><span class=\"_2PHJq public-DraftStyleDefault-ltr\">Durante el recorrido, Cristina y Estanilada se detienen frente a otra edificaci\u00f3n en proceso de derrumbe. \u00c9sta era la escuela de la comunidad, el k\u00ednder tambi\u00e9n ya desapareci\u00f3. Ahora los ni\u00f1os que quedan en la comunidad van a la escuela s\u00f3lo 6 horas a la semana en una peque\u00f1a construcci\u00f3n con techo de l\u00e1mina. <\/span><\/p>\n<p id=\"viewer-cve3d744\" class=\"mm8Nw _1j-51 WkT0MK _1FoOD _3M0Fe T3Ond1 WkT0MK public-DraftStyleDefault-block-depth0 fixed-tab-size public-DraftStyleDefault-text-ltr\"><span class=\"_2PHJq public-DraftStyleDefault-ltr\">La vida de la comunidad, no s\u00f3lo de sus edificaciones, tambi\u00e9n ha sido paulatinamente devorada por el mar.<\/span><\/p>\n<p style=\"text-align: center;\"><a href=\"https:\/\/radiozapatista.org\/wp-content\/uploads\/2023\/04\/el-bosque4.jpg\"><img loading=\"lazy\" decoding=\"async\" class=\"aligncenter size-full wp-image-44804\" src=\"https:\/\/radiozapatista.org\/wp-content\/uploads\/2023\/04\/el-bosque4.jpg\" alt=\"\" width=\"740\" height=\"416\" srcset=\"https:\/\/radiozapatista.org\/wp-content\/uploads\/2023\/04\/el-bosque4.jpg 740w, https:\/\/radiozapatista.org\/wp-content\/uploads\/2023\/04\/el-bosque4-350x197.jpg 350w\" sizes=\"auto, (max-width: 740px) 100vw, 740px\" \/><\/a><\/p>\n<h2 id=\"viewer-bdq2t746\" class=\"eSWI6 _1j-51 blog-post-title-font t35QI2 EDIPYa _1FoOD _3M0Fe T3Ond1 WkT0MK public-DraftStyleDefault-block-depth0 fixed-tab-size public-DraftStyleDefault-text-ltr\"><span class=\"_2PHJq public-DraftStyleDefault-ltr\">La p\u00e9rdida de las ra\u00edces de una comunidad<\/span><\/h2>\n<p id=\"viewer-a52zh748\" class=\"mm8Nw _1j-51 WkT0MK _1FoOD _3M0Fe T3Ond1 WkT0MK public-DraftStyleDefault-block-depth0 fixed-tab-size public-DraftStyleDefault-text-ltr\"><span class=\"_2PHJq public-DraftStyleDefault-ltr\">Cristina y Estanilada contin\u00faan encabezando el recorrido, caminamos por un kil\u00f3metro aproximadamente; el mar esta picado y el aire sopla con fuerza; el d\u00eda de hoy entr\u00f3 otro Norte cambiando las condiciones clim\u00e1ticas del lugar que suele ser soleado y el mar tranquilo.<\/span><\/p>\n<p id=\"viewer-cuksh750\" class=\"mm8Nw _1j-51 WkT0MK _1FoOD _3M0Fe T3Ond1 WkT0MK public-DraftStyleDefault-block-depth0 fixed-tab-size public-DraftStyleDefault-text-ltr\"><span class=\"_2PHJq public-DraftStyleDefault-ltr\">Llegamos a donde el r\u00edo Grijalva se une con el mar Atl\u00e1ntico. Ah\u00ed Cristina y Estanilada se detienen, tambi\u00e9n ni\u00f1os, ni\u00f1as, adolescentes, mujeres y hombres de la comunidad. Ah\u00ed nos se\u00f1alan a una plancha de concreto que apenas si logra verse por encima del agua. <\/span><\/p>\n<p id=\"viewer-ayigs752\" class=\"mm8Nw _1j-51 WkT0MK _1FoOD _3M0Fe T3Ond1 WkT0MK public-DraftStyleDefault-block-depth0 fixed-tab-size public-DraftStyleDefault-text-ltr\"><span class=\"_2PHJq public-DraftStyleDefault-ltr\">La plancha sol\u00eda ser un muelle, y el punto de reuni\u00f3n de toda la comunidad; ah\u00ed las familias se reun\u00edan para pescar, la actividad que por generaciones ha moldeado la identidad de las personas que ah\u00ed habitan y su fuente de alimento y de econom\u00eda.<\/span><\/p>\n<p id=\"viewer-5s85g754\" class=\"mm8Nw _1j-51 WkT0MK _1FoOD _3M0Fe T3Ond1 WkT0MK public-DraftStyleDefault-block-depth0 fixed-tab-size public-DraftStyleDefault-text-ltr\"><span class=\"_2PHJq public-DraftStyleDefault-ltr\">Actualmente, el muelle ya no existe, la pesca casi ha desaparecido y con ella, todas las actividades que ah\u00ed se realizaban, as\u00ed como el sustento de las familias. \u00c9ste es el testimonio ofrecido por Cristina:<\/span><\/p>\n<blockquote id=\"viewer-l1erx756\" class=\"_3cMZT _3Dd1B b8KWBd _1FoOD _3M0Fe T3Ond1 WkT0MK public-DraftStyleDefault-block-depth0 fixed-tab-size public-DraftStyleDefault-text-ltr\"><p><span class=\"_2PHJq public-DraftStyleDefault-ltr\">\u201c<em>Ven\u00edamos la mayor\u00eda de la gente a pescar, esto era como un tianguis, ven\u00edamos todos con cobijas y nuestros hijos se quedaban aqu\u00ed dormidos y nosotros nos \u00edbamos a pescar, llev\u00e1bamos el producto a vender y en la tarde otra vez a pescar. Ya no pasa eso, ya no hay la producci\u00f3n que antes hab\u00eda, ya se perdi\u00f3. Esto, compa\u00f1eros, era nuestras ra\u00edces. Yo me siento triste, siento que el cambio clim\u00e1tico nos est\u00e1 quitando nuestras ra\u00edces. Es algo muy triste, sabemos que si un d\u00eda entra un norte m\u00e1s duro o un hurac\u00e1n, podemos desaparecer de la noche a la ma\u00f1ana.<\/em><\/span><\/p><\/blockquote>\n<blockquote id=\"viewer-e88dy758\" class=\"_3cMZT _3Dd1B b8KWBd _1FoOD _3M0Fe T3Ond1 WkT0MK public-DraftStyleDefault-block-depth0 fixed-tab-size public-DraftStyleDefault-text-ltr\"><p><span class=\"_2PHJq public-DraftStyleDefault-ltr\"><em>Esto era un muelle bien estructurando, pero se ha ido perdiendo, hundiendo. Aqu\u00ed pesc\u00e1bamos, hac\u00edamos fiesta. Yo nunca me imagin\u00e9 que nos iba a pasar, cuando dec\u00edan cambio clim\u00e1tico, se escuchaba como una voz lejana, cuando escuchaba eso pensaba en la gente de la ciudad con sus coches, y no en nosotros que vivimos sin contaminaci\u00f3n. El cambio no lo provocamos nosotros, pero lo vamos a pagar nosotros, hoy somos nosotros, pero ma\u00f1ana vamos a ser otros.<\/em>\u201d<\/span><\/p><\/blockquote>\n<p style=\"text-align: center;\"><a href=\"https:\/\/radiozapatista.org\/wp-content\/uploads\/2023\/04\/el-bosque5.jpg\"><img loading=\"lazy\" decoding=\"async\" class=\"aligncenter size-full wp-image-44805\" src=\"https:\/\/radiozapatista.org\/wp-content\/uploads\/2023\/04\/el-bosque5.jpg\" alt=\"\" width=\"740\" height=\"461\" srcset=\"https:\/\/radiozapatista.org\/wp-content\/uploads\/2023\/04\/el-bosque5.jpg 740w, https:\/\/radiozapatista.org\/wp-content\/uploads\/2023\/04\/el-bosque5-350x218.jpg 350w\" sizes=\"auto, (max-width: 740px) 100vw, 740px\" \/><\/a><\/p>\n<p id=\"viewer-j0cls762\" class=\"mm8Nw _1j-51 WkT0MK _1FoOD _3M0Fe T3Ond1 WkT0MK public-DraftStyleDefault-block-depth0 fixed-tab-size public-DraftStyleDefault-text-ltr\"><span class=\"_2PHJq public-DraftStyleDefault-ltr\">Sin embargo, ha sido el norte global el responsable de generar la crisis clim\u00e1tica que vivimos y en espec\u00edfico es la poblaci\u00f3n del norte global la responsable de generar millonarias ganancias a costa de millones de vidas humanas.<\/span><\/p>\n<p id=\"viewer-0by8g764\" class=\"mm8Nw _1j-51 WkT0MK _1FoOD _3M0Fe T3Ond1 WkT0MK public-DraftStyleDefault-block-depth0 fixed-tab-size public-DraftStyleDefault-text-ltr\"><span class=\"_2PHJq public-DraftStyleDefault-ltr\">Lo que pasa en El Bosque no es un fen\u00f3meno espont\u00e1neo. A nivel mundial se ha puesto en el centro de la discusi\u00f3n sobre el calentamiento global, la necesidad de pol\u00edticas p\u00fablicas que pongan en el centro a las comunidades originarias, campesinas, pesqueras. <\/span><\/p>\n<p id=\"viewer-2v76t3266\" class=\"mm8Nw _1j-51 WkT0MK _1FoOD _3M0Fe T3Ond1 WkT0MK public-DraftStyleDefault-block-depth0 fixed-tab-size public-DraftStyleDefault-text-ltr\"><span class=\"_2PHJq public-DraftStyleDefault-ltr\">Son ellas las que han logrado proteger los \u00faltimos pulmones y \u00e1reas naturales conservadas a nivel mundial, y tambi\u00e9n las que m\u00e1s sufrir\u00e1n los efectos del calentamiento global.<\/span><\/p>\n<p id=\"viewer-5stmf766\" class=\"mm8Nw _1j-51 WkT0MK _1FoOD _3M0Fe T3Ond1 WkT0MK public-DraftStyleDefault-block-depth0 fixed-tab-size public-DraftStyleDefault-text-ltr\"><span class=\"_2PHJq public-DraftStyleDefault-ltr\">La tan profunda interrelaci\u00f3n que los pueblos originarios tienen con el medio ambiente del territorio que habitan hace que la identidad, la econom\u00eda y la vida comunitaria de los pueblos esten \u00edntimamente unidas a la supervivencia de su territorio.<\/span><\/p>\n<p style=\"text-align: center;\"><span class=\"_2PHJq public-DraftStyleDefault-ltr\"><a href=\"https:\/\/radiozapatista.org\/wp-content\/uploads\/2023\/04\/el-bosque6.jpg\"><img loading=\"lazy\" decoding=\"async\" class=\"aligncenter size-full wp-image-44806\" src=\"https:\/\/radiozapatista.org\/wp-content\/uploads\/2023\/04\/el-bosque6.jpg\" alt=\"\" width=\"740\" height=\"435\" srcset=\"https:\/\/radiozapatista.org\/wp-content\/uploads\/2023\/04\/el-bosque6.jpg 740w, https:\/\/radiozapatista.org\/wp-content\/uploads\/2023\/04\/el-bosque6-350x206.jpg 350w\" sizes=\"auto, (max-width: 740px) 100vw, 740px\" \/><\/a><\/span><\/p>\n<p id=\"viewer-48vd1768\" class=\"mm8Nw _1j-51 WkT0MK _1FoOD _3M0Fe T3Ond1 WkT0MK public-DraftStyleDefault-block-depth0 fixed-tab-size public-DraftStyleDefault-text-ltr\"><span class=\"_2PHJq public-DraftStyleDefault-ltr\">As\u00ed como en Puente Madera, Oaxaca, la comunidad explica que si el Pitillal es destruido para construir un Parque Industrial ya que es su fuente actual de vida, lo mismo pasa en el Bosque con la p\u00e9rdida de la pesca como actividad vital.<\/span><\/p>\n<p id=\"viewer-4pk1v770\" class=\"mm8Nw _1j-51 WkT0MK _1FoOD _3M0Fe T3Ond1 WkT0MK public-DraftStyleDefault-block-depth0 fixed-tab-size public-DraftStyleDefault-text-ltr\"><span class=\"_2PHJq public-DraftStyleDefault-ltr\">Por esta raz\u00f3n, las soluciones gubernamentales a nivel mundial -y en M\u00e9xico- necesitan ser profundas y a nivel de sistema; no hay vida que sobreviva el capitalismo devorador y su m\u00e1quina de muerte.<\/span><\/p>\n<p id=\"viewer-4bwfy772\" class=\"mm8Nw _1j-51 WkT0MK _1FoOD _3M0Fe T3Ond1 WkT0MK public-DraftStyleDefault-block-depth0 fixed-tab-size public-DraftStyleDefault-text-ltr\"><span class=\"_2PHJq public-DraftStyleDefault-ltr\">Terminamos la visita y documentaci\u00f3n en El Bosque con una comida que las familias de la comunidad preparan con esfuerzo y solidaridad. Pese a la incertidumbre, dolor, destrucci\u00f3n y preocupaci\u00f3n que han vivido en los \u00faltimos a\u00f1os, a\u00fan hay esperanza, solidaridad y resistencia en sus ojos y en su actuar.<\/span><\/p>\n<p id=\"viewer-zzl78774\" class=\"mm8Nw _1j-51 WkT0MK _1FoOD _3M0Fe T3Ond1 WkT0MK public-DraftStyleDefault-block-depth0 fixed-tab-size public-DraftStyleDefault-text-ltr\"><span class=\"_2PHJq public-DraftStyleDefault-ltr\">Los ni\u00f1os y ni\u00f1as r\u00eden y juegan en el agua, las mujeres platican y conversan entre ellas, la comunidad de el Bosque resiste y est\u00e1 en pie de lucha.<\/span><\/p>\n<p>&nbsp;<\/p>\n<p>Audios de la bienvenida:<\/p>\n<p><div class=\"wp-playlist wp-audio-playlist wp-playlist-light\">\n\t\t\t<div class=\"wp-playlist-current-item\"><\/div>\n\t\t<audio controls=\"controls\" preload=\"none\" width=\"640\"\n\t\t\t><\/audio>\n\t<div class=\"wp-playlist-next\"><\/div>\n\t<div class=\"wp-playlist-prev\"><\/div>\n\t<noscript>\n\t<ol>\n\t\t<li><a href='https:\/\/radiozapatista.org\/wp-content\/uploads\/2023\/04\/el-bosque1.mp3'>Palabras de la Caravana 1<\/a><\/li><li><a href='https:\/\/radiozapatista.org\/wp-content\/uploads\/2023\/04\/el-bosque2.mp3'>Palabras de la Caravana 2<\/a><\/li><li><a href='https:\/\/radiozapatista.org\/wp-content\/uploads\/2023\/04\/el-bosque3.mp3'>Palabras de la Caravana 3<\/a><\/li><li><a href='https:\/\/radiozapatista.org\/wp-content\/uploads\/2023\/04\/el-bosque4.mp3'>El Bosque<\/a><\/li>\t<\/ol>\n\t<\/noscript>\n\t<script type=\"application\/json\" class=\"wp-playlist-script\">{\"type\":\"audio\",\"tracklist\":true,\"tracknumbers\":true,\"images\":true,\"artists\":false,\"tracks\":[{\"src\":\"https:\/\/radiozapatista.org\/wp-content\/uploads\/2023\/04\/el-bosque1.mp3\",\"type\":\"audio\/mpeg\",\"title\":\"Palabras de la Caravana 1\",\"caption\":\"Compa\\u00f1era de Quer\\u00e9taro\",\"description\":\"\\\"el-bosque1\\\".\",\"meta\":{\"length_formatted\":\"2:08\"},\"image\":{\"src\":\"https:\/\/radiozapatista.org\/wp-includes\/images\/media\/audio.svg\",\"width\":48,\"height\":64},\"thumb\":{\"src\":\"https:\/\/radiozapatista.org\/wp-includes\/images\/media\/audio.svg\",\"width\":48,\"height\":64}},{\"src\":\"https:\/\/radiozapatista.org\/wp-content\/uploads\/2023\/04\/el-bosque2.mp3\",\"type\":\"audio\/mpeg\",\"title\":\"Palabras de la Caravana 2\",\"caption\":\"Compa\\u00f1era en la caravana\",\"description\":\"\\\"el-bosque2\\\".\",\"meta\":{\"length_formatted\":\"0:38\"},\"image\":{\"src\":\"https:\/\/radiozapatista.org\/wp-includes\/images\/media\/audio.svg\",\"width\":48,\"height\":64},\"thumb\":{\"src\":\"https:\/\/radiozapatista.org\/wp-includes\/images\/media\/audio.svg\",\"width\":48,\"height\":64}},{\"src\":\"https:\/\/radiozapatista.org\/wp-content\/uploads\/2023\/04\/el-bosque3.mp3\",\"type\":\"audio\/mpeg\",\"title\":\"Palabras de la Caravana 3\",\"caption\":\"Compa\\u00f1era de Espa\\u00f1a\",\"description\":\"\\\"el-bosque3\\\".\",\"meta\":{\"length_formatted\":\"0:38\"},\"image\":{\"src\":\"https:\/\/radiozapatista.org\/wp-includes\/images\/media\/audio.svg\",\"width\":48,\"height\":64},\"thumb\":{\"src\":\"https:\/\/radiozapatista.org\/wp-includes\/images\/media\/audio.svg\",\"width\":48,\"height\":64}},{\"src\":\"https:\/\/radiozapatista.org\/wp-content\/uploads\/2023\/04\/el-bosque4.mp3\",\"type\":\"audio\/mpeg\",\"title\":\"El Bosque\",\"caption\":\"Palabras de bienvenida de compa\\u00f1eras de El Bosque\",\"description\":\"\\\"el-bosque4\\\".\",\"meta\":{\"length_formatted\":\"0:51\"},\"image\":{\"src\":\"https:\/\/radiozapatista.org\/wp-includes\/images\/media\/audio.svg\",\"width\":48,\"height\":64},\"thumb\":{\"src\":\"https:\/\/radiozapatista.org\/wp-includes\/images\/media\/audio.svg\",\"width\":48,\"height\":64}}]}<\/script>\n<\/div>\n\t<\/p>","protected":false},"excerpt":{"rendered":"<p>Texto: Observatorio Memoria y Libertad Fotos: Karen Castillo &#8211; Observatorio Memoria y Libertad Video: Red Universitaria Anticapitalista Audios extra\u00eddos de video de APIIDTT Edici\u00f3n de audios: Radio Zapatista La Caravana El Sur Resiste lleg\u00f3 en su quinto d\u00eda de recorrido a la Colonia el Bosque, Tabasco, una comunidad ubicada entre el oc\u00e9ano Atl\u00e1ntico y el [&hellip;]<\/p>\n","protected":false},"author":1,"featured_media":44812,"comment_status":"open","ping_status":"closed","sticky":false,"template":"","format":"standard","meta":{"footnotes":""},"categories":[1,957,1024,958,954,190],"tags":[1346,170,1409,1408,171,1178],"class_list":["post-44799","post","type-post","status-publish","format-standard","has-post-thumbnail","hentry","category-audio","category-autonomia","category-cni-temas","category-megaproyectos","category-mexico","category-radiozapatista","tag-calentamiento-global","tag-cambio-climatico","tag-caravana","tag-el-sur-resiste","tag-medio-ambiente","tag-tabasco"],"_links":{"self":[{"href":"https:\/\/radiozapatista.org\/index.php?rest_route=\/wp\/v2\/posts\/44799","targetHints":{"allow":["GET"]}}],"collection":[{"href":"https:\/\/radiozapatista.org\/index.php?rest_route=\/wp\/v2\/posts"}],"about":[{"href":"https:\/\/radiozapatista.org\/index.php?rest_route=\/wp\/v2\/types\/post"}],"author":[{"embeddable":true,"href":"https:\/\/radiozapatista.org\/index.php?rest_route=\/wp\/v2\/users\/1"}],"replies":[{"embeddable":true,"href":"https:\/\/radiozapatista.org\/index.php?rest_route=%2Fwp%2Fv2%2Fcomments&post=44799"}],"version-history":[{"count":6,"href":"https:\/\/radiozapatista.org\/index.php?rest_route=\/wp\/v2\/posts\/44799\/revisions"}],"predecessor-version":[{"id":44817,"href":"https:\/\/radiozapatista.org\/index.php?rest_route=\/wp\/v2\/posts\/44799\/revisions\/44817"}],"wp:featuredmedia":[{"embeddable":true,"href":"https:\/\/radiozapatista.org\/index.php?rest_route=\/wp\/v2\/media\/44812"}],"wp:attachment":[{"href":"https:\/\/radiozapatista.org\/index.php?rest_route=%2Fwp%2Fv2%2Fmedia&parent=44799"}],"wp:term":[{"taxonomy":"category","embeddable":true,"href":"https:\/\/radiozapatista.org\/index.php?rest_route=%2Fwp%2Fv2%2Fcategories&post=44799"},{"taxonomy":"post_tag","embeddable":true,"href":"https:\/\/radiozapatista.org\/index.php?rest_route=%2Fwp%2Fv2%2Ftags&post=44799"}],"curies":[{"name":"wp","href":"https:\/\/api.w.org\/{rel}","templated":true}]}}