{"id":44765,"date":"2023-04-29T08:06:02","date_gmt":"2023-04-29T14:06:02","guid":{"rendered":"https:\/\/radiozapatista.org\/?p=44765"},"modified":"2023-04-29T08:08:54","modified_gmt":"2023-04-29T14:08:54","slug":"caravana-el-sur-resiste-dia-4-oteapan-veracruz-centro-geografico-del-corredor-transistmico","status":"publish","type":"post","link":"https:\/\/radiozapatista.org\/?p=44765","title":{"rendered":"Caravana \u201cEl sur resiste\u201d \u2013 d\u00eda 4: Oteapan, Veracruz, centro geogr\u00e1fico del Corredor Trans\u00edstmico"},"content":{"rendered":"<p><\/p>\n<h3 class=\"UbhFJ7 nkqC0Q blog-post-title-font blog-post-title-color blog-text-color post-title blog-hover-container-element-color FG3qXk blog-post-page-title-font\" style=\"text-align: center;\" data-hook=\"post-title\"><span class=\"post-title__text blog-post-title-font blog-post-title-color\"><span class=\"blog-post-title-font blog-post-title-color\">La caravana llega a Oteapan, centro geogr\u00e1fico del Corredor Trans\u00edstmico <\/span><\/span><\/h3>\n<p data-hook=\"rcv-block-first\">Texto: <span class=\"\"><span class=\"tQ0Q1A user-name dlINDG\" title=\"Observatorio Memoria y Libertad\" data-hook=\"user-name\"><a href=\"https:\/\/memoriaylibertad.wixsite.com\/inicio\/post\/la-caravana-llega-a-oteapan-centro-geogr%C3%A1fico-del-corredor-trans%C3%ADstmico\">Observatorio Memoria y Libertad<\/a><br \/>\nFotos: Karen Castillo | Dave Muoz | David Valero | <a href=\"https:\/\/www.facebook.com\/APIIDTT\/\" target=\"_blank\" rel=\"noopener\">APIIDTT<\/a><br \/>\nAudios extra\u00eddos de:<\/span><\/span> Videos de <a href=\"https:\/\/www.facebook.com\/APIIDTT\/\" target=\"_blank\" rel=\"noopener\">APIIDTT<\/a><br \/>\nEdici\u00f3n: <a href=\"https:\/\/radiozapatista.org\/?page_id=44474\">Radio Zapatista<\/a><\/p>\n<div class=\"wp-playlist wp-audio-playlist wp-playlist-light\">\n\t\t\t<div class=\"wp-playlist-current-item\"><\/div>\n\t\t<audio controls=\"controls\" preload=\"none\" width=\"640\"\n\t\t\t><\/audio>\n\t<div class=\"wp-playlist-next\"><\/div>\n\t<div class=\"wp-playlist-prev\"><\/div>\n\t<noscript>\n\t<ol>\n\t\t<li><a href='https:\/\/radiozapatista.org\/wp-content\/uploads\/2023\/04\/oteapan2-2.mp3'>Bolet\u00edn de prensa<\/a><\/li>\t<\/ol>\n\t<\/noscript>\n\t<script type=\"application\/json\" class=\"wp-playlist-script\">{\"type\":\"audio\",\"tracklist\":true,\"tracknumbers\":true,\"images\":true,\"artists\":false,\"tracks\":[{\"src\":\"https:\/\/radiozapatista.org\/wp-content\/uploads\/2023\/04\/oteapan2-2.mp3\",\"type\":\"audio\/mpeg\",\"title\":\"Bolet\\u00edn de prensa\",\"caption\":\"Bolet\\u00edn de prensa - Caravana El Sur Resiste en Octeapan\",\"description\":\"\\\"oteapan2-2\\\".\",\"meta\":{\"length_formatted\":\"16:48\"},\"image\":{\"src\":\"https:\/\/radiozapatista.org\/wp-includes\/images\/media\/audio.svg\",\"width\":48,\"height\":64},\"thumb\":{\"src\":\"https:\/\/radiozapatista.org\/wp-includes\/images\/media\/audio.svg\",\"width\":48,\"height\":64}}]}<\/script>\n<\/div>\n\t\n<p data-hook=\"rcv-block-first\"><span class=\"_2PHJq public-DraftStyleDefault-ltr\">En el 4to d\u00eda de la caravana El Sur Resiste, nos dirigimos a la comunidad de Oteapan en Veracruz. Esta carretera hace un trazo similar a la que pretende hacer el Tren Interoce\u00e1nico, a los pueblos de Veracruz y Oaxaca los ha unido esta lucha contra uno de los proyectos m\u00e1s depredadores y destructivos de la 4T.<\/span><\/p>\n<p id=\"viewer-fg18a\" class=\"mm8Nw _1j-51 WkT0MK _1FoOD _78FBa qEvi6J WkT0MK public-DraftStyleDefault-block-depth0 fixed-tab-size public-DraftStyleDefault-text-ltr\"><span class=\"_2PHJq public-DraftStyleDefault-ltr\">Oteopan es el cintur\u00f3n de la regi\u00f3n. Como en toda la caravana, el recibimiento fue c\u00e1lido en el Barrio Naranjal que delimita con el Barrio de la Dina. Las y los compa\u00f1eros que ah\u00ed resisten lanzaron cohetones anunciando nuestra llegada; adem\u00e1s, los actos pol\u00edticos estuvieron acompa\u00f1ados de m\u00fasica tradicional del sur de Veracruz y se realiz\u00f3 un homenaje a Bety Cari\u00f1o y Jyri Jaakkola, tras 10 a\u00f1os de su asesinato mientras transitaban en una caravana humanitaria en San Juan Copala, Oaxaca. Los miembros de la comunidad de Oteapan recordaron su caminar con Bety, se leyeron poemas en su honor por j\u00f3venes\/j\u00f3venes y ni\u00f1os de la comunidad.<\/span><\/p>\n<div class=\"wp-playlist wp-audio-playlist wp-playlist-light\">\n\t\t\t<div class=\"wp-playlist-current-item\"><\/div>\n\t\t<audio controls=\"controls\" preload=\"none\" width=\"640\"\n\t\t\t><\/audio>\n\t<div class=\"wp-playlist-next\"><\/div>\n\t<div class=\"wp-playlist-prev\"><\/div>\n\t<noscript>\n\t<ol>\n\t\t<li><a href='https:\/\/radiozapatista.org\/wp-content\/uploads\/2023\/04\/oteapan1.mp3'>Bienvenida<\/a><\/li><li><a href='https:\/\/radiozapatista.org\/wp-content\/uploads\/2023\/04\/oteapan2.mp3'>Oteapan<\/a><\/li><li><a href='https:\/\/radiozapatista.org\/wp-content\/uploads\/2023\/04\/oteapan3.mp3'>Carta<\/a><\/li>\t<\/ol>\n\t<\/noscript>\n\t<script type=\"application\/json\" class=\"wp-playlist-script\">{\"type\":\"audio\",\"tracklist\":true,\"tracknumbers\":true,\"images\":true,\"artists\":false,\"tracks\":[{\"src\":\"https:\/\/radiozapatista.org\/wp-content\/uploads\/2023\/04\/oteapan1.mp3\",\"type\":\"audio\/mpeg\",\"title\":\"Bienvenida\",\"caption\":\"Palabras de bienvenida\",\"description\":\"\\\"oteapan1\\\".\",\"meta\":{\"length_formatted\":\"1:54\"},\"image\":{\"src\":\"https:\/\/radiozapatista.org\/wp-includes\/images\/media\/audio.svg\",\"width\":48,\"height\":64},\"thumb\":{\"src\":\"https:\/\/radiozapatista.org\/wp-includes\/images\/media\/audio.svg\",\"width\":48,\"height\":64}},{\"src\":\"https:\/\/radiozapatista.org\/wp-content\/uploads\/2023\/04\/oteapan2.mp3\",\"type\":\"audio\/mpeg\",\"title\":\"Oteapan\",\"caption\":\"Sobre la lucha en Oteapan\",\"description\":\"\\\"oteapan2\\\".\",\"meta\":{\"length_formatted\":\"5:39\"},\"image\":{\"src\":\"https:\/\/radiozapatista.org\/wp-includes\/images\/media\/audio.svg\",\"width\":48,\"height\":64},\"thumb\":{\"src\":\"https:\/\/radiozapatista.org\/wp-includes\/images\/media\/audio.svg\",\"width\":48,\"height\":64}},{\"src\":\"https:\/\/radiozapatista.org\/wp-content\/uploads\/2023\/04\/oteapan3.mp3\",\"type\":\"audio\/mpeg\",\"title\":\"Carta\",\"caption\":\"Carta para Bety Cari\\u00f1o y Jyri Jaakkola\",\"description\":\"Carta para Bety Cari\\u00f1o y Jyri Jaakkola\",\"meta\":{\"length_formatted\":\"4:14\"},\"image\":{\"src\":\"https:\/\/radiozapatista.org\/wp-includes\/images\/media\/audio.svg\",\"width\":48,\"height\":64},\"thumb\":{\"src\":\"https:\/\/radiozapatista.org\/wp-includes\/images\/media\/audio.svg\",\"width\":48,\"height\":64}}]}<\/script>\n<\/div>\n\t\n<p id=\"viewer-2ml7f\" class=\"mm8Nw _1j-51 WkT0MK _1FoOD _78FBa qEvi6J WkT0MK public-DraftStyleDefault-block-depth0 fixed-tab-size public-DraftStyleDefault-text-ltr\"><span class=\"_2PHJq public-DraftStyleDefault-ltr\">El panorama que enfrenta la comunidad de Oteapan no es muy diferente a lo que hemos documentado desde el primer d\u00eda. La 4T ha intentado por todos los medios posibles destruir el tejido comunitario para imponer el Corredor Interoce\u00e1nico junto con todos sus megaproyectos asociados.<\/span><\/p>\n<p>[podcast]https:\/\/radiozapatista.org\/wp-content\/uploads\/2023\/04\/oteapan1-1.mp3[\/podcast]<\/p>\n<p class=\"mm8Nw _1j-51 WkT0MK _1FoOD _78FBa qEvi6J WkT0MK public-DraftStyleDefault-block-depth0 fixed-tab-size public-DraftStyleDefault-text-ltr\"><span class=\"_2PHJq public-DraftStyleDefault-ltr\">Un joven de Oteapan denunci\u00f3 que hace dos a\u00f1os el gobierno expropi\u00f3 2000 hect\u00e1reas de la comunidad. Esta problem\u00e1tica tiene m\u00e1s de 80 a\u00f1os; en un principio el gobierno de Veracruz buscaba quitar a la comunidad 200 hect\u00e1reas. A partir de 2022, el Gobierno ha intentado remover 7 barrios: La Dina, Tierra Colorada, Tapalan, Porvenir, Rancho Alegre, Predio Viveros, y el Naranjal; estas tierras abarcan el territorio por donde pretenden pasar las v\u00edas del tren, y colindan con la carretera Trans\u00edstmico que conecta con Oaxaca.<\/span><\/p>\n<p><span class=\"_2PHJq public-DraftStyleDefault-ltr\">Ante estos hechos, la comunidad realiz\u00f3 un bloqueo de carretera el 7 de marzo de 2022, exigieron el di\u00e1logo y que se respetaran sus l\u00edmites territoriales. Sin embargo, tambi\u00e9n en esta comunidad la respuesta del Estado fue la violencia mediante el desalojo con cuerpos policiales y gas lacrim\u00f3geno; el 8 de marzo fueron golpeados por polic\u00edas, quienes quemaron 50 motos de personas de la comunidad y 4 autom\u00f3viles. <\/span><\/p>\n<blockquote id=\"viewer-e1447\" class=\"_3cMZT _3Dd1B b8KWBd _1FoOD _78FBa qEvi6J WkT0MK public-DraftStyleDefault-block-depth0 fixed-tab-size public-DraftStyleDefault-text-ltr\"><p><span class=\"_2PHJq public-DraftStyleDefault-ltr\">\u201c<em>No estamos de acuerdo a que el gobierno, venga a recoger un voto y nos trate de esa manera<\/em>.\u201d<\/span><\/p><\/blockquote>\n<div class=\"wp-playlist wp-audio-playlist wp-playlist-light\">\n\t\t\t<div class=\"wp-playlist-current-item\"><\/div>\n\t\t<audio controls=\"controls\" preload=\"none\" width=\"640\"\n\t\t\t><\/audio>\n\t<div class=\"wp-playlist-next\"><\/div>\n\t<div class=\"wp-playlist-prev\"><\/div>\n\t<noscript>\n\t<ol>\n\t\t<li><a href='https:\/\/radiozapatista.org\/wp-content\/uploads\/2023\/04\/octeapan2-5.mp3'>Cosoleacaque<\/a><\/li><li><a href='https:\/\/radiozapatista.org\/wp-content\/uploads\/2023\/04\/oteapan2-6.mp3'>Mujeres Defensoras Sanadoras<\/a><\/li>\t<\/ol>\n\t<\/noscript>\n\t<script type=\"application\/json\" class=\"wp-playlist-script\">{\"type\":\"audio\",\"tracklist\":true,\"tracknumbers\":true,\"images\":true,\"artists\":false,\"tracks\":[{\"src\":\"https:\/\/radiozapatista.org\/wp-content\/uploads\/2023\/04\/octeapan2-5.mp3\",\"type\":\"audio\/mpeg\",\"title\":\"Cosoleacaque\",\"caption\":\"Cosoleacaque - sobre corredor industrial\",\"description\":\"\\\"octeapan2-5\\\".\",\"meta\":{\"length_formatted\":\"3:12\"},\"image\":{\"src\":\"https:\/\/radiozapatista.org\/wp-includes\/images\/media\/audio.svg\",\"width\":48,\"height\":64},\"thumb\":{\"src\":\"https:\/\/radiozapatista.org\/wp-includes\/images\/media\/audio.svg\",\"width\":48,\"height\":64}},{\"src\":\"https:\/\/radiozapatista.org\/wp-content\/uploads\/2023\/04\/oteapan2-6.mp3\",\"type\":\"audio\/mpeg\",\"title\":\"Mujeres Defensoras Sanadoras\",\"caption\":\"Proceso de Articulaci\\u00f3n de la Sierra de Santa Marta\",\"description\":\"\\\"oteapan2-6\\\".\",\"meta\":{\"length_formatted\":\"5:33\"},\"image\":{\"src\":\"https:\/\/radiozapatista.org\/wp-includes\/images\/media\/audio.svg\",\"width\":48,\"height\":64},\"thumb\":{\"src\":\"https:\/\/radiozapatista.org\/wp-includes\/images\/media\/audio.svg\",\"width\":48,\"height\":64}}]}<\/script>\n<\/div>\n\t\n<p style=\"text-align: center;\"><a href=\"https:\/\/radiozapatista.org\/wp-content\/uploads\/2023\/04\/oteapan1.jpg\"><img loading=\"lazy\" decoding=\"async\" class=\"aligncenter size-large wp-image-44766\" src=\"https:\/\/radiozapatista.org\/wp-content\/uploads\/2023\/04\/oteapan1-1024x682.jpg\" alt=\"\" width=\"1024\" height=\"682\" srcset=\"https:\/\/radiozapatista.org\/wp-content\/uploads\/2023\/04\/oteapan1-1024x682.jpg 1024w, https:\/\/radiozapatista.org\/wp-content\/uploads\/2023\/04\/oteapan1-350x233.jpg 350w, https:\/\/radiozapatista.org\/wp-content\/uploads\/2023\/04\/oteapan1-768x512.jpg 768w, https:\/\/radiozapatista.org\/wp-content\/uploads\/2023\/04\/oteapan1-700x466.jpg 700w, https:\/\/radiozapatista.org\/wp-content\/uploads\/2023\/04\/oteapan1.jpg 1280w\" sizes=\"auto, (max-width: 1024px) 100vw, 1024px\" \/><\/a><br \/>\n<small>Foto: Dave Muoz<\/small><\/p>\n<p>Oteapan es una comunidad que ya fue desplazada una vez, en la memoria colectiva a\u00fan est\u00e1 presente que hace 300 a\u00f1os tuvieron que dejar sus tierras que se ubicaban en la frontera entre Tabasco y Veracruz. Ellos denuncian que ese desplazamiento fue tambi\u00e9n por \u201cproblemas de ricos\u201d; denuncian que ahora, despu\u00e9s de tantos a\u00f1os, nuevamente pretenden despojarlos los ricos para seguir destruyendo y haciendo dinero ahora con otras tierras.<\/p>\n<p>Mientras el evento trascurr\u00eda por la ma\u00f1ana, nos enteramos que el Plant\u00f3n Tierra y Libertad de Mogo\u00f1\u00e9 Viejo, en Oaxaca, lugar donde apenas hace un d\u00eda hab\u00eda estado la caravana, fue brutalmente desalojado por la Marina y la Guardia Nacional.<\/p>\n<p>La respuesta de la Caravana El Sur Resiste fue la de la solidaridad por medio de la acci\u00f3n organizada. Despu\u00e9s de anunciar las noticias, el Pueblo de Oteapan y de otras comunidades de Veracruz, decidieron bloquear la carretera Trans\u00edstmico.<\/p>\n<div class=\"wp-playlist wp-audio-playlist wp-playlist-light\">\n\t\t\t<div class=\"wp-playlist-current-item\"><\/div>\n\t\t<audio controls=\"controls\" preload=\"none\" width=\"640\"\n\t\t\t><\/audio>\n\t<div class=\"wp-playlist-next\"><\/div>\n\t<div class=\"wp-playlist-prev\"><\/div>\n\t<noscript>\n\t<ol>\n\t\t<li><a href='https:\/\/radiozapatista.org\/wp-content\/uploads\/2023\/04\/oteapan2-3.mp3'>Desalojo<\/a><\/li><li><a href='https:\/\/radiozapatista.org\/wp-content\/uploads\/2023\/04\/oteapan2-7.mp3'>Bloqueo<\/a><\/li>\t<\/ol>\n\t<\/noscript>\n\t<script type=\"application\/json\" class=\"wp-playlist-script\">{\"type\":\"audio\",\"tracklist\":true,\"tracknumbers\":true,\"images\":true,\"artists\":false,\"tracks\":[{\"src\":\"https:\/\/radiozapatista.org\/wp-content\/uploads\/2023\/04\/oteapan2-3.mp3\",\"type\":\"audio\/mpeg\",\"title\":\"Desalojo\",\"caption\":\"Anuncio del desalojo del campamento Tierra y Libertad\",\"description\":\"\\\"oteapan2-3\\\".\",\"meta\":{\"length_formatted\":\"1:59\"},\"image\":{\"src\":\"https:\/\/radiozapatista.org\/wp-includes\/images\/media\/audio.svg\",\"width\":48,\"height\":64},\"thumb\":{\"src\":\"https:\/\/radiozapatista.org\/wp-includes\/images\/media\/audio.svg\",\"width\":48,\"height\":64}},{\"src\":\"https:\/\/radiozapatista.org\/wp-content\/uploads\/2023\/04\/oteapan2-7.mp3\",\"type\":\"audio\/mpeg\",\"title\":\"Bloqueo\",\"caption\":\"Anuncio del bloqueo carretero en solidaridad con Mogo\\u00f1e Viejo\",\"description\":\"\\\"oteapan2-7\\\".\",\"meta\":{\"length_formatted\":\"1:47\"},\"image\":{\"src\":\"https:\/\/radiozapatista.org\/wp-includes\/images\/media\/audio.svg\",\"width\":48,\"height\":64},\"thumb\":{\"src\":\"https:\/\/radiozapatista.org\/wp-includes\/images\/media\/audio.svg\",\"width\":48,\"height\":64}}]}<\/script>\n<\/div>\n\t\n<p style=\"text-align: center;\"><a href=\"https:\/\/radiozapatista.org\/wp-content\/uploads\/2023\/04\/oteapan2.jpg\"><img loading=\"lazy\" decoding=\"async\" class=\"aligncenter size-large wp-image-44767\" src=\"https:\/\/radiozapatista.org\/wp-content\/uploads\/2023\/04\/oteapan2-1024x682.jpg\" alt=\"\" width=\"1024\" height=\"682\" srcset=\"https:\/\/radiozapatista.org\/wp-content\/uploads\/2023\/04\/oteapan2-1024x682.jpg 1024w, https:\/\/radiozapatista.org\/wp-content\/uploads\/2023\/04\/oteapan2-350x233.jpg 350w, https:\/\/radiozapatista.org\/wp-content\/uploads\/2023\/04\/oteapan2-768x512.jpg 768w, https:\/\/radiozapatista.org\/wp-content\/uploads\/2023\/04\/oteapan2-700x466.jpg 700w, https:\/\/radiozapatista.org\/wp-content\/uploads\/2023\/04\/oteapan2.jpg 1280w\" sizes=\"auto, (max-width: 1024px) 100vw, 1024px\" \/><\/a><br \/>\n<small>Foto: David Valero<\/small><\/p>\n<h3>Tiradero de coque a cielo abierto<\/h3>\n<p>Desde el 2013, se instal\u00f3 en Jaltipan, municipio colindante con Oteapan, un tiradero de coque a cielo abierto sobre manantiales proyectos. A la planta llegan desechos t\u00f3xicos del proceso de refinaci\u00f3n del petr\u00f3leo en la planta de Pemex, General L\u00e1zaro C\u00e1rdenas, en Minatitl\u00e1n, Veracruz.<\/p>\n<div class=\"wp-playlist wp-audio-playlist wp-playlist-light\">\n\t\t\t<div class=\"wp-playlist-current-item\"><\/div>\n\t\t<audio controls=\"controls\" preload=\"none\" width=\"640\"\n\t\t\t><\/audio>\n\t<div class=\"wp-playlist-next\"><\/div>\n\t<div class=\"wp-playlist-prev\"><\/div>\n\t<noscript>\n\t<ol>\n\t\t<li><a href='https:\/\/radiozapatista.org\/wp-content\/uploads\/2023\/04\/octeapan2-4.mp3'>Chogosteros en Acci\u00f3n<\/a><\/li>\t<\/ol>\n\t<\/noscript>\n\t<script type=\"application\/json\" class=\"wp-playlist-script\">{\"type\":\"audio\",\"tracklist\":true,\"tracknumbers\":true,\"images\":true,\"artists\":false,\"tracks\":[{\"src\":\"https:\/\/radiozapatista.org\/wp-content\/uploads\/2023\/04\/octeapan2-4.mp3\",\"type\":\"audio\/mpeg\",\"title\":\"Chogosteros en Acci\\u00f3n\",\"caption\":\"\",\"description\":\"\\\"octeapan2-4\\\".\",\"meta\":{\"length_formatted\":\"5:53\"},\"image\":{\"src\":\"https:\/\/radiozapatista.org\/wp-includes\/images\/media\/audio.svg\",\"width\":48,\"height\":64},\"thumb\":{\"src\":\"https:\/\/radiozapatista.org\/wp-includes\/images\/media\/audio.svg\",\"width\":48,\"height\":64}}]}<\/script>\n<\/div>\n\t\n<p>Por a\u00f1os, la comunidad de Jaltipan y tambi\u00e9n de otras comunidades aleda\u00f1as han denunciado los impactos negativos de dicha actividad en el medio ambiente de la regi\u00f3n y tambi\u00e9n en la salud de los habitantes. Sin embargo, ninguna autoridad ha atendido las denuncias de la poblaci\u00f3n, y hasta el momento, la planta contin\u00faa operando.<\/p>\n<p>Al hablar con una joven de la comunidad, nos expresa su preocupaci\u00f3n por vivir cerca de esta planta, que, aunque no se encuentra en Oteapan, impacta a toda la regi\u00f3n.<\/p>\n<blockquote><p>\u201c<em>El Coque es sumamente t\u00f3xico, contamina el manto fri\u00e1tico, los gases se evaporan y se esparcen por la toda la zona\u2026 no sabemos hasta donde llegue, es sumamente cancer\u00edgeno.<\/em>\u201d<\/p><\/blockquote>\n<p>De acuerdo con los pobladores, campesinos que viven cerca de la planta de coque han podido observar que las actividades comienzan a acercarse a tierras de Oteapan; una problem\u00e1tica m\u00e1s que ninguno de los tres niveles de gobierno ha atendido hasta el momento.<\/p>\n<p style=\"text-align: center;\"><a href=\"https:\/\/radiozapatista.org\/wp-content\/uploads\/2023\/04\/oteapan3.jpg\"><img loading=\"lazy\" decoding=\"async\" class=\"aligncenter size-large wp-image-44768\" src=\"https:\/\/radiozapatista.org\/wp-content\/uploads\/2023\/04\/oteapan3-1024x639.jpg\" alt=\"\" width=\"1024\" height=\"639\" srcset=\"https:\/\/radiozapatista.org\/wp-content\/uploads\/2023\/04\/oteapan3-1024x639.jpg 1024w, https:\/\/radiozapatista.org\/wp-content\/uploads\/2023\/04\/oteapan3-350x219.jpg 350w, https:\/\/radiozapatista.org\/wp-content\/uploads\/2023\/04\/oteapan3-768x480.jpg 768w, https:\/\/radiozapatista.org\/wp-content\/uploads\/2023\/04\/oteapan3.jpg 1467w\" sizes=\"auto, (max-width: 1024px) 100vw, 1024px\" \/><\/a><\/p>\n<h2 id=\"viewer-s32n\" class=\"eSWI6 _1j-51 blog-post-title-font t35QI2 EDIPYa _1FoOD _3M0Fe T3Ond1 WkT0MK public-DraftStyleDefault-block-depth0 fixed-tab-size public-DraftStyleDefault-text-ltr\"><span class=\"_2PHJq public-DraftStyleDefault-ltr\">Marina desaloja a plant\u00f3n Tierra y Libertad en Mogo\u00f1e Viejo, Oaxaca<\/span><\/h2>\n<div data-hook=\"rcv-block41\"><span class=\"_2PHJq public-DraftStyleDefault-ltr\">Durante nuestra visita en el plant\u00f3n Tierra y Libertad en Mogo\u00f1e Viejo, Oaxaca pudimos observar c\u00f3mo camionetas con elementos de la Secretar\u00eda de Marina (SEMAR) y de la Guardia Nacional rondaban las inmediaciones del espacio en resistencia.<\/span><\/div>\n<p id=\"viewer-1aluk\" class=\"mm8Nw _1j-51 WkT0MK _1FoOD _3M0Fe T3Ond1 WkT0MK public-DraftStyleDefault-block-depth0 fixed-tab-size public-DraftStyleDefault-text-ltr\"><span class=\"_2PHJq public-DraftStyleDefault-ltr\">El d\u00eda de hoy, mientras la caravana El Sur Resiste se encontraba en Oteapan, Veracruz, fuimos informados que aproximadamente a as 10am del d\u00eda de hoy, 28 de abril, el plant\u00f3n fue desalojado por elementos armados de la SEMAR, Guardia Nacional y polic\u00eda municipal.<\/span><\/p>\n<div data-hook=\"rcv-block45\"><span class=\"_2PHJq public-DraftStyleDefault-ltr\">De acuerdo con los testimonios de miembros de la Uni\u00f3n de Comunidades Ind\u00edgenas de la Zona Norte del Istmo (UCIZONI), los elementos llegaron por dos puntos y comenzaron a destruir el campamento, as\u00ed como a golpear y violentar a hombres y mujeres que se encontraban ah\u00ed.<\/span><\/div>\n<p id=\"viewer-4qebm\" class=\"mm8Nw _1j-51 WkT0MK _1FoOD _3M0Fe T3Ond1 WkT0MK public-DraftStyleDefault-block-depth0 fixed-tab-size public-DraftStyleDefault-text-ltr\"><span class=\"_2PHJq public-DraftStyleDefault-ltr\">Hasta el momento, se informa de la detenci\u00f3n de 4 comuneras y 2 comuneros. Incluimos aqu\u00ed el comunicado enviado por la UCIZONI a las 3pm: <\/span><\/p>\n<blockquote><p><em>8 de abril de 2023.<\/em><\/p>\n<p><em>15.00 horas. Despu\u00e9s del violento desalojo sufrido por campesinos y campesinas mixes de Mogo\u00f1e Viejo afectados por las obras de modernizaci\u00f3n del ferrocarril del Istmo de Tehuantepec a manos de decenas de elementos de la Secretaria de Marina, de la Polic\u00eda estatal y de la Guardia Nacional, y donde fueron detenidas 4 ejidatarias y 2 ejidatarios, informamos que las detenidas no aparecen y se presume que fueron trasladadas a la capital del estado de Oaxaca.<\/em><\/p>\n<p><em>Tambi\u00e9n comunicamos que se estableci\u00f3 desde las 12.40 horas un bloqueo carretero a la altura del puente Malatengo, mismo que ha sufrido intimidaciones por parte de la Secretar\u00eda de la Marina; tambi\u00e9n se reinstal\u00f3 el Campamento Tierra Libertad. Organizaciones internacionales de derechos humanos y decenas de organizaciones nacionales est\u00e1n manifestando su indignaci\u00f3n por el ataque sufrido esta ma\u00f1ana contra ejidatarios y ejidatarias mixes de Mogo\u00f1e Viejo y exigen la inmediata liberaci\u00f3n de las y los detenidas.<\/em><\/p><\/blockquote>\n<p align=\"center\"><a href=\"https:\/\/radiozapatista.org\/wp-content\/uploads\/2023\/04\/oteapan4.jpg\"><img loading=\"lazy\" decoding=\"async\" class=\"aligncenter size-large wp-image-44769\" src=\"https:\/\/radiozapatista.org\/wp-content\/uploads\/2023\/04\/oteapan4-1024x682.jpg\" alt=\"\" width=\"1024\" height=\"682\" srcset=\"https:\/\/radiozapatista.org\/wp-content\/uploads\/2023\/04\/oteapan4-1024x682.jpg 1024w, https:\/\/radiozapatista.org\/wp-content\/uploads\/2023\/04\/oteapan4-350x233.jpg 350w, https:\/\/radiozapatista.org\/wp-content\/uploads\/2023\/04\/oteapan4-768x512.jpg 768w, https:\/\/radiozapatista.org\/wp-content\/uploads\/2023\/04\/oteapan4-700x466.jpg 700w, https:\/\/radiozapatista.org\/wp-content\/uploads\/2023\/04\/oteapan4.jpg 1280w\" sizes=\"auto, (max-width: 1024px) 100vw, 1024px\" \/><\/a><br \/>\n<small>Foto: David Valero<\/small><\/p>\n<p>Las acciones de la SEMAR y de la Guardia Nacional, y por ende del Gobierno Federal y del presidente Andr\u00e9s Manuel L\u00f3pez Obrador, representan una grave violaci\u00f3n a los derechos humanos, incluyendo el derecho a la protesta, el derecho a la libre expresi\u00f3n, el derecho de asociaci\u00f3n, el derecho a la integridad f\u00edsica, y el derecho de los Pueblos Originarios a la libre autodeterminaci\u00f3n, as\u00ed como el derecho a no ser v\u00edctima de malos tratos, y detenciones arbitrarias.<\/p>\n<p>Lo sucedido en Mogo\u00f1e Viejo, Oaxaca, es sumamente grave y requiere que organizaciones de derechos humanos a nivel nacional e internacional condenen estos hechos que demuestran la naturaleza del gobierno de L\u00f3pez Obrador, un gobierno que se ha caracterizado por dividir a comunidades, reprimir y criminalizar actos de protesta, y por la imposici\u00f3n de proyectos ecocidas y etnocidas por intereses econ\u00f3micos de empresas trasnacionales.<\/p>\n<p>Se hace un llamado tambi\u00e9n a todos los colectivos, comunidad e invidividuxs solidaridarios a nivel nacional e internacional a expresar su apoyo a la comunidad de Mogo\u00f1e y las 32 comunidades que conforman la UCIZONI y en repudio a las acciones represivas y autoritarias del Gobierno de M\u00e9xico.<\/p>\n<p>Lo mencionamos en nuestro reporte sobre la visita a Mongo\u00f1e Viejo; la tierra es de quien la trabaja, de quien la defiende, de quien la habita, de quien la pisa, de quien la ama y de quien la defiende. Por eso los derechos internacionales reconocen el derecho de los Pueblos Originarios a la libre autodeterminaci\u00f3n, y este derecho implica decidir qu\u00e9 hacer en los territorios que habitan. Las tierras de Mongo\u00f1e Viejo le pertenecen a las personas de Mongo\u00f1e, no a L\u00f3pez Obrador, ni a cualquier empresa nacional o transnacional.<\/p>\n<p>En las palabras de una compa\u00f1era de la UCIZONI:<\/p>\n<blockquote><p>\u201c<em>Sabemos que el gobierno de Oaxaca ha dicho que, si no nos vamos, nos van a desalojar. \u00bfC\u00f3mo se atreven a decir esto? Ellos son los extra\u00f1os y nosotros somos los due\u00f1os de esta tierra. Nuestros antepasados defendieron esta tierra, por eso existe, entonces \u00bfc\u00f3mo van a desalojarnos de nuestra tierra?<\/em>\u201d<\/p><\/blockquote>\n<p>A trav\u00e9s de nuestro sitio web, y nuestras redes sociales seguiremos actualizando la informaci\u00f3n sobre Mongo\u00f1e Viejo y las y los compa\u00f1eros detenidas\/os. Nos sumamos a la exigencia por su libertad, as\u00ed como la exigencia de terminar con la imposici\u00f3n del Proyecto de Desarrollo del Corredor.<\/p>\n<p><div class=\"slider js_slider\">\n\t                <div class=\"frame js_frame\">\n\t                    <ul class=\"slides js_slides\"><li class=\"js_slide\"><img loading=\"lazy\" decoding=\"async\" width=\"1280\" height=\"960\" src=\"https:\/\/radiozapatista.org\/wp-content\/uploads\/2023\/04\/343989027_1318550528724646_5015780585424527630_n.jpg\" class=\"attachment- size-\" alt=\"\" srcset=\"https:\/\/radiozapatista.org\/wp-content\/uploads\/2023\/04\/343989027_1318550528724646_5015780585424527630_n.jpg 1280w, https:\/\/radiozapatista.org\/wp-content\/uploads\/2023\/04\/343989027_1318550528724646_5015780585424527630_n-350x263.jpg 350w, https:\/\/radiozapatista.org\/wp-content\/uploads\/2023\/04\/343989027_1318550528724646_5015780585424527630_n-768x576.jpg 768w, https:\/\/radiozapatista.org\/wp-content\/uploads\/2023\/04\/343989027_1318550528724646_5015780585424527630_n-1024x768.jpg 1024w\" sizes=\"auto, (max-width: 1280px) 100vw, 1280px\" \/><\/li><li class=\"js_slide\"><img loading=\"lazy\" decoding=\"async\" width=\"1280\" height=\"960\" src=\"https:\/\/radiozapatista.org\/wp-content\/uploads\/2023\/04\/343979208_1271091876831782_4447426608976069192_n.jpg\" class=\"attachment- size-\" alt=\"\" srcset=\"https:\/\/radiozapatista.org\/wp-content\/uploads\/2023\/04\/343979208_1271091876831782_4447426608976069192_n.jpg 1280w, https:\/\/radiozapatista.org\/wp-content\/uploads\/2023\/04\/343979208_1271091876831782_4447426608976069192_n-350x263.jpg 350w, https:\/\/radiozapatista.org\/wp-content\/uploads\/2023\/04\/343979208_1271091876831782_4447426608976069192_n-768x576.jpg 768w, https:\/\/radiozapatista.org\/wp-content\/uploads\/2023\/04\/343979208_1271091876831782_4447426608976069192_n-1024x768.jpg 1024w\" sizes=\"auto, (max-width: 1280px) 100vw, 1280px\" \/><\/li><li class=\"js_slide\"><img loading=\"lazy\" decoding=\"async\" width=\"1280\" height=\"720\" src=\"https:\/\/radiozapatista.org\/wp-content\/uploads\/2023\/04\/343632459_195339770001450_3182372742209246751_n.jpg\" class=\"attachment- size-\" alt=\"\" srcset=\"https:\/\/radiozapatista.org\/wp-content\/uploads\/2023\/04\/343632459_195339770001450_3182372742209246751_n.jpg 1280w, https:\/\/radiozapatista.org\/wp-content\/uploads\/2023\/04\/343632459_195339770001450_3182372742209246751_n-350x197.jpg 350w, https:\/\/radiozapatista.org\/wp-content\/uploads\/2023\/04\/343632459_195339770001450_3182372742209246751_n-768x432.jpg 768w, https:\/\/radiozapatista.org\/wp-content\/uploads\/2023\/04\/343632459_195339770001450_3182372742209246751_n-1024x576.jpg 1024w\" sizes=\"auto, (max-width: 1280px) 100vw, 1280px\" \/><\/li><li class=\"js_slide\"><img loading=\"lazy\" decoding=\"async\" width=\"1280\" height=\"960\" src=\"https:\/\/radiozapatista.org\/wp-content\/uploads\/2023\/04\/343112673_269454785438610_7776750090257859336_n.jpg\" class=\"attachment- size-\" alt=\"\" srcset=\"https:\/\/radiozapatista.org\/wp-content\/uploads\/2023\/04\/343112673_269454785438610_7776750090257859336_n.jpg 1280w, https:\/\/radiozapatista.org\/wp-content\/uploads\/2023\/04\/343112673_269454785438610_7776750090257859336_n-350x263.jpg 350w, https:\/\/radiozapatista.org\/wp-content\/uploads\/2023\/04\/343112673_269454785438610_7776750090257859336_n-768x576.jpg 768w, https:\/\/radiozapatista.org\/wp-content\/uploads\/2023\/04\/343112673_269454785438610_7776750090257859336_n-1024x768.jpg 1024w\" sizes=\"auto, (max-width: 1280px) 100vw, 1280px\" \/><\/li><li class=\"js_slide\"><img loading=\"lazy\" decoding=\"async\" width=\"800\" height=\"424\" src=\"https:\/\/radiozapatista.org\/wp-content\/uploads\/2023\/04\/343573373_3432422543741249_3049195755400636993_n.jpg\" class=\"attachment- size-\" alt=\"\" srcset=\"https:\/\/radiozapatista.org\/wp-content\/uploads\/2023\/04\/343573373_3432422543741249_3049195755400636993_n.jpg 800w, https:\/\/radiozapatista.org\/wp-content\/uploads\/2023\/04\/343573373_3432422543741249_3049195755400636993_n-350x186.jpg 350w, https:\/\/radiozapatista.org\/wp-content\/uploads\/2023\/04\/343573373_3432422543741249_3049195755400636993_n-768x407.jpg 768w\" sizes=\"auto, (max-width: 800px) 100vw, 800px\" \/><\/li><li class=\"js_slide\"><img loading=\"lazy\" decoding=\"async\" width=\"1280\" height=\"853\" src=\"https:\/\/radiozapatista.org\/wp-content\/uploads\/2023\/04\/oteapan4.jpg\" class=\"attachment- size-\" alt=\"\" srcset=\"https:\/\/radiozapatista.org\/wp-content\/uploads\/2023\/04\/oteapan4.jpg 1280w, https:\/\/radiozapatista.org\/wp-content\/uploads\/2023\/04\/oteapan4-350x233.jpg 350w, https:\/\/radiozapatista.org\/wp-content\/uploads\/2023\/04\/oteapan4-768x512.jpg 768w, https:\/\/radiozapatista.org\/wp-content\/uploads\/2023\/04\/oteapan4-1024x682.jpg 1024w, https:\/\/radiozapatista.org\/wp-content\/uploads\/2023\/04\/oteapan4-700x466.jpg 700w\" sizes=\"auto, (max-width: 1280px) 100vw, 1280px\" \/><\/li><li class=\"js_slide\"><img loading=\"lazy\" decoding=\"async\" width=\"1467\" height=\"916\" src=\"https:\/\/radiozapatista.org\/wp-content\/uploads\/2023\/04\/oteapan3.jpg\" class=\"attachment- size-\" alt=\"\" srcset=\"https:\/\/radiozapatista.org\/wp-content\/uploads\/2023\/04\/oteapan3.jpg 1467w, https:\/\/radiozapatista.org\/wp-content\/uploads\/2023\/04\/oteapan3-350x219.jpg 350w, https:\/\/radiozapatista.org\/wp-content\/uploads\/2023\/04\/oteapan3-768x480.jpg 768w, https:\/\/radiozapatista.org\/wp-content\/uploads\/2023\/04\/oteapan3-1024x639.jpg 1024w\" sizes=\"auto, (max-width: 1467px) 100vw, 1467px\" \/><\/li><li class=\"js_slide\"><img loading=\"lazy\" decoding=\"async\" width=\"1280\" height=\"853\" src=\"https:\/\/radiozapatista.org\/wp-content\/uploads\/2023\/04\/oteapan2.jpg\" class=\"attachment- size-\" alt=\"\" srcset=\"https:\/\/radiozapatista.org\/wp-content\/uploads\/2023\/04\/oteapan2.jpg 1280w, https:\/\/radiozapatista.org\/wp-content\/uploads\/2023\/04\/oteapan2-350x233.jpg 350w, https:\/\/radiozapatista.org\/wp-content\/uploads\/2023\/04\/oteapan2-768x512.jpg 768w, https:\/\/radiozapatista.org\/wp-content\/uploads\/2023\/04\/oteapan2-1024x682.jpg 1024w, https:\/\/radiozapatista.org\/wp-content\/uploads\/2023\/04\/oteapan2-700x466.jpg 700w\" sizes=\"auto, (max-width: 1280px) 100vw, 1280px\" \/><\/li><li class=\"js_slide\"><img loading=\"lazy\" decoding=\"async\" width=\"1280\" height=\"853\" src=\"https:\/\/radiozapatista.org\/wp-content\/uploads\/2023\/04\/oteapan1.jpg\" class=\"attachment- size-\" alt=\"\" srcset=\"https:\/\/radiozapatista.org\/wp-content\/uploads\/2023\/04\/oteapan1.jpg 1280w, https:\/\/radiozapatista.org\/wp-content\/uploads\/2023\/04\/oteapan1-350x233.jpg 350w, https:\/\/radiozapatista.org\/wp-content\/uploads\/2023\/04\/oteapan1-768x512.jpg 768w, https:\/\/radiozapatista.org\/wp-content\/uploads\/2023\/04\/oteapan1-1024x682.jpg 1024w, https:\/\/radiozapatista.org\/wp-content\/uploads\/2023\/04\/oteapan1-700x466.jpg 700w\" sizes=\"auto, (max-width: 1280px) 100vw, 1280px\" \/><\/li>\t<\/ul>\n\t                <\/div>\n\t\t\t\t\t<span class=\"js_prev rz_slider_nav\"><svg xmlns='http:\/\/www.w3.org\/2000\/svg' viewBox='0 0 40 70'>\n\t<line x1='37' y1='3' x2='3' y2='36' style='stroke:white;stroke-width:5px' \/>\n\t<line x1='3' y1='34' x2='37' y2='67' style='stroke:white;stroke-width:5px' \/>\n<\/svg><\/span>\n\t\t\t\t\t<span class=\"js_next rz_slider_nav\"><svg xmlns='http:\/\/www.w3.org\/2000\/svg' viewBox='0 0 40 70'>\n\t<line x1='3' y1='3' x2='35' y2='36' style='stroke:white;stroke-width:5px' \/>\n\t<line x1='35' y1='34' x2='3' y2='67' style='stroke:white;stroke-width:5px' \/>\n<\/svg><\/span><\/div><script>\n\t'use strict';\n\n\tif(!window.slideshowCodeAlreadyRun) {\n\t\twindow.slideshowCodeAlreadyRun = true;\n\t\tdocument.addEventListener('DOMContentLoaded', function(){\n\t\t\tvar slidersMarkup = document.querySelectorAll('.js_slider'),\n\t\t\t\tsliders = [];\n\n\t        Array.prototype.slice.call(slidersMarkup).forEach(function (element, index) {\n\t            sliders.push( lory(element, {\n\t\t\t\t    \tinfinite: 1\n\t\t            })\n\t\t\t\t);\n\t\t\t\t\/\/ console.log(sliders);\n\t        });\n\n\t\t\t\/\/ reset sliders. firefox bug?\n\t\t\t\/\/ setTimeout(function () {\n\t\t\t\/\/ \tsliders.forEach(function(slider){\n\t\t\t\/\/ \t\tconsole.log(slider);\n\t\t\t\/\/ \t\tslider.reset(); \n\t\t\t\/\/ \t\t\/\/ slider.slideTo(1);\n\t\t\t\/\/ \t});\n\t\t\t\/\/ }, 100);\n\t\n\t\t}); \n\t}\n\t<\/script><\/p>","protected":false},"excerpt":{"rendered":"<p>La caravana llega a Oteapan, centro geogr\u00e1fico del Corredor Trans\u00edstmico Texto: Observatorio Memoria y Libertad Fotos: Karen Castillo | Dave Muoz | David Valero | APIIDTT Audios extra\u00eddos de: Videos de APIIDTT Edici\u00f3n: Radio Zapatista En el 4to d\u00eda de la caravana El Sur Resiste, nos dirigimos a la comunidad de Oteapan en Veracruz. Esta [&hellip;]<\/p>\n","protected":false},"author":1,"featured_media":44782,"comment_status":"open","ping_status":"closed","sticky":false,"template":"","format":"standard","meta":{"footnotes":""},"categories":[1,957,958,954,962,190],"tags":[1288,79,1408,655,567,147,948,87],"class_list":["post-44765","post","type-post","status-publish","format-standard","has-post-thumbnail","hentry","category-audio","category-autonomia","category-megaproyectos","category-mexico","category-presos","category-radiozapatista","tag-4t","tag-autonomia","tag-el-sur-resiste","tag-istmo","tag-megaproyectos","tag-militarizacion","tag-presos","tag-represion"],"_links":{"self":[{"href":"https:\/\/radiozapatista.org\/index.php?rest_route=\/wp\/v2\/posts\/44765","targetHints":{"allow":["GET"]}}],"collection":[{"href":"https:\/\/radiozapatista.org\/index.php?rest_route=\/wp\/v2\/posts"}],"about":[{"href":"https:\/\/radiozapatista.org\/index.php?rest_route=\/wp\/v2\/types\/post"}],"author":[{"embeddable":true,"href":"https:\/\/radiozapatista.org\/index.php?rest_route=\/wp\/v2\/users\/1"}],"replies":[{"embeddable":true,"href":"https:\/\/radiozapatista.org\/index.php?rest_route=%2Fwp%2Fv2%2Fcomments&post=44765"}],"version-history":[{"count":4,"href":"https:\/\/radiozapatista.org\/index.php?rest_route=\/wp\/v2\/posts\/44765\/revisions"}],"predecessor-version":[{"id":44787,"href":"https:\/\/radiozapatista.org\/index.php?rest_route=\/wp\/v2\/posts\/44765\/revisions\/44787"}],"wp:featuredmedia":[{"embeddable":true,"href":"https:\/\/radiozapatista.org\/index.php?rest_route=\/wp\/v2\/media\/44782"}],"wp:attachment":[{"href":"https:\/\/radiozapatista.org\/index.php?rest_route=%2Fwp%2Fv2%2Fmedia&parent=44765"}],"wp:term":[{"taxonomy":"category","embeddable":true,"href":"https:\/\/radiozapatista.org\/index.php?rest_route=%2Fwp%2Fv2%2Fcategories&post=44765"},{"taxonomy":"post_tag","embeddable":true,"href":"https:\/\/radiozapatista.org\/index.php?rest_route=%2Fwp%2Fv2%2Ftags&post=44765"}],"curies":[{"name":"wp","href":"https:\/\/api.w.org\/{rel}","templated":true}]}}