{"id":44757,"date":"2023-04-28T21:06:12","date_gmt":"2023-04-29T03:06:12","guid":{"rendered":"https:\/\/radiozapatista.org\/?p=44757"},"modified":"2023-04-28T21:06:12","modified_gmt":"2023-04-29T03:06:12","slug":"comunicado-de-la-caravana-el-sur-resiste-ante-la-represion-y-desalojo-del-planton-tierra-y-libertad","status":"publish","type":"post","link":"https:\/\/radiozapatista.org\/?p=44757","title":{"rendered":"Comunicado de la Caravana El Sur Resiste ante la represi\u00f3n y desalojo del plant\u00f3n &#8220;Tierra y Libertad&#8221;"},"content":{"rendered":"<p><\/p>\n<h3 style=\"text-align: center;\">Comunicado de la Caravana Nacional e Internacional El Sur Resiste ante la represi\u00f3n y desalojo del plant\u00f3n &#8220;Tierra y Libertad&#8221; en la comunidad\u00a0 Mogo\u00f1e Viejo, Huichicovi, Oaxaca. M\u00e9xico.<\/h3>\n<p style=\"text-align: center;\">Viernes 28 de abril del 2023<br \/>\nDesde Oteapan, Veracruz<br \/>\nCaravana \u00a1El Sur Resiste!<\/p>\n<p style=\"text-align: center;\">C O M U N I C A D O\u00a0\u00a0\u00a0\u00a0 U R G E N T E<br \/>\nMogo\u00f1\u00e9 Viejo, municipio de San Juan Guichicovi, Oaxaca.<\/p>\n<p>La madrugada de este hoy, la Marina Armada de M\u00e9xico, la Guardia Nacional y la Polic\u00eda estatal de Oaxaca, han desalojado el Campamento Tierra y Libertad, que la comunidad ind\u00edgena mixe de Mogo\u00f1\u00e9 Viejo, manten\u00eda desde hace 61 d\u00edas, en las v\u00edas del ferrocarril, que forma parte del megaproyecto denominado \u201cCorredor Interoce\u00e1nico\u201d. Desde la noche del jueves, alrededor de las 22:38 la Guardia Nacional rode\u00f3 el Campamento Tierra y Libertad y se llevaron detenidas a seis compa\u00f1eras y compa\u00f1eros, Mar\u00eda Magdalena Mart\u00ednez Isabel, Fernando Hern\u00e1ndez G\u00f3mez, Adela Severo Teodoro, Esperanza Mart\u00ednez Isabel, Elizabeth Mart\u00ednez Isabel y Eliodoro Mart\u00ednez Isabel, de quienes a\u00fan desconocemos su paradero.<\/p>\n<p><img loading=\"lazy\" decoding=\"async\" src=\"https:\/\/www.elsurresiste.org\/sites\/elsurresiste\/files\/inline-images\/img-20230428-wa0027.jpg\" alt=\"\" width=\"2048\" height=\"951\" data-file-id=\"84\" \/><\/p>\n<p>Adem\u00e1s, la compa\u00f1era Adela Severo fue golpeada por elementos de estos grupos militares, el ataque recibido ha violentado un espacio compuesto en su mayor\u00eda por mujeres ind\u00edgenas que se encuentran en la defensa del territorio. Este es un ataque violento, mis\u00f3gino, clasista, racista y patriarcal del que responsabilizamos a los tres niveles de gobierno (municipal, estatal y federal). Se trata del acto de un gobierno totalitario y militar represivo que responde a intereses ecocidas.<\/p>\n<p>Repudiamos esta acci\u00f3n criminal de detenci\u00f3n y represi\u00f3n f\u00edsica hacia las mujeres. Es una acci\u00f3n patriarcal que pretende desarticular a quienes est\u00e1n dando fuerza y dignidad a la lucha por la vida y la defensa de la Madre Tierra frente a los proyectos de muerte.<\/p>\n<p>El d\u00eda de ayer jueves 27 de abril, recorrimos como Caravana \u201cEl Sur Resiste\u201d el territorio defendido por las hermanas y hermanos de Mogo\u00f1\u00e9, ellas nos hablaron de la tensi\u00f3n que viv\u00edan por las amenazas de desalojo por parte del gobierno federal. Nosotrxs como Caravana hemos experimentado el hostigamiento que implica la presencia constante de la Marina, la Guardia Nacional y los oficiales del Instituto Nacional de Migraci\u00f3n, quienes nos han grabado y vigilado durante nuestro trayecto.<\/p>\n<p>Exigimos un cese a la represi\u00f3n y persecuci\u00f3n de las y los compa\u00f1eros que defienden el territorio. Alto a la intimidaci\u00f3n a la Caravana y a las luchas de los pueblos que resisten al Corredor Interoce\u00e1nico, al Tren mal llamado Maya y a todos los proyectos de muerte de este mal gobierno.<\/p>\n<p>Exigimos la aparici\u00f3n inmediata de las compa\u00f1eras y compa\u00f1eros detenidos<br \/>\nResponsabilizamos al Gobierno Federal encabezado por Andr\u00e9s Manuel L\u00f3pez Obrador por el clima te tensi\u00f3n y la violencia generada contra nuestros compa\u00f1eras y compa\u00f1eros y contra todas las organizaciones que enfrentamos sus proyectos de muerte.<\/p>\n<p>\u00a1Si tocan un pueblo respondemos todos!<\/p>\n<p>Sepan bien que no nos intimidan, como nos ense\u00f1a nuestra hermana Betty Cari\u00f1o, quien el d\u00eda de ayer cumpli\u00f3 13 de ser asesinada en un acto criminal del Estado contra una Caravana humanitaria, similar al vivido el d\u00eda de hoy en Mogo\u00f1\u00e9 Viejo: nos tienen miedo porque no les tenemos miedo.<\/p>\n<p>Caravana nacional e internacional \u201cEl Sur Resiste\u201d<\/p>","protected":false},"excerpt":{"rendered":"<p>Comunicado de la Caravana Nacional e Internacional El Sur Resiste ante la represi\u00f3n y desalojo del plant\u00f3n &#8220;Tierra y Libertad&#8221; en la comunidad\u00a0 Mogo\u00f1e Viejo, Huichicovi, Oaxaca. M\u00e9xico. Viernes 28 de abril del 2023 Desde Oteapan, Veracruz Caravana \u00a1El Sur Resiste! C O M U N I C A D O\u00a0\u00a0\u00a0\u00a0 U R G E [&hellip;]<\/p>\n","protected":false},"author":1,"featured_media":44758,"comment_status":"open","ping_status":"closed","sticky":false,"template":"","format":"standard","meta":{"footnotes":""},"categories":[957,1024,958,954,962],"tags":[1288,1408,918,948],"class_list":["post-44757","post","type-post","status-publish","format-standard","has-post-thumbnail","hentry","category-autonomia","category-cni-temas","category-megaproyectos","category-mexico","category-presos","tag-4t","tag-el-sur-resiste","tag-oaxaca","tag-presos"],"_links":{"self":[{"href":"https:\/\/radiozapatista.org\/index.php?rest_route=\/wp\/v2\/posts\/44757","targetHints":{"allow":["GET"]}}],"collection":[{"href":"https:\/\/radiozapatista.org\/index.php?rest_route=\/wp\/v2\/posts"}],"about":[{"href":"https:\/\/radiozapatista.org\/index.php?rest_route=\/wp\/v2\/types\/post"}],"author":[{"embeddable":true,"href":"https:\/\/radiozapatista.org\/index.php?rest_route=\/wp\/v2\/users\/1"}],"replies":[{"embeddable":true,"href":"https:\/\/radiozapatista.org\/index.php?rest_route=%2Fwp%2Fv2%2Fcomments&post=44757"}],"version-history":[{"count":1,"href":"https:\/\/radiozapatista.org\/index.php?rest_route=\/wp\/v2\/posts\/44757\/revisions"}],"predecessor-version":[{"id":44759,"href":"https:\/\/radiozapatista.org\/index.php?rest_route=\/wp\/v2\/posts\/44757\/revisions\/44759"}],"wp:featuredmedia":[{"embeddable":true,"href":"https:\/\/radiozapatista.org\/index.php?rest_route=\/wp\/v2\/media\/44758"}],"wp:attachment":[{"href":"https:\/\/radiozapatista.org\/index.php?rest_route=%2Fwp%2Fv2%2Fmedia&parent=44757"}],"wp:term":[{"taxonomy":"category","embeddable":true,"href":"https:\/\/radiozapatista.org\/index.php?rest_route=%2Fwp%2Fv2%2Fcategories&post=44757"},{"taxonomy":"post_tag","embeddable":true,"href":"https:\/\/radiozapatista.org\/index.php?rest_route=%2Fwp%2Fv2%2Ftags&post=44757"}],"curies":[{"name":"wp","href":"https:\/\/api.w.org\/{rel}","templated":true}]}}