{"id":44746,"date":"2023-04-28T17:07:22","date_gmt":"2023-04-28T23:07:22","guid":{"rendered":"https:\/\/radiozapatista.org\/?p=44746"},"modified":"2023-04-28T20:55:31","modified_gmt":"2023-04-29T02:55:31","slug":"comunicado-de-prensa-ucizoni-ejidatarios-desaparecidos-tras-su-detencion-durante-el-desalojo-del-campamento-tierra-y-libertad","status":"publish","type":"post","link":"https:\/\/radiozapatista.org\/?p=44746","title":{"rendered":"[:es]Comunicado de prensa UCIZONI, ejidatarios desaparecidos tras su detenci\u00f3n durante el desalojo del campamento Tierra y Libertad[:]"},"content":{"rendered":"<p>[:es]<\/p>\n<div class=\"post-content-container\">\n<div class=\"post-content entry-content cf\">\n<p style=\"text-align: center;\">UCIZONI INFORMA<\/p>\n<p>28 de abril de 2023.<\/p>\n<p>15.00 horas. Despu\u00e9s del violento desalojo sufrido por campesinos y campesinas mixes de Mogo\u00f1e Viejo afectados por las obras de modernizaci\u00f3n del ferrocarril del Istmo de Tehuantepec a manos de decenas de elementos de la Secretaria de Marina, de la Polic\u00eda estatal y de la Guardia Nacional,y donde fueron detenidas 4 ejidatarias y 2 ejidatarios informamos que las detenidas no aparecen y se presume que fueron trasladadas a la capital del estado de Oaxaca.<\/p>\n<p>Tambi\u00e9n comunicamos que se establecio desde las 12.40 horas un bloqueo carretero a la altura del puente Malatengo, mismo que ha sufrido intimidaciones por parte de la Secretaria de la Marina; tambi\u00e9n se reinstalo el Campamento TierrayLibertad. Organizaciones internacionales de derechos humanos y decenas de organizaciones nacionales estan manifestando su indignaci\u00f3n por el ataque sufrido esta ma\u00f1ana contra ejidatarios y ejidatarias mixes de Mogo\u00f1e Viejo y exigen la inmediata liberaci\u00f3nde las detenidas.<\/p>\n<p>Atentamente PCI-UCIZONI<\/p>\n<\/div>\n<\/div>\n<p>[:]<\/p>\n","protected":false},"excerpt":{"rendered":"<p>[:es] UCIZONI INFORMA 28 de abril de 2023. 15.00 horas. Despu\u00e9s del violento desalojo sufrido por campesinos y campesinas mixes de Mogo\u00f1e Viejo afectados por las obras de modernizaci\u00f3n del ferrocarril del Istmo de Tehuantepec a manos de decenas de elementos de la Secretaria de Marina, de la Polic\u00eda estatal y de la Guardia Nacional,y [&hellip;]<\/p>\n","protected":false},"author":21,"featured_media":44747,"comment_status":"open","ping_status":"closed","sticky":false,"template":"","format":"standard","meta":{"footnotes":""},"categories":[957,51,826,958,954,935],"tags":[79,58,53,567,147,23,37,545,87,148,27,483],"class_list":["post-44746","post","type-post","status-publish","format-standard","has-post-thumbnail","hentry","category-autonomia","category-autor","category-medios-libres-2","category-megaproyectos","category-mexico","category-temas","tag-autonomia","tag-derechos-humanos","tag-justicia","tag-megaproyectos","tag-militarizacion","tag-paramilitares","tag-presos-politicos","tag-pueblos-indigenas","tag-represion","tag-resistencia","tag-solidaridad","tag-tierra-y-territorio"],"_links":{"self":[{"href":"https:\/\/radiozapatista.org\/index.php?rest_route=\/wp\/v2\/posts\/44746","targetHints":{"allow":["GET"]}}],"collection":[{"href":"https:\/\/radiozapatista.org\/index.php?rest_route=\/wp\/v2\/posts"}],"about":[{"href":"https:\/\/radiozapatista.org\/index.php?rest_route=\/wp\/v2\/types\/post"}],"author":[{"embeddable":true,"href":"https:\/\/radiozapatista.org\/index.php?rest_route=\/wp\/v2\/users\/21"}],"replies":[{"embeddable":true,"href":"https:\/\/radiozapatista.org\/index.php?rest_route=%2Fwp%2Fv2%2Fcomments&post=44746"}],"version-history":[{"count":2,"href":"https:\/\/radiozapatista.org\/index.php?rest_route=\/wp\/v2\/posts\/44746\/revisions"}],"predecessor-version":[{"id":44756,"href":"https:\/\/radiozapatista.org\/index.php?rest_route=\/wp\/v2\/posts\/44746\/revisions\/44756"}],"wp:featuredmedia":[{"embeddable":true,"href":"https:\/\/radiozapatista.org\/index.php?rest_route=\/wp\/v2\/media\/44747"}],"wp:attachment":[{"href":"https:\/\/radiozapatista.org\/index.php?rest_route=%2Fwp%2Fv2%2Fmedia&parent=44746"}],"wp:term":[{"taxonomy":"category","embeddable":true,"href":"https:\/\/radiozapatista.org\/index.php?rest_route=%2Fwp%2Fv2%2Fcategories&post=44746"},{"taxonomy":"post_tag","embeddable":true,"href":"https:\/\/radiozapatista.org\/index.php?rest_route=%2Fwp%2Fv2%2Ftags&post=44746"}],"curies":[{"name":"wp","href":"https:\/\/api.w.org\/{rel}","templated":true}]}}