{"id":44711,"date":"2023-04-28T11:20:22","date_gmt":"2023-04-28T17:20:22","guid":{"rendered":"https:\/\/radiozapatista.org\/?p=44711"},"modified":"2023-04-28T11:29:23","modified_gmt":"2023-04-28T17:29:23","slug":"caravana-el-sur-resiste-dia-3-pueblos-del-norte-del-istmo-detienen-al-corredor-transistmico","status":"publish","type":"post","link":"https:\/\/radiozapatista.org\/?p=44711","title":{"rendered":"Caravana &#8220;El sur resiste&#8221; &#8211; d\u00eda 3: Pueblos del Norte del Istmo detienen al Corredor Trans\u00edstmico"},"content":{"rendered":"<p>Texto: <a href=\"https:\/\/memoriaylibertad.wixsite.com\/inicio\/post\/pueblos-del-norte-del-istmo-detienen-al-corredor-trans%C3%ADstmico\">Observatorio Memoria y Libertad<\/a><br \/>\nFotos: Karen Castillo, Observatorio Memoria y Libertad | El sur resiste<br \/>\nVideo: Tejemedios<br \/>\nAudios extra\u00eddos de: <a href=\"https:\/\/www.facebook.com\/APIIDTT\/videos\">APIIDTT<\/a><br \/>\nEdici\u00f3n: Radio Zapatista<\/p>\n<p id=\"viewer-foo\" class=\"mm8Nw _1j-51 WkT0MK _1FoOD _3M0Fe T3Ond1 WkT0MK public-DraftStyleDefault-block-depth0 fixed-tab-size public-DraftStyleDefault-text-ltr\"><span class=\"_2PHJq public-DraftStyleDefault-ltr\">La caravana El Sur Resiste, en su tercer d\u00eda de caminar, lleg\u00f3 al <strong>Plant\u00f3n Tierra y Libertad <\/strong>ubicado en<strong> Mogo\u00f1\u00e9 Viejo<\/strong>, en la zona norte del Istmo de Tehuantepec, Oaxaca. El plant\u00f3n, cumpli\u00f3 60 d\u00edas de resistencia bloqueando la remodelaci\u00f3n de las v\u00edas del Tren Trans\u00edstmico.<\/span><\/p>\n<div data-hook=\"rcv-block1\"><span class=\"_2PHJq public-DraftStyleDefault-ltr\">Al llegar a Mogo\u00f1e Viejo, se puede sentir la fuerte organizaci\u00f3n de las m\u00e1s de 32 comunidades que han sostenido este espacio de resistencia; las mujeres caminan de un lado a otro- cortan carne y vegetales, reparten caf\u00e9 y tamales- hay mantas colgando que exigen detener las obras.<\/span><\/div>\n<p id=\"viewer-bb30f\" class=\"mm8Nw _1j-51 WkT0MK _1FoOD _3M0Fe T3Ond1 WkT0MK public-DraftStyleDefault-block-depth0 fixed-tab-size public-DraftStyleDefault-text-ltr\"><span class=\"_2PHJq public-DraftStyleDefault-ltr\">Al recorrer el plant\u00f3n, es impresionante ver el nivel de organizaci\u00f3n de la Uni\u00f3n de Comunidades Ind\u00edgenas de la Zona Norte del Istmo (UCIZONI), hay espacios designados para todo, para las ollas, los platos, espacios para lavar trastes, cables en donde colgar las bosas, sillas y carpas para cubrirse del sol. Las personas se muestran c\u00f3modas en el espacio, algunas personas est\u00e1n sentadas en sillas esparcidas por el terreno, algunos ni\u00f1os y ni\u00f1as corren y juegan en medio del bullicio del plant\u00f3n.<\/span><\/p>\n<p class=\"mm8Nw _1j-51 WkT0MK _1FoOD _3M0Fe T3Ond1 WkT0MK public-DraftStyleDefault-block-depth0 fixed-tab-size public-DraftStyleDefault-text-ltr\"><span class=\"_2PHJq public-DraftStyleDefault-ltr\">La realidad, es que la gente se encuentra en su tierra, este es su territorio, y, en el territorio, se habita, se aprende, se vive y se organiza. Eso hace la uni\u00f3n de comunidades de la zona norte del Istmo, habitan el espacio, la tierra es suya; no del gobierno de M\u00e9xico, ni de las empresas a las cuales L\u00f3pez Obrador ha regalado territorios que no le pertenecen. As\u00ed lo deja claro una compa\u00f1era parte de la UCIZONI:<\/span><\/p>\n<blockquote id=\"viewer-1kp8o\" class=\"_3cMZT _3Dd1B b8KWBd _1FoOD _1oG79 VrUyH9 WkT0MK public-DraftStyleDefault-block-depth0 fixed-tab-size public-DraftStyleDefault-text-ltr\"><p><span class=\"_2PHJq public-DraftStyleDefault-ltr\"><em>\u201cSabemos que el gobierno de Oaxaca ha dicho que, si no nos vamos, nos van a desalojar. \u00bfC\u00f3mo se atreven a decir esto? Ellos son los extra\u00f1os y nosotros somos los due\u00f1os de esta tierra. Nuestros antepasados defendieron esta tierra, por eso existe, entonces \u00bfc\u00f3mo van a desalojarnos de nuestra tierra<\/em>?\u201d<\/span><\/p><\/blockquote>\n<div class=\"\"><a href=\"https:\/\/radiozapatista.org\/wp-content\/uploads\/2023\/04\/1.jpg\"><img loading=\"lazy\" decoding=\"async\" class=\"aligncenter size-large wp-image-44712\" src=\"https:\/\/radiozapatista.org\/wp-content\/uploads\/2023\/04\/1-1024x667.jpg\" alt=\"\" width=\"1024\" height=\"667\" srcset=\"https:\/\/radiozapatista.org\/wp-content\/uploads\/2023\/04\/1-1024x667.jpg 1024w, https:\/\/radiozapatista.org\/wp-content\/uploads\/2023\/04\/1-350x228.jpg 350w, https:\/\/radiozapatista.org\/wp-content\/uploads\/2023\/04\/1-768x500.jpg 768w, https:\/\/radiozapatista.org\/wp-content\/uploads\/2023\/04\/1.jpg 1406w\" sizes=\"auto, (max-width: 1024px) 100vw, 1024px\" \/><\/a><\/div>\n<div class=\"wp-playlist wp-audio-playlist wp-playlist-light\">\n\t\t\t<div class=\"wp-playlist-current-item\"><\/div>\n\t\t<audio controls=\"controls\" preload=\"none\" width=\"640\"\n\t\t\t><\/audio>\n\t<div class=\"wp-playlist-next\"><\/div>\n\t<div class=\"wp-playlist-prev\"><\/div>\n\t<noscript>\n\t<ol>\n\t\t<li><a href='https:\/\/radiozapatista.org\/wp-content\/uploads\/2023\/04\/mogone-viejo1.mp3'>Sobre la caravana<\/a><\/li><li><a href='https:\/\/radiozapatista.org\/wp-content\/uploads\/2023\/04\/mogone-viejo2.mp3'>Veracruz<\/a><\/li><li><a href='https:\/\/radiozapatista.org\/wp-content\/uploads\/2023\/04\/mogone-viejo3.mp3'>Costa Chiapas<\/a><\/li><li><a href='https:\/\/radiozapatista.org\/wp-content\/uploads\/2023\/04\/mogone-viejo4.mp3'>Alemania<\/a><\/li><li><a href='https:\/\/radiozapatista.org\/wp-content\/uploads\/2023\/04\/mogone-viejo5.mp3'>Concepcion<\/a><\/li><li><a href='https:\/\/radiozapatista.org\/wp-content\/uploads\/2023\/04\/mogone-viejo6.mp3'>Albino Pedro<\/a><\/li><li><a href='https:\/\/radiozapatista.org\/wp-content\/uploads\/2023\/04\/mogone-viejo7.mp3'>CarlosBeas1<\/a><\/li><li><a href='https:\/\/radiozapatista.org\/wp-content\/uploads\/2023\/04\/mogone-viejo8.mp3'>Elioth Escobar<\/a><\/li><li><a href='https:\/\/radiozapatista.org\/wp-content\/uploads\/2023\/04\/mogone-viejo9.mp3'>Andr\u00e9s Perez<\/a><\/li><li><a href='https:\/\/radiozapatista.org\/wp-content\/uploads\/2023\/04\/mogone-viejo10.mp3'>CarlosBeas2<\/a><\/li><li><a href='https:\/\/radiozapatista.org\/wp-content\/uploads\/2023\/04\/mogone-viejo11.mp3'>Triquis<\/a><\/li><li><a href='https:\/\/radiozapatista.org\/wp-content\/uploads\/2023\/04\/mogone-viejo12.mp3'>CarlosBeas3<\/a><\/li><li><a href='https:\/\/radiozapatista.org\/wp-content\/uploads\/2023\/04\/mogone-viejo13.mp3'>Juana Ines<\/a><\/li>\t<\/ol>\n\t<\/noscript>\n\t<script type=\"application\/json\" class=\"wp-playlist-script\">{\"type\":\"audio\",\"tracklist\":true,\"tracknumbers\":true,\"images\":true,\"artists\":false,\"tracks\":[{\"src\":\"https:\/\/radiozapatista.org\/wp-content\/uploads\/2023\/04\/mogone-viejo1.mp3\",\"type\":\"audio\/mpeg\",\"title\":\"Sobre la caravana\",\"caption\":\"Sobre la Caravana El Sur Resiste\",\"description\":\"\\\"mogone-viejo1\\\".\",\"meta\":{\"length_formatted\":\"2:58\"},\"image\":{\"src\":\"https:\/\/radiozapatista.org\/wp-includes\/images\/media\/audio.svg\",\"width\":48,\"height\":64},\"thumb\":{\"src\":\"https:\/\/radiozapatista.org\/wp-includes\/images\/media\/audio.svg\",\"width\":48,\"height\":64}},{\"src\":\"https:\/\/radiozapatista.org\/wp-content\/uploads\/2023\/04\/mogone-viejo2.mp3\",\"type\":\"audio\/mpeg\",\"title\":\"Veracruz\",\"caption\":\"Participante de la caravana del sur de Veracruz\",\"description\":\"\\\"mogone-viejo2\\\".\",\"meta\":{\"length_formatted\":\"3:24\"},\"image\":{\"src\":\"https:\/\/radiozapatista.org\/wp-includes\/images\/media\/audio.svg\",\"width\":48,\"height\":64},\"thumb\":{\"src\":\"https:\/\/radiozapatista.org\/wp-includes\/images\/media\/audio.svg\",\"width\":48,\"height\":64}},{\"src\":\"https:\/\/radiozapatista.org\/wp-content\/uploads\/2023\/04\/mogone-viejo3.mp3\",\"type\":\"audio\/mpeg\",\"title\":\"Costa Chiapas\",\"caption\":\"Participante de la caravana de la Costa de Chiapas\",\"description\":\"Participante de la caravana de la Costa de Chiapas\",\"meta\":{\"length_formatted\":\"1:53\"},\"image\":{\"src\":\"https:\/\/radiozapatista.org\/wp-includes\/images\/media\/audio.svg\",\"width\":48,\"height\":64},\"thumb\":{\"src\":\"https:\/\/radiozapatista.org\/wp-includes\/images\/media\/audio.svg\",\"width\":48,\"height\":64}},{\"src\":\"https:\/\/radiozapatista.org\/wp-content\/uploads\/2023\/04\/mogone-viejo4.mp3\",\"type\":\"audio\/mpeg\",\"title\":\"Alemania\",\"caption\":\"Compa\\u00f1erxs de Alemania en la caravana\",\"description\":\"Concepci\\u00f3n - Resistencia en Mogo\\u00f1e Viejo (espa\\u00f1ol y ayuuk\",\"meta\":{\"length_formatted\":\"4:00\"},\"image\":{\"src\":\"https:\/\/radiozapatista.org\/wp-includes\/images\/media\/audio.svg\",\"width\":48,\"height\":64},\"thumb\":{\"src\":\"https:\/\/radiozapatista.org\/wp-includes\/images\/media\/audio.svg\",\"width\":48,\"height\":64}},{\"src\":\"https:\/\/radiozapatista.org\/wp-content\/uploads\/2023\/04\/mogone-viejo5.mp3\",\"type\":\"audio\/mpeg\",\"title\":\"Concepcion\",\"caption\":\"Concepci\\u00f3n - Resistencia en Mogo\\u00f1e Viejo (espa\\u00f1ol y ayuuk\",\"description\":\"\\\"mogone-viejo5\\\".\",\"meta\":{\"length_formatted\":\"6:26\"},\"image\":{\"src\":\"https:\/\/radiozapatista.org\/wp-includes\/images\/media\/audio.svg\",\"width\":48,\"height\":64},\"thumb\":{\"src\":\"https:\/\/radiozapatista.org\/wp-includes\/images\/media\/audio.svg\",\"width\":48,\"height\":64}},{\"src\":\"https:\/\/radiozapatista.org\/wp-content\/uploads\/2023\/04\/mogone-viejo6.mp3\",\"type\":\"audio\/mpeg\",\"title\":\"Albino Pedro\",\"caption\":\"Albino Pedro, ex comisariado ejidal de San Juan Chicovi\",\"description\":\"Albino Pedro, ex comisariado ejidal de San Juan Chicovi\",\"meta\":{\"length_formatted\":\"3:49\"},\"image\":{\"src\":\"https:\/\/radiozapatista.org\/wp-includes\/images\/media\/audio.svg\",\"width\":48,\"height\":64},\"thumb\":{\"src\":\"https:\/\/radiozapatista.org\/wp-includes\/images\/media\/audio.svg\",\"width\":48,\"height\":64}},{\"src\":\"https:\/\/radiozapatista.org\/wp-content\/uploads\/2023\/04\/mogone-viejo7.mp3\",\"type\":\"audio\/mpeg\",\"title\":\"CarlosBeas1\",\"caption\":\"Carlos Beas Torres - Sobre la resistencia en el plant\\u00f3n\",\"description\":\"\\\"mogone-viejo7\\\".\",\"meta\":{\"length_formatted\":\"5:38\"},\"image\":{\"src\":\"https:\/\/radiozapatista.org\/wp-includes\/images\/media\/audio.svg\",\"width\":48,\"height\":64},\"thumb\":{\"src\":\"https:\/\/radiozapatista.org\/wp-includes\/images\/media\/audio.svg\",\"width\":48,\"height\":64}},{\"src\":\"https:\/\/radiozapatista.org\/wp-content\/uploads\/2023\/04\/mogone-viejo8.mp3\",\"type\":\"audio\/mpeg\",\"title\":\"Elioth Escobar\",\"caption\":\"Elioth Escobar - Sobre la represi\\u00f3n al plant\\u00f3n\",\"description\":\"Elioth Escobar - Sobre la represi\\u00f3n al plant\\u00f3n\",\"meta\":{\"length_formatted\":\"3:55\"},\"image\":{\"src\":\"https:\/\/radiozapatista.org\/wp-includes\/images\/media\/audio.svg\",\"width\":48,\"height\":64},\"thumb\":{\"src\":\"https:\/\/radiozapatista.org\/wp-includes\/images\/media\/audio.svg\",\"width\":48,\"height\":64}},{\"src\":\"https:\/\/radiozapatista.org\/wp-content\/uploads\/2023\/04\/mogone-viejo9.mp3\",\"type\":\"audio\/mpeg\",\"title\":\"Andr\\u00e9s Perez\",\"caption\":\"Andr\\u00e9s P\\u00e9rez, zoque - Sobre el plant\\u00f3n\",\"description\":\"\\\"mogone-viejo9\\\".\",\"meta\":{\"length_formatted\":\"3:32\"},\"image\":{\"src\":\"https:\/\/radiozapatista.org\/wp-includes\/images\/media\/audio.svg\",\"width\":48,\"height\":64},\"thumb\":{\"src\":\"https:\/\/radiozapatista.org\/wp-includes\/images\/media\/audio.svg\",\"width\":48,\"height\":64}},{\"src\":\"https:\/\/radiozapatista.org\/wp-content\/uploads\/2023\/04\/mogone-viejo10.mp3\",\"type\":\"audio\/mpeg\",\"title\":\"CarlosBeas2\",\"caption\":\"Carlos Beas Torres - Sobre la militarizaci\\u00f3n y despojo de la 4T\",\"description\":\"\\\"mogone-viejo10\\\".\",\"meta\":{\"length_formatted\":\"11:20\"},\"image\":{\"src\":\"https:\/\/radiozapatista.org\/wp-includes\/images\/media\/audio.svg\",\"width\":48,\"height\":64},\"thumb\":{\"src\":\"https:\/\/radiozapatista.org\/wp-includes\/images\/media\/audio.svg\",\"width\":48,\"height\":64}},{\"src\":\"https:\/\/radiozapatista.org\/wp-content\/uploads\/2023\/04\/mogone-viejo11.mp3\",\"type\":\"audio\/mpeg\",\"title\":\"Triquis\",\"caption\":\"Compa\\u00f1eras triquis de San Juan Copala en el 13 aniversario del asesinato de Bety Cari\\u00f1o y Jyri Jaakkola\",\"description\":\"\\\"mogone-viejo11\\\".\",\"meta\":{\"length_formatted\":\"15:21\"},\"image\":{\"src\":\"https:\/\/radiozapatista.org\/wp-includes\/images\/media\/audio.svg\",\"width\":48,\"height\":64},\"thumb\":{\"src\":\"https:\/\/radiozapatista.org\/wp-includes\/images\/media\/audio.svg\",\"width\":48,\"height\":64}},{\"src\":\"https:\/\/radiozapatista.org\/wp-content\/uploads\/2023\/04\/mogone-viejo12.mp3\",\"type\":\"audio\/mpeg\",\"title\":\"CarlosBeas3\",\"caption\":\"Carlos Beas Torres - Sobre Bety Cari\\u00f1o\",\"description\":\"Carlos Beas Torres - Sobre Bety Cari\\u00f1o\",\"meta\":{\"length_formatted\":\"4:30\"},\"image\":{\"src\":\"https:\/\/radiozapatista.org\/wp-includes\/images\/media\/audio.svg\",\"width\":48,\"height\":64},\"thumb\":{\"src\":\"https:\/\/radiozapatista.org\/wp-includes\/images\/media\/audio.svg\",\"width\":48,\"height\":64}},{\"src\":\"https:\/\/radiozapatista.org\/wp-content\/uploads\/2023\/04\/mogone-viejo13.mp3\",\"type\":\"audio\/mpeg\",\"title\":\"Juana Ines\",\"caption\":\"Juana In\\u00e9s Ram\\u00edrez - Sobre el plant\\u00f3n\",\"description\":\"\\\"mogone-viejo13\\\".\",\"meta\":{\"length_formatted\":\"9:38\"},\"image\":{\"src\":\"https:\/\/radiozapatista.org\/wp-includes\/images\/media\/audio.svg\",\"width\":48,\"height\":64},\"thumb\":{\"src\":\"https:\/\/radiozapatista.org\/wp-includes\/images\/media\/audio.svg\",\"width\":48,\"height\":64}}]}<\/script>\n<\/div>\n\t\n<p id=\"viewer-3qig2\" class=\"mm8Nw _1j-51 WkT0MK _1FoOD _3M0Fe T3Ond1 WkT0MK public-DraftStyleDefault-block-depth0 fixed-tab-size public-DraftStyleDefault-text-ltr\"><span class=\"_2PHJq public-DraftStyleDefault-ltr\">La tierra es de quien la trabaja, de quien la defiende, de quien la habita, de quien la pisa, de quien la ama y de quien la defiende. Por eso los derechos internacionales reconocen el derecho de los Pueblos Originarios a la libre autodeterminaci\u00f3n, y este derecho implica decidir qu\u00e9 hacer en los territorios que habitan. <\/span><\/p>\n<div data-hook=\"rcv-block12\"><span class=\"_2PHJq public-DraftStyleDefault-ltr\">Mientras el mitin comienza, camionetas de la Marina de M\u00e9xico y de la Guardia Nacional rondan el plant\u00f3n en repetidas ocasiones, &#8220;<em>as\u00ed es diario&#8221; , <\/em>nos comentan las personas en Mogo\u00f1\u00e9 Viejo.<\/span><\/div>\n<p id=\"viewer-dd8l2\" class=\"mm8Nw _1j-51 WkT0MK _1FoOD _3M0Fe T3Ond1 WkT0MK public-DraftStyleDefault-block-depth0 fixed-tab-size public-DraftStyleDefault-text-ltr\"><span class=\"_2PHJq public-DraftStyleDefault-ltr\">La presencia de estos elementos armados es recordatorio de lo mucho que la resistencia de la UCIZONI ha incomodado al gobierno de Oaxaca, al gobierno de L\u00f3pez Obrador, y a las empresas extranjeras que ven en estas tierras un jugoso bot\u00edn para saquear.<\/span><\/p>\n<h2 id=\"viewer-dvj1j\" class=\"eSWI6 _1j-51 blog-post-title-font t35QI2 EDIPYa _1FoOD _3M0Fe T3Ond1 WkT0MK public-DraftStyleDefault-block-depth0 fixed-tab-size public-DraftStyleDefault-text-ltr\"><span class=\"_2PHJq public-DraftStyleDefault-ltr\">Un Proyecto Porfirista <\/span><\/h2>\n<p id=\"viewer-428fi\" class=\"mm8Nw _1j-51 WkT0MK _1FoOD _3M0Fe T3Ond1 WkT0MK public-DraftStyleDefault-block-depth0 fixed-tab-size public-DraftStyleDefault-text-ltr\"><span class=\"_2PHJq public-DraftStyleDefault-ltr\">El compa\u00f1ero Carlos Beas Torres, explica que el plan de conectar la costa Oaxaca con la costa de Veracruz, es un plan que existe desde la \u00e9poca de la colonia espa\u00f1ola.<\/span><\/p>\n<p id=\"viewer-9hasi\" class=\"mm8Nw _1j-51 WkT0MK _1FoOD _3M0Fe T3Ond1 WkT0MK public-DraftStyleDefault-block-depth0 fixed-tab-size public-DraftStyleDefault-text-ltr\"><span class=\"_2PHJq public-DraftStyleDefault-ltr\">En 1899, el gobierno de Porfirio D\u00edaz entreg\u00f3 la concesi\u00f3n del proyecto a la empresa inglesa Pearson and Son Co, el ferrocarril fue inaugurado en 1907 pero el proyecto perdi\u00f3 importancia cuando entr\u00f3 en operaci\u00f3n el Canal de Panam\u00e1. <\/span><\/p>\n<p id=\"viewer-7jq5o\" class=\"mm8Nw _1j-51 WkT0MK _1FoOD _3M0Fe T3Ond1 WkT0MK public-DraftStyleDefault-block-depth0 fixed-tab-size public-DraftStyleDefault-text-ltr\"><span class=\"_2PHJq public-DraftStyleDefault-ltr\">El compa\u00f1ero Carlos enfatiza, que varias de las concesiones en las cuales se basa el actual proyecto del Corredor Trans\u00edstmico, se remontan a las concesiones de la \u00e9poca Porfirista. Un proyecto propuesto por un l\u00edder autoritario hace 100 a\u00f1os, busca interponerse el d\u00eda de hoy.<\/span><\/p>\n<div id=\"viewer-88sdo\" class=\"_2vd5k iG0hRj\">\n<div class=\"_3CWa- N9BmOG N9BmOG _3mymk\">\n<div class=\"_2kEVY\" tabindex=\"0\" role=\"button\" data-hook=\"imageViewer\">\n<div id=\"new-image968\" class=\"_3WJnn _2i-Gt _2Ybje\" style=\"text-align: center;\"><a href=\"https:\/\/radiozapatista.org\/wp-content\/uploads\/2023\/04\/2.jpg\"><img loading=\"lazy\" decoding=\"async\" class=\"aligncenter size-large wp-image-44713\" src=\"https:\/\/radiozapatista.org\/wp-content\/uploads\/2023\/04\/2-1024x626.jpg\" alt=\"\" width=\"1024\" height=\"626\" srcset=\"https:\/\/radiozapatista.org\/wp-content\/uploads\/2023\/04\/2-1024x626.jpg 1024w, https:\/\/radiozapatista.org\/wp-content\/uploads\/2023\/04\/2-350x214.jpg 350w, https:\/\/radiozapatista.org\/wp-content\/uploads\/2023\/04\/2-768x469.jpg 768w, https:\/\/radiozapatista.org\/wp-content\/uploads\/2023\/04\/2.jpg 1499w\" sizes=\"auto, (max-width: 1024px) 100vw, 1024px\" \/><\/a><\/div>\n<\/div>\n<\/div>\n<\/div>\n<p id=\"viewer-aij0u\" class=\"mm8Nw _1j-51 WkT0MK _1FoOD _3M0Fe T3Ond1 WkT0MK public-DraftStyleDefault-block-depth0 fixed-tab-size public-DraftStyleDefault-text-ltr\"><span class=\"_2PHJq public-DraftStyleDefault-ltr\">L\u00f3pez Obrador vuelve a repetir la historia, ahora regalando concesiones a empresas norteamericanas, en 2018, Obrador pact\u00f3 con el ex presidente Donald Trump millonarias inversiones americanas en toda la zona del Istmo de Tehuantepec.<\/span><\/p>\n<p id=\"viewer-6dvuk\" class=\"mm8Nw _1j-51 WkT0MK _1FoOD _3M0Fe T3Ond1 WkT0MK public-DraftStyleDefault-block-depth0 fixed-tab-size public-DraftStyleDefault-text-ltr\"><span class=\"_2PHJq public-DraftStyleDefault-ltr\">Sin embargo, la UCIZONI advierte que el proyecto actual va m\u00e1s all\u00e1 de cualquier aspiraci\u00f3n porfirista; no s\u00f3lo se planean construir las v\u00edas, hay todo un plan de despojo para la zona del Istmo: gasoductos y oleoductos, refiner\u00edas, maquileras, minas y 10 parques industriales. <\/span><\/p>\n<p id=\"viewer-4cm2s\" class=\"mm8Nw _1j-51 WkT0MK _1FoOD _3M0Fe T3Ond1 WkT0MK public-DraftStyleDefault-block-depth0 fixed-tab-size public-DraftStyleDefault-text-ltr\"><span class=\"_2PHJq public-DraftStyleDefault-ltr\">L\u00f3pez Obrador est\u00e1 logrando materializar el sue\u00f1o de todo sistema neoliberal, y los 32 Pueblos Originarios que conforman la Uni\u00f3n de comunidades del Norte del Istmo, han sido su mayor pesadilla.<\/span><\/p>\n<blockquote id=\"viewer-eif36\" class=\"_3cMZT _3Dd1B b8KWBd _1FoOD _1oG79 VrUyH9 WkT0MK public-DraftStyleDefault-block-depth0 fixed-tab-size public-DraftStyleDefault-text-ltr\"><p><span class=\"_2PHJq public-DraftStyleDefault-ltr\"><em>\u201cDe junio del 2019 a marzo del 2023, hemos contabilizado alrededor de 69 movilizaci\u00f3n de pueblos para evitar que avancen los trabajos y los da\u00f1os de estos proyectos. El 3 de febrero del 2023, se movilizaron 3 comunidades en conjunto: Palomares, Mogo\u00f1e Viejo, y Sarabia. Presente en las tres movilizaciones estuvo la Marina de M\u00e9xico intentando amedrentar. Esta es la respuesta de la 4t a nuestras demandas.\u201d<\/em><\/span><\/p><\/blockquote>\n<h2 id=\"viewer-96g6c\" class=\"eSWI6 _1j-51 blog-post-title-font t35QI2 EDIPYa _1FoOD _3M0Fe T3Ond1 WkT0MK public-DraftStyleDefault-block-depth0 fixed-tab-size public-DraftStyleDefault-text-ltr\"><span class=\"_2PHJq public-DraftStyleDefault-ltr\">Los ataques en contra de la resistencia<\/span><\/h2>\n<p id=\"viewer-c3amr\" class=\"mm8Nw _1j-51 WkT0MK _1FoOD _3M0Fe T3Ond1 WkT0MK public-DraftStyleDefault-block-depth0 fixed-tab-size public-DraftStyleDefault-text-ltr\"><span class=\"_2PHJq public-DraftStyleDefault-ltr\">Durante la visita de la Caravana El Sur Resiste al Plant\u00f3n Tierra y Libertad, se discutieron las formas en las cuales el Estado mexicano (incluyendo autoridades estatales y federales) han intentado terminar con la organizaci\u00f3n que mantienen en contra del Tren Trans\u00edstmico. <\/span><\/p>\n<p id=\"viewer-3onk8\" class=\"mm8Nw _1j-51 WkT0MK _1FoOD _3M0Fe T3Ond1 WkT0MK public-DraftStyleDefault-block-depth0 fixed-tab-size public-DraftStyleDefault-text-ltr\"><span class=\"_2PHJq public-DraftStyleDefault-ltr\">Estas fueron algunas de las formas de represi\u00f3n\/hostigamiento m\u00e1s mencionadas por miembros de la UCIZONI:<\/span><\/p>\n<p id=\"viewer-bcare\" class=\"mm8Nw _1j-51 WkT0MK _1FoOD _3M0Fe T3Ond1 WkT0MK public-DraftStyleDefault-block-depth0 fixed-tab-size public-DraftStyleDefault-text-ltr\"><span class=\"_2PHJq public-DraftStyleDefault-ltr\"><strong>1.<\/strong>&#8211; <strong>Consultas ama\u00f1adas y violaci\u00f3n al derecho a la informaci\u00f3n:<\/strong> las personas detallaron c\u00f3mo las autoridades federales no han otorgado informaci\u00f3n suficiente sobre el proyecto, mucho menos informaci\u00f3n suficiente en mixe, la lengua m\u00e1s hablada por los habitantes. De la misma forma, la consulta realizada por el Gobierno Federal fue se\u00f1alada c\u00f3mo un proceso falso y omiso.<\/span><\/p>\n<p id=\"viewer-92rsq\" class=\"mm8Nw _1j-51 WkT0MK _1FoOD _3M0Fe T3Ond1 WkT0MK public-DraftStyleDefault-block-depth0 fixed-tab-size public-DraftStyleDefault-text-ltr\"><span class=\"_2PHJq public-DraftStyleDefault-ltr\"><strong>2.- Divisi\u00f3n de comunidades por medio de proyectos y d\u00e1divas del gobierno:<\/strong> los habitantes de esta regi\u00f3n mencionaron al proyecto Sembrando Vida y otros programas de la 4T como las becas para adultos, como fuente de conflicto y divisi\u00f3n dentro de las comunidades al crear relaciones de clientelismo entre algunos habitantes y el gobierno federal y estatal.<\/span><\/p>\n<p id=\"viewer-218jk\" class=\"mm8Nw _1j-51 WkT0MK _1FoOD _3M0Fe T3Ond1 WkT0MK public-DraftStyleDefault-block-depth0 fixed-tab-size public-DraftStyleDefault-text-ltr\"><span class=\"_2PHJq public-DraftStyleDefault-ltr\"><strong>3.- Violencia y amenazas por grupos del crimen organizado<\/strong>: esta es una de las amenazas que fue m\u00e1s nombrada durante el mitin, los miembros de la UCIZONI relataron que grupos de la delincuencia organizada han amenazado a autoridades ejidales y a miembros de la comunidad que participan en el proceso de organizaci\u00f3n comunitaria. En otras \u00e1reas del Istmo, la situaci\u00f3n se repite, en la zona oriente de la regi\u00f3n se identifican dos asesinatos de activistas y defensores comunitarios, en 2022 en Santa Cruz Tagolaba, el comunero Jesus Manuel Garc\u00eda fue asesinado. <\/span><\/p>\n<div id=\"viewer-35sld\" class=\"_2vd5k iG0hRj\">\n<div class=\"_3CWa- N9BmOG N9BmOG _3mymk\">\n<div class=\"_2kEVY\" tabindex=\"0\" role=\"button\" data-hook=\"imageViewer\">\n<div class=\"\" style=\"text-align: center;\"><a href=\"https:\/\/radiozapatista.org\/wp-content\/uploads\/2023\/04\/3.jpg\"><img loading=\"lazy\" decoding=\"async\" class=\"aligncenter size-full wp-image-44714\" src=\"https:\/\/radiozapatista.org\/wp-content\/uploads\/2023\/04\/3.jpg\" alt=\"\" width=\"573\" height=\"916\" srcset=\"https:\/\/radiozapatista.org\/wp-content\/uploads\/2023\/04\/3.jpg 573w, https:\/\/radiozapatista.org\/wp-content\/uploads\/2023\/04\/3-188x300.jpg 188w\" sizes=\"auto, (max-width: 573px) 100vw, 573px\" \/><\/a><\/div>\n<div data-hook=\"rcv-block49\"><span class=\"_2PHJq public-DraftStyleDefault-ltr\"><strong>4.- Militarizaci\u00f3n y hostigamiento: <\/strong>junto con la llegada del proyecto y la resistencia de la comunidad, la Marina y la Guardia Nacional se han convertido en una presencia constante frente al plant\u00f3n y en las marchas\/m\u00edtines\/bloqueos realizados por UCIZONI. La presencia y violencia de estos cuerpos militares (aunque la guardia nacional se presume civil), no se ha limitado al hostigamiento ya que las personas que resisten en el plant\u00f3n Tierra y Libertad ya han sido atacadas en al menos una ocasi\u00f3n.<\/span><\/div>\n<\/div>\n<\/div>\n<\/div>\n<p id=\"viewer-fkqm1\" class=\"mm8Nw _1j-51 WkT0MK _1FoOD _3M0Fe T3Ond1 WkT0MK public-DraftStyleDefault-block-depth0 fixed-tab-size public-DraftStyleDefault-text-ltr\"><span class=\"_2PHJq public-DraftStyleDefault-ltr\"><strong>5.- Intentos de comprar a autoridades ejidales<\/strong>: los pobladores tambi\u00e9n detallan que personas del gobierno federal y estatal han presionado a autoridades tradicionales de los ejidos para aceptar fuertes sumas de dinero a cambio de ceder los derechos de las tierras.<\/span><\/p>\n<p id=\"viewer-1ihfn\" class=\"mm8Nw _1j-51 WkT0MK _1FoOD _3M0Fe T3Ond1 WkT0MK public-DraftStyleDefault-block-depth0 fixed-tab-size public-DraftStyleDefault-text-ltr\"><span class=\"_2PHJq public-DraftStyleDefault-ltr\">Las sumas han ascendido hasta el mill\u00f3n de pesos, cifra que para una persona normal es enorme pero que, para el Gobierno Federal y las empresas involucradas, resulta insignificante. <\/span><\/p>\n<p id=\"viewer-2rt84\" class=\"mm8Nw _1j-51 WkT0MK _1FoOD _3M0Fe T3Ond1 WkT0MK public-DraftStyleDefault-block-depth0 fixed-tab-size public-DraftStyleDefault-text-ltr\"><span class=\"_2PHJq public-DraftStyleDefault-ltr\">L\u00f3pez Obrador anunci\u00f3 en 2018, una inversi\u00f3n de 8 mil millones de pesos para el Plan de Desarrollo del Istmo de Tehuantepec. La pregunta e, \u00bfa d\u00f3nde van esos 8 mil millones de pesos? \u00bfen d\u00f3nde est\u00e1n los miles de millones de pesos utilizados para otros proyectos como los parques e\u00f3licos y los gasoductos de la regi\u00f3n? <\/span><\/p>\n<h2 id=\"viewer-3pmhi\" class=\"eSWI6 _1j-51 blog-post-title-font t35QI2 EDIPYa _1FoOD _3M0Fe T3Ond1 WkT0MK public-DraftStyleDefault-block-depth0 fixed-tab-size public-DraftStyleDefault-text-ltr\"><span class=\"_2PHJq public-DraftStyleDefault-ltr\">Resistir por la vida y la memoria <\/span><\/h2>\n<p id=\"viewer-b115g\" class=\"mm8Nw _1j-51 WkT0MK _1FoOD _3M0Fe T3Ond1 WkT0MK public-DraftStyleDefault-block-depth0 fixed-tab-size public-DraftStyleDefault-text-ltr\"><span class=\"_2PHJq public-DraftStyleDefault-ltr\">Durante el evento en el Plant\u00f3n Tierra y Libertad se record\u00f3 a los activistas y defensores de derechos humanos Bety Cari\u00f1o y Jyri Jaakola, asesinados el 27 de abril del 2010.<\/span><\/p>\n<p id=\"viewer-98s2s\" class=\"mm8Nw _1j-51 WkT0MK _1FoOD _3M0Fe T3Ond1 WkT0MK public-DraftStyleDefault-block-depth0 fixed-tab-size public-DraftStyleDefault-text-ltr\"><span class=\"_2PHJq public-DraftStyleDefault-ltr\">Bety y Jyri fueron asesinados en una emboscada durante la caravana humanitaria que se dirigia a la comunidad Triqui de San Juan Copala, a 13 a\u00f1os de su asesinato, a\u00fan no hay justicia.<\/span><\/p>\n<p id=\"viewer-f6f17\" class=\"mm8Nw _1j-51 WkT0MK _1FoOD _3M0Fe T3Ond1 WkT0MK public-DraftStyleDefault-block-depth0 fixed-tab-size public-DraftStyleDefault-text-ltr\"><span class=\"_2PHJq public-DraftStyleDefault-ltr\">La presencia de Bety Cari\u00f1o sigue viva en la memoria y lucha de todas las personas que la conocieron, as\u00ed lo relato una compa\u00f1era y amiga de Bety del Centro de Derechos Humanos de los Pueblos del Sur de Veracruz &#8220;Bety Cari\u00f1o&#8221;:<\/span><\/p>\n<blockquote>\n<div data-hook=\"rcv-block64\"><span class=\"_2PHJq public-DraftStyleDefault-ltr\">&#8220;<em>La esencia de Bety se logr\u00f3 sembrar en muchas de las personas con las que ellas trabaj\u00f3, recuerdo que el d\u00eda de su funeral, al momento de que se cargaba su f\u00e9retro para llevarlo al pante\u00f3n, una de sus alumnas, una j\u00f3ven, grit\u00f3, hoy nos toca a las mujeres cargar el f\u00e9retro, y ese d\u00eda las mujeres cargamos el f\u00e9retro. En la educaci\u00f3n, en el trabajo con j\u00f3venes, en las radios comunitarias, en la lucha contra las mujeres, en la lucha por los derechos de las mujeres; ah\u00ed estaba Bety.<\/em>&#8221; <\/span><\/div>\n<\/blockquote>\n<div id=\"viewer-7neke\" class=\"_2vd5k iG0hRj\">\n<div class=\"_3CWa- N9BmOG N9BmOG _3mymk\">\n<div class=\"_2kEVY\" tabindex=\"0\" role=\"button\" data-hook=\"imageViewer\"><\/div>\n<\/div>\n<\/div>\n<div style=\"text-align: center;\" data-hook=\"rcv-block71\"><a href=\"https:\/\/radiozapatista.org\/wp-content\/uploads\/2023\/04\/4.jpg\"><img loading=\"lazy\" decoding=\"async\" class=\"aligncenter size-large wp-image-44715\" src=\"https:\/\/radiozapatista.org\/wp-content\/uploads\/2023\/04\/4-1024x713.jpg\" alt=\"\" width=\"1024\" height=\"713\" srcset=\"https:\/\/radiozapatista.org\/wp-content\/uploads\/2023\/04\/4-1024x713.jpg 1024w, https:\/\/radiozapatista.org\/wp-content\/uploads\/2023\/04\/4-350x244.jpg 350w, https:\/\/radiozapatista.org\/wp-content\/uploads\/2023\/04\/4-768x535.jpg 768w, https:\/\/radiozapatista.org\/wp-content\/uploads\/2023\/04\/4.jpg 1315w\" sizes=\"auto, (max-width: 1024px) 100vw, 1024px\" \/><\/a><\/div>\n<p id=\"viewer-bdtip\" class=\"mm8Nw _1j-51 WkT0MK _1FoOD _3M0Fe T3Ond1 WkT0MK public-DraftStyleDefault-block-depth0 fixed-tab-size public-DraftStyleDefault-text-ltr\"><span class=\"_2PHJq public-DraftStyleDefault-ltr\"> La lucha de la UCIZONI demuestra la misma esencia de memoria y resistencia. No olvidar que los proyectos del Estado no traen bienestar. No olvidar que no existe la justicia por parte del Estado mexicano. No olvidar que la solidaridad es el arma de los pueblos. No olvidar que s\u00f3lo por medio de la autonom\u00eda y la organizaci\u00f3n desde abajo, podremos vivir con dignidad.<\/span><\/p>\n<h2>Recepci\u00f3n en la comunidad de Oteapan en Acayucan, Veracruz<\/h2>\n<p>Despu\u00e9s de Mogo\u00f1e Viejo, la caravana se dirigi\u00f3 a la comunidad de Oteapan en Acayucan, Veracruz. All\u00e1, se realiz\u00f3 un acto de bienvenida a la caravana y un programa de m\u00fasica y poes\u00eda en honor a Bety Cari\u00f1o y Jyri Jaakkola.<\/p>\n<p>Aqu\u00ed los audios de la bienvenida:<\/p>\n<div class=\"wp-playlist wp-audio-playlist wp-playlist-light\">\n\t\t\t<div class=\"wp-playlist-current-item\"><\/div>\n\t\t<audio controls=\"controls\" preload=\"none\" width=\"640\"\n\t\t\t><\/audio>\n\t<div class=\"wp-playlist-next\"><\/div>\n\t<div class=\"wp-playlist-prev\"><\/div>\n\t<noscript>\n\t<ol>\n\t\t<li><a href='https:\/\/radiozapatista.org\/wp-content\/uploads\/2023\/04\/oteapan1.mp3'>Bienvenida<\/a><\/li><li><a href='https:\/\/radiozapatista.org\/wp-content\/uploads\/2023\/04\/oteapan2.mp3'>Oteapan<\/a><\/li><li><a href='https:\/\/radiozapatista.org\/wp-content\/uploads\/2023\/04\/oteapan3.mp3'>Carta<\/a><\/li>\t<\/ol>\n\t<\/noscript>\n\t<script type=\"application\/json\" class=\"wp-playlist-script\">{\"type\":\"audio\",\"tracklist\":true,\"tracknumbers\":true,\"images\":true,\"artists\":false,\"tracks\":[{\"src\":\"https:\/\/radiozapatista.org\/wp-content\/uploads\/2023\/04\/oteapan1.mp3\",\"type\":\"audio\/mpeg\",\"title\":\"Bienvenida\",\"caption\":\"Palabras de bienvenida\",\"description\":\"\\\"oteapan1\\\".\",\"meta\":{\"length_formatted\":\"1:54\"},\"image\":{\"src\":\"https:\/\/radiozapatista.org\/wp-includes\/images\/media\/audio.svg\",\"width\":48,\"height\":64},\"thumb\":{\"src\":\"https:\/\/radiozapatista.org\/wp-includes\/images\/media\/audio.svg\",\"width\":48,\"height\":64}},{\"src\":\"https:\/\/radiozapatista.org\/wp-content\/uploads\/2023\/04\/oteapan2.mp3\",\"type\":\"audio\/mpeg\",\"title\":\"Oteapan\",\"caption\":\"Sobre la lucha en Oteapan\",\"description\":\"\\\"oteapan2\\\".\",\"meta\":{\"length_formatted\":\"5:39\"},\"image\":{\"src\":\"https:\/\/radiozapatista.org\/wp-includes\/images\/media\/audio.svg\",\"width\":48,\"height\":64},\"thumb\":{\"src\":\"https:\/\/radiozapatista.org\/wp-includes\/images\/media\/audio.svg\",\"width\":48,\"height\":64}},{\"src\":\"https:\/\/radiozapatista.org\/wp-content\/uploads\/2023\/04\/oteapan3.mp3\",\"type\":\"audio\/mpeg\",\"title\":\"Carta\",\"caption\":\"Carta para Bety Cari\\u00f1o y Jyri Jaakkola\",\"description\":\"Carta para Bety Cari\\u00f1o y Jyri Jaakkola\",\"meta\":{\"length_formatted\":\"4:14\"},\"image\":{\"src\":\"https:\/\/radiozapatista.org\/wp-includes\/images\/media\/audio.svg\",\"width\":48,\"height\":64},\"thumb\":{\"src\":\"https:\/\/radiozapatista.org\/wp-includes\/images\/media\/audio.svg\",\"width\":48,\"height\":64}}]}<\/script>\n<\/div>\n\t\n<p align=\"center\"><iframe loading=\"lazy\" title=\"YouTube video player\" src=\"https:\/\/www.youtube.com\/embed\/UbNnXmrJCyA\" width=\"560\" height=\"315\" frameborder=\"0\" allowfullscreen=\"allowfullscreen\"><\/iframe><\/p>\n<div class=\"field field-name-body field-type-text-with-summary field-label-hidden\">\n<div class=\"field-items\">\n<div class=\"field-item even\">\n<div>\n<div><\/div>\n<div><div class=\"slider js_slider\">\n\t                <div class=\"frame js_frame\">\n\t                    <ul class=\"slides js_slides\"><li class=\"js_slide\"><img loading=\"lazy\" decoding=\"async\" width=\"799\" height=\"422\" src=\"https:\/\/radiozapatista.org\/wp-content\/uploads\/2023\/04\/portada-1.jpg\" class=\"attachment- size-\" alt=\"\" srcset=\"https:\/\/radiozapatista.org\/wp-content\/uploads\/2023\/04\/portada-1.jpg 799w, https:\/\/radiozapatista.org\/wp-content\/uploads\/2023\/04\/portada-1-350x185.jpg 350w, https:\/\/radiozapatista.org\/wp-content\/uploads\/2023\/04\/portada-1-768x406.jpg 768w\" sizes=\"auto, (max-width: 799px) 100vw, 799px\" \/><\/li><li class=\"js_slide\"><img loading=\"lazy\" decoding=\"async\" width=\"1315\" height=\"916\" src=\"https:\/\/radiozapatista.org\/wp-content\/uploads\/2023\/04\/4.jpg\" class=\"attachment- size-\" alt=\"\" srcset=\"https:\/\/radiozapatista.org\/wp-content\/uploads\/2023\/04\/4.jpg 1315w, https:\/\/radiozapatista.org\/wp-content\/uploads\/2023\/04\/4-350x244.jpg 350w, https:\/\/radiozapatista.org\/wp-content\/uploads\/2023\/04\/4-768x535.jpg 768w, https:\/\/radiozapatista.org\/wp-content\/uploads\/2023\/04\/4-1024x713.jpg 1024w\" sizes=\"auto, (max-width: 1315px) 100vw, 1315px\" \/><\/li><li class=\"js_slide\"><img loading=\"lazy\" decoding=\"async\" width=\"573\" height=\"916\" src=\"https:\/\/radiozapatista.org\/wp-content\/uploads\/2023\/04\/3.jpg\" class=\"attachment- size-\" alt=\"\" srcset=\"https:\/\/radiozapatista.org\/wp-content\/uploads\/2023\/04\/3.jpg 573w, https:\/\/radiozapatista.org\/wp-content\/uploads\/2023\/04\/3-188x300.jpg 188w\" sizes=\"auto, (max-width: 573px) 100vw, 573px\" \/><\/li><li class=\"js_slide\"><img loading=\"lazy\" decoding=\"async\" width=\"1499\" height=\"916\" src=\"https:\/\/radiozapatista.org\/wp-content\/uploads\/2023\/04\/2.jpg\" class=\"attachment- size-\" alt=\"\" srcset=\"https:\/\/radiozapatista.org\/wp-content\/uploads\/2023\/04\/2.jpg 1499w, https:\/\/radiozapatista.org\/wp-content\/uploads\/2023\/04\/2-350x214.jpg 350w, https:\/\/radiozapatista.org\/wp-content\/uploads\/2023\/04\/2-768x469.jpg 768w, https:\/\/radiozapatista.org\/wp-content\/uploads\/2023\/04\/2-1024x626.jpg 1024w\" sizes=\"auto, (max-width: 1499px) 100vw, 1499px\" \/><\/li><li class=\"js_slide\"><img loading=\"lazy\" decoding=\"async\" width=\"1406\" height=\"916\" src=\"https:\/\/radiozapatista.org\/wp-content\/uploads\/2023\/04\/1.jpg\" class=\"attachment- size-\" alt=\"\" srcset=\"https:\/\/radiozapatista.org\/wp-content\/uploads\/2023\/04\/1.jpg 1406w, https:\/\/radiozapatista.org\/wp-content\/uploads\/2023\/04\/1-350x228.jpg 350w, https:\/\/radiozapatista.org\/wp-content\/uploads\/2023\/04\/1-768x500.jpg 768w, https:\/\/radiozapatista.org\/wp-content\/uploads\/2023\/04\/1-1024x667.jpg 1024w\" sizes=\"auto, (max-width: 1406px) 100vw, 1406px\" \/><\/li>\t<\/ul>\n\t                <\/div>\n\t\t\t\t\t<span class=\"js_prev rz_slider_nav\"><svg xmlns='http:\/\/www.w3.org\/2000\/svg' viewBox='0 0 40 70'>\n\t<line x1='37' y1='3' x2='3' y2='36' style='stroke:white;stroke-width:5px' \/>\n\t<line x1='3' y1='34' x2='37' y2='67' style='stroke:white;stroke-width:5px' \/>\n<\/svg><\/span>\n\t\t\t\t\t<span class=\"js_next rz_slider_nav\"><svg xmlns='http:\/\/www.w3.org\/2000\/svg' viewBox='0 0 40 70'>\n\t<line x1='3' y1='3' x2='35' y2='36' style='stroke:white;stroke-width:5px' \/>\n\t<line x1='35' y1='34' x2='3' y2='67' style='stroke:white;stroke-width:5px' \/>\n<\/svg><\/span><\/div><script>\n\t'use strict';\n\n\tif(!window.slideshowCodeAlreadyRun) {\n\t\twindow.slideshowCodeAlreadyRun = true;\n\t\tdocument.addEventListener('DOMContentLoaded', function(){\n\t\t\tvar slidersMarkup = document.querySelectorAll('.js_slider'),\n\t\t\t\tsliders = [];\n\n\t        Array.prototype.slice.call(slidersMarkup).forEach(function (element, index) {\n\t            sliders.push( lory(element, {\n\t\t\t\t    \tinfinite: 1\n\t\t            })\n\t\t\t\t);\n\t\t\t\t\/\/ console.log(sliders);\n\t        });\n\n\t\t\t\/\/ reset sliders. firefox bug?\n\t\t\t\/\/ setTimeout(function () {\n\t\t\t\/\/ \tsliders.forEach(function(slider){\n\t\t\t\/\/ \t\tconsole.log(slider);\n\t\t\t\/\/ \t\tslider.reset(); \n\t\t\t\/\/ \t\t\/\/ slider.slideTo(1);\n\t\t\t\/\/ \t});\n\t\t\t\/\/ }, 100);\n\t\n\t\t}); \n\t}\n\t<\/script><\/div>\n<\/div>\n<\/div>\n<\/div>\n<\/div>\n<p><\/p>","protected":false},"excerpt":{"rendered":"<p>Texto: Observatorio Memoria y Libertad Fotos: Karen Castillo, Observatorio Memoria y Libertad | El sur resiste Video: Tejemedios Audios extra\u00eddos de: APIIDTT Edici\u00f3n: Radio Zapatista La caravana El Sur Resiste, en su tercer d\u00eda de caminar, lleg\u00f3 al Plant\u00f3n Tierra y Libertad ubicado en Mogo\u00f1\u00e9 Viejo, en la zona norte del Istmo de Tehuantepec, Oaxaca. [&hellip;]<\/p>\n","protected":false},"author":1,"featured_media":44733,"comment_status":"open","ping_status":"closed","sticky":false,"template":"","format":"standard","meta":{"footnotes":""},"categories":[1,957,1024,949,958,954,190],"tags":[1288,79,1409,1408,56,655,567,148],"class_list":["post-44711","post","type-post","status-publish","format-standard","has-post-thumbnail","hentry","category-audio","category-autonomia","category-cni-temas","category-fotorreportaje","category-megaproyectos","category-mexico","category-radiozapatista","tag-4t","tag-autonomia","tag-caravana","tag-el-sur-resiste","tag-encuentros","tag-istmo","tag-megaproyectos","tag-resistencia"],"_links":{"self":[{"href":"https:\/\/radiozapatista.org\/index.php?rest_route=\/wp\/v2\/posts\/44711","targetHints":{"allow":["GET"]}}],"collection":[{"href":"https:\/\/radiozapatista.org\/index.php?rest_route=\/wp\/v2\/posts"}],"about":[{"href":"https:\/\/radiozapatista.org\/index.php?rest_route=\/wp\/v2\/types\/post"}],"author":[{"embeddable":true,"href":"https:\/\/radiozapatista.org\/index.php?rest_route=\/wp\/v2\/users\/1"}],"replies":[{"embeddable":true,"href":"https:\/\/radiozapatista.org\/index.php?rest_route=%2Fwp%2Fv2%2Fcomments&post=44711"}],"version-history":[{"count":5,"href":"https:\/\/radiozapatista.org\/index.php?rest_route=\/wp\/v2\/posts\/44711\/revisions"}],"predecessor-version":[{"id":44737,"href":"https:\/\/radiozapatista.org\/index.php?rest_route=\/wp\/v2\/posts\/44711\/revisions\/44737"}],"wp:featuredmedia":[{"embeddable":true,"href":"https:\/\/radiozapatista.org\/index.php?rest_route=\/wp\/v2\/media\/44733"}],"wp:attachment":[{"href":"https:\/\/radiozapatista.org\/index.php?rest_route=%2Fwp%2Fv2%2Fmedia&parent=44711"}],"wp:term":[{"taxonomy":"category","embeddable":true,"href":"https:\/\/radiozapatista.org\/index.php?rest_route=%2Fwp%2Fv2%2Fcategories&post=44711"},{"taxonomy":"post_tag","embeddable":true,"href":"https:\/\/radiozapatista.org\/index.php?rest_route=%2Fwp%2Fv2%2Ftags&post=44711"}],"curies":[{"name":"wp","href":"https:\/\/api.w.org\/{rel}","templated":true}]}}