{"id":44678,"date":"2023-04-27T14:54:04","date_gmt":"2023-04-27T20:54:04","guid":{"rendered":"https:\/\/radiozapatista.org\/?p=44678"},"modified":"2023-04-27T14:54:04","modified_gmt":"2023-04-27T20:54:04","slug":"convocatoria-artistica-y-popular-bety-y-jyri-semillas-que-florecen","status":"publish","type":"post","link":"https:\/\/radiozapatista.org\/?p=44678","title":{"rendered":"Convocatoria art\u00edstica y popular. Bety y Jyri Semillas que florecen"},"content":{"rendered":"<p>El 27 de abril del 2010 fueron asesinados Bety Cari\u00f1o y Jyri Jaakkola, por brindar su solidaridad al Municipio Aut\u00f3nomo de San Juan Copala en la regi\u00f3n triqui se Oaxaca, desde entonces la b\u00fasqueda de la justicia por el amor a Bety y Jyri no se detuvo, las miles de expresiones de indignaci\u00f3n, de exigir castigo no se detienen, sin embargo la impunidad es el sello constante por las instituciones del estado mexicano despu\u00e9s de 13 a\u00f1os; recordar a Bety y Jyri como un ejemplo vivo y comprometido con el amor al projim@ sigue siendo necesario. Abrazar la lucha por un mundo humano y fraterno es urgente, ellos son el ejemplo del compromiso y del llamado donde la vida est\u00e1 en peligro, son las semillas que florecen, por eso convocamos a seguir mantenido viva su memoria.<\/p>\n<p>&nbsp;<\/p>\n<p>Te invitamos a participar en el rescate de la memoria hist\u00f3rica de Beti Cari\u00f1o y Jyri Jaakkola, activistas y defensores de derechos humanos asesinados en la Caravana Humanitaria que buscaba llevar apoyo a la comunidad triqui de San Juan Copala en 2010.<\/p>\n<p>Convocamos a artistas diversxs y solidarixs que aporten a la memoria gr\u00e1fica bajo las siguientes bases:<\/p>\n<p>1. Preferiblemente aporte a la memoria hist\u00f3rica de ambos activistas.<br \/>\n2. T\u00e9cnicas: gr\u00e1fica, pintura, acuarela, multimedia, cartel, poes\u00eda, otros.<br \/>\n3. Se reciben los trabajos a partir de la publicaci\u00f3n de esta convocatoria y hasta el 30 de julio de 2023.<br \/>\n4. Se seleccionar\u00e1n 20 trabajos los cuales recibir\u00e1n un apoyo econ\u00f3mico de 3000 pesos cada uno. El jurado seleccionador est\u00e1 integrado por familiares y artistas de reconocido prestigio.<br \/>\n5. Todos los trabajos ser\u00e1n expuestos en la Ciudad de Oaxaca. La obra seleccionada participar\u00e1 en otras sedes por definir (CDMX y Europa). Al t\u00e9rmino de la primera exposici\u00f3n ser\u00e1n devueltos los originales no seleccionados.<br \/>\n6. As\u00ed mismo las obras seleccionadas ser\u00e1n parte de la campa\u00f1a internacional por la defensa del caso en la b\u00fasqueda de justicia de ambas familias<\/p>\n<p>Mayores informes:<br \/>\nSemillasqueflorecen@proton.me<\/p>\n<p>Convocan: familiares, amig@s y representaci\u00f3n jur\u00eddica de Bety y Jyri en M\u00e9xico y Finlandia<\/p>","protected":false},"excerpt":{"rendered":"<p>El 27 de abril del 2010 fueron asesinados Bety Cari\u00f1o y Jyri Jaakkola, por brindar su solidaridad al Municipio Aut\u00f3nomo de San Juan Copala en la regi\u00f3n triqui se Oaxaca, desde entonces la b\u00fasqueda de la justicia por el amor a Bety y Jyri no se detuvo, las miles de expresiones de indignaci\u00f3n, de exigir [&hellip;]<\/p>\n","protected":false},"author":21,"featured_media":44705,"comment_status":"open","ping_status":"closed","sticky":false,"template":"","format":"standard","meta":{"footnotes":""},"categories":[957,51,826,958,954,961,935],"tags":[79,58,53,567,147,918,23,545,87,148,27,483],"class_list":["post-44678","post","type-post","status-publish","format-standard","has-post-thumbnail","hentry","category-autonomia","category-autor","category-medios-libres-2","category-megaproyectos","category-mexico","category-mujeres","category-temas","tag-autonomia","tag-derechos-humanos","tag-justicia","tag-megaproyectos","tag-militarizacion","tag-oaxaca","tag-paramilitares","tag-pueblos-indigenas","tag-represion","tag-resistencia","tag-solidaridad","tag-tierra-y-territorio"],"_links":{"self":[{"href":"https:\/\/radiozapatista.org\/index.php?rest_route=\/wp\/v2\/posts\/44678","targetHints":{"allow":["GET"]}}],"collection":[{"href":"https:\/\/radiozapatista.org\/index.php?rest_route=\/wp\/v2\/posts"}],"about":[{"href":"https:\/\/radiozapatista.org\/index.php?rest_route=\/wp\/v2\/types\/post"}],"author":[{"embeddable":true,"href":"https:\/\/radiozapatista.org\/index.php?rest_route=\/wp\/v2\/users\/21"}],"replies":[{"embeddable":true,"href":"https:\/\/radiozapatista.org\/index.php?rest_route=%2Fwp%2Fv2%2Fcomments&post=44678"}],"version-history":[{"count":1,"href":"https:\/\/radiozapatista.org\/index.php?rest_route=\/wp\/v2\/posts\/44678\/revisions"}],"predecessor-version":[{"id":44706,"href":"https:\/\/radiozapatista.org\/index.php?rest_route=\/wp\/v2\/posts\/44678\/revisions\/44706"}],"wp:featuredmedia":[{"embeddable":true,"href":"https:\/\/radiozapatista.org\/index.php?rest_route=\/wp\/v2\/media\/44705"}],"wp:attachment":[{"href":"https:\/\/radiozapatista.org\/index.php?rest_route=%2Fwp%2Fv2%2Fmedia&parent=44678"}],"wp:term":[{"taxonomy":"category","embeddable":true,"href":"https:\/\/radiozapatista.org\/index.php?rest_route=%2Fwp%2Fv2%2Fcategories&post=44678"},{"taxonomy":"post_tag","embeddable":true,"href":"https:\/\/radiozapatista.org\/index.php?rest_route=%2Fwp%2Fv2%2Ftags&post=44678"}],"curies":[{"name":"wp","href":"https:\/\/api.w.org\/{rel}","templated":true}]}}