{"id":44672,"date":"2023-04-27T14:40:11","date_gmt":"2023-04-27T20:40:11","guid":{"rendered":"https:\/\/radiozapatista.org\/?p=44672"},"modified":"2023-04-27T14:40:11","modified_gmt":"2023-04-27T20:40:11","slug":"tecoltemi-logra-cancelacion-definitiva-de-concesiones-de-la-canadiense-almaden-minerals","status":"publish","type":"post","link":"https:\/\/radiozapatista.org\/?p=44672","title":{"rendered":"Tecoltemi logra cancelaci\u00f3n definitiva de concesiones de la canadiense Almaden Minerals"},"content":{"rendered":"<p>Fuente: <a href=\"https:\/\/avispa.org\/tecoltemi-logra-cancelacion-definitiva-de-concesiones-de-la-canadiense-almaden-minerals\/\">Avispa Midia<\/a><\/p>\n<div class=\"tdb-block-inner td-fix-index\">\n<p>Tras casi una d\u00e9cada de batallas legales, la comunidad nahua de Tecoltemi, ubicada en el municipio de Ixtacamaxtitl\u00e1n, Puebla, logr\u00f3 la cancelaci\u00f3n de dos concesiones que permit\u00edan a la empresa canadiense Almaden Minerals explotar una mina del municipio.<\/p>\n<p>De acuerdo con Fundar y la Uni\u00f3n de Ejidos y Comunidades en Defensa de la Tierra, el Agua y la Vida Atcolhua, el 12 de abril un juzgado determin\u00f3 \u2014acatando una sentencia de la corte\u2014 que \u201cno es factible otorgar los t\u00edtulos de concesi\u00f3n minera Cerro Grande y Cerro Grande 2, por no ajustarse a la Ley Minera y a su reglamento\u201d.<\/p>\n<p>El Juez Segundo de Distrito en Materia de Amparo Civil, Administrativa y de Trabajo y de Juicios Federales en el Estado de Puebla declar\u00f3 cumplida la\u00a0<a href=\"https:\/\/www2.scjn.gob.mx\/ConsultaTematica\/PaginasPub\/DetallePub.aspx?AsuntoID=281588\">Sentencia emitida en febrero de 2022 por la Suprema Corte de Justicia de la Naci\u00f3n<\/a>.<\/p>\n<p>El pasado 9 de febrero\u00a0en cumplimiento a la sentencia, la\u00a0Secretar\u00eda de Econom\u00eda declar\u00f3 que no es factible otorgar los t\u00edtulos de concesi\u00f3n minera Cerro Grande y Cerro Grande 2, por no ajustarse a la Ley Minera y a su Reglamento.<\/p>\n<p class=\"has-vivid-cyan-blue-color has-text-color\">Te puede interesar \u2013 <a href=\"https:\/\/avispa.org\/comunidad-nahua-tecoltemi-logra-que-no-haya-nuevas-concesiones-mineras-en-su-territorio\/\" target=\"_blank\" rel=\"noreferrer noopener\">Comunidad nahua Tecoltemi logra que no haya nuevas concesiones mineras en su territorio<\/a><\/p>\n<p>El juzgado \u201cllega a la conclusi\u00f3n de que, en el caso, fue cumplida en sus t\u00e9rminos la ejecutoria de amparo\u201d, reconociendo que, \u201c(&#8230;) la autoridad responsable \u2013Secretar\u00eda de Econom\u00eda &#8211; consider\u00f3 que no era factible expedir los t\u00edtulos solicitados; entonces, se torna innecesario que realizara el procedimiento de consulta a la comunidad ind\u00edgena (\u2026)\u201d.<\/p>\n<p>\u201cCon\u00a0este acuerdo cierra la batalla legal que Tecoltemi mantuvo durante 8 a\u00f1os en defensa de sus derechos y su territorio. La lucha de Tecoltemi deriv\u00f3 en la cancelaci\u00f3n de las concesiones mineras impugnadas como consecuencia del reconocimiento de la violaci\u00f3n a los derechos de los pueblos ind\u00edgenas, dejando antecedentes de relevancia para otros pueblos y comunidades que viven la imposici\u00f3n del modelo extractivo minero en sus territorios\u201d, sostuvo la comunidad en un comunicado.<\/p>\n<p>Adem\u00e1s, recordaron que la Secretar\u00eda de Medio Ambiente y Recursos Naturales junto con el Instituto Nacional de Pueblos Ind\u00edgenas tambi\u00e9n concluyeron a trav\u00e9s de diversas evaluaciones que la minera ocasion\u00f3 en la zona graves impactos sociales, culturales, espirituales y en los derechos humanos.<\/p>\n<p>\u201cExigimos a Minera Gorri\u00f3n retirarse de forma inmediata del municipio de Ixtacamaxtitl\u00e1n y abstenerse de realizar cualquier tipo de actividad dentro del territorio, y solicitamos a la Secretar\u00eda de Medio Ambiente, por conducto de la Procuradur\u00eda Federal de Protecci\u00f3n al Ambiente y a las instancias correspondientes, vigilar y sancionar cualquier actividad ilegal por parte de Minera Gorri\u00f3n en el municipio de Ixtacamaxtitl\u00e1n\u201d.<\/p>\n<\/div>\n<p><\/p>","protected":false},"excerpt":{"rendered":"<p>Fuente: Avispa Midia Tras casi una d\u00e9cada de batallas legales, la comunidad nahua de Tecoltemi, ubicada en el municipio de Ixtacamaxtitl\u00e1n, Puebla, logr\u00f3 la cancelaci\u00f3n de dos concesiones que permit\u00edan a la empresa canadiense Almaden Minerals explotar una mina del municipio. De acuerdo con Fundar y la Uni\u00f3n de Ejidos y Comunidades en Defensa de [&hellip;]<\/p>\n","protected":false},"author":21,"featured_media":44673,"comment_status":"open","ping_status":"closed","sticky":false,"template":"","format":"standard","meta":{"footnotes":""},"categories":[957,51,826,958,954,935],"tags":[79,58,53,567,147,23,545,87,148,27,483],"class_list":["post-44672","post","type-post","status-publish","format-standard","has-post-thumbnail","hentry","category-autonomia","category-autor","category-medios-libres-2","category-megaproyectos","category-mexico","category-temas","tag-autonomia","tag-derechos-humanos","tag-justicia","tag-megaproyectos","tag-militarizacion","tag-paramilitares","tag-pueblos-indigenas","tag-represion","tag-resistencia","tag-solidaridad","tag-tierra-y-territorio"],"_links":{"self":[{"href":"https:\/\/radiozapatista.org\/index.php?rest_route=\/wp\/v2\/posts\/44672","targetHints":{"allow":["GET"]}}],"collection":[{"href":"https:\/\/radiozapatista.org\/index.php?rest_route=\/wp\/v2\/posts"}],"about":[{"href":"https:\/\/radiozapatista.org\/index.php?rest_route=\/wp\/v2\/types\/post"}],"author":[{"embeddable":true,"href":"https:\/\/radiozapatista.org\/index.php?rest_route=\/wp\/v2\/users\/21"}],"replies":[{"embeddable":true,"href":"https:\/\/radiozapatista.org\/index.php?rest_route=%2Fwp%2Fv2%2Fcomments&post=44672"}],"version-history":[{"count":1,"href":"https:\/\/radiozapatista.org\/index.php?rest_route=\/wp\/v2\/posts\/44672\/revisions"}],"predecessor-version":[{"id":44674,"href":"https:\/\/radiozapatista.org\/index.php?rest_route=\/wp\/v2\/posts\/44672\/revisions\/44674"}],"wp:featuredmedia":[{"embeddable":true,"href":"https:\/\/radiozapatista.org\/index.php?rest_route=\/wp\/v2\/media\/44673"}],"wp:attachment":[{"href":"https:\/\/radiozapatista.org\/index.php?rest_route=%2Fwp%2Fv2%2Fmedia&parent=44672"}],"wp:term":[{"taxonomy":"category","embeddable":true,"href":"https:\/\/radiozapatista.org\/index.php?rest_route=%2Fwp%2Fv2%2Fcategories&post=44672"},{"taxonomy":"post_tag","embeddable":true,"href":"https:\/\/radiozapatista.org\/index.php?rest_route=%2Fwp%2Fv2%2Ftags&post=44672"}],"curies":[{"name":"wp","href":"https:\/\/api.w.org\/{rel}","templated":true}]}}