{"id":44601,"date":"2023-04-25T14:10:01","date_gmt":"2023-04-25T20:10:01","guid":{"rendered":"https:\/\/radiozapatista.org\/?p=44601"},"modified":"2023-04-25T14:10:01","modified_gmt":"2023-04-25T20:10:01","slug":"en-argentina-el-trigo-transgenico-ya-se-mezcla-con-el-convencional","status":"publish","type":"post","link":"https:\/\/radiozapatista.org\/?p=44601","title":{"rendered":"[:es]En Argentina, el trigo transg\u00e9nico ya se mezcla con el convencional[:]"},"content":{"rendered":"<p>[:es]Fuente: <a href=\"https:\/\/avispa.org\/en-argentina-el-trigo-transgenico-ya-se-mezcla-con-el-convencional\/\">Avispa Midia<\/a><\/p>\n<p><sup>Por Dar\u00edo Aranda<\/sup><\/p>\n<p><em><sup>En portada: Una jornada de protesta bajo la consigna \u201cCon Nuestro Pan No\u201d, realizada en rechazo al lanzamiento de la primera variedad de trigo transg\u00e9nico del mundo, hecho en Argentina.<\/sup><\/em><\/p>\n<p>La poblaci\u00f3n de Argentina es la primera en comer pan con trigo transg\u00e9nico. As\u00ed lo confirm\u00f3 la empresa Bioceres-Indear al informar que 25 molinos ya mezclan el cereal con el trigo convencional. El transg\u00e9nico, que va junto al peligroso agrot\u00f3xico glufosinato de amonio, fue denunciado por m\u00e1s de mil cient\u00edficos, por productores (tanto agroecol\u00f3gicos como del agronegocio) y por organizaciones socioambientales. Los estudios que se\u00f1alar\u00edan la supuesta \u201cinocuidad\u201d del transg\u00e9nico son confidenciales y fueron realizados por la propia empresa que lo vende. \u201cEs un hecho de gravedad inusitada desde el punto de vista de la salud p\u00fablica\u201d, denunci\u00f3 en una carta p\u00fablica el Instituto de Salud Socioambiental (InSSA) de la Facultad de Ciencias M\u00e9dicas de la Universidad Nacional de Rosario (UNR).<\/p>\n<p>La noticia se conoci\u00f3 mediante un anuncio de Bioceres-Indear a inicios de marzo. Y es de una trascendencia mundial: por primera vez un trigo modificado gen\u00e9ticamente (llamado \u201cHB4\u201d) llega a los alimentos de consumo masivo (pan, pizzas, empanadas, fideos y todos los usos de la harina). Y, m\u00e1s grave, la poblaci\u00f3n no tiene posibilidad de identificar si est\u00e1 comiendo un producto con transg\u00e9nicos o no: en Argentina no existe un etiquetado de Organismos Gen\u00e9ticamente Modificados (OGM).<\/p>\n<p class=\"has-vivid-cyan-blue-color has-text-color\"><a href=\"https:\/\/avispa.org\/en-argentina-investigacion-confirma-vinculos-entre-agua-agroquimicos-y-cancer\/\" target=\"_blank\" rel=\"noreferrer noopener\">Te puede interesar &#8211; En Argentina, investigaci\u00f3n confirma v\u00ednculos entre agua, agroqu\u00edmicos y c\u00e1ncer<\/a><\/p>\n<p>Desde el Instituto de Salud Socioambiental (InSSA-UNR) resaltaron que no hay pruebas cient\u00edficas independientes y publicadas en revistas acad\u00e9micas que demuestren la inocuidad del trigo HB4 en la ingesta en humanos. Recuerda que, en Argentina, los transg\u00e9nicos se aprueban en base a \u201cestudios\u201d de las propias empresas y que esos informes son secretos.<\/p>\n<p>El InSSA, que ha confirmado con una publicaci\u00f3n cient\u00edfica la incidencia de c\u00e1ncer en pueblos fumigados, remarca otro factor del trigo transg\u00e9nico: \u201cVa acompa\u00f1ado con el herbicida glufosinato de amonio, cuya toxicidad sobre el ambiente y la salud ya ha sido demostrada en numerosos trabajos cient\u00edficos, as\u00ed como tambi\u00e9n se ha evidenciado que no se degrada y que incluso es posible detectarlo hasta en ultraprocesados\u201d.<\/p>\n<p>Los investigadores instan a los \u201cdecisores de pol\u00edticas p\u00fablicas\u201d que atiendan a las evidencias cient\u00edficas que dan cuenta de los peligros de ese cultivo. \u201cConsideramos urgente que las autoridades proh\u00edban la comercializaci\u00f3n e incorporaci\u00f3n del trigo Hb4 en las harinas para producci\u00f3n de productos comestibles y\/o suced\u00e1neos de la alimentaci\u00f3n humana\u201d, remarcan.<\/p>\n<p>En 2020, en una carta abierta,\u00a0<a href=\"https:\/\/www.pagina12.com.ar\/302009-trigo-transgenico-mas-de-1000-cientificos-advierten-que-es-r\">m\u00e1s de mil cient\u00edficos del Conicet y de 30 universidades p\u00fablicas de Argentina rechazaron el avance del trigo<\/a>\u00a0transg\u00e9nico: \u201cEsta autorizaci\u00f3n remite a un modelo de agronegocio que se ha demostrado nocivo en t\u00e9rminos ambientales y sociales, causante principal de las p\u00e9rdidas de biodiversidad, que no resuelve los problemas de la alimentaci\u00f3n y que amenaza adem\u00e1s la salud de nuestro pueblo confrontando la seguridad y la soberan\u00eda alimentaria\u201d. Aportaron decenas de estudios que dan cuenta de los peligros del nuevo transg\u00e9nico. Nada de eso fue tenido en cuenta por las autoridades estatales.<\/p>\n<p>Bioceres-Indear es la compa\u00f1\u00eda impulsora del trigo transg\u00e9nico. Se presenta como una \u201cempresa nacional\u201d, con accionistas como el denominado \u201crey de la soja\u201d Gustavo Grobocopatel y el multimillonario Hugo Sigman, pero desde 2021 cotiza en la Bolsa de Nueva York. Para el transg\u00e9nico tambi\u00e9n fue vital el aporte del Estado, mediante recursos y pol\u00edticas activas del Conicet y la Universidad Nacional del Litoral. Su referenta es la cient\u00edfica Raquel Chan, socia de Bioceres y negadora de las consecuencias sociales, ambientales y sanitarias del agronegocio.<\/p>\n<p class=\"has-vivid-cyan-blue-color has-text-color\"><a href=\"https:\/\/avispa.org\/el-hambre-es-un-crimen-en-argentina-no-es-una-crisis-es-un-modelo-politico\/\" target=\"_blank\" rel=\"noreferrer noopener\">Te puede interesar \u2013 \u201cEl hambre es un crimen\u201d: En Argentina, no es una crisis, es un modelo pol\u00edtico<\/a><\/p>\n<p>Mauricio Macri estuvo a punto de aprobar el trigo durante su gesti\u00f3n, pero fren\u00f3 la decisi\u00f3n por la advertencia de productores del agronegocio, del Centro de Exportadores de Cereales y la Federaci\u00f3n de Acopiadores, ante la posibilidad de perder mercado de exportaci\u00f3n (principalmente Brasil). Los consumidores no quieren transg\u00e9nicos en sus platos. La aprobaci\u00f3n final fue en mayo de 2022, cuando Juli\u00e1n Dom\u00ednguez (entonces ministro de Agricultura) dio luz verde al pedido de Bioceres-Indear (la firma administrativa corri\u00f3 por cuenta de Luis Gustavo Contigiani).<\/p>\n<p>\u201cLa responsabilidad del Gobierno es total. Desde la autorizaci\u00f3n sin pruebas de inocuidad, sin contemplar los efectos negativos en el campo y tambi\u00e9n con sus pol\u00edticas cient\u00edficas, con Raquel Chan como emblema, al servicio del sector m\u00e1s concentrado del agronegocio\u201d, denunci\u00f3 Agust\u00edn Su\u00e1rez, de la Uni\u00f3n de Trabajadores\/as de la Tierra (UTT). Y remarc\u00f3 la gravedad de este trigo: \u201cNo solo se contaminar\u00e1 al trigo convencional sino que este transg\u00e9nico, y sus agrot\u00f3xicos, ir\u00e1n directo a nuestros cuerpos, al de nuestros hijos. Las consecuencias ser\u00e1n muy graves y se ver\u00e1n en el mediano y largo plazo. Es criminal\u201d.<\/p>\n<p>Desde la Multisectorial Paren de Fumigarnos de Santa Fe, que desde hace dos d\u00e9cadas denuncia los impactos del agronegocio en la salud y el ambiente, precisaron que el herbicida glufosinato de amonio es \u201cmucho m\u00e1s t\u00f3xico que el glifosato y est\u00e1 comprobado sus efectos teratog\u00e9nicos, neurot\u00f3xicos y genot\u00f3xicos\u201d.<\/p>\n<p class=\"has-vivid-cyan-blue-color has-text-color\"><a href=\"https:\/\/avispa.org\/los-duenos-del-pan-el-lobby-y-los-peligros-del-trigo-transgenico\/\" target=\"_blank\" rel=\"noreferrer noopener\">Te puede interesar &#8211; Los due\u00f1os del pan: El lobby y los peligros del trigo transg\u00e9nico<\/a><\/p>\n<p>La Multisectorial, que forma parte de la campa\u00f1a \u201cCon nuestro pan no\u201d (que re\u00fane a decenas de organizaciones de todo el pa\u00eds) alert\u00f3 el efecto en los productores: \u201cNo es posible la coexistencia de trigo transg\u00e9nico y no transg\u00e9nico debido al proceso de \u2018contaminaci\u00f3n gen\u00e9tica\u2019 que ocurre durante la polinizaci\u00f3n y cuyos residuos de agrot\u00f3xicos quedar\u00e1n en la harina obtenida. En sociedades empobrecidas y culturalmente trigo-harina dependientes, es un claro peligro de salud p\u00fablica\u201d. Y advierte que el mecanismo por el cual se autoriz\u00f3 el transg\u00e9nico viola la Ley General del Ambiente y el art\u00edculo 41 de la Constituci\u00f3n Nacional, entre otras normas de protecci\u00f3n de la salud y el ambiente. Exigen el cese de la siembra del transg\u00e9nico, el freno a la mezcla con el trigo tradicional y recuerdan: \u201cLa salud no se negocia\u201d.[:]<\/p>\n","protected":false},"excerpt":{"rendered":"<p>[:es]Fuente: Avispa Midia Por Dar\u00edo Aranda En portada: Una jornada de protesta bajo la consigna \u201cCon Nuestro Pan No\u201d, realizada en rechazo al lanzamiento de la primera variedad de trigo transg\u00e9nico del mundo, hecho en Argentina. La poblaci\u00f3n de Argentina es la primera en comer pan con trigo transg\u00e9nico. As\u00ed lo confirm\u00f3 la empresa Bioceres-Indear [&hellip;]<\/p>\n","protected":false},"author":21,"featured_media":44602,"comment_status":"open","ping_status":"closed","sticky":false,"template":"","format":"standard","meta":{"footnotes":""},"categories":[51,1284,826,958,935],"tags":[58,53,1305,567,147,545,87,148,27,483],"class_list":["post-44601","post","type-post","status-publish","format-standard","has-post-thumbnail","hentry","category-autor","category-latinoamerica","category-medios-libres-2","category-megaproyectos","category-temas","tag-derechos-humanos","tag-justicia","tag-latinoamerica","tag-megaproyectos","tag-militarizacion","tag-pueblos-indigenas","tag-represion","tag-resistencia","tag-solidaridad","tag-tierra-y-territorio"],"_links":{"self":[{"href":"https:\/\/radiozapatista.org\/index.php?rest_route=\/wp\/v2\/posts\/44601","targetHints":{"allow":["GET"]}}],"collection":[{"href":"https:\/\/radiozapatista.org\/index.php?rest_route=\/wp\/v2\/posts"}],"about":[{"href":"https:\/\/radiozapatista.org\/index.php?rest_route=\/wp\/v2\/types\/post"}],"author":[{"embeddable":true,"href":"https:\/\/radiozapatista.org\/index.php?rest_route=\/wp\/v2\/users\/21"}],"replies":[{"embeddable":true,"href":"https:\/\/radiozapatista.org\/index.php?rest_route=%2Fwp%2Fv2%2Fcomments&post=44601"}],"version-history":[{"count":1,"href":"https:\/\/radiozapatista.org\/index.php?rest_route=\/wp\/v2\/posts\/44601\/revisions"}],"predecessor-version":[{"id":44603,"href":"https:\/\/radiozapatista.org\/index.php?rest_route=\/wp\/v2\/posts\/44601\/revisions\/44603"}],"wp:featuredmedia":[{"embeddable":true,"href":"https:\/\/radiozapatista.org\/index.php?rest_route=\/wp\/v2\/media\/44602"}],"wp:attachment":[{"href":"https:\/\/radiozapatista.org\/index.php?rest_route=%2Fwp%2Fv2%2Fmedia&parent=44601"}],"wp:term":[{"taxonomy":"category","embeddable":true,"href":"https:\/\/radiozapatista.org\/index.php?rest_route=%2Fwp%2Fv2%2Fcategories&post=44601"},{"taxonomy":"post_tag","embeddable":true,"href":"https:\/\/radiozapatista.org\/index.php?rest_route=%2Fwp%2Fv2%2Ftags&post=44601"}],"curies":[{"name":"wp","href":"https:\/\/api.w.org\/{rel}","templated":true}]}}