{"id":44564,"date":"2023-04-20T11:04:42","date_gmt":"2023-04-20T17:04:42","guid":{"rendered":"https:\/\/radiozapatista.org\/?p=44564"},"modified":"2023-04-20T11:04:42","modified_gmt":"2023-04-20T17:04:42","slug":"peru-defensores-de-la-tierra-se-levantan-contra-narcoestado","status":"publish","type":"post","link":"https:\/\/radiozapatista.org\/?p=44564","title":{"rendered":"Per\u00fa: defensores de la tierra se levantan contra narcoestado"},"content":{"rendered":"<p>[:es]Fuente: <a href=\"https:\/\/avispa.org\/peru-defensores-de-la-tierra-se-levantan-contra-narcoestado\/\">Avispa Midia<\/a><\/p>\n<p>Por Javier Bedia Prado<\/p>\n<div class=\"tdb-block-inner td-fix-index\">\n<p><em><sup>En portada: Santiago Contoric\u00f3n Ant\u00fanez (centro), de la comunidad ash\u00e1ninka Puerto Ocopa, fue asesinado el pasado 8 de abril.<\/sup><\/em><\/p>\n<p>El asesinato del l\u00edder ash\u00e1ninka Santiago Contoric\u00f3n Ant\u00fanez a manos del narcotr\u00e1fico, el s\u00e1bado 8 de abril, se suma a una lista de decenas de defensores de territorios desprotegidos por los gobiernos en el Per\u00fa. En las \u00faltimas semanas, el dirigente report\u00f3 al Ministerio del Interior y a representantes del Ejecutivo las amenazas que recib\u00eda del crimen organizado en la provincia Satipo (regi\u00f3n Jun\u00edn).<\/p>\n<p>En 2022, el pa\u00eds andino fue el s\u00e9ptimo m\u00e1s peligroso de Am\u00e9rica Latina para los guardianes de la tierra, la regi\u00f3n del mundo de mayor letalidad para estos. Entre 2012 y 2021, seg\u00fan un <a href=\"https:\/\/www.globalwitness.org\/es\/decade-defiance-es\/\">informe<\/a> de Global Witness, se registraron los asesinatos de 51 protectores del ambiente y l\u00edderes ind\u00edgenas. Al menos seis cr\u00edmenes se cometieron en Jun\u00edn, en la zona de selva central peruana. Ocho defensores peruanos fueron victimados el a\u00f1o pasado, la mayor\u00eda en localidades amaz\u00f3nicas.<\/p>\n<p class=\"has-vivid-cyan-blue-color has-text-color\"><a href=\"https:\/\/avispa.org\/la-violencia-se-agrava-contra-comunidades-indigenas-del-peru\/\" target=\"_blank\" rel=\"noreferrer noopener\">Te puede interesar &#8211; La violencia se agrava contra comunidades ind\u00edgenas del Per\u00fa<\/a><\/p>\n<p>El crimen contra Contoric\u00f3n se vincula a su participaci\u00f3n junto a integrantes de comunidades ash\u00e1ninkas en incautaciones de coca\u00edna, en ejercicio de la autodefensa de sus territorios ancestrales. Las comunidades nativas de la cuenca del r\u00edo Tambo se enfrentan al avance de los cultivos de hoja de coca para la producci\u00f3n de drogas y a la tala ilegal. La pol\u00edtica de militarizar un \u00e1rea de emergencia, como el Valle de los R\u00edos Apur\u00edmac, Ene y Mantaro (Vraem), dentro de la cual se ejecut\u00f3 el atentado, no da resultados.<\/p>\n<figure class=\"wp-block-image size-large\"><a class=\"td-modal-image\" href=\"https:\/\/avispa.org\/wp-content\/uploads\/2023\/04\/SantiagoContoricon1-1024x603.jpeg\"><img loading=\"lazy\" decoding=\"async\" class=\"wp-image-96677 td-animation-stack-type0-2\" src=\"https:\/\/avispa.org\/wp-content\/uploads\/2023\/04\/SantiagoContoricon1-1024x603.jpeg\" sizes=\"auto, (max-width: 1024px) 100vw, 1024px\" srcset=\"https:\/\/avispa.org\/wp-content\/uploads\/2023\/04\/SantiagoContoricon1-1024x603.jpeg 1024w, https:\/\/avispa.org\/wp-content\/uploads\/2023\/04\/SantiagoContoricon1-300x177.jpeg 300w, https:\/\/avispa.org\/wp-content\/uploads\/2023\/04\/SantiagoContoricon1-768x452.jpeg 768w, https:\/\/avispa.org\/wp-content\/uploads\/2023\/04\/SantiagoContoricon1-696x410.jpeg 696w, https:\/\/avispa.org\/wp-content\/uploads\/2023\/04\/SantiagoContoricon1-1068x629.jpeg 1068w, https:\/\/avispa.org\/wp-content\/uploads\/2023\/04\/SantiagoContoricon1-713x420.jpeg 713w, https:\/\/avispa.org\/wp-content\/uploads\/2023\/04\/SantiagoContoricon1.jpeg 1530w\" alt=\"\" width=\"1024\" height=\"603\" \/><\/a><\/figure>\n<p>Por el contrario, entre 2018 y 2021 las plantaciones cocaleras en territorios de pueblos ind\u00edgenas crecieron en 93%, de 8,000 a m\u00e1s de 15,000 hect\u00e1reas, de acuerdo a un <a href=\"https:\/\/cdn.www.gob.pe\/uploads\/document\/file\/3639103\/Informe%20de%20An\u00e1lisis_Superficie%202021%20-%20OPD.pdf.pdf?v=1664483760\">informe<\/a> de la Comisi\u00f3n Nacional para el Desarrollo y Vida sin Drogas (Devida). Y un <a href=\"https:\/\/www.unodc.org\/res\/wdr2021\/field\/WDR21_Booklet_4.pdf\">reporte<\/a> de la Oficina de las Naciones Unidas para la Droga y el Delito (Onudd) indica que de 2020 a 2021 los cultivos il\u00edcitos en el Per\u00fa aumentaron en 23%, de 61,000 a 80,000 hect\u00e1reas.<\/p>\n<p>En la provincia de Satipo, a la que Contoric\u00f3n represent\u00f3 como consejero regional, se localizan las mayores expansiones de sembr\u00edos de coca en los \u00faltimos a\u00f1os, con participaci\u00f3n de remanentes de Sendero Luminoso como guardia armada de narcotraficantes.<\/p>\n<p>A unos metros de la casa del l\u00edder ind\u00edgena, en la comunidad nativa Puerto Ocopa, opera una base de la Marina de Guerra. El exalcade del distrito R\u00edo Tambo, donde a\u00fan no hay comisar\u00eda, fue victimado en su vivienda por un sicario de un disparo en la cabeza, en presencia de su familia. Contoric\u00f3n fue un hist\u00f3rico dirigente que en sus 56 a\u00f1os de vida defendi\u00f3 a su etnia de la violencia de Sendero Luminoso y el Estado, m\u00e1s tarde la del extractivismo neoliberal y las mafias expandidas, en los a\u00f1os de una pacificaci\u00f3n que no se afianz\u00f3 en la selva peruana.<\/p>\n<h3 id=\"h-el-peru-como-narcoestado\" class=\"has-black-color has-text-color\"><strong>El Per\u00fa como narcoestado<\/strong><\/h3>\n<p>La Central Ash\u00e1ninka del R\u00edo Tambo se\u00f1ala a la Polic\u00eda y las Fuerzas Armadas de permitir la circulaci\u00f3n de embarcaciones con coca\u00edna e insumos para su elaboraci\u00f3n, por lo que exigen al Ejecutivo que retire a los militares de la base de Puerto Ocopa. Los comit\u00e9s de autodefensa ordenaron la salida de todas las personas for\u00e1neas de la zona y mantienen bloqueado el tr\u00e1nsito fluvial. En otras provincias de la selva hay carreteras interceptadas en apoyo a la protesta ash\u00e1ninka.<\/p>\n<p>\u201cEn su momento hemos dado confianza para contar con una base militar o policial para prevenir, pero m\u00e1s nos generan problemas, desautorizando a las comunidades nativas para desarrollar sus propias acciones de seguridad dentro de su territorio. Lo que queremos es que se entienda cu\u00e1l es la realidad de los r\u00edos Tambo y Ene, donde no hay presencia del Estado\u201d, se\u00f1al\u00f3, por su parte, Teddy Sinacay, presidente de la Central de Comunidades Nativas de la Selva Central (Ceconsec).<\/p>\n<figure class=\"wp-block-image size-large\"><a class=\"td-modal-image\" href=\"https:\/\/avispa.org\/wp-content\/uploads\/2023\/04\/SantiagoContoricon2-1024x682.jpeg\"><img loading=\"lazy\" decoding=\"async\" class=\"wp-image-96678 td-animation-stack-type0-2\" src=\"https:\/\/avispa.org\/wp-content\/uploads\/2023\/04\/SantiagoContoricon2-1024x682.jpeg\" sizes=\"auto, (max-width: 1024px) 100vw, 1024px\" srcset=\"https:\/\/avispa.org\/wp-content\/uploads\/2023\/04\/SantiagoContoricon2-1024x682.jpeg 1024w, https:\/\/avispa.org\/wp-content\/uploads\/2023\/04\/SantiagoContoricon2-300x200.jpeg 300w, https:\/\/avispa.org\/wp-content\/uploads\/2023\/04\/SantiagoContoricon2-768x512.jpeg 768w, https:\/\/avispa.org\/wp-content\/uploads\/2023\/04\/SantiagoContoricon2-696x464.jpeg 696w, https:\/\/avispa.org\/wp-content\/uploads\/2023\/04\/SantiagoContoricon2-1068x711.jpeg 1068w, https:\/\/avispa.org\/wp-content\/uploads\/2023\/04\/SantiagoContoricon2-631x420.jpeg 631w, https:\/\/avispa.org\/wp-content\/uploads\/2023\/04\/SantiagoContoricon2.jpeg 1536w\" alt=\"\" width=\"1024\" height=\"682\" \/><\/a><\/figure>\n<p>La condici\u00f3n del Per\u00fa como narcoestado se acent\u00faa con la dictadura c\u00edvico-militar de Dina Boluarte, encabezada por los sectores pol\u00edticos conservadores y de ultraderecha financiados por el narcotr\u00e1fico. Se consolida con la presencia de una fiscal de la Naci\u00f3n que asumi\u00f3 la persecuci\u00f3n judicial al expresidente Pedro Castillo e impide las investigaciones a su hermana jueza por cobros de sobornos a traficantes.<\/p>\n<p class=\"has-vivid-cyan-blue-color has-text-color\"><a href=\"https:\/\/avispa.org\/peru-los-pueblos-indigenas-sostienen-lucha-contra-la-dictadura\/\" target=\"_blank\" rel=\"noreferrer noopener\">Te puede interesar &#8211; Per\u00fa: Los pueblos ind\u00edgenas sostienen lucha contra la dictadura<\/a><\/p>\n<p>Una muestra de la narcopol\u00edtica peruana es la reciente megaoperaci\u00f3n de la Fiscal\u00eda de Lavado de Activos contra el ex secretario general del partido fujimorista y financista de la organizaci\u00f3n, Joaqu\u00edn Ram\u00edrez, actual alcalde de la provincia Cajamarca, de alta producci\u00f3n de coca\u00edna y opi\u00e1ceos. Al excongresista, <a href=\"https:\/\/ojo-publico.com\/241\/papeles-la-dea-revelan-que-joaquin-ramirez-era-investigado-desde-el-2012\">investigado por la DEA<\/a> desde 2012, le incautaron m\u00e1s de 200 inmuebles, 90 veh\u00edculos y siete avionetas. Su principal negocio legal, una universidad privada de funcionamiento irregular, tiene los favores del r\u00e9gimen. La fiscal de la Naci\u00f3n acredita dos t\u00edtulos de posgrado de esta casa de estudios, sin registros de las tesis que los avalen. As\u00ed funciona un Estado neoliberal capturado por mafias.<\/p>\n<p>Para abordar el crimen organizado en la selva central, este a\u00f1o el Ejecutivo cre\u00f3 una mesa multisectorial en la que d\u00edas antes del asesinato dirigentes ind\u00edgenas recordaron su vulnerabilidad a altos representantes del Gobierno de facto, entre ellos el presidente del Consejo de Ministros, Alberto Ot\u00e1rola. Hasta el momento, ning\u00fan funcionario se reuni\u00f3 con las autoridades ind\u00edgenas y de la regi\u00f3n. Es la ausencia de Estado que reclaman los pueblos originarios con una nueva medida de fuerza indefinida. Los defensores de la tierra est\u00e1n en pie de lucha en la selva. En frente, un r\u00e9gimen armado-empresarial dispuesto a extremar la explotaci\u00f3n de la Amazon\u00eda y sus habitantes.<\/p>\n<\/div>\n<p>[:]<\/p>\n","protected":false},"excerpt":{"rendered":"<p>[:es]Fuente: Avispa Midia Por Javier Bedia Prado En portada: Santiago Contoric\u00f3n Ant\u00fanez (centro), de la comunidad ash\u00e1ninka Puerto Ocopa, fue asesinado el pasado 8 de abril. El asesinato del l\u00edder ash\u00e1ninka Santiago Contoric\u00f3n Ant\u00fanez a manos del narcotr\u00e1fico, el s\u00e1bado 8 de abril, se suma a una lista de decenas de defensores de territorios desprotegidos [&hellip;]<\/p>\n","protected":false},"author":21,"featured_media":44565,"comment_status":"open","ping_status":"closed","sticky":false,"template":"","format":"standard","meta":{"footnotes":""},"categories":[957,51,1284,826,958,935],"tags":[1160,79,58,53,1305,147,23,545,87,148,27,483],"class_list":["post-44564","post","type-post","status-publish","format-standard","has-post-thumbnail","hentry","category-autonomia","category-autor","category-latinoamerica","category-medios-libres-2","category-megaproyectos","category-temas","tag-amazonia","tag-autonomia","tag-derechos-humanos","tag-justicia","tag-latinoamerica","tag-militarizacion","tag-paramilitares","tag-pueblos-indigenas","tag-represion","tag-resistencia","tag-solidaridad","tag-tierra-y-territorio"],"_links":{"self":[{"href":"https:\/\/radiozapatista.org\/index.php?rest_route=\/wp\/v2\/posts\/44564","targetHints":{"allow":["GET"]}}],"collection":[{"href":"https:\/\/radiozapatista.org\/index.php?rest_route=\/wp\/v2\/posts"}],"about":[{"href":"https:\/\/radiozapatista.org\/index.php?rest_route=\/wp\/v2\/types\/post"}],"author":[{"embeddable":true,"href":"https:\/\/radiozapatista.org\/index.php?rest_route=\/wp\/v2\/users\/21"}],"replies":[{"embeddable":true,"href":"https:\/\/radiozapatista.org\/index.php?rest_route=%2Fwp%2Fv2%2Fcomments&post=44564"}],"version-history":[{"count":1,"href":"https:\/\/radiozapatista.org\/index.php?rest_route=\/wp\/v2\/posts\/44564\/revisions"}],"predecessor-version":[{"id":44566,"href":"https:\/\/radiozapatista.org\/index.php?rest_route=\/wp\/v2\/posts\/44564\/revisions\/44566"}],"wp:featuredmedia":[{"embeddable":true,"href":"https:\/\/radiozapatista.org\/index.php?rest_route=\/wp\/v2\/media\/44565"}],"wp:attachment":[{"href":"https:\/\/radiozapatista.org\/index.php?rest_route=%2Fwp%2Fv2%2Fmedia&parent=44564"}],"wp:term":[{"taxonomy":"category","embeddable":true,"href":"https:\/\/radiozapatista.org\/index.php?rest_route=%2Fwp%2Fv2%2Fcategories&post=44564"},{"taxonomy":"post_tag","embeddable":true,"href":"https:\/\/radiozapatista.org\/index.php?rest_route=%2Fwp%2Fv2%2Ftags&post=44564"}],"curies":[{"name":"wp","href":"https:\/\/api.w.org\/{rel}","templated":true}]}}