{"id":44545,"date":"2023-04-17T15:55:30","date_gmt":"2023-04-17T21:55:30","guid":{"rendered":"https:\/\/radiozapatista.org\/?p=44545"},"modified":"2023-04-17T15:55:30","modified_gmt":"2023-04-17T21:55:30","slug":"brasil-bolsonaro-es-responsable-por-emitir-mas-de-50-millones-de-toneladas-de-co2","status":"publish","type":"post","link":"https:\/\/radiozapatista.org\/?p=44545","title":{"rendered":"[:es]Brasil | Bolsonaro es responsable por emitir m\u00e1s de 50 millones de toneladas de CO2[:]"},"content":{"rendered":"<p>[:es]Fuente: <a href=\"https:\/\/avispa.org\/brasil-bolsonaro-es-responsable-por-emitir-mas-de-50-millones-de-toneladas-de-co2\/\">Avispa Midia<\/a><\/p>\n<p>Por Sare Frabes<\/p>\n<div class=\"tdb-block-inner td-fix-index\">\n<p class=\"has-text-align-right\"><sup>Foto por greenpeace<\/sup><\/p>\n<p>La semana pasada la revista cient\u00edfica\u00a0<em>Scientific Reports<\/em>, del grupo\u00a0<em>Nature<\/em>, lanz\u00f3 un estudio donde documenta que entre los a\u00f1os 2013 y 2021 la deforestaci\u00f3n aument\u00f3 en 129% en territorios ind\u00edgenas, a la par, se aceler\u00f3 la miner\u00eda ilegal en estas mismas zonas. Esto fue causa de la emisi\u00f3n de 96 millones de toneladas de di\u00f3xido de carbono (CO2), del cual se responsabiliza en un 59% al gobierno del expresidente de Brasil, Jair Bolsonaro, por un equivalente a 57 millones de toneladas de CO2.<\/p>\n<p>El CO2 es uno de los principales gases emitidos hacia la atmosfera responsable por el llamado efecto invernadero, que a su vez es uno de los responsables del aumento de la temperatura en el planeta.<\/p>\n<p>Solo en los tres primeros a\u00f1os de gobierno de Bolsonaro se registr\u00f3 un aumento del 195% en la deforestaci\u00f3n con un avance del 30% hacia tierras ind\u00edgenas establecidas en la selva, alcanzando \u00e1reas anteriormente conservadas. El a\u00f1o 2020 es considerado como el de mayor tasa de deforestaci\u00f3n de la d\u00e9cada, alcanzando m\u00e1s de 10 kil\u00f3metros cuadrados deforestados, para dar paso a la miner\u00eda y la agricultura industrial.<\/p>\n<p>Esta destrucci\u00f3n de la selva fue superada en 2021, con un aumento del 20% de salva talada, alcanzando los 13 mil kil\u00f3metros cuadrados, seg\u00fan constat\u00f3 el equipo que trabaj\u00f3 en esta investigaci\u00f3n, el cual esta conformado por cient\u00edficos de diez instituciones y universidades ubicadas en Brasil, Estados Unidos, Holanda y Reino Unido, adem\u00e1s de investigadores del IPAM (Instituto de Investigaci\u00f3n Ambiental de la Amazonia).<\/p>\n<p>Por ello, el equipo de cient\u00edficos sostiene que urge al actual gobierno de este pa\u00eds sudamericano, presidido por Luiz Inacio Lula da Silva, frenar la deforestaci\u00f3n en los territorios ind\u00edgenas, ya que son considerados territorios determinantes ante la crisis clim\u00e1tica. As\u00ed mismo se recomienda garantizar los derechos de estos pueblos sobre sus tierras.<\/p>\n<p>Seg\u00fan el informe, los territorios ind\u00edgenas en Brasil albergan alrededor de 700 mil ind\u00edgenas y m\u00e1s de la mitad de ellos se encuentra en la Amazonia brasile\u00f1a. Estos territorios concentran m\u00e1s de un mill\u00f3n de kil\u00f3metros cuadrados de selva tropical que contribuyen a la regulaci\u00f3n del clima, adem\u00e1s de albergar una gran biodiversidad y diversidad sociocultural.<\/p>\n<p>&#8220;Durante el gobierno de Bolsonaro, con el debilitamiento de las instituciones ambientales y los intentos inconstitucionales de explotar econ\u00f3micamente estos territorios, la deforestaci\u00f3n ha aumentado significativamente. Los resultados de nuestro trabajo, por lo tanto, son una importante contribuci\u00f3n al nuevo gobierno en la reconstrucci\u00f3n del sistema de gesti\u00f3n ambiental del pa\u00eds&#8221;, valora Celso Henrique Leite Silva Junior, investigador del IPAM.<\/p>\n<\/div>\n<p>[:]<\/p>\n","protected":false},"excerpt":{"rendered":"<p>[:es]Fuente: Avispa Midia Por Sare Frabes Foto por greenpeace La semana pasada la revista cient\u00edfica\u00a0Scientific Reports, del grupo\u00a0Nature, lanz\u00f3 un estudio donde documenta que entre los a\u00f1os 2013 y 2021 la deforestaci\u00f3n aument\u00f3 en 129% en territorios ind\u00edgenas, a la par, se aceler\u00f3 la miner\u00eda ilegal en estas mismas zonas. Esto fue causa de la [&hellip;]<\/p>\n","protected":false},"author":21,"featured_media":44546,"comment_status":"open","ping_status":"closed","sticky":false,"template":"","format":"standard","meta":{"footnotes":""},"categories":[957,51,1284,826,958,935],"tags":[1160,79,58,53,1305,567,147,545,87,148,27,483],"class_list":["post-44545","post","type-post","status-publish","format-standard","has-post-thumbnail","hentry","category-autonomia","category-autor","category-latinoamerica","category-medios-libres-2","category-megaproyectos","category-temas","tag-amazonia","tag-autonomia","tag-derechos-humanos","tag-justicia","tag-latinoamerica","tag-megaproyectos","tag-militarizacion","tag-pueblos-indigenas","tag-represion","tag-resistencia","tag-solidaridad","tag-tierra-y-territorio"],"_links":{"self":[{"href":"https:\/\/radiozapatista.org\/index.php?rest_route=\/wp\/v2\/posts\/44545","targetHints":{"allow":["GET"]}}],"collection":[{"href":"https:\/\/radiozapatista.org\/index.php?rest_route=\/wp\/v2\/posts"}],"about":[{"href":"https:\/\/radiozapatista.org\/index.php?rest_route=\/wp\/v2\/types\/post"}],"author":[{"embeddable":true,"href":"https:\/\/radiozapatista.org\/index.php?rest_route=\/wp\/v2\/users\/21"}],"replies":[{"embeddable":true,"href":"https:\/\/radiozapatista.org\/index.php?rest_route=%2Fwp%2Fv2%2Fcomments&post=44545"}],"version-history":[{"count":1,"href":"https:\/\/radiozapatista.org\/index.php?rest_route=\/wp\/v2\/posts\/44545\/revisions"}],"predecessor-version":[{"id":44547,"href":"https:\/\/radiozapatista.org\/index.php?rest_route=\/wp\/v2\/posts\/44545\/revisions\/44547"}],"wp:featuredmedia":[{"embeddable":true,"href":"https:\/\/radiozapatista.org\/index.php?rest_route=\/wp\/v2\/media\/44546"}],"wp:attachment":[{"href":"https:\/\/radiozapatista.org\/index.php?rest_route=%2Fwp%2Fv2%2Fmedia&parent=44545"}],"wp:term":[{"taxonomy":"category","embeddable":true,"href":"https:\/\/radiozapatista.org\/index.php?rest_route=%2Fwp%2Fv2%2Fcategories&post=44545"},{"taxonomy":"post_tag","embeddable":true,"href":"https:\/\/radiozapatista.org\/index.php?rest_route=%2Fwp%2Fv2%2Ftags&post=44545"}],"curies":[{"name":"wp","href":"https:\/\/api.w.org\/{rel}","templated":true}]}}