{"id":44524,"date":"2023-04-16T08:21:24","date_gmt":"2023-04-16T14:21:24","guid":{"rendered":"https:\/\/radiozapatista.org\/?p=44524"},"modified":"2023-04-16T08:22:25","modified_gmt":"2023-04-16T14:22:25","slug":"conacyt-censura-investigacion-sobre-el-tren-maya","status":"publish","type":"post","link":"https:\/\/radiozapatista.org\/?p=44524","title":{"rendered":"CONACYT censura investigaci\u00f3n sobre el Tren Maya"},"content":{"rendered":"<p><\/p>\n<h4 style=\"text-align: center;\">Investigaci\u00f3n censurada por CONACYT:<br \/>\n\u201cTerritorios mayas en el paso del tren.<br \/>\nRiesgos previsibles y posturas independientes sobre el Tren Maya\u201d<\/h4>\n<p>Acad\u00e9micos y acad\u00e9micas, coordinadorxs de un proyecto de investigaci\u00f3n sobre el Tren Maya convocado por el CONACYT, denunciaron que, ante los resultados cr\u00edticos de la investigaci\u00f3n, dicha instituci\u00f3n se neg\u00f3 a que la misma se publicara con su sello. Seg\u00fan lxs denunciantes, &#8220;<span class=\"x193iq5w xeuugli x13faqbe x1vvkbs x1xmvt09 x1lliihq x1s928wv xhkezso x1gmr53x x1cpjm7i x1fgarty x1943h6x xudqn12 x3x7a5m x6prxxf xvq8zen xo1l8bm xzsf02u\" dir=\"auto\">Ecosur ofreci\u00f3 hacerlo pero CONACYT prohibi\u00f3 a todos los centros CONACYT, poner su sello&#8221;.<br \/>\n<\/span><\/p>\n<p>Finalmente, despu\u00e9s de cuatro a\u00f1os, la editorial Bajo Tierra public\u00f3 el libro <a href=\"https:\/\/radiozapatista.org\/wp-content\/uploads\/2023\/04\/Tren-Maya-VF-digital-subir.pdf\" target=\"_blank\" rel=\"noopener\"><em>Territorios mayas en el paso del tren. Riesgos previsibles y posturas independientes sobre el Tren Maya<\/em><\/a>.<\/p>\n<p>Puedes descargar el libro en nuestra <a href=\"https:\/\/radiozapatista.org\/?page_id=20465\">secci\u00f3n de libros para desgargar<\/a>. Tambi\u00e9n puedes adquirir la edici\u00f3n impresa o hacer una donaci\u00f3n en <a href=\"https:\/\/bajotierraediciones.com\/\">https:\/\/bajotierraediciones.com\/<\/a>.<\/p>\n<p>&nbsp;<\/p>","protected":false},"excerpt":{"rendered":"<p>Investigaci\u00f3n censurada por CONACYT: \u201cTerritorios mayas en el paso del tren. Riesgos previsibles y posturas independientes sobre el Tren Maya\u201d Acad\u00e9micos y acad\u00e9micas, coordinadorxs de un proyecto de investigaci\u00f3n sobre el Tren Maya convocado por el CONACYT, denunciaron que, ante los resultados cr\u00edticos de la investigaci\u00f3n, dicha instituci\u00f3n se neg\u00f3 a que la misma se [&hellip;]<\/p>\n","protected":false},"author":1,"featured_media":44528,"comment_status":"open","ping_status":"closed","sticky":false,"template":"","format":"standard","meta":{"footnotes":""},"categories":[958,954,190],"tags":[1288,171,567,1250],"class_list":["post-44524","post","type-post","status-publish","format-standard","has-post-thumbnail","hentry","category-megaproyectos","category-mexico","category-radiozapatista","tag-4t","tag-medio-ambiente","tag-megaproyectos","tag-tren-maya"],"_links":{"self":[{"href":"https:\/\/radiozapatista.org\/index.php?rest_route=\/wp\/v2\/posts\/44524","targetHints":{"allow":["GET"]}}],"collection":[{"href":"https:\/\/radiozapatista.org\/index.php?rest_route=\/wp\/v2\/posts"}],"about":[{"href":"https:\/\/radiozapatista.org\/index.php?rest_route=\/wp\/v2\/types\/post"}],"author":[{"embeddable":true,"href":"https:\/\/radiozapatista.org\/index.php?rest_route=\/wp\/v2\/users\/1"}],"replies":[{"embeddable":true,"href":"https:\/\/radiozapatista.org\/index.php?rest_route=%2Fwp%2Fv2%2Fcomments&post=44524"}],"version-history":[{"count":1,"href":"https:\/\/radiozapatista.org\/index.php?rest_route=\/wp\/v2\/posts\/44524\/revisions"}],"predecessor-version":[{"id":44529,"href":"https:\/\/radiozapatista.org\/index.php?rest_route=\/wp\/v2\/posts\/44524\/revisions\/44529"}],"wp:featuredmedia":[{"embeddable":true,"href":"https:\/\/radiozapatista.org\/index.php?rest_route=\/wp\/v2\/media\/44528"}],"wp:attachment":[{"href":"https:\/\/radiozapatista.org\/index.php?rest_route=%2Fwp%2Fv2%2Fmedia&parent=44524"}],"wp:term":[{"taxonomy":"category","embeddable":true,"href":"https:\/\/radiozapatista.org\/index.php?rest_route=%2Fwp%2Fv2%2Fcategories&post=44524"},{"taxonomy":"post_tag","embeddable":true,"href":"https:\/\/radiozapatista.org\/index.php?rest_route=%2Fwp%2Fv2%2Ftags&post=44524"}],"curies":[{"name":"wp","href":"https:\/\/api.w.org\/{rel}","templated":true}]}}