{"id":44506,"date":"2023-04-14T12:00:18","date_gmt":"2023-04-14T18:00:18","guid":{"rendered":"https:\/\/radiozapatista.org\/?p=44506"},"modified":"2023-04-14T12:00:18","modified_gmt":"2023-04-14T18:00:18","slug":"existe-un-patron-de-criminalizacion-contra-defensores-indigenas-en-chiapas-organizaciones-internacionales","status":"publish","type":"post","link":"https:\/\/radiozapatista.org\/?p=44506","title":{"rendered":"Existe un patr\u00f3n de criminalizaci\u00f3n contra defensores ind\u00edgenas en Chiapas: organizaciones internacionales"},"content":{"rendered":"<p>Fuente: <a href=\"https:\/\/avispa.org\/existe-un-patron-de-criminalizacion-contra-defensores-indigenas-en-chiapas-organizaciones-internacionales\/\">Avispa Midia<\/a><\/p>\n<div class=\"tdb-block-inner td-fix-index\">\n<p>En Chiapas, existe un patr\u00f3n de criminalizaci\u00f3n contra personas defensoras ind\u00edgenas involucradas en procesos de defensa de sus territorios, del ambiente, la autonom\u00eda y la libre determinaci\u00f3n de sus comunidades.<\/p>\n<p>As\u00ed lo identifican organizaciones internacionales de derechos humanos, quienes durante los \u00faltimos d\u00edas de marzo visitaron el estado, al sur de M\u00e9xico, para documentar la situaci\u00f3n de riesgo y violencia que viven defensores, organizaciones y comunidades ind\u00edgenas.<\/p>\n<p>\u201cEste patr\u00f3n se evidencia en el creciente n\u00famero de casos en la fabricaci\u00f3n de cr\u00edmenes y en violaciones al debido proceso con un fuerte impacto en la organizaci\u00f3n comunitaria y en la lucha por los derechos colectivos\u201d, sostienen las organizaciones Indigenous Peoples Rights International (IPRI)\u00a0y Front Line Defenders (FLD).<\/p>\n<p>Las organizaciones resaltan el uso del sistema penal en contra de las personas defensoras y comunidades que se han opuesto a la militarizaci\u00f3n de sus territorios. Es el caso de Manuel Santiz Cruz de la comunidad de San Juan Cancuc; de C\u00e9sar Hern\u00e1ndez y Jos\u00e9 Luis Guti\u00e9rrez del ejido de San Sebasti\u00e1n Bachaj\u00f3n en Chil\u00f3n (quienes est\u00e1n a la espera de la pr\u00f3xima audiencia el 24 de abril), de Crist\u00f3bal Santiz de Aldama y en el caso de las recientes investigaciones en contra de personas defensoras en la comunidad de Taniperla en Ocosingo.<\/p>\n<p class=\"has-vivid-cyan-blue-color has-text-color\"><a href=\"https:\/\/avispa.org\/en-el-norte-de-chiapas-pueblo-tseltal-bajo-amenaza-militar\/\" target=\"_blank\" rel=\"noreferrer noopener\">Te puede interesar &#8211; En el norte de Chiapas, pueblo tseltal bajo amenaza militar<\/a><\/p>\n<p>Tambi\u00e9n se\u00f1alan el alto riesgo que representa, para las y los defensores, los conflictos agrarios y territoriales no atendidos por las autoridades que contin\u00faan perpetuando la descomposici\u00f3n del tejido social de las comunidades. \u201cEsto se ha visto agravado con la situaci\u00f3n actual de despojo de tierras en el contexto de militarizaci\u00f3n de la regi\u00f3n y por la disputa por el control territorial y la imposici\u00f3n de las actividades econ\u00f3micas por parte de grupos del crimen organizado\u201d, se\u00f1alan mediante comunicado conjunto.<\/p>\n<p>Adem\u00e1s, enfatizan que, a pesar de que las personas defensoras han denunciado graves amenazas y ataques debido a su labor, la omisi\u00f3n de los diferentes niveles de gobierno ha propiciado la escalada de agresiones y el aumento en la violencia. Este es el caso del asesinato del defensor Sim\u00f3n Pedro P\u00e9rez, expresidente de la mesa directiva de la Sociedad Civil Las Abejas de Acteal; as\u00ed como la violencia que deriv\u00f3 en el desplazamiento de 25 personas de la comunidad de Nueva Palestina en Ocosingo.<\/p>\n<p class=\"has-vivid-cyan-blue-color has-text-color\"><a href=\"https:\/\/avispa.org\/la-justicia-solo-funciona-ante-el-poder-abejas-de-acteal-a-un-ano-del-asesinato-de-simon-pedro\/\" target=\"_blank\" rel=\"noreferrer noopener\">Te puede interesar &#8211; \u201cLa justicia solo funciona ante el poder\u201d: Abejas de Acteal a un a\u00f1o del asesinato de Sim\u00f3n Pedro<\/a><\/p>\n<p>De acuerdo a las organizaciones, lo anterior sucede en un contexto de proliferaci\u00f3n y diversificaci\u00f3n de grupos armados, lo que ha empeorado una compleja situaci\u00f3n heredada del contexto del paramilitarismo de los a\u00f1os 90 y la continua impunidad conectada a dicho fen\u00f3meno.<\/p>\n<p>Las organizaciones recopilaron testimonios que evidencian la vinculaci\u00f3n entre autoridades estatales y municipales con el crimen organizado, lo que genera condiciones favorables para que prevalezca la impunidad.<\/p>\n<p>\u201cA esta crisis se suma lo que identificamos como un patr\u00f3n en el retraso y postergaci\u00f3n de las audiencias de casos vinculados a personas defensoras de derechos humanos, tanto de procesos de b\u00fasqueda de justicia, como es el caso del asesinato del defensor Sim\u00f3n Pedro P\u00e9rez L\u00f3pez, o en el proceso de criminalizaci\u00f3n de personas defensoras, como es el caso de Manuel Santiz Cruz de la comunidad de San Juan Cancuc\u201d.<\/p>\n<p class=\"has-vivid-cyan-blue-color has-text-color\"><a href=\"https:\/\/avispa.org\/a-10-meses-de-detencion-arbitraria-suspenden-audiencia-de-defensores-tseltales\/\" target=\"_blank\" rel=\"noreferrer noopener\">Te puede interesar &#8211; A 10 meses de detenci\u00f3n arbitraria, suspenden audiencia de defensores tseltales<\/a><\/p>\n<p>Por \u00faltimo, se\u00f1alan su preocupaci\u00f3n ante el contexto de estigmatizaci\u00f3n y campa\u00f1as de desprestigio contra la labor de defensa de derechos humanos de las personas defensoras ind\u00edgenas, situaci\u00f3n que aumenta el riesgo de violencia dado que las instituciones del gobierno estatal no reconocen su trabajo. \u201cEsto es particularmente evidente en la sentencia dictada el 31 de marzo sobre el asesinato del defensor de derechos humanos Sim\u00f3n Pedro, en donde nunca fue incorporada a la investigaci\u00f3n ni en la resoluci\u00f3n su labor de defensa de derechos humanos como parte del m\u00f3vil del homicidio\u201d, indican las organizaciones.<\/p>\n<\/div>\n<p><\/p>","protected":false},"excerpt":{"rendered":"<p>Fuente: Avispa Midia En Chiapas, existe un patr\u00f3n de criminalizaci\u00f3n contra personas defensoras ind\u00edgenas involucradas en procesos de defensa de sus territorios, del ambiente, la autonom\u00eda y la libre determinaci\u00f3n de sus comunidades. As\u00ed lo identifican organizaciones internacionales de derechos humanos, quienes durante los \u00faltimos d\u00edas de marzo visitaron el estado, al sur de M\u00e9xico, [&hellip;]<\/p>\n","protected":false},"author":21,"featured_media":44507,"comment_status":"open","ping_status":"closed","sticky":false,"template":"","format":"standard","meta":{"footnotes":""},"categories":[957,51,6,826,958,954],"tags":[79,58,53,567,147,23,37,545,87,148,27,483],"class_list":["post-44506","post","type-post","status-publish","format-standard","has-post-thumbnail","hentry","category-autonomia","category-autor","category-chiapas","category-medios-libres-2","category-megaproyectos","category-mexico","tag-autonomia","tag-derechos-humanos","tag-justicia","tag-megaproyectos","tag-militarizacion","tag-paramilitares","tag-presos-politicos","tag-pueblos-indigenas","tag-represion","tag-resistencia","tag-solidaridad","tag-tierra-y-territorio"],"_links":{"self":[{"href":"https:\/\/radiozapatista.org\/index.php?rest_route=\/wp\/v2\/posts\/44506","targetHints":{"allow":["GET"]}}],"collection":[{"href":"https:\/\/radiozapatista.org\/index.php?rest_route=\/wp\/v2\/posts"}],"about":[{"href":"https:\/\/radiozapatista.org\/index.php?rest_route=\/wp\/v2\/types\/post"}],"author":[{"embeddable":true,"href":"https:\/\/radiozapatista.org\/index.php?rest_route=\/wp\/v2\/users\/21"}],"replies":[{"embeddable":true,"href":"https:\/\/radiozapatista.org\/index.php?rest_route=%2Fwp%2Fv2%2Fcomments&post=44506"}],"version-history":[{"count":1,"href":"https:\/\/radiozapatista.org\/index.php?rest_route=\/wp\/v2\/posts\/44506\/revisions"}],"predecessor-version":[{"id":44508,"href":"https:\/\/radiozapatista.org\/index.php?rest_route=\/wp\/v2\/posts\/44506\/revisions\/44508"}],"wp:featuredmedia":[{"embeddable":true,"href":"https:\/\/radiozapatista.org\/index.php?rest_route=\/wp\/v2\/media\/44507"}],"wp:attachment":[{"href":"https:\/\/radiozapatista.org\/index.php?rest_route=%2Fwp%2Fv2%2Fmedia&parent=44506"}],"wp:term":[{"taxonomy":"category","embeddable":true,"href":"https:\/\/radiozapatista.org\/index.php?rest_route=%2Fwp%2Fv2%2Fcategories&post=44506"},{"taxonomy":"post_tag","embeddable":true,"href":"https:\/\/radiozapatista.org\/index.php?rest_route=%2Fwp%2Fv2%2Ftags&post=44506"}],"curies":[{"name":"wp","href":"https:\/\/api.w.org\/{rel}","templated":true}]}}