{"id":44435,"date":"2023-04-06T08:07:11","date_gmt":"2023-04-06T14:07:11","guid":{"rendered":"https:\/\/radiozapatista.org\/?p=44435"},"modified":"2023-04-06T08:07:11","modified_gmt":"2023-04-06T14:07:11","slug":"asesinan-a-eustacio-alcala-defensor-del-territorio-en-la-sierra-costa-michoacana","status":"publish","type":"post","link":"https:\/\/radiozapatista.org\/?p=44435","title":{"rendered":"[:es]Asesinan a Eustacio Alcal\u00e1, defensor del territorio en la sierra costa michoacana[:]"},"content":{"rendered":"<p>[:es]Texto y fotos: Heriberto Paredes | <a href=\"https:\/\/piedepagina.mx\/encuentran-sin-vida-a-eustacio-alcala-defensor-del-territorio-en-la-sierra-costa-michoacana\/\">Pie de P\u00e1gina<\/a><\/p>\n<p><em>Despu\u00e9s de ser reportado como desaparecido, este martes se encontr\u00f3 el cuerpo de Eustacio Alcal\u00e1, defensor del territorio de la sierra costa michoacana. Sin pruebas, funcionarios del gobierno de Michoac\u00e1n adelantan que el defensor era integrante de una organizaci\u00f3n criminal, una afirmaci\u00f3n desmentida por la comunidad.<\/em><\/p>\n<p>&nbsp;<\/p>\n<p>MICHOAC\u00c1N. \u2013 El cuerpo sin vida de don Eustacio Alcal\u00e1, de 66 a\u00f1os, defensor del territorio, fue encontrado hoy en las cercan\u00edas del camino que conduce a la comunidad de San Juan Huizontla, en el municipio de Chinicuila. Desde el pasado 1 de abril se report\u00f3 su desaparici\u00f3n tras ser comisionado para trasladar a 3 misioneras que se dirig\u00edan a la comunidad nahua a desarrollar tareas de evangelizaci\u00f3n.<\/p>\n<p>Seg\u00fan los propios testimonios de las misioneras, sujetos armados interceptaron el veh\u00edculo en donde viajaban y se llevaron a don Eustacio. Poco despu\u00e9s, elementos de la Guardia Nacional localizaron a las mujeres y la camioneta en donde viajaban inicialmente, sin embargo se negaron a buscar al defensor a menos de que tuviesen una denuncia ante un Ministerio P\u00fablico.<\/p>\n<p>Algunos habitantes de esta comunidad afirmaron que la Guardia Nacional estaba presente cuando se escucharon disparos en las cercan\u00edas de este camino, m\u00e1s o menos a 500 metros de donde ocurrieron los hechos y \u2013a partir de lo dicho por testigos\u2013 \u201cen lugar de ir a perseguir a los malandros se fueron a la comunidad\u201d.<\/p>\n<p>Sin un comunicado oficial, Jos\u00e9 Alfredo Ortega Reyes, titular de la Secretar\u00eda de Seguridad P\u00fablica de Michoac\u00e1n, declar\u00f3 que uno de los posibles m\u00f3viles del asesinato es \u201cel parentesco con un miembro de la delincuencia organizada\u201d. No hay indicio de que esto sea cierto, tanto en la comunidad como en la regi\u00f3n, don Tacho, como se le conoc\u00eda cari\u00f1osamente, era una persona muy participativa en Huizontla. Su familia y allegados no son miembros de ninguna organizaci\u00f3n criminal.<\/p>\n<p>Las declaraciones del funcionario s\u00f3lo afectan la imagen de don Tacho y no abonan a la seguridad en la comunidad. Se trataba de una persona querida y respetada en Huizontla y en toda la regi\u00f3n por sus esfuerzos para lograr el bienestar de las personas.<\/p>\n<h3 class=\"wp-block-heading\">El defensor gan\u00f3 un amparo contra minera<\/h3>\n<p>Don Tacho fue miembro del Consejo Ciudadano de Chinicuila, una experiencia organizativa que vel\u00f3 por el cumplimiento de las tareas y compromisos de los gobiernos municipales y de las autoridades estatales. En el contexto de la lucha en contra de la organizaci\u00f3n criminal de los Caballeros Templarios, particip\u00f3 junto con muchas personas de la comunidad y de la regi\u00f3n en los grupos de polic\u00eda comunitaria que defendieron a la poblaci\u00f3n y los recursos naturales que peligraban en ser explotados por la violencia organizada.<\/p>\n<p><!--more-->\u201cLamentamos el asesinato de Eustacio Alcal\u00e1 D\u00edaz. Su comunidad logr\u00f3 la cancelaci\u00f3n de una concesi\u00f3n minera, mediante un amparo trabajado con el Centro Prodh. Eustacio era un defensor comunitario del medio ambiente. Exigimos una investigaci\u00f3n exhaustiva\u201d, se\u00f1al\u00f3\u00a0 en sus redes sociales el Centro de Derechos Humanos Miguel Agust\u00edn Pro Ju\u00e1rez.<\/p>\n<p>Como parte de su participaci\u00f3n en la defensa de su comunidad, don Tacho fue parte de u<a href=\"https:\/\/piedepagina.mx\/comunidad-nahua-gana-amparo-contra-concesiones-mineras\/\">na demanda de amparo en contra de la instalaci\u00f3n de una concesi\u00f3n minera de la empresa minera Ternium<\/a>, la cual tuvo un fallo a favor de la comunidad el pasado 21 de enero de 2022. Tras frenar la instalaci\u00f3n de la mina, la situaci\u00f3n de seguridad en su comunidad y en todo el municipio se agrav\u00f3 al nivel en que volvieron las extorsiones y los cobros de piso a comercios y casas en la cabecera municipal, Villa Victoria.<\/p>\n<p>No sorprende que el funcionario estatal haga estas declaraciones, en los \u00faltimos meses, tanto la Secretar\u00eda de Seguridad P\u00fablica de Michoac\u00e1n, como el gobierno estatal no han atendido los llamados de la poblaci\u00f3n para que frene los constantes enfrentamientos y ataques que ha sufrido la poblaci\u00f3n de la sierra-costa, regi\u00f3n que ha visto rota su tranquilidad luego del fortalecimiento y la presencia de personas integrantes del C\u00e1rtel Jalisco Nueva Generaci\u00f3n (CJNG).<\/p>\n<h3 class=\"wp-block-heading\">Amenazas constantes y asedio al territorio<\/h3>\n<figure class=\"wp-block-image size-full\"><img loading=\"lazy\" decoding=\"async\" class=\"wp-image-118743\" src=\"https:\/\/piedepagina.mx\/wp-content\/uploads\/2023\/04\/eustacio_alcala_HeribertoP1.jpg\" sizes=\"auto, (max-width: 1200px) 100vw, 1200px\" srcset=\"https:\/\/piedepagina.mx\/wp-content\/uploads\/2023\/04\/eustacio_alcala_HeribertoP1.jpg 1200w, https:\/\/piedepagina.mx\/wp-content\/uploads\/2023\/04\/eustacio_alcala_HeribertoP1-463x300.jpg 463w, https:\/\/piedepagina.mx\/wp-content\/uploads\/2023\/04\/eustacio_alcala_HeribertoP1-768x497.jpg 768w\" alt=\"\" width=\"1200\" height=\"777\" \/><figcaption class=\"wp-element-caption\">Foto: Heriberto Paredes<\/figcaption><\/figure>\n<p>Cabe se\u00f1alar que don Tacho contaba con el Mecanismo de Protecci\u00f3n para Personas Defensoras de Derechos Humanos y Periodistas, sin embargo, la utilidad y eficacia del mismo no eran adecuadas, sobre todo en una zona en donde las comunicaciones telef\u00f3nicas y de internet son escasas y complicadas, debido a la inexistencia de estos servicios. En un contexto en de inseguridad y violencia el no contar con estas se\u00f1ales de comunicaci\u00f3n genera mucho mayor riesgo en las poblaciones.<\/p>\n<p>Desde inicios de 2023, esta regi\u00f3n ha sido escenario de <a href=\"https:\/\/piedepagina.mx\/nuevo-ataque-a-la-comunidad-de-ostula-deja-3-guardias-comunales-asesinados\/\">ataques a la Guardia Comunal<\/a> de la comunidad Santa Mar\u00eda Ostula y tambi\u00e9n, <a href=\"https:\/\/peninsula360press.com\/es_mx\/ternium\/\">la desaparici\u00f3n del abogado Ricardo Lagunes y el comunero y profesor Antonio D\u00edaz, quienes tambi\u00e9n luchaban en contra de la misma empresa minera, Ternium.<\/a> Habitantes de los municipios que componen esta regi\u00f3n (Coahuayana, Chinicuila y Aquila) han reportado constantes enfrentamientos y eventos violentos, pero tambi\u00e9n han expresado que las autoridades correspondientes no han hecho caso a sus peticiones.<\/p>\n<p>En una entrevista in\u00e9dita, hecha en septiembre de 2022, don Tacho coment\u00f3 respecto a la situaci\u00f3n de Huizontla: \u201cDe un a\u00f1o para ac\u00e1 no ha habido seguridad, vinieron los criminales y quisieron levantar a un compa\u00f1ero que estuvo con nosotros en la autodefensa y como no se dej\u00f3 lo mataron. Estamos como antes del levantamiento de 2013, en ese entonces yo era del Comisariado de Bienes Comunales y para m\u00ed, un autodefensa es como un soldado del pueblo, sin corrupci\u00f3n y sin salario, le rendimos cuentas a la comunidad, por eso les interesa acabar con nosotros\u201d.<\/p>\n<p>&nbsp;[:]<\/p>\n","protected":false},"excerpt":{"rendered":"<p>[:es]Texto y fotos: Heriberto Paredes | Pie de P\u00e1gina Despu\u00e9s de ser reportado como desaparecido, este martes se encontr\u00f3 el cuerpo de Eustacio Alcal\u00e1, defensor del territorio de la sierra costa michoacana. Sin pruebas, funcionarios del gobierno de Michoac\u00e1n adelantan que el defensor era integrante de una organizaci\u00f3n criminal, una afirmaci\u00f3n desmentida por la comunidad. [&hellip;]<\/p>\n","protected":false},"author":1,"featured_media":44437,"comment_status":"open","ping_status":"closed","sticky":false,"template":"","format":"standard","meta":{"footnotes":""},"categories":[826,958,954],"tags":[1406,1061,284,244,549,137],"class_list":["post-44435","post","type-post","status-publish","format-standard","has-post-thumbnail","hentry","category-medios-libres-2","category-megaproyectos","category-mexico","tag-asesinato","tag-crimen-organizado","tag-criminalizacion","tag-desaparecidos","tag-michoacan","tag-mineria"],"_links":{"self":[{"href":"https:\/\/radiozapatista.org\/index.php?rest_route=\/wp\/v2\/posts\/44435","targetHints":{"allow":["GET"]}}],"collection":[{"href":"https:\/\/radiozapatista.org\/index.php?rest_route=\/wp\/v2\/posts"}],"about":[{"href":"https:\/\/radiozapatista.org\/index.php?rest_route=\/wp\/v2\/types\/post"}],"author":[{"embeddable":true,"href":"https:\/\/radiozapatista.org\/index.php?rest_route=\/wp\/v2\/users\/1"}],"replies":[{"embeddable":true,"href":"https:\/\/radiozapatista.org\/index.php?rest_route=%2Fwp%2Fv2%2Fcomments&post=44435"}],"version-history":[{"count":1,"href":"https:\/\/radiozapatista.org\/index.php?rest_route=\/wp\/v2\/posts\/44435\/revisions"}],"predecessor-version":[{"id":44438,"href":"https:\/\/radiozapatista.org\/index.php?rest_route=\/wp\/v2\/posts\/44435\/revisions\/44438"}],"wp:featuredmedia":[{"embeddable":true,"href":"https:\/\/radiozapatista.org\/index.php?rest_route=\/wp\/v2\/media\/44437"}],"wp:attachment":[{"href":"https:\/\/radiozapatista.org\/index.php?rest_route=%2Fwp%2Fv2%2Fmedia&parent=44435"}],"wp:term":[{"taxonomy":"category","embeddable":true,"href":"https:\/\/radiozapatista.org\/index.php?rest_route=%2Fwp%2Fv2%2Fcategories&post=44435"},{"taxonomy":"post_tag","embeddable":true,"href":"https:\/\/radiozapatista.org\/index.php?rest_route=%2Fwp%2Fv2%2Ftags&post=44435"}],"curies":[{"name":"wp","href":"https:\/\/api.w.org\/{rel}","templated":true}]}}