{"id":44428,"date":"2023-04-05T08:06:32","date_gmt":"2023-04-05T14:06:32","guid":{"rendered":"https:\/\/radiozapatista.org\/?p=44428"},"modified":"2023-04-05T08:06:32","modified_gmt":"2023-04-05T14:06:32","slug":"noticias-de-abajo-1-de-abril-2023","status":"publish","type":"post","link":"https:\/\/radiozapatista.org\/?p=44428","title":{"rendered":"Noticias de Abajo &#8211; 1 de abril 2023"},"content":{"rendered":"<p>[podcast]https:\/\/archive.org\/download\/noticiasdeabajo_1abril2023\/noticiasdeabajo_1abril2023.mp3[\/podcast]<\/p>\n<h4>Internacionales<\/h4>\n<ul>\n<li>FRANCIA: Francia en llamas. Macron intenta aplastar el movimiento contra la reforma de las pensiones con violencia letal. Cr\u00f3nica de la \u00faltima semana de movilizaciones y revueltas. <a href=\"https:\/\/es.crimethinc.com\/2023\/03\/30\/france-in-flames-macron-attempts-to-crush-the-movement-against-the-pension-reform-with-lethal-violence-1\">Crimethinc<\/a><\/li>\n<li>ESTADO ESPA\u00d1OL: Rapero Pablo Hasel es imputado con nuevos cargos para mantenerlo en prisi\u00f3n, carta desde el encierro. Fuente: <a href=\"https:\/\/www.menoslobos.net\/\">Menos Lobos<\/a><\/li>\n<li>PANAM\u00c1: Acciones populares contra la miner\u00eda met\u00e1lica del movimiento Panam\u00e1 Vale M\u00e1s Sin Miner\u00eda. Realizan foro y movilizaciones. Fuente: <a href=\"https:\/\/www.radiotemblor.org\/panama-acciones-populares-contra-la-mineria-metalica\/\">Radio Temblor<\/a><\/li>\n<li>ECUADOR: Gobierno Ecuatoriano interviene en favor de la empresa Chevron para detener las reparaciones en favor de comunidades amaz\u00f3nicas. Fuente <a href=\"https:\/\/rmr.fm\/entrevistas\/afectados-as-por-chevron-no-acceden-a-su-debida-reparacion-por-intromision-del-estado-ecuatoriano\/\">RadioMundoReal<\/a><\/li>\n<\/ul>\n<h4>Locales<\/h4>\n<ul>\n<li>PUEBLA: Frenan intento de encarcelar a Miguel L\u00f3pez, defensor del agua y comunicador comunitario amenazado por funcionarios de la administraci\u00f3n del agua en Puebla. Fuente: <a href=\"https:\/\/desinformemonos.org\/dicen-ellos-que-me-perdonan-como-si-yo-fuera-delincuente-resuelven-retirar-cargos-contra-el-defensor-miguel-lopez-vega\/\">Desinformemonos<\/a><\/li>\n<li>CHIHUAHUA: CRIMEN DE ESTADO: 41 migrantes mueren calcinados en centro de detenci\u00f3n del Instituto Nacional de Migraci\u00f3n, Gobierno de la rep\u00fablica culpabiliza las v\u00edctimas.<\/li>\n<li>OAXACA: La justicia no llega a dos a\u00f1os del asesinato del defensor Jaime Jim\u00e9nez en Oaxaca, defensor del territorio de Paso de la Reina e integrante del Consejo de Pueblos Unidos por la Defensa del r\u00edo verde. Fuente: <a href=\"https:\/\/www.educaoaxaca.org\/la-justicia-no-llega-a-dos-anos-del-asesinato-de-jaime-jimenez-ruiz-defensor-del-rio-verde-en-oaxaca\/\">Educa<\/a><\/li>\n<\/ul>\n<p align=\"center\"><iframe loading=\"lazy\" title=\"YouTube video player\" src=\"https:\/\/www.youtube.com\/embed\/oJbCImF1fuI\" width=\"560\" height=\"315\" frameborder=\"0\" allowfullscreen=\"allowfullscreen\"><\/iframe><\/p>\n<p><\/p>","protected":false},"excerpt":{"rendered":"<p>[podcast]https:\/\/archive.org\/download\/noticiasdeabajo_1abril2023\/noticiasdeabajo_1abril2023.mp3[\/podcast] Internacionales FRANCIA: Francia en llamas. Macron intenta aplastar el movimiento contra la reforma de las pensiones con violencia letal. Cr\u00f3nica de la \u00faltima semana de movilizaciones y revueltas. Crimethinc ESTADO ESPA\u00d1OL: Rapero Pablo Hasel es imputado con nuevos cargos para mantenerlo en prisi\u00f3n, carta desde el encierro. Fuente: Menos Lobos PANAM\u00c1: Acciones populares contra [&hellip;]<\/p>\n","protected":false},"author":1,"featured_media":44429,"comment_status":"open","ping_status":"closed","sticky":false,"template":"","format":"standard","meta":{"footnotes":""},"categories":[1284,826,958,954,959,953,962],"tags":[579,162,532,198,53,567,1131,30,137,918,1405,545],"class_list":["post-44428","post","type-post","status-publish","format-standard","has-post-thumbnail","hentry","category-latinoamerica","category-medios-libres-2","category-megaproyectos","category-mexico","category-migracion","category-mundo","category-presos","tag-agua","tag-ecuador","tag-francia","tag-impunidad","tag-justicia","tag-megaproyectos","tag-mexico","tag-migracion","tag-mineria","tag-oaxaca","tag-panama","tag-pueblos-indigenas"],"_links":{"self":[{"href":"https:\/\/radiozapatista.org\/index.php?rest_route=\/wp\/v2\/posts\/44428","targetHints":{"allow":["GET"]}}],"collection":[{"href":"https:\/\/radiozapatista.org\/index.php?rest_route=\/wp\/v2\/posts"}],"about":[{"href":"https:\/\/radiozapatista.org\/index.php?rest_route=\/wp\/v2\/types\/post"}],"author":[{"embeddable":true,"href":"https:\/\/radiozapatista.org\/index.php?rest_route=\/wp\/v2\/users\/1"}],"replies":[{"embeddable":true,"href":"https:\/\/radiozapatista.org\/index.php?rest_route=%2Fwp%2Fv2%2Fcomments&post=44428"}],"version-history":[{"count":1,"href":"https:\/\/radiozapatista.org\/index.php?rest_route=\/wp\/v2\/posts\/44428\/revisions"}],"predecessor-version":[{"id":44430,"href":"https:\/\/radiozapatista.org\/index.php?rest_route=\/wp\/v2\/posts\/44428\/revisions\/44430"}],"wp:featuredmedia":[{"embeddable":true,"href":"https:\/\/radiozapatista.org\/index.php?rest_route=\/wp\/v2\/media\/44429"}],"wp:attachment":[{"href":"https:\/\/radiozapatista.org\/index.php?rest_route=%2Fwp%2Fv2%2Fmedia&parent=44428"}],"wp:term":[{"taxonomy":"category","embeddable":true,"href":"https:\/\/radiozapatista.org\/index.php?rest_route=%2Fwp%2Fv2%2Fcategories&post=44428"},{"taxonomy":"post_tag","embeddable":true,"href":"https:\/\/radiozapatista.org\/index.php?rest_route=%2Fwp%2Fv2%2Ftags&post=44428"}],"curies":[{"name":"wp","href":"https:\/\/api.w.org\/{rel}","templated":true}]}}