{"id":44422,"date":"2023-04-04T18:05:30","date_gmt":"2023-04-05T00:05:30","guid":{"rendered":"https:\/\/radiozapatista.org\/?p=44422"},"modified":"2023-04-04T18:06:06","modified_gmt":"2023-04-05T00:06:06","slug":"gobernadores-de-mexico-se-comprometen-con-la-transicion-energetica-promovida-por-eeuu","status":"publish","type":"post","link":"https:\/\/radiozapatista.org\/?p=44422","title":{"rendered":"Gobernadores de M\u00e9xico se comprometen con la transici\u00f3n energ\u00e9tica promovida por EEUU"},"content":{"rendered":"<p>Fuente: <a href=\"https:\/\/avispa.org\/gobernadores-de-mexico-se-comprometen-con-la-transicion-energetica-promovida-por-eeuu\/\">Avispa Midia<\/a><\/p>\n<p>Por Renata Bessi<\/p>\n<div class=\"tdb-block-inner td-fix-index\">\n<p>En la conferencia de prensa semanal del gobernador de Oaxaca, Salom\u00f3n Jara Cruz, que se realiz\u00f3 lunes (27), en la Ciudad de M\u00e9xico, el mandatario inform\u00f3 que ser\u00e1n construidos cuatro parques e\u00f3licos adicionales en el Istmo de Tehuantepec, sin mencionar las localidades. Hoy existen 28 parques en la regi\u00f3n.<\/p>\n<p>La construccci\u00f3n fue uno de los compromisos establecidos, durante la reuni\u00f3n de la sexta Conferencia Nacional de Gobernadores (Conago) realizada semana pasada en Oaxaca, con la presencia de los representantes de Estados Unidos (EEUU), el enviado especial presidencial para el clima de EEUU, John Kerry, y el embajador del pa\u00eds en M\u00e9xico, Ken Salazar. Es la primera vez que funcionarios de Estados Unidos participan de la Conago.<\/p>\n<p class=\"has-vivid-cyan-blue-color has-text-color\">Te puede interesar \u2013 <a href=\"https:\/\/avispa.org\/comitiva-de-eeuu-aterrizo-en-mexico-en-medio-a-vientos-de-intervencion-militar\/\" target=\"_blank\" rel=\"noreferrer noopener\">Comitiva de EEUU aterriz\u00f3 en M\u00e9xico en medio de vientos de intervenci\u00f3n militar<\/a><\/p>\n<p>El tema principal de la reuni\u00f3n fue la \u201ctransici\u00f3n energ\u00e9tica\u201d y la colaboraci\u00f3n con los Estados Unidos. \u201cExpresamos nuestro compromiso en el combate al calientamiento global y ratificamos nuestra voluntad, de los 25 gobernadores, de consolidar y profundizar la colaboraci\u00f3n con los Estados Unidos en este tema\u201d, dijo Jara Cruz quien funge como presidente de la Conferencia.<\/p>\n<p>Particularmente, Oaxaca \u201cquiere sumar su potencial y su posici\u00f3n geoestrat\u00e9gica para coadyuvar a cumplir los objetivos de la Cumbre de L\u00edderes de Am\u00e9rica del Norte y colocar a la regi\u00f3n a la vanguardia en materia de desarrollo econ\u00f3mico sostenible\u201d.<\/p>\n<p class=\"has-vivid-cyan-blue-color has-text-color\">Te puede interesar \u2013 <a href=\"https:\/\/avispa.org\/lopez-obrador-dice-que-eeuu-miente-sobre-derechos-humanos-en-mexico\/\" target=\"_blank\" rel=\"noreferrer noopener\">L\u00f3pez Obrador dice que EEUU miente sobre derechos humanos en M\u00e9xico<\/a><\/p>\n<p>Jara Cruz se\u00f1al\u00f3 que el Istmo de Tehuantepec, con el proyecto del Corredor Interoce\u00e1nico, es el lugar donde se \u201ccomenzar\u00e1 una nueva etapa de la construcci\u00f3n de nuestro (EEUU y M\u00e9xico) futuro compartido\u201d.<\/p>\n<p>Durante la reuni\u00f3n acordaron \u201ccontinuar el di\u00e1logo y trabajar conjuntamente para promover inversiones verdes y desarrollar el sector de las energias limpias\u201d.<\/p>\n<p>Esta es la s\u00e9ptima vez, en un poco m\u00e1s de un a\u00f1o, que el enviado especial para el clima aterriza en M\u00e9xico. Eso muestra la \u201cimportancia que tiene la relaci\u00f3n\u201d entre EEUU y M\u00e9xico, dijo el embajador Ken Salazar.<\/p>\n<p class=\"has-vivid-cyan-blue-color has-text-color\">Te puede interesar &#8211; <a href=\"https:\/\/avispa.org\/el-istmo-se-defiende-la-persistente-lucha-frente-al-corredor-interoceanico\/\" target=\"_blank\" rel=\"noreferrer noopener\">El Istmo se defiende: la persistente lucha frente al Corredor Interoce\u00e1nico<\/a><\/p>\n<p>La gira de Kerry a M\u00e9xico &#8211; que incluy\u00f3 visita a Guelatao, en raz\u00f3n del natalicio de Benito Ju\u00e1rez, y al Istmo para revisar las obras del Corredor Trans\u00edstmico &#8211; acarre\u00f3 protestas de colectivos, pueblos y movimientos en diversas partes de Oaxaca y en Ciudad de M\u00e9xico, en rechazo al proyecto del Corredor Trans\u00edstmico.<\/p>\n<h3 id=\"h-deseo-de-liderar\" class=\"has-black-color has-text-color\"><strong>Deseo de liderar<\/strong><\/h3>\n<p>Antes que hablara Kerry a los gobernadores de M\u00e9xico, el embajador tom\u00f3 la palabra y present\u00f3 al funcionario estadunidense como \u201cl\u00edder\u201d mundial en el tema clim\u00e1tico. \u201cEl presidente (Joe) Biden, cuando escogi\u00f3 Kerry para que fuera el l\u00edder de nosotros, en todo el mundo, en materia de cambio clim\u00e1tico, sab\u00eda lo que estaba haciendo porque Kerry ya lleva much\u00edsimos a\u00f1os de su vida trabajando en este asunto\u201d.<\/p>\n<p>En un <a href=\"https:\/\/mx.usembassy.gov\/es\/nuestros-paises-avanzan-en-la-proteccion-del-planeta-y-las-energias-limpias-pero-tenemos-que-hacer-mas\/\">comunicado<\/a> emitido por la embajada de los Estados Unidos, Salazar reafim\u00f3 los esfuerzos del pa\u00eds en la b\u00fasqueda de liderar mundialmente la \u201ctransici\u00f3n energ\u00e9tica\u201d. \u201cEl presidente Biden est\u00e1 comprometido con esta agenda clim\u00e1tica para consolidar el liderazgo de los Estados Unidos en la lucha contra el cambio clim\u00e1tico y hacia las energ\u00edas renovables\u201d.<\/p>\n<h3 class=\"has-black-color has-text-color\"><strong>Dictando l\u00ednea<\/strong><\/h3>\n<p>Antes de la Conago, Salazar y Kerry se reunieron con L\u00f3pez Obrador y con el director de la mexicana Comisi\u00f3n Federal de Electricidad (CFE) de M\u00e9xico, Manuel Bartlett.<\/p>\n<p>Bartlett expres\u00f3, en una conferencia de prensa ofrecida en conjunto con Salazar, que \u201cvamos a hacer un an\u00e1lisis m\u00e1s amplio, debemos dar la informaci\u00f3n sobre qu\u00e9 estamos haciendo, cu\u00e1nto estamos produciendo, cu\u00e1nto estamos generando y con esos datos adicionales tendremos una reuni\u00f3n en un par de meses, dos o tres meses\u201d.<\/p>\n<p>Ya Salazar fue m\u00e1s enf\u00e1tico. \u201cOjal\u00e1 que estas reuniones que se est\u00e1n proponiendo, con todo respeto,\u00a0Manuel, lo debemos hacer m\u00e1s pronto que en dos o tres meses.\u00a0Ojal\u00e1 que tengamos esta reuni\u00f3n, donde t\u00fa vengas a Washington y ponernos en plan de m\u00e1s acci\u00f3n\u201d, expres\u00f3 Salazar.<\/p>\n<p>El embajador dijo que, desde la primera visita del enviado especial Kerry a M\u00e9xico, han \u201ctenido avances\u201d, pero\u00a0\u201cel trabajo no se puede quedar en la mesa, sino que tenemos que profundizarlo y llevarlo a la realidad\u201d.<\/p>\n<p>Entre los temas tratados, seg\u00fan inform\u00f3 L\u00f3pez Obrador en su conferencia de prensa matutina, est\u00e1 la construcci\u00f3n de por lo menos tres plantas adicionales de energ\u00eda solar en Sonora, con una inversi\u00f3n de 5 mil millones de d\u00f3lares. Tambi\u00e9n abordaron el programa de rehabilitaci\u00f3n de las hidroel\u00e9ctrica en todo el pa\u00eds. M\u00e9xico asumi\u00f3 el compromiso de producir el 35% de la energ\u00eda con renovables para el 2024.<\/p>\n<p>La visita de Kerry a M\u00e9xico ocurri\u00f3 durante las consultas que inici\u00f3 el gobierno de Estados Unidos, el a\u00f1o pasado, dentro del Tratado entre M\u00e9xico, Estados Unidos y Canad\u00e1 (T-MEC) para cuestionar la pol\u00edtica energ\u00e9tica del gobierno de L\u00f3pez Obrador.<\/p>\n<\/div>\n<p><\/p>","protected":false},"excerpt":{"rendered":"<p>Fuente: Avispa Midia Por Renata Bessi En la conferencia de prensa semanal del gobernador de Oaxaca, Salom\u00f3n Jara Cruz, que se realiz\u00f3 lunes (27), en la Ciudad de M\u00e9xico, el mandatario inform\u00f3 que ser\u00e1n construidos cuatro parques e\u00f3licos adicionales en el Istmo de Tehuantepec, sin mencionar las localidades. Hoy existen 28 parques en la regi\u00f3n. [&hellip;]<\/p>\n","protected":false},"author":21,"featured_media":44423,"comment_status":"open","ping_status":"closed","sticky":false,"template":"","format":"standard","meta":{"footnotes":""},"categories":[51,826,958,954,935],"tags":[79,58,53,567,147,918,23,545,87,148,27,483],"class_list":["post-44422","post","type-post","status-publish","format-standard","has-post-thumbnail","hentry","category-autor","category-medios-libres-2","category-megaproyectos","category-mexico","category-temas","tag-autonomia","tag-derechos-humanos","tag-justicia","tag-megaproyectos","tag-militarizacion","tag-oaxaca","tag-paramilitares","tag-pueblos-indigenas","tag-represion","tag-resistencia","tag-solidaridad","tag-tierra-y-territorio"],"_links":{"self":[{"href":"https:\/\/radiozapatista.org\/index.php?rest_route=\/wp\/v2\/posts\/44422","targetHints":{"allow":["GET"]}}],"collection":[{"href":"https:\/\/radiozapatista.org\/index.php?rest_route=\/wp\/v2\/posts"}],"about":[{"href":"https:\/\/radiozapatista.org\/index.php?rest_route=\/wp\/v2\/types\/post"}],"author":[{"embeddable":true,"href":"https:\/\/radiozapatista.org\/index.php?rest_route=\/wp\/v2\/users\/21"}],"replies":[{"embeddable":true,"href":"https:\/\/radiozapatista.org\/index.php?rest_route=%2Fwp%2Fv2%2Fcomments&post=44422"}],"version-history":[{"count":1,"href":"https:\/\/radiozapatista.org\/index.php?rest_route=\/wp\/v2\/posts\/44422\/revisions"}],"predecessor-version":[{"id":44424,"href":"https:\/\/radiozapatista.org\/index.php?rest_route=\/wp\/v2\/posts\/44422\/revisions\/44424"}],"wp:featuredmedia":[{"embeddable":true,"href":"https:\/\/radiozapatista.org\/index.php?rest_route=\/wp\/v2\/media\/44423"}],"wp:attachment":[{"href":"https:\/\/radiozapatista.org\/index.php?rest_route=%2Fwp%2Fv2%2Fmedia&parent=44422"}],"wp:term":[{"taxonomy":"category","embeddable":true,"href":"https:\/\/radiozapatista.org\/index.php?rest_route=%2Fwp%2Fv2%2Fcategories&post=44422"},{"taxonomy":"post_tag","embeddable":true,"href":"https:\/\/radiozapatista.org\/index.php?rest_route=%2Fwp%2Fv2%2Ftags&post=44422"}],"curies":[{"name":"wp","href":"https:\/\/api.w.org\/{rel}","templated":true}]}}