{"id":44399,"date":"2023-03-30T04:18:06","date_gmt":"2023-03-30T10:18:06","guid":{"rendered":"https:\/\/radiozapatista.org\/?p=44399"},"modified":"2023-03-30T04:18:06","modified_gmt":"2023-03-30T10:18:06","slug":"a-10-meses-de-detencion-arbitraria-suspenden-audiencia-de-defensores-tseltales","status":"publish","type":"post","link":"https:\/\/radiozapatista.org\/?p=44399","title":{"rendered":"[:es]A 10 meses de detenci\u00f3n arbitraria, suspenden audiencia de defensores tseltales[:]"},"content":{"rendered":"<p>[:es]Por Jeny Pascacio | <a href=\"https:\/\/avispa.org\/a-10-meses-de-detencion-arbitraria-suspenden-audiencia-de-defensores-tseltales\/\" rel=\"noopener\" target=\"_blank\">Avispa Midia<\/a><\/p>\n<p><em>En portada: Integrantes del Movimiento de la Vida y el territorio, se movilizaron en las afueras del Palacio de Justicia de la ciudad de los Altos para exigir alto a las violaciones de los derechos humanos y la fabricaci\u00f3n de delitos por parte de la Fiscal\u00eda de Chiapas<\/em><\/p>\n<p>El lunes (28), la Fiscal\u00eda de Distrito Altos suspendi\u00f3 la audiencia para abordar el caso de cinco tseltales originarios de San Juan Cancuc, Chiapas, quienes permanecen recluidos en el Centro Estatal de Reinserci\u00f3n Social para Sentenciados (CERRS) no.5, acusados sin pruebas ni investigaci\u00f3n, del homicidio calificado del polic\u00eda municipal, Antonio Aguilar.<\/p>\n<figure class=\"wp-block-image size-large is-resized\"><a class=\"td-modal-image\" href=\"https:\/\/avispa.org\/wp-content\/uploads\/2023\/03\/PresosCancuc2-1024x576.jpeg\"><img loading=\"lazy\" decoding=\"async\" class=\"wp-image-95526 td-animation-stack-type0-2\" src=\"https:\/\/avispa.org\/wp-content\/uploads\/2023\/03\/PresosCancuc2-1024x576.jpeg\" sizes=\"auto, (max-width: 696px) 100vw, 696px\" srcset=\"https:\/\/avispa.org\/wp-content\/uploads\/2023\/03\/PresosCancuc2-1024x576.jpeg 1024w, https:\/\/avispa.org\/wp-content\/uploads\/2023\/03\/PresosCancuc2-300x169.jpeg 300w, https:\/\/avispa.org\/wp-content\/uploads\/2023\/03\/PresosCancuc2-768x432.jpeg 768w, https:\/\/avispa.org\/wp-content\/uploads\/2023\/03\/PresosCancuc2-696x392.jpeg 696w, https:\/\/avispa.org\/wp-content\/uploads\/2023\/03\/PresosCancuc2-746x420.jpeg 746w, https:\/\/avispa.org\/wp-content\/uploads\/2023\/03\/PresosCancuc2.jpeg 1032w\" alt=\"\" width=\"696\" height=\"391\" \/><\/a><\/figure>\n<p>Se trata de Mart\u00edn y Agust\u00edn P\u00e9rez Dom\u00ednguez, Juan Velasco Aguilar, Agust\u00edn P\u00e9rez Velasco y Manuel Santiz Cruz, presidente del Comit\u00e9 de Derechos Humanos San Juan Evangelista.<br \/>\n<!--more--><\/p>\n<p class=\"has-vivid-cyan-blue-color has-text-color\"><a href=\"https:\/\/avispa.org\/van-a-prision-indigenas-opositores-a-la-autopista-que-conectara-con-tren-maya\/\" target=\"_blank\" rel=\"noreferrer noopener\">Te puede interesar \u2013 Van a prisi\u00f3n ind\u00edgenas opositores a la autopista que conectar\u00e1 con Tren Maya<\/a><\/p>\n<p>Madres y esposas de los presos, con hijos en brazos, llegaron por la ma\u00f1ana acompa\u00f1adas de organizaciones y el Pueblo Creyente, al Palacio de Justicia de San Crist\u00f3bal de Las Casas para exigir la libertad de los cinco detenidos arbitrariamente, previo a la celebraci\u00f3n de la audiencia de juicio oral.<\/p>\n<p>\u201cEstuvimos en el Palacio de Justicia hasta las tres de la tarde cuando salieron los abogados y dijeron que hab\u00edan cancelado la audiencia\u201d, dijo Jos\u00e9 Luis Vargas Castellanos, p\u00e1rroco de San Juan Cancuc. El Centro de Derechos Humanos Fray Bartolom\u00e9 de Las Casas agreg\u00f3 que el juicio no se realiz\u00f3 por falta de traductor de lengua tseltal.<\/p>\n<h3 id=\"h-necropsia\" class=\"has-black-color has-text-color\"><strong>Necropsia<\/strong><\/h3>\n<p>Durante la manifestaci\u00f3n en el Palacio de Justicia \u2013que pertenece a la Fiscal\u00eda de Distrito Altos\u2013, las familias difundieron que ninguna autoridad investig\u00f3 en el lugar de los hechos. Sin embargo, el proceder de la Fiscal\u00eda Ind\u00edgena fue solicitar ordenes de de aprehensi\u00f3n, las cuales fueron otrogadas por el Juez de Control, antes de que existiera la solicitud ministerial formal.<\/p>\n<p>\u201cNo hay ninguna investigaci\u00f3n antes, los agarran directamente los llevan a la fiscal\u00eda y a las 48 horas los entrega al Ministerio P\u00fablico bajo el cargo de homicidio calificado\u201d, dijo el p\u00e1rroco que acompa\u00f1a a las familias.<\/p>\n<p>Agreg\u00f3 que, en esta ocasi\u00f3n, la audiencia tambi\u00e9n se cancel\u00f3 porque no lleg\u00f3 la doctora que hizo la autopsia, misma que se logr\u00f3 solo hasta un mes despu\u00e9s del hecho por insistencia y presi\u00f3n de las familias.<\/p>\n<p>El cuerpo de Antonio Aguilar fue exhumado, entonces notaron que ten\u00eda una costilla quebrada, pero a\u00fan con todas las pruebas que fundamentan la versi\u00f3n de la ca\u00edda; mientras cuatro polic\u00edas siguen declarando ser testigos oculares del asesinato del uniformado a mano de los tseltales.<\/p>\n<p>En una entrevista previa con el abogado Jorge G\u00f3mez del Centro de Derecho Fray Bartolom\u00e9 de Las Casas, destac\u00f3 que cient\u00edficamente no estaba comprobada la causa de muerte del polic\u00eda cuando ocurri\u00f3 la detenci\u00f3n arbitraria.<\/p>\n<p class=\"has-vivid-cyan-blue-color has-text-color\"><a href=\"https:\/\/avispa.org\/vinculan-a-proceso-penal-a-tzeltales-que-resisten-megaproyectos-en-chiapas\/\" target=\"_blank\" rel=\"noreferrer noopener\">Te puede interesar &#8211; Vinculan a proceso penal a tzeltales que resisten megaproyectos en Chiapas<\/a><\/p>\n<p>\u201cEs lamentable la corrupci\u00f3n institucional del sistema de gobierno, se ve a las claras c\u00f3mo desde el inicio, el fiscal y el juez pareciera que est\u00e1n vendidos y se dejan comprar. Lo peor es que puede estar pasando lo mismo con la jueza en turno\u201d, dijo el p\u00e1rroco de San Juan Cancuc.<\/p>\n<div class=\"wp-block-image\">\n<figure class=\"aligncenter size-large\"><a class=\"td-modal-image\" href=\"https:\/\/avispa.org\/wp-content\/uploads\/2023\/03\/PresosCancuc1-576x1024.jpeg\"><img loading=\"lazy\" decoding=\"async\" class=\"wp-image-95525 td-animation-stack-type0-2\" src=\"https:\/\/avispa.org\/wp-content\/uploads\/2023\/03\/PresosCancuc1-576x1024.jpeg\" sizes=\"auto, (max-width: 576px) 100vw, 576px\" srcset=\"https:\/\/avispa.org\/wp-content\/uploads\/2023\/03\/PresosCancuc1-576x1024.jpeg 576w, https:\/\/avispa.org\/wp-content\/uploads\/2023\/03\/PresosCancuc1-169x300.jpeg 169w, https:\/\/avispa.org\/wp-content\/uploads\/2023\/03\/PresosCancuc1-696x1237.jpeg 696w, https:\/\/avispa.org\/wp-content\/uploads\/2023\/03\/PresosCancuc1-236x420.jpeg 236w, https:\/\/avispa.org\/wp-content\/uploads\/2023\/03\/PresosCancuc1.jpeg 720w\" alt=\"\" width=\"576\" height=\"1024\" \/><\/a><\/figure>\n<\/div>\n<p>Despu\u00e9s de las declaraciones ante los medios de comunicaci\u00f3n, colgaron las mantas y pancartas con las exigencias en el Palacio de Justicia, \u201cde donde salieron dos polic\u00edas a preguntar lo que est\u00e1bamos exigiendo, pidieron nombres y se retiraron dando el reporte por celular. A los 15 minutos lleg\u00f3 elementos del Ej\u00e9rcito y de la Guardia Nacional; hicieron acto de presencia\u201d, relat\u00f3 el sacerdote.<\/p>\n<h3 class=\"has-black-color has-text-color\"><strong>Peregrinaci\u00f3n<\/strong><\/h3>\n<p>En febrero se celebr\u00f3 la Asamblea Diocesana del Pueblo Creyente donde las mujeres plantearon los problemas econ\u00f3micos que enfrentan las familias de los detenidos y se acord\u00f3 la recolecci\u00f3n de alimentos.<\/p>\n<p>Son dos parroquias donde los habitantes llegan a dejar donaciones de arroz, frijol, az\u00facar, entre otros v\u00edveres para las familias que est\u00e1n conformadas, cada una, por m\u00e1s de dos menores de edad, algunos que nacieron durante los primeros meses tras la detenci\u00f3n.<\/p>\n<p class=\"has-vivid-cyan-blue-color has-text-color\"><a href=\"https:\/\/avispa.org\/chiapas-denuncian-criminalizacion-de-indigenas-tzeltales-por-oponerse-a-militarizacion\/\" target=\"_blank\" rel=\"noreferrer noopener\">Te puede interesar &#8211; Chiapas: Denuncian criminalizaci\u00f3n de ind\u00edgenas tzeltales por oponerse a militarizaci\u00f3n<\/a><\/p>\n<p>Las familias dijeron que seguir\u00e1n en la lucha, en especial las mujeres que ya se organizan para dar batalla legal con una contrademanda y con el Pueblo Creyente para realizar otra peregrinaci\u00f3n diocesana en el marco del a\u00f1o de la detenci\u00f3n. La fecha se definir\u00e1 en las pr\u00f3ximas semanas.<\/p>\n<p>A la petici\u00f3n de justicia se une el Pueblo Creyente, la Di\u00f3cesis de San Crist\u00f3bal y el Movimiento de la Vida y el -Territorio (Modevite), quienes tambi\u00e9n se pronunciaron contra las violaciones de los derechos humanos; adem\u00e1s, rechazaron la fabricaci\u00f3n de delitos por parte de la Fiscal\u00eda General del Estado de Chiapas.<\/p>\n<p>\u201cFueron privados de su libertad sin orden de aprehensi\u00f3n. Ante este hecho Miguel L\u00f3pez Cruz, juez municipal de San Juan Cancuc se qued\u00f3 cruzado de brazos sin hacer acto de presencia, al igual que muchos casos en que solo se da la orden a la polic\u00eda de arrestar a las personas sin antes mandar un citatorio\u201d, expres\u00f3 un integrante del Pueblo Creyente.<\/p>\n<p>Record\u00f3 el caso de una mujer detenida arbitrariamente en el paraje Bajpuz, el pasado 8 de marzo D\u00eda Internacional de la Mujer, caso por el que incluso se han pronunciado organismos defensores de los derechos humanos. En la detenci\u00f3n particip\u00f3 el director de la Polic\u00eda Municipal, Miguel L\u00f3pez Santiz y el polic\u00eda, Manuel Hern\u00e1ndez Aguilar, a quienes acusan de abuso de autoridad, privaci\u00f3n ilegal de la libertad y los que resulten.<\/p>\n<h3 class=\"has-black-color has-text-color\"><strong>Barrio abajo<\/strong><\/h3>\n<p>Mart\u00edn, Agust\u00edn, Juan, Agust\u00edn y Manuel, presidente del Comit\u00e9 de Derechos Humanos San Juan Evangelista, son vecinos del barrio Abajo o C\u2019ani\u2019, ubicado en la cabecera municipal de San Juan Cancuc y fueron detenidos el 29 de mayo de 2022, luego de auxiliar a un polic\u00eda en estado de ebriedad que cay\u00f3 a un barranco durante la madrugada.<\/p>\n<p>Recuerdan que escucharon los gritos de una persona, salieron de sus viviendas y se dieron cuenta que era el polic\u00eda municipal Antonio Aguilar, inmediatamente avisaron al director de la corporaci\u00f3n, Lorenzo P\u00e9rez Guzm\u00e1n y tres horas m\u00e1s tarde \u2014aproximadamente\u2014 llegaron al barrio tres polic\u00edas en una patrulla de Protecci\u00f3n Civil Municipal con placas CW-9613-B en la que se llevaron Antonio Aguilar, que para entonces segu\u00eda con vida.<\/p>\n<p>Incluso, ellos comentaron que vieron al uniformado en estado de ebriedad, que hab\u00eda consumido drogas y que se puso a correr y a gritar. Pero m\u00e1s tarde, los polic\u00edas avisaron que Aguilar hab\u00eda muerto y casi de inmediato arribaron elementos de la Guardia Nacional y el Ej\u00e9rcito mexicano para detenerlos.[:]<\/p>\n","protected":false},"excerpt":{"rendered":"<p>[:es]Por Jeny Pascacio | Avispa Midia En portada: Integrantes del Movimiento de la Vida y el territorio, se movilizaron en las afueras del Palacio de Justicia de la ciudad de los Altos para exigir alto a las violaciones de los derechos humanos y la fabricaci\u00f3n de delitos por parte de la Fiscal\u00eda de Chiapas El [&hellip;]<\/p>\n","protected":false},"author":1,"featured_media":44400,"comment_status":"open","ping_status":"closed","sticky":false,"template":"","format":"standard","meta":{"footnotes":""},"categories":[6,826,962],"tags":[917,58,1404,948],"class_list":["post-44399","post","type-post","status-publish","format-standard","has-post-thumbnail","hentry","category-chiapas","category-medios-libres-2","category-presos","tag-chiapas","tag-derechos-humanos","tag-fabrica-de-culpables","tag-presos"],"_links":{"self":[{"href":"https:\/\/radiozapatista.org\/index.php?rest_route=\/wp\/v2\/posts\/44399","targetHints":{"allow":["GET"]}}],"collection":[{"href":"https:\/\/radiozapatista.org\/index.php?rest_route=\/wp\/v2\/posts"}],"about":[{"href":"https:\/\/radiozapatista.org\/index.php?rest_route=\/wp\/v2\/types\/post"}],"author":[{"embeddable":true,"href":"https:\/\/radiozapatista.org\/index.php?rest_route=\/wp\/v2\/users\/1"}],"replies":[{"embeddable":true,"href":"https:\/\/radiozapatista.org\/index.php?rest_route=%2Fwp%2Fv2%2Fcomments&post=44399"}],"version-history":[{"count":1,"href":"https:\/\/radiozapatista.org\/index.php?rest_route=\/wp\/v2\/posts\/44399\/revisions"}],"predecessor-version":[{"id":44401,"href":"https:\/\/radiozapatista.org\/index.php?rest_route=\/wp\/v2\/posts\/44399\/revisions\/44401"}],"wp:featuredmedia":[{"embeddable":true,"href":"https:\/\/radiozapatista.org\/index.php?rest_route=\/wp\/v2\/media\/44400"}],"wp:attachment":[{"href":"https:\/\/radiozapatista.org\/index.php?rest_route=%2Fwp%2Fv2%2Fmedia&parent=44399"}],"wp:term":[{"taxonomy":"category","embeddable":true,"href":"https:\/\/radiozapatista.org\/index.php?rest_route=%2Fwp%2Fv2%2Fcategories&post=44399"},{"taxonomy":"post_tag","embeddable":true,"href":"https:\/\/radiozapatista.org\/index.php?rest_route=%2Fwp%2Fv2%2Ftags&post=44399"}],"curies":[{"name":"wp","href":"https:\/\/api.w.org\/{rel}","templated":true}]}}