{"id":44373,"date":"2023-03-28T05:52:01","date_gmt":"2023-03-28T11:52:01","guid":{"rendered":"https:\/\/radiozapatista.org\/?p=44373"},"modified":"2023-03-28T05:52:01","modified_gmt":"2023-03-28T11:52:01","slug":"libertad-a-manuel-gomez-vazquez","status":"publish","type":"post","link":"https:\/\/radiozapatista.org\/?p=44373","title":{"rendered":"[:es]\u00a1Libertad a Manuel G\u00f3mez V\u00e1zquez![:]"},"content":{"rendered":"<p>[:es]<\/p>\n<div class=\"post-thumbnail post-standard\">\n<div class=\"field field--name-field-image field--type-image field--label-hidden field__item\"><img decoding=\"async\" class=\"aligncenter\" src=\"https:\/\/redajmaq.org\/sites\/default\/files\/articles\/campana1.jpeg\" alt=\"a\" \/><\/div>\n<\/div>\n<div class=\"post-content\">\n<div class=\"field field--name-field-post-category field--type-entity-reference field--label-hidden field__item\"><\/div>\n<div class=\"node__content clearfix\">\n<div class=\"field field--name-body field--type-text-with-summary field--label-hidden field__item\">\n<p class=\"text-align-right\">Valle de Jobel 26 de marzo del 2023.<\/p>\n<p>Queremos dar nuestro agradecimiento a todxs lxs artistas que se est\u00e1n sumando a la campa\u00f1a gr\u00e1fica por la liberta de nuestro compa\u00f1ero zapatista Manuel G\u00f3mez V\u00e1zquez. Sentimos su solidaridad pese a la lejan\u00eda.<\/p>\n<p>Confiamos que entre todxs romperemos los muros de la prisi\u00f3n que nos tienen separadxs de nuestro compa\u00f1ero Manuel. No podemos imaginar el dolor que puede habitar en su coraz\u00f3n tras m\u00e1s de dos a\u00f1os de estar separado de su familia, de su comunidad y de la organizaci\u00f3n. M\u00e1s de dos a\u00f1os de no estar en su casa y milpa, m\u00e1s de dos a\u00f1os de no abrazar a su familia, m\u00e1s de dos a\u00f1os de no poder estar en su comunidad. Sabemos bien, que las c\u00e1rceles desgarran tanto a quien esta adentro como a quien esta afuera. Castigan al preso y a su entorno.<\/p>\n<p>Tenemos que reiterar que Manuel esta privado de su libertad por un delito que no cometi\u00f3. El crimen lo comete el mal gobierno al seguir criminalizando con su desprecio a quienes son ind\u00edgenas, rebeldes y m\u00e1s a\u00fan zapatistas. El mal gobierno no soporta la dignidad y no la puede perdonar. Le decimos\u00a0 claramente a este desgobierno que no nos detendremos hasta verlo libre con su familia y en su comunidad. Nuestra exigencia de justicia no encontrar\u00e1 ninguno l\u00edmite.<\/p>\n<p>Para finalizar compas tenemos que agradecer de manera concreta al compa\u00f1ero Tavo de &#8220;La iglesia es Jes\u00fas de Nazaret, Cristianismo de liberaci\u00f3n es nuestra corriente teol\u00f3gica&#8221;, cuya obra acomp\u00f1a a este comunicado. Tambi\u00e9n para recordarles que la campa\u00f1a gr\u00e1fica sigue y aun pueden mandar sus piezas a nuestro correo <a href=\"mailto:ajmaq_chiapas@riseup.net\">ajmaq_chiapas@riseup.net<\/a> .<\/p>\n<p class=\"text-align-center\">Un abrazo desde nuestro coraz\u00f3n colectivo desde el Valle de Jobel.<\/p>\n<p class=\"text-align-center\" style=\"text-align: center;\">\u00a1Libertad a Manuel G\u00f3mez V\u00e1zquez!<br \/>\n\u00a1Abajo los muros de las prisiones!<br \/>\n\u00a1Las c\u00e1rceles nunca nos detendr\u00e1n!<\/p>\n<p class=\"text-align-center\">\n<p class=\"text-align-center\"><img loading=\"lazy\" decoding=\"async\" class=\"aligncenter\" src=\"https:\/\/redajmaq.org\/sites\/default\/files\/inline-images\/campana2.jpeg\" alt=\"a\" width=\"706\" height=\"768\" data-entity-type=\"file\" data-entity-uuid=\"fe88fe7c-ad98-46e3-a27c-058102bab12e\" \/><\/p>\n<\/div>\n<div class=\"field field--name-field-tags field--type-entity-reference field--label-hidden field__items\"><\/div>\n<\/div>\n<\/div>\n<p>[:]<\/p>\n","protected":false},"excerpt":{"rendered":"<p>[:es] Valle de Jobel 26 de marzo del 2023. Queremos dar nuestro agradecimiento a todxs lxs artistas que se est\u00e1n sumando a la campa\u00f1a gr\u00e1fica por la liberta de nuestro compa\u00f1ero zapatista Manuel G\u00f3mez V\u00e1zquez. Sentimos su solidaridad pese a la lejan\u00eda. Confiamos que entre todxs romperemos los muros de la prisi\u00f3n que nos tienen [&hellip;]<\/p>\n","protected":false},"author":1,"featured_media":44375,"comment_status":"open","ping_status":"closed","sticky":false,"template":"","format":"standard","meta":{"footnotes":""},"categories":[6,955,962],"tags":[917,948],"class_list":["post-44373","post","type-post","status-publish","format-standard","has-post-thumbnail","hentry","category-chiapas","category-ezln-temas","category-presos","tag-chiapas","tag-presos"],"_links":{"self":[{"href":"https:\/\/radiozapatista.org\/index.php?rest_route=\/wp\/v2\/posts\/44373","targetHints":{"allow":["GET"]}}],"collection":[{"href":"https:\/\/radiozapatista.org\/index.php?rest_route=\/wp\/v2\/posts"}],"about":[{"href":"https:\/\/radiozapatista.org\/index.php?rest_route=\/wp\/v2\/types\/post"}],"author":[{"embeddable":true,"href":"https:\/\/radiozapatista.org\/index.php?rest_route=\/wp\/v2\/users\/1"}],"replies":[{"embeddable":true,"href":"https:\/\/radiozapatista.org\/index.php?rest_route=%2Fwp%2Fv2%2Fcomments&post=44373"}],"version-history":[{"count":1,"href":"https:\/\/radiozapatista.org\/index.php?rest_route=\/wp\/v2\/posts\/44373\/revisions"}],"predecessor-version":[{"id":44376,"href":"https:\/\/radiozapatista.org\/index.php?rest_route=\/wp\/v2\/posts\/44373\/revisions\/44376"}],"wp:featuredmedia":[{"embeddable":true,"href":"https:\/\/radiozapatista.org\/index.php?rest_route=\/wp\/v2\/media\/44375"}],"wp:attachment":[{"href":"https:\/\/radiozapatista.org\/index.php?rest_route=%2Fwp%2Fv2%2Fmedia&parent=44373"}],"wp:term":[{"taxonomy":"category","embeddable":true,"href":"https:\/\/radiozapatista.org\/index.php?rest_route=%2Fwp%2Fv2%2Fcategories&post=44373"},{"taxonomy":"post_tag","embeddable":true,"href":"https:\/\/radiozapatista.org\/index.php?rest_route=%2Fwp%2Fv2%2Ftags&post=44373"}],"curies":[{"name":"wp","href":"https:\/\/api.w.org\/{rel}","templated":true}]}}