{"id":44351,"date":"2023-03-27T09:03:22","date_gmt":"2023-03-27T15:03:22","guid":{"rendered":"https:\/\/radiozapatista.org\/?p=44351"},"modified":"2023-03-27T09:03:22","modified_gmt":"2023-03-27T15:03:22","slug":"foro-presos-y-perseguidos-politicos-en-el-gobierno-de-la-4t-28-mar-2023","status":"publish","type":"post","link":"https:\/\/radiozapatista.org\/?p=44351","title":{"rendered":"[:es]Foro: Presos y perseguidos pol\u00edticos en el gobierno de la 4T (28 mar 2023)[:]"},"content":{"rendered":"<p>[:es]Por la libertad de Miguel L\u00f3pez Vega y todos los presos pol\u00edticos<\/p>\n<p>Nos acompa\u00f1an compa\u00f1eras y compa\u00f1eros perseguidos y familiares de presos pol\u00edticos por el mal gobierno de la #4t:<\/p>\n<ul>\n<li>Miguel L\u00f3pez Vega Congreso Nacional Ind\u00edgena (Puebla)<\/li>\n<li>Argelia Bet Zep Mazatecas por la Libertad (Oaxaca)<\/li>\n<li>Aabogados y familiares de Fidencio Aldama y Miguel Peralta (Sonora y Oaxaca respectivamente)<\/li>\n<li>Karla y Magda<\/li>\n<li>Carlos Beaz UCIZONI (Oaxaca)<\/li>\n<\/ul>\n<p><a href=\"https:\/\/m.facebook.com\/story.php?story_fbid=pfbid0azNDvdhcvBnVeX7t5X4TdpmQfK3tN12jKeHwiFiv5cU4Hf1cAGS42sk6bnNdwKJhl&amp;id=100011669875752&amp;mibextid=Nif5oz\">https:\/\/m.facebook.com\/story.php?story_fbid=pfbid0azNDvdhcvBnVeX7t5X4TdpmQfK3tN12jKeHwiFiv5cU4Hf1cAGS42sk6bnNdwKJhl&amp;id=100011669875752&amp;mibextid=Nif5oz<\/a><\/p>\n<p style=\"text-align: center;\"><a href=\"https:\/\/m.facebook.com\/story.php?story_fbid=pfbid0azNDvdhcvBnVeX7t5X4TdpmQfK3tN12jKeHwiFiv5cU4Hf1cAGS42sk6bnNdwKJhl&amp;id=100011669875752&amp;mibextid=Nif5oz\"><img loading=\"lazy\" decoding=\"async\" class=\"aligncenter size-full wp-image-44352\" src=\"https:\/\/radiozapatista.org\/wp-content\/uploads\/2023\/03\/photo_2023-03-27_12-01-47.jpg\" alt=\"\" width=\"640\" height=\"960\" srcset=\"https:\/\/radiozapatista.org\/wp-content\/uploads\/2023\/03\/photo_2023-03-27_12-01-47.jpg 640w, https:\/\/radiozapatista.org\/wp-content\/uploads\/2023\/03\/photo_2023-03-27_12-01-47-200x300.jpg 200w\" sizes=\"auto, (max-width: 640px) 100vw, 640px\" \/><\/a><\/p>\n<p>[:]<\/p>\n","protected":false},"excerpt":{"rendered":"<p>[:es]Por la libertad de Miguel L\u00f3pez Vega y todos los presos pol\u00edticos Nos acompa\u00f1an compa\u00f1eras y compa\u00f1eros perseguidos y familiares de presos pol\u00edticos por el mal gobierno de la #4t: Miguel L\u00f3pez Vega Congreso Nacional Ind\u00edgena (Puebla) Argelia Bet Zep Mazatecas por la Libertad (Oaxaca) Aabogados y familiares de Fidencio Aldama y Miguel Peralta (Sonora [&hellip;]<\/p>\n","protected":false},"author":1,"featured_media":0,"comment_status":"open","ping_status":"closed","sticky":false,"template":"","format":"standard","meta":{"footnotes":""},"categories":[954,183,962],"tags":[1288,567,948,87],"class_list":["post-44351","post","type-post","status-publish","format-standard","hentry","category-mexico","category-blog","category-presos","tag-4t","tag-megaproyectos","tag-presos","tag-represion"],"_links":{"self":[{"href":"https:\/\/radiozapatista.org\/index.php?rest_route=\/wp\/v2\/posts\/44351","targetHints":{"allow":["GET"]}}],"collection":[{"href":"https:\/\/radiozapatista.org\/index.php?rest_route=\/wp\/v2\/posts"}],"about":[{"href":"https:\/\/radiozapatista.org\/index.php?rest_route=\/wp\/v2\/types\/post"}],"author":[{"embeddable":true,"href":"https:\/\/radiozapatista.org\/index.php?rest_route=\/wp\/v2\/users\/1"}],"replies":[{"embeddable":true,"href":"https:\/\/radiozapatista.org\/index.php?rest_route=%2Fwp%2Fv2%2Fcomments&post=44351"}],"version-history":[{"count":1,"href":"https:\/\/radiozapatista.org\/index.php?rest_route=\/wp\/v2\/posts\/44351\/revisions"}],"predecessor-version":[{"id":44353,"href":"https:\/\/radiozapatista.org\/index.php?rest_route=\/wp\/v2\/posts\/44351\/revisions\/44353"}],"wp:attachment":[{"href":"https:\/\/radiozapatista.org\/index.php?rest_route=%2Fwp%2Fv2%2Fmedia&parent=44351"}],"wp:term":[{"taxonomy":"category","embeddable":true,"href":"https:\/\/radiozapatista.org\/index.php?rest_route=%2Fwp%2Fv2%2Fcategories&post=44351"},{"taxonomy":"post_tag","embeddable":true,"href":"https:\/\/radiozapatista.org\/index.php?rest_route=%2Fwp%2Fv2%2Ftags&post=44351"}],"curies":[{"name":"wp","href":"https:\/\/api.w.org\/{rel}","templated":true}]}}