{"id":44265,"date":"2023-03-10T14:52:23","date_gmt":"2023-03-10T20:52:23","guid":{"rendered":"https:\/\/radiozapatista.org\/?p=44265"},"modified":"2023-03-10T14:52:23","modified_gmt":"2023-03-10T20:52:23","slug":"mexico-temblo-el-8m","status":"publish","type":"post","link":"https:\/\/radiozapatista.org\/?p=44265","title":{"rendered":"M\u00e9xico tembl\u00f3 el 8M"},"content":{"rendered":"<p>Fuente: <a href=\"https:\/\/avispa.org\/mexico-temblo-el-8m\/\">Avispa Midia<\/a><\/p>\n<p>Por Jeny Pascacio<\/p>\n<div class=\"tdb-block-inner td-fix-index\">\n<p>\u201cLa Fiscal\u00eda no hace nada, no s\u00e9 qu\u00e9 hacer, mi hijita fue asesinada. \u00bfPor qu\u00e9 nos tratan as\u00ed?, \u00bfqu\u00e9 le hicieron a mi hija?, \u00bfqu\u00e9 pas\u00f3 con ella?, y no me dicen nada. \u00a1Pido justicia para todas!, pido que el gobernador Rutilio Escand\u00f3n Cadenas haga algo, que ayude a las mujeres, no que s\u00f3lo est\u00e9 en su curul haciendo nada\u201d, fueron las palabras de Flor, madre de Paola Yazm\u00edn, asesinada en una escuela p\u00fablica federal de la capital de Chiapas.<\/p>\n<figure class=\"wp-block-image size-large\"><a class=\"td-modal-image\" href=\"https:\/\/avispa.org\/wp-content\/uploads\/2023\/03\/8M-Chiapas-1-1024x576.jpg\"><img loading=\"lazy\" decoding=\"async\" class=\"wp-image-93818\" src=\"https:\/\/avispa.org\/wp-content\/uploads\/2023\/03\/8M-Chiapas-1-1024x576.jpg\" sizes=\"auto, (max-width: 1024px) 100vw, 1024px\" srcset=\"https:\/\/avispa.org\/wp-content\/uploads\/2023\/03\/8M-Chiapas-1-1024x576.jpg 1024w, https:\/\/avispa.org\/wp-content\/uploads\/2023\/03\/8M-Chiapas-1-300x169.jpg 300w, https:\/\/avispa.org\/wp-content\/uploads\/2023\/03\/8M-Chiapas-1-768x432.jpg 768w, https:\/\/avispa.org\/wp-content\/uploads\/2023\/03\/8M-Chiapas-1-696x392.jpg 696w, https:\/\/avispa.org\/wp-content\/uploads\/2023\/03\/8M-Chiapas-1-1068x601.jpg 1068w, https:\/\/avispa.org\/wp-content\/uploads\/2023\/03\/8M-Chiapas-1-746x420.jpg 746w, https:\/\/avispa.org\/wp-content\/uploads\/2023\/03\/8M-Chiapas-1.jpg 1080w\" alt=\"\" width=\"1024\" height=\"576\" \/><\/a><figcaption class=\"wp-element-caption\"><em><sup>Madres y familiares de v\u00edctimas de feminicidio realizaron un mitin en la entrada de la Fiscal\u00eda General del Estado, en Tuxtla Guti\u00e9rrez. Foto: Jeny Pascacio<\/sup><\/em><\/figcaption><\/figure>\n<p>El mismo mensaje reson\u00f3 en cada entidad de M\u00e9xico, a prop\u00f3sito del D\u00eda Internacional de la Mujer que este 2023 convoc\u00f3 a miles de mujeres a alzar la voz, hartas del doble discurso y simulaciones de los gobiernos. \u201cCada vez somos m\u00e1s\u201d, se escuch\u00f3 en la conmemoraci\u00f3n en Tuxtla Guti\u00e9rrez, Chiapas.<\/p>\n<h3 id=\"h-10-mujeres-por-dia\" class=\"has-black-color has-text-color\"><strong>10 mujeres por d\u00eda<\/strong><\/h3>\n<p>De acuerdo a estad\u00edsticas del Secretariado Ejecutivo del Sistema de Seguridad P\u00fablica, s\u00f3lo en enero de 2023 se contabilizaron 68 feminicidios en el pa\u00eds. Oaxaca, Estado de M\u00e9xico, Veracruz, Ciudad de M\u00e9xico, Jalisco, Nuevo Le\u00f3n y Chihuahua ocupan los primeros lugares.<\/p>\n<p>El Observatorio Ciudadano Nacional del Feminicidio (OCNF) dio a conocer que el 2022 cerr\u00f3 con 3,755 asesinatos de mujeres, de los cuales s\u00f3lo 968 casos fueron reconocidos como feminicidio. \u201cEs decir, \u00fanicamente en estos casos se acreditaron las razones de g\u00e9nero\u201d, explic\u00f3 el OCNF e hizo hincapi\u00e9 que a pesar del subregistro, en M\u00e9xico fueron asesinadas 10.28 mujeres al d\u00eda. Los 2,787 casos restantes, las autoridades los catalogaron como homicidios dolosos, sin contar los \u201csuicidios\u201d que no se investigan como feminicidios.<\/p>\n<p>A decir del delito de feminicidio, la Ciudad de M\u00e9xico es uno de los focos rojos y este 8 de marzo las avenidas principales fueron pintadas de color p\u00farpura para exigir una vida libre de violencia.<\/p>\n<p>Para la marcha los distintos grupos de mujeres se congregaron en la Glorieta de las Mujeres que Luchan, el Monumento a la Revoluci\u00f3n y la Estela de Luz donde realizaron el pase de lista de las v\u00edctimas de feminicidio, tambi\u00e9n de las no identificadas.<\/p>\n<p>Algunas se adelantaron al Z\u00f3calo desde antes de las tres de la tarde (hora programada para marchar), as\u00ed tambi\u00e9n las organizaciones de madres buscadoras y de v\u00edctimas de feminicidio; artistas, ni\u00f1as, ni\u00f1os y estudiantes.<\/p>\n<figure class=\"is-layout-flex wp-block-gallery-1 wp-block-gallery has-nested-images columns-2 is-cropped\">\n<figure class=\"wp-block-image size-large\"><a class=\"td-modal-image\" href=\"https:\/\/avispa.org\/wp-content\/uploads\/2023\/03\/8M-Chiapas-7-1024x768.jpg\"><img loading=\"lazy\" decoding=\"async\" class=\"wp-image-93825\" src=\"https:\/\/avispa.org\/wp-content\/uploads\/2023\/03\/8M-Chiapas-7-1024x768.jpg\" sizes=\"auto, (max-width: 1024px) 100vw, 1024px\" srcset=\"https:\/\/avispa.org\/wp-content\/uploads\/2023\/03\/8M-Chiapas-7-1024x768.jpg 1024w, https:\/\/avispa.org\/wp-content\/uploads\/2023\/03\/8M-Chiapas-7-300x225.jpg 300w, https:\/\/avispa.org\/wp-content\/uploads\/2023\/03\/8M-Chiapas-7-768x576.jpg 768w, https:\/\/avispa.org\/wp-content\/uploads\/2023\/03\/8M-Chiapas-7-696x522.jpg 696w, https:\/\/avispa.org\/wp-content\/uploads\/2023\/03\/8M-Chiapas-7-1068x801.jpg 1068w, https:\/\/avispa.org\/wp-content\/uploads\/2023\/03\/8M-Chiapas-7-560x420.jpg 560w, https:\/\/avispa.org\/wp-content\/uploads\/2023\/03\/8M-Chiapas-7-80x60.jpg 80w, https:\/\/avispa.org\/wp-content\/uploads\/2023\/03\/8M-Chiapas-7-265x198.jpg 265w, https:\/\/avispa.org\/wp-content\/uploads\/2023\/03\/8M-Chiapas-7.jpg 1080w\" alt=\"\" width=\"1024\" height=\"768\" data-id=\"93825\" \/><\/a><\/figure>\n<figure class=\"wp-block-image size-large\"><a class=\"td-modal-image\" href=\"https:\/\/avispa.org\/wp-content\/uploads\/2023\/03\/8M-Chiapas-5-1024x768.jpg\"><img loading=\"lazy\" decoding=\"async\" class=\"wp-image-93823\" src=\"https:\/\/avispa.org\/wp-content\/uploads\/2023\/03\/8M-Chiapas-5-1024x768.jpg\" sizes=\"auto, (max-width: 1024px) 100vw, 1024px\" srcset=\"https:\/\/avispa.org\/wp-content\/uploads\/2023\/03\/8M-Chiapas-5-1024x768.jpg 1024w, https:\/\/avispa.org\/wp-content\/uploads\/2023\/03\/8M-Chiapas-5-300x225.jpg 300w, https:\/\/avispa.org\/wp-content\/uploads\/2023\/03\/8M-Chiapas-5-768x576.jpg 768w, https:\/\/avispa.org\/wp-content\/uploads\/2023\/03\/8M-Chiapas-5-696x522.jpg 696w, https:\/\/avispa.org\/wp-content\/uploads\/2023\/03\/8M-Chiapas-5-1068x801.jpg 1068w, https:\/\/avispa.org\/wp-content\/uploads\/2023\/03\/8M-Chiapas-5-560x420.jpg 560w, https:\/\/avispa.org\/wp-content\/uploads\/2023\/03\/8M-Chiapas-5-80x60.jpg 80w, https:\/\/avispa.org\/wp-content\/uploads\/2023\/03\/8M-Chiapas-5-265x198.jpg 265w, https:\/\/avispa.org\/wp-content\/uploads\/2023\/03\/8M-Chiapas-5.jpg 1080w\" alt=\"\" width=\"1024\" height=\"768\" data-id=\"93823\" \/><\/a><\/figure>\n<figure class=\"wp-block-image size-large\"><a class=\"td-modal-image\" href=\"https:\/\/avispa.org\/wp-content\/uploads\/2023\/03\/8M-Chiapas-3-576x1024.jpg\"><img loading=\"lazy\" decoding=\"async\" class=\"wp-image-93821\" src=\"https:\/\/avispa.org\/wp-content\/uploads\/2023\/03\/8M-Chiapas-3-576x1024.jpg\" sizes=\"auto, (max-width: 576px) 100vw, 576px\" srcset=\"https:\/\/avispa.org\/wp-content\/uploads\/2023\/03\/8M-Chiapas-3-576x1024.jpg 576w, https:\/\/avispa.org\/wp-content\/uploads\/2023\/03\/8M-Chiapas-3-169x300.jpg 169w, https:\/\/avispa.org\/wp-content\/uploads\/2023\/03\/8M-Chiapas-3-236x420.jpg 236w, https:\/\/avispa.org\/wp-content\/uploads\/2023\/03\/8M-Chiapas-3.jpg 608w\" alt=\"\" width=\"576\" height=\"1024\" data-id=\"93821\" \/><\/a><\/figure><figcaption class=\"blocks-gallery-caption wp-element-caption\"><em><sup>Fotos: Jeny Pascacio<\/sup><\/em><\/figcaption><\/figure>\n<p>El operativo de las mujeres polic\u00edas estuvo en puntos estrat\u00e9gicos y el gobierno federal dijo que las actividades transcurrieron con saldo blanco. Este jueves (9) las pintas que dej\u00f3 la ola p\u00farpura a su paso fueron borradas.<\/p>\n<p>En el Estado de M\u00e9xico, que tambi\u00e9n ocupa los primeros lugares a nivel nacional en feminicidios, partieron de diferentes municipios del Valle de M\u00e9xico para unirse a la mega marcha de la Ciudad de M\u00e9xico.<\/p>\n<p>Mientras en Jalisco m\u00e1s de 50 mil mujeres tomaron las calles en tres marchas que tuvieron como destino distintos puntos, la Glorieta de las y los desaparecidos; la marcha que culmin\u00f3 en la Glorieta de la Minerva, y la que concluy\u00f3 en frente al Palacio de Gobierno.<\/p>\n<p>En Tamaulipas, un estado con altos \u00edndices de violencia y que en enero pasado registr\u00f3 dos feminicidios, la marcha fue aprovechada por el gobierno municipal que convoc\u00f3 a una caminata en los l\u00edmites con Estados Unidos y acompa\u00f1adas de una funcionaria del vecino pa\u00eds.<\/p>\n<p>En San Luis Potos\u00ed las mujeres manifestaron el enojo y hartazgo generalizado en la Universidad Aut\u00f3noma de San Luis Potos\u00ed (UASLP) y el Palacio de Gobierno estatal, edificios ubicados en el centro hist\u00f3rico.<\/p>\n<p>Algo similar ocurri\u00f3 en Morelos donde las mujeres rompieron los vidrios del Palacio de Gobierno en Cuernavaca ante la inacci\u00f3n de las autoridades por erradicar la violencia contra la mujer.<\/p>\n<p>Tijuana, Yucat\u00e1n, Tabasco, Sonora, Chihuahua, Michoac\u00e1n, Sinaloa, Quintana Roo Quer\u00e9taro, Baja California Sur, Chilpancingo, las mujeres tambi\u00e9n marcharon antecedidas por las familias v\u00edctimas de feminicidios, sobrevivientes, maternidades e infancias.<\/p>\n<p>Al final de los recorridos en todas las entidades, las mujeres tapizaron los edificios con pancartas con mensajes exigiendo justicia y por doquier, fotograf\u00edas de mujeres v\u00edctimas de feminicidio.<\/p>\n<p>En el piso, las paredes, puertas y aceras escribieron los nombres de feminicidas y violentadores que caminan libres por las calles de M\u00e9xico.<\/p>\n<h3 class=\"has-black-color has-text-color\"><strong>La colmena<\/strong><\/h3>\n<p>En Chiapas, Flor, madre de Paola Yazm\u00edn que fue asesinada y hallada el 8 de diciembre de 2022, estuvo acompa\u00f1ada de sus hijas y de m\u00e1s madres y familiares de v\u00edctimas de feminicidio que previo a la marcha conmemorativa del D\u00eda Internacional de la Mujer realizaron un mitin en la entrada de la Fiscal\u00eda General del Estado (FGE), en Tuxtla Guti\u00e9rrez.<\/p>\n<p>Tambi\u00e9n en diciembre del a\u00f1o pasado, Casandra Isabel Arias Torres fue levantada por un grupo armado durante un festejo familiar en Berrioz\u00e1bal, Chiapas. Los hombres armados quitaron los tel\u00e9fonos celulares a los invitados para eliminar la evidencia; la joven contin\u00faa desaparecida.<\/p>\n<p>Isabel, madre de Casandra, tambi\u00e9n cont\u00f3 su historia e hizo el reclamo a las autoridades frente a la Fiscal\u00eda de Chiapas que dirige Olaf G\u00f3mez Hern\u00e1ndez, a quien las madres de v\u00edctimas de distintos delitos contra mujeres exigieron tomar el cargo y dejar el discurso de: \u201cfue en la administraci\u00f3n pasada\u201d.<\/p>\n<figure class=\"wp-block-image size-large\"><a class=\"td-modal-image\" href=\"https:\/\/avispa.org\/wp-content\/uploads\/2023\/03\/8M-Chiapas-9-1024x768.jpg\"><img loading=\"lazy\" decoding=\"async\" class=\"wp-image-93827\" src=\"https:\/\/avispa.org\/wp-content\/uploads\/2023\/03\/8M-Chiapas-9-1024x768.jpg\" sizes=\"auto, (max-width: 1024px) 100vw, 1024px\" srcset=\"https:\/\/avispa.org\/wp-content\/uploads\/2023\/03\/8M-Chiapas-9-1024x768.jpg 1024w, https:\/\/avispa.org\/wp-content\/uploads\/2023\/03\/8M-Chiapas-9-300x225.jpg 300w, https:\/\/avispa.org\/wp-content\/uploads\/2023\/03\/8M-Chiapas-9-768x576.jpg 768w, https:\/\/avispa.org\/wp-content\/uploads\/2023\/03\/8M-Chiapas-9-696x522.jpg 696w, https:\/\/avispa.org\/wp-content\/uploads\/2023\/03\/8M-Chiapas-9-1068x801.jpg 1068w, https:\/\/avispa.org\/wp-content\/uploads\/2023\/03\/8M-Chiapas-9-560x420.jpg 560w, https:\/\/avispa.org\/wp-content\/uploads\/2023\/03\/8M-Chiapas-9-80x60.jpg 80w, https:\/\/avispa.org\/wp-content\/uploads\/2023\/03\/8M-Chiapas-9-265x198.jpg 265w, https:\/\/avispa.org\/wp-content\/uploads\/2023\/03\/8M-Chiapas-9.jpg 1080w\" alt=\"\" width=\"1024\" height=\"768\" \/><\/a><figcaption class=\"wp-element-caption\"><em><sup>Foto: Jeny Pascacio<\/sup><\/em><\/figcaption><\/figure>\n<p>M\u00e1s de 10 familias acudieron con pancartas y su voz a Fiscal\u00eda, procedentes de varios municipios del estado al sur de M\u00e9xico. Otras madres y hermanas enviaron cartas que fueron le\u00eddas por activistas, mientras los uniformados resguardados al interior del edificio de la Fiscal\u00eda fotografiaban a las mujeres que no dejaron de repetir la palabra \u2018justicia\u2019.<\/p>\n<p>En Chenalh\u00f3, las mujeres integrantes de la Sociedad Civil Las Abejas de Acteal conmemoraron el 8M con una jornada de ayuno y oraci\u00f3n, despu\u00e9s de una caminata que realizaron del crucero Majomut hasta la ermita de los m\u00e1rtires de Acteal.<\/p>\n<p>Las mujeres contaron sus experiencias en las luchas, \u201cen este caminar\u201d, hablaron sobre la violencia institucional que no respeta sus derechos por ser parte de la resistencia y la lucha.<\/p>\n<p>\u201cSomos abejas y por eso nos atacan quieren saber si tenemos fuerza y valor para defendernos\u2026 pero nos han despertado\u201d, dijo una de las mujeres que tomaron la palabra. \u201cComo mujer cre\u00ed que no era valiente, pero un d\u00eda no le tuve miedo a los hombres\u201d.<\/p>\n<p>\u201cVean su fuerza como mujeres, el valor y la capacidad que tenemos. No es ahora que nos damos cuenta, no es hasta ahora que las mujeres empezamos a salir adelante, a defendernos, a ver nuestro valor\u2026 como mujeres les invito a que no tengamos miedo que sigamos en esta lucha y en esta resistencia\u201d.<\/p>\n<\/div>\n<p>&nbsp;<\/p>","protected":false},"excerpt":{"rendered":"<p>Fuente: Avispa Midia Por Jeny Pascacio \u201cLa Fiscal\u00eda no hace nada, no s\u00e9 qu\u00e9 hacer, mi hijita fue asesinada. \u00bfPor qu\u00e9 nos tratan as\u00ed?, \u00bfqu\u00e9 le hicieron a mi hija?, \u00bfqu\u00e9 pas\u00f3 con ella?, y no me dicen nada. \u00a1Pido justicia para todas!, pido que el gobernador Rutilio Escand\u00f3n Cadenas haga algo, que ayude a [&hellip;]<\/p>\n","protected":false},"author":21,"featured_media":44266,"comment_status":"open","ping_status":"closed","sticky":false,"template":"","format":"standard","meta":{"footnotes":""},"categories":[957,51,826,954,961,935],"tags":[79,58,147,41,87,148,27,483],"class_list":["post-44265","post","type-post","status-publish","format-standard","has-post-thumbnail","hentry","category-autonomia","category-autor","category-medios-libres-2","category-mexico","category-mujeres","category-temas","tag-autonomia","tag-derechos-humanos","tag-militarizacion","tag-mujeres","tag-represion","tag-resistencia","tag-solidaridad","tag-tierra-y-territorio"],"_links":{"self":[{"href":"https:\/\/radiozapatista.org\/index.php?rest_route=\/wp\/v2\/posts\/44265","targetHints":{"allow":["GET"]}}],"collection":[{"href":"https:\/\/radiozapatista.org\/index.php?rest_route=\/wp\/v2\/posts"}],"about":[{"href":"https:\/\/radiozapatista.org\/index.php?rest_route=\/wp\/v2\/types\/post"}],"author":[{"embeddable":true,"href":"https:\/\/radiozapatista.org\/index.php?rest_route=\/wp\/v2\/users\/21"}],"replies":[{"embeddable":true,"href":"https:\/\/radiozapatista.org\/index.php?rest_route=%2Fwp%2Fv2%2Fcomments&post=44265"}],"version-history":[{"count":1,"href":"https:\/\/radiozapatista.org\/index.php?rest_route=\/wp\/v2\/posts\/44265\/revisions"}],"predecessor-version":[{"id":44267,"href":"https:\/\/radiozapatista.org\/index.php?rest_route=\/wp\/v2\/posts\/44265\/revisions\/44267"}],"wp:featuredmedia":[{"embeddable":true,"href":"https:\/\/radiozapatista.org\/index.php?rest_route=\/wp\/v2\/media\/44266"}],"wp:attachment":[{"href":"https:\/\/radiozapatista.org\/index.php?rest_route=%2Fwp%2Fv2%2Fmedia&parent=44265"}],"wp:term":[{"taxonomy":"category","embeddable":true,"href":"https:\/\/radiozapatista.org\/index.php?rest_route=%2Fwp%2Fv2%2Fcategories&post=44265"},{"taxonomy":"post_tag","embeddable":true,"href":"https:\/\/radiozapatista.org\/index.php?rest_route=%2Fwp%2Fv2%2Ftags&post=44265"}],"curies":[{"name":"wp","href":"https:\/\/api.w.org\/{rel}","templated":true}]}}