{"id":44248,"date":"2023-03-08T20:31:53","date_gmt":"2023-03-09T02:31:53","guid":{"rendered":"https:\/\/radiozapatista.org\/?p=44248"},"modified":"2023-03-08T20:31:53","modified_gmt":"2023-03-09T02:31:53","slug":"congreso-nacional-indigena-refuerza-su-resistencia-y-organizacion-ante-la-creciente-violencia-del-narcoestado-para-la-imposicion-de-megaproyectos-en-territorios-indigenas","status":"publish","type":"post","link":"https:\/\/radiozapatista.org\/?p=44248","title":{"rendered":"Congreso Nacional Ind\u00edgena refuerza su resistencia y organizaci\u00f3n ante la creciente violencia del narcoestado para la imposici\u00f3n de megaproyectos en territorios ind\u00edgenas"},"content":{"rendered":"<p><\/p>\n<div id=\"primary\" class=\"content-area\">\n<article id=\"post-12314\" class=\"post-12314 post type-post status-publish format-standard has-post-thumbnail hentry category-noticiero-noticias-de-abajo\">\n<div class=\"entry-body\">\n<header class=\"entry-header\"><\/header>\n<div class=\"entry-content\">\n<p data-adtags-visited=\"true\">Puebla, M\u00e9xico; Los d\u00edas 4 y 5 de marzo del 2023 se dio cita la Asamblea del Congreso Nacional Ind\u00edgena con el tema central de analizar la violencia y la guerra contra los pueblos y comunidades originarias para imponer los proyectos capitalistas. En sus palabras se construye un mapa de un pa\u00eds golpeado por la violencia institucional y la de los grupos criminales que nacen de la corrupci\u00f3n, negligencia y complicidad de los malos gobiernos. Con m\u00e1s de 400 asistentes de m\u00e1s de 20 estados de la rep\u00fablica y con organizaciones solidarias, se respondieron la pregunta de \u00bfC\u00f3mo estamos?, \u00bfY qu\u00e9 sigue?. En las instalaciones del Movimiento Agrario Ind\u00edgena Zapatista en Tehuac\u00e1n, Puebla, se reunieron para analizar los avances de una preocupante militarizaci\u00f3n y del crimen organizado en los territorios ind\u00edgenas, en esta asamblea tambi\u00e9n llegaron organizaciones invitadas para caminar en el proceso de lo que llamaron, \u00abel gran nosotros que somos\u00bb para vincularse con las resistencias organizadas solidarias del campo y la ciudad.<\/p>\n<figure class=\"wp-block-image size-large\"><a href=\"https:\/\/noticiasdeabajoml.files.wordpress.com\/2023\/03\/cni_tehuacan_07.jpg\"><img decoding=\"async\" class=\"wp-image-12319\" src=\"https:\/\/noticiasdeabajoml.files.wordpress.com\/2023\/03\/cni_tehuacan_07.jpg?w=1024\" sizes=\"(max-width: 1024px) 100vw, 1024px\" srcset=\"https:\/\/noticiasdeabajoml.files.wordpress.com\/2023\/03\/cni_tehuacan_07.jpg?w=1024 1024w, https:\/\/noticiasdeabajoml.files.wordpress.com\/2023\/03\/cni_tehuacan_07.jpg?w=150 150w, https:\/\/noticiasdeabajoml.files.wordpress.com\/2023\/03\/cni_tehuacan_07.jpg?w=300 300w, https:\/\/noticiasdeabajoml.files.wordpress.com\/2023\/03\/cni_tehuacan_07.jpg?w=768 768w, https:\/\/noticiasdeabajoml.files.wordpress.com\/2023\/03\/cni_tehuacan_07.jpg 1600w\" alt=\"\" data-attachment-id=\"12319\" data-permalink=\"https:\/\/noticiasdeabajoml.wordpress.com\/2023\/03\/08\/congreso-nacional-indigena-refuerza-su-resistencia-y-organizacion-ante-la-creciente-violencia-del-narcoestado-para-la-imposicion-de-megaproyectos-en-territorios-indigenas\/cni_tehuacan_07\/\" data-orig-file=\"https:\/\/noticiasdeabajoml.files.wordpress.com\/2023\/03\/cni_tehuacan_07.jpg\" data-orig-size=\"1600,900\" data-comments-opened=\"1\" data-image-meta=\"{&quot;aperture&quot;:&quot;0&quot;,&quot;credit&quot;:&quot;&quot;,&quot;camera&quot;:&quot;&quot;,&quot;caption&quot;:&quot;&quot;,&quot;created_timestamp&quot;:&quot;0&quot;,&quot;copyright&quot;:&quot;&quot;,&quot;focal_length&quot;:&quot;0&quot;,&quot;iso&quot;:&quot;0&quot;,&quot;shutter_speed&quot;:&quot;0&quot;,&quot;title&quot;:&quot;&quot;,&quot;orientation&quot;:&quot;0&quot;}\" data-image-title=\"cni_tehuacan_07\" data-image-description=\"\" data-image-caption=\"\" data-medium-file=\"https:\/\/noticiasdeabajoml.files.wordpress.com\/2023\/03\/cni_tehuacan_07.jpg?w=300\" data-large-file=\"https:\/\/noticiasdeabajoml.files.wordpress.com\/2023\/03\/cni_tehuacan_07.jpg?w=1024\" \/><\/a><\/figure>\n<p data-adtags-visited=\"true\">La Asamblea se llev\u00f3 a cabo en mesas de trabajo, se analiz\u00f3 la administraci\u00f3n actual, del partido MORENA que ha mantenido una constante y creciente violencia ejercida contra los territorios ind\u00edgenas. En la palabra de las y los delegados se narr\u00f3 una extensa lista de afectaciones por parte del llamado crimen organizado: asesinatos, desapariciones forzadas, trata de personas, robo de ganado y cultivo, invasi\u00f3n de tierras, tala clandestina y ecocida, siembra ilegal de monocultivos, venta de drogas (sobre todo para el control de los m\u00e1s j\u00f3venes), control de sindicatos de construcci\u00f3n, control de bancos de materiales, entre muchas otras agresiones que fracturan las comunidades, elevan los niveles de inseguridad y generan un clima propicio para la intervenci\u00f3n de las fuerzas armadas con la justificaci\u00f3n de pacificar la regi\u00f3n.<\/p>\n<figure class=\"wp-block-image size-large\"><a href=\"https:\/\/noticiasdeabajoml.files.wordpress.com\/2023\/03\/cni_tehuacan_05.jpg\"><img decoding=\"async\" class=\"wp-image-12318\" src=\"https:\/\/noticiasdeabajoml.files.wordpress.com\/2023\/03\/cni_tehuacan_05.jpg?w=1024\" sizes=\"(max-width: 1024px) 100vw, 1024px\" srcset=\"https:\/\/noticiasdeabajoml.files.wordpress.com\/2023\/03\/cni_tehuacan_05.jpg?w=1024 1024w, https:\/\/noticiasdeabajoml.files.wordpress.com\/2023\/03\/cni_tehuacan_05.jpg?w=2048 2048w, https:\/\/noticiasdeabajoml.files.wordpress.com\/2023\/03\/cni_tehuacan_05.jpg?w=150 150w, https:\/\/noticiasdeabajoml.files.wordpress.com\/2023\/03\/cni_tehuacan_05.jpg?w=300 300w, https:\/\/noticiasdeabajoml.files.wordpress.com\/2023\/03\/cni_tehuacan_05.jpg?w=768 768w\" alt=\"\" data-attachment-id=\"12318\" data-permalink=\"https:\/\/noticiasdeabajoml.wordpress.com\/2023\/03\/08\/congreso-nacional-indigena-refuerza-su-resistencia-y-organizacion-ante-la-creciente-violencia-del-narcoestado-para-la-imposicion-de-megaproyectos-en-territorios-indigenas\/cni_tehuacan_05\/\" data-orig-file=\"https:\/\/noticiasdeabajoml.files.wordpress.com\/2023\/03\/cni_tehuacan_05.jpg\" data-orig-size=\"3385,2048\" data-comments-opened=\"1\" data-image-meta=\"{&quot;aperture&quot;:&quot;0&quot;,&quot;credit&quot;:&quot;&quot;,&quot;camera&quot;:&quot;&quot;,&quot;caption&quot;:&quot;&quot;,&quot;created_timestamp&quot;:&quot;0&quot;,&quot;copyright&quot;:&quot;&quot;,&quot;focal_length&quot;:&quot;0&quot;,&quot;iso&quot;:&quot;0&quot;,&quot;shutter_speed&quot;:&quot;0&quot;,&quot;title&quot;:&quot;&quot;,&quot;orientation&quot;:&quot;0&quot;}\" data-image-title=\"cni_tehuacan_05\" data-image-description=\"\" data-image-caption=\"\" data-medium-file=\"https:\/\/noticiasdeabajoml.files.wordpress.com\/2023\/03\/cni_tehuacan_05.jpg?w=300\" data-large-file=\"https:\/\/noticiasdeabajoml.files.wordpress.com\/2023\/03\/cni_tehuacan_05.jpg?w=1024\" \/><\/a><\/figure>\n<p data-adtags-visited=\"true\">Nahuas, Otomies, Yoremes, Mayos, Purepechas, Zapotecos, Mayas, Kiumiai, Cholultecas, Zoques, Mazatecos, Coca, Biniza, Tsotziles y Tsetzales, Popolucas entre otros pueblos y comunidades que comentaron como la militarizaci\u00f3n trae consigo consecuencias negativas para las comunidades y sus territorios, principalmente por el hecho de que las fuerzas represivas colaboran de manera informal con los grupos del crimen organizado y formalmente con los intereses de las empresas capitalistas para asegurar que los megaproyectos no enfrenten ninguna resistencia para su instalaci\u00f3n. La violencia que se ejerce por parte de las instituciones del Estado mexicano ha creado una narrativa distorsionada para impulsar la agenda de estado, a trav\u00e9s del INPI y los planes de justicia se ha intentado imponer una identidad ajena a las comunidades ind\u00edgenas y con el objetivo de dividir a las comunidades e identificar a los opositores para su persecuci\u00f3n y agresi\u00f3n. Las autoridades de los tres niveles, al igual que la procuradur\u00eda agraria, tambi\u00e9n ejercen violencia contra las comunidades, suplantando la representaci\u00f3n, invalidando t\u00edtulos de propiedad, cambiando el uso de suelo a dominio pleno, todo esto sin asamblea o con una asamblea a modo de manera ilegal.<\/p>\n<figure class=\"wp-block-image size-large\"><a href=\"https:\/\/noticiasdeabajoml.files.wordpress.com\/2023\/03\/cni_tehuacan_04.jpg\"><img decoding=\"async\" class=\"wp-image-12321\" src=\"https:\/\/noticiasdeabajoml.files.wordpress.com\/2023\/03\/cni_tehuacan_04.jpg?w=1024\" sizes=\"(max-width: 1024px) 100vw, 1024px\" srcset=\"https:\/\/noticiasdeabajoml.files.wordpress.com\/2023\/03\/cni_tehuacan_04.jpg?w=1024 1024w, https:\/\/noticiasdeabajoml.files.wordpress.com\/2023\/03\/cni_tehuacan_04.jpg?w=2048 2048w, https:\/\/noticiasdeabajoml.files.wordpress.com\/2023\/03\/cni_tehuacan_04.jpg?w=150 150w, https:\/\/noticiasdeabajoml.files.wordpress.com\/2023\/03\/cni_tehuacan_04.jpg?w=300 300w, https:\/\/noticiasdeabajoml.files.wordpress.com\/2023\/03\/cni_tehuacan_04.jpg?w=768 768w\" alt=\"\" data-attachment-id=\"12321\" data-permalink=\"https:\/\/noticiasdeabajoml.wordpress.com\/2023\/03\/08\/congreso-nacional-indigena-refuerza-su-resistencia-y-organizacion-ante-la-creciente-violencia-del-narcoestado-para-la-imposicion-de-megaproyectos-en-territorios-indigenas\/cni_tehuacan_04\/\" data-orig-file=\"https:\/\/noticiasdeabajoml.files.wordpress.com\/2023\/03\/cni_tehuacan_04.jpg\" data-orig-size=\"3072,2048\" data-comments-opened=\"1\" data-image-meta=\"{&quot;aperture&quot;:&quot;0&quot;,&quot;credit&quot;:&quot;&quot;,&quot;camera&quot;:&quot;&quot;,&quot;caption&quot;:&quot;&quot;,&quot;created_timestamp&quot;:&quot;0&quot;,&quot;copyright&quot;:&quot;&quot;,&quot;focal_length&quot;:&quot;0&quot;,&quot;iso&quot;:&quot;0&quot;,&quot;shutter_speed&quot;:&quot;0&quot;,&quot;title&quot;:&quot;&quot;,&quot;orientation&quot;:&quot;0&quot;}\" data-image-title=\"cni_tehuacan_04\" data-image-description=\"\" data-image-caption=\"\" data-medium-file=\"https:\/\/noticiasdeabajoml.files.wordpress.com\/2023\/03\/cni_tehuacan_04.jpg?w=300\" data-large-file=\"https:\/\/noticiasdeabajoml.files.wordpress.com\/2023\/03\/cni_tehuacan_04.jpg?w=1024\" \/><\/a><\/figure>\n<p data-adtags-visited=\"true\">El abrazo colectivo de todos los miembros de la Asamblea del CNI dejo ver que a pesar de este panorama se est\u00e1n haciendo grandes cosas y se sigue avanzando por un plan colectivo, del plan de acci\u00f3n acordado rescatamos las siguientes fechas para movilizarse:<\/p>\n<p data-adtags-visited=\"true\">8 de marzo Movilizaci\u00f3n del d\u00eda internacional de las mujeres<\/p>\n<p data-adtags-visited=\"true\">21 de marzo Acciones de solidaridad con el Istmo ante agresiones a comunidades. En Cdmx ser\u00e1 en frente a la embajada de Estados Unidos a las 11 am.<\/p>\n<p data-adtags-visited=\"true\">22 de marzo Sumarse a la Acci\u00f3n Global Dislocada de la 2a. ANAVI<\/p>\n<p data-adtags-visited=\"true\">10 abril Marcha por el aniversario luctuoso de Emiliano Zapata<\/p>\n<p data-adtags-visited=\"true\">27 de abril Aniversario luctuoso a 13 a\u00f1os del asesinato de Bety Cari\u00f1o<\/p>\n<p data-adtags-visited=\"true\">25 de abril al 5 de mayo Caravana Sur resiste para evidenciar violaciones<\/p>\n<p data-adtags-visited=\"true\">5 y 6 de mayo Encuentro Internacional en el Caracol Jacinto Canek de San Cristobal Chiapas.<\/p>\n<p data-adtags-visited=\"true\">10 Junio Actividades a un a\u00f1o de la represi\u00f3n a la REDAVI en Quer\u00e9taro.<\/p>\n<p data-adtags-visited=\"true\">12 y 13 de Agosto Participar en la 3a Asamblea Nacional por el Agua y la Vida en Xochimilco CdMx.<\/p>\n<p data-adtags-visited=\"true\">12 Octubre Jornada Global contra el colonialismo y por la resistencia ind\u00edgena en Am\u00e9rica<\/p>\n<p data-adtags-visited=\"true\">17 de noviembre Actividades para conmemorar los 40 a\u00f1os de la fundaci\u00f3n del EZLN y 30 de su levantamiento.<\/p>\n<figure class=\"wp-block-image size-large\"><a href=\"https:\/\/noticiasdeabajoml.files.wordpress.com\/2023\/03\/cni_tehuacan_01.jpg\"><img decoding=\"async\" class=\"wp-image-12322\" src=\"https:\/\/noticiasdeabajoml.files.wordpress.com\/2023\/03\/cni_tehuacan_01.jpg?w=1024\" sizes=\"(max-width: 1024px) 100vw, 1024px\" srcset=\"https:\/\/noticiasdeabajoml.files.wordpress.com\/2023\/03\/cni_tehuacan_01.jpg?w=1024 1024w, https:\/\/noticiasdeabajoml.files.wordpress.com\/2023\/03\/cni_tehuacan_01.jpg?w=2048 2048w, https:\/\/noticiasdeabajoml.files.wordpress.com\/2023\/03\/cni_tehuacan_01.jpg?w=150 150w, https:\/\/noticiasdeabajoml.files.wordpress.com\/2023\/03\/cni_tehuacan_01.jpg?w=300 300w, https:\/\/noticiasdeabajoml.files.wordpress.com\/2023\/03\/cni_tehuacan_01.jpg?w=768 768w\" alt=\"\" data-attachment-id=\"12322\" data-permalink=\"https:\/\/noticiasdeabajoml.wordpress.com\/2023\/03\/08\/congreso-nacional-indigena-refuerza-su-resistencia-y-organizacion-ante-la-creciente-violencia-del-narcoestado-para-la-imposicion-de-megaproyectos-en-territorios-indigenas\/cni_tehuacan_01\/\" data-orig-file=\"https:\/\/noticiasdeabajoml.files.wordpress.com\/2023\/03\/cni_tehuacan_01.jpg\" data-orig-size=\"3072,2048\" data-comments-opened=\"1\" data-image-meta=\"{&quot;aperture&quot;:&quot;0&quot;,&quot;credit&quot;:&quot;&quot;,&quot;camera&quot;:&quot;&quot;,&quot;caption&quot;:&quot;&quot;,&quot;created_timestamp&quot;:&quot;0&quot;,&quot;copyright&quot;:&quot;&quot;,&quot;focal_length&quot;:&quot;0&quot;,&quot;iso&quot;:&quot;0&quot;,&quot;shutter_speed&quot;:&quot;0&quot;,&quot;title&quot;:&quot;&quot;,&quot;orientation&quot;:&quot;0&quot;}\" data-image-title=\"cni_tehuacan_01\" data-image-description=\"\" data-image-caption=\"\" data-medium-file=\"https:\/\/noticiasdeabajoml.files.wordpress.com\/2023\/03\/cni_tehuacan_01.jpg?w=300\" data-large-file=\"https:\/\/noticiasdeabajoml.files.wordpress.com\/2023\/03\/cni_tehuacan_01.jpg?w=1024\" \/><\/a><\/figure>\n<p data-adtags-visited=\"true\">Tambi\u00e9n se acord\u00f3, realizar reuniones regionales del CNI, realizar una campa\u00f1a por las y los presos pol\u00edticos, desaparecidos y perseguidos, realizar mapeos comunitarios con estos temas de violencia, represi\u00f3n y megaproyectos, promover y apoyar las iniciativas diversas de escuelas aut\u00f3nomas que se est\u00e1n llevando a cabo y dise\u00f1ando en varias regiones del pa\u00eds.<\/p>\n<p data-adtags-visited=\"true\">El \u00e1nimo de resistir se le\u00eda en las caras de los asistentes, que a pesar de las adversidades y violencia que enfrentan, tambi\u00e9n saben que caminar con otras y con otros hacen el camino menos adverso para estas comunidades, pueblos, tribus y naciones originarias que tienen de com\u00fan la resistencia y la dignidad.<\/p>\n<div id=\"inline-ad-2__controls\" class=\"ata-controls\"><\/div>\n<p data-adtags-visited=\"true\">Para m\u00e1s informaci\u00f3n consulta la p\u00e1gina del CNI:<\/p>\n<figure class=\"wp-block-embed is-type-wp-embed is-provider-congreso-nacional-indigena wp-block-embed-congreso-nacional-indigena\">\n<div class=\"wp-block-embed__wrapper\"><a href=\"https:\/\/www.congresonacionalindigena.org\/\" rel=\"nofollow\">https:\/\/www.congresonacionalindigena.org\/<\/a><\/div>\n<\/figure>\n<\/div>\n<\/div>\n<\/article>\n<\/div>\n<p><\/p>","protected":false},"excerpt":{"rendered":"<p>Puebla, M\u00e9xico; Los d\u00edas 4 y 5 de marzo del 2023 se dio cita la Asamblea del Congreso Nacional Ind\u00edgena con el tema central de analizar la violencia y la guerra contra los pueblos y comunidades originarias para imponer los proyectos capitalistas. En sus palabras se construye un mapa de un pa\u00eds golpeado por la [&hellip;]<\/p>\n","protected":false},"author":21,"featured_media":44249,"comment_status":"open","ping_status":"closed","sticky":false,"template":"","format":"standard","meta":{"footnotes":""},"categories":[957,51,1024,826,958,954,935],"tags":[79,58,53,567,147,23,37,545,87,148,27,483],"class_list":["post-44248","post","type-post","status-publish","format-standard","has-post-thumbnail","hentry","category-autonomia","category-autor","category-cni-temas","category-medios-libres-2","category-megaproyectos","category-mexico","category-temas","tag-autonomia","tag-derechos-humanos","tag-justicia","tag-megaproyectos","tag-militarizacion","tag-paramilitares","tag-presos-politicos","tag-pueblos-indigenas","tag-represion","tag-resistencia","tag-solidaridad","tag-tierra-y-territorio"],"_links":{"self":[{"href":"https:\/\/radiozapatista.org\/index.php?rest_route=\/wp\/v2\/posts\/44248","targetHints":{"allow":["GET"]}}],"collection":[{"href":"https:\/\/radiozapatista.org\/index.php?rest_route=\/wp\/v2\/posts"}],"about":[{"href":"https:\/\/radiozapatista.org\/index.php?rest_route=\/wp\/v2\/types\/post"}],"author":[{"embeddable":true,"href":"https:\/\/radiozapatista.org\/index.php?rest_route=\/wp\/v2\/users\/21"}],"replies":[{"embeddable":true,"href":"https:\/\/radiozapatista.org\/index.php?rest_route=%2Fwp%2Fv2%2Fcomments&post=44248"}],"version-history":[{"count":1,"href":"https:\/\/radiozapatista.org\/index.php?rest_route=\/wp\/v2\/posts\/44248\/revisions"}],"predecessor-version":[{"id":44250,"href":"https:\/\/radiozapatista.org\/index.php?rest_route=\/wp\/v2\/posts\/44248\/revisions\/44250"}],"wp:featuredmedia":[{"embeddable":true,"href":"https:\/\/radiozapatista.org\/index.php?rest_route=\/wp\/v2\/media\/44249"}],"wp:attachment":[{"href":"https:\/\/radiozapatista.org\/index.php?rest_route=%2Fwp%2Fv2%2Fmedia&parent=44248"}],"wp:term":[{"taxonomy":"category","embeddable":true,"href":"https:\/\/radiozapatista.org\/index.php?rest_route=%2Fwp%2Fv2%2Fcategories&post=44248"},{"taxonomy":"post_tag","embeddable":true,"href":"https:\/\/radiozapatista.org\/index.php?rest_route=%2Fwp%2Fv2%2Ftags&post=44248"}],"curies":[{"name":"wp","href":"https:\/\/api.w.org\/{rel}","templated":true}]}}