{"id":44184,"date":"2023-03-04T21:54:26","date_gmt":"2023-03-05T03:54:26","guid":{"rendered":"https:\/\/radiozapatista.org\/?p=44184"},"modified":"2023-03-04T22:00:30","modified_gmt":"2023-03-05T04:00:30","slug":"presentacion-inmediata-y-con-vida-del-companero-wixarica-santos-de-la-cruz-su-esposa-carlota-aguilar-y-sus-hijos-henry-y-paulo-de-tres-meses","status":"publish","type":"post","link":"https:\/\/radiozapatista.org\/?p=44184","title":{"rendered":"Presentaci\u00f3n inmediata y con vida del compa\u00f1ero Wix\u00e1rica Santos de la Cruz, su esposa Carlota Aguilar y sus hijos Henry y Paulo"},"content":{"rendered":"<p>El dia tres de marzo alrededor de las 8 de la ma\u00f1ana, el compa\u00f1ero Wix\u00e1rica Santos de la Cruz, junto con su esposa Carlota Aguilar y sus dos hijos Henry (tres a\u00f1os de edad) y Paulo ( tres meses de edad), salieron de Bancos de Calitique, Durango hacia Jes\u00fas Mar\u00eda, Nayarit sin que hasta el momento se tenga informaci\u00f3n de sus paraderos.<\/p>\n<p>Los compa\u00f1eros fueron desaparecidos en una regi\u00f3n donde hay un fuerte control de grupos criminales que se oponen a la lucha del pueblo Wix\u00e1rica por sus tierras.<\/p>\n<p>Santos de la Cruz\u00a0 se ha distinguido por la defensa del territorio y del medio ambiente, como parte de la comunidad ha defendido las tierras de Wirikuta de la explotaci\u00f3n minera.<\/p>\n<p>Los pasados 20, 21 y 22 de febrero la comunidad de Bancos de Calitique fue restituida con 10, 720 hect\u00e1reas de su territorio despu\u00e9s de 50 a\u00f1os de lucha.<\/p>\n<p>Exigimos la presentaci\u00f3n inmediata y con vida del compa\u00f1ero Wix\u00e1rica Santos de la Cruz, su esposa Carlota Aguilar y sus hijos.<\/p>","protected":false},"excerpt":{"rendered":"<p>El dia tres de marzo alrededor de las 8 de la ma\u00f1ana, el compa\u00f1ero Wix\u00e1rica Santos de la Cruz, junto con su esposa Carlota Aguilar y sus dos hijos Henry (tres a\u00f1os de edad) y Paulo ( tres meses de edad), salieron de Bancos de Calitique, Durango hacia Jes\u00fas Mar\u00eda, Nayarit sin que hasta el [&hellip;]<\/p>\n","protected":false},"author":21,"featured_media":44188,"comment_status":"open","ping_status":"closed","sticky":false,"template":"","format":"standard","meta":{"footnotes":""},"categories":[957,51,958,954,190,935],"tags":[79,58,53,567,147,23,545,87,148,27,483],"class_list":["post-44184","post","type-post","status-publish","format-standard","has-post-thumbnail","hentry","category-autonomia","category-autor","category-megaproyectos","category-mexico","category-radiozapatista","category-temas","tag-autonomia","tag-derechos-humanos","tag-justicia","tag-megaproyectos","tag-militarizacion","tag-paramilitares","tag-pueblos-indigenas","tag-represion","tag-resistencia","tag-solidaridad","tag-tierra-y-territorio"],"_links":{"self":[{"href":"https:\/\/radiozapatista.org\/index.php?rest_route=\/wp\/v2\/posts\/44184","targetHints":{"allow":["GET"]}}],"collection":[{"href":"https:\/\/radiozapatista.org\/index.php?rest_route=\/wp\/v2\/posts"}],"about":[{"href":"https:\/\/radiozapatista.org\/index.php?rest_route=\/wp\/v2\/types\/post"}],"author":[{"embeddable":true,"href":"https:\/\/radiozapatista.org\/index.php?rest_route=\/wp\/v2\/users\/21"}],"replies":[{"embeddable":true,"href":"https:\/\/radiozapatista.org\/index.php?rest_route=%2Fwp%2Fv2%2Fcomments&post=44184"}],"version-history":[{"count":4,"href":"https:\/\/radiozapatista.org\/index.php?rest_route=\/wp\/v2\/posts\/44184\/revisions"}],"predecessor-version":[{"id":44190,"href":"https:\/\/radiozapatista.org\/index.php?rest_route=\/wp\/v2\/posts\/44184\/revisions\/44190"}],"wp:featuredmedia":[{"embeddable":true,"href":"https:\/\/radiozapatista.org\/index.php?rest_route=\/wp\/v2\/media\/44188"}],"wp:attachment":[{"href":"https:\/\/radiozapatista.org\/index.php?rest_route=%2Fwp%2Fv2%2Fmedia&parent=44184"}],"wp:term":[{"taxonomy":"category","embeddable":true,"href":"https:\/\/radiozapatista.org\/index.php?rest_route=%2Fwp%2Fv2%2Fcategories&post=44184"},{"taxonomy":"post_tag","embeddable":true,"href":"https:\/\/radiozapatista.org\/index.php?rest_route=%2Fwp%2Fv2%2Ftags&post=44184"}],"curies":[{"name":"wp","href":"https:\/\/api.w.org\/{rel}","templated":true}]}}