{"id":44097,"date":"2023-02-09T11:39:12","date_gmt":"2023-02-09T17:39:12","guid":{"rendered":"https:\/\/radiozapatista.org\/?p=44097"},"modified":"2023-02-09T11:39:12","modified_gmt":"2023-02-09T17:39:12","slug":"mineria-razon-del-genocidio-yanomami-en-la-amazonia-brasilena","status":"publish","type":"post","link":"https:\/\/radiozapatista.org\/?p=44097","title":{"rendered":"Miner\u00eda, raz\u00f3n del genocidio Yanomami en la Amazon\u00eda brasile\u00f1a"},"content":{"rendered":"<p>Fuente: <a href=\"https:\/\/avispa.org\/mineria-razon-del-genocidio-yanomami-en-la-amazonia-brasilena\/\">Avispa Midia<\/a><\/p>\n<p>Por Sare Frabes<\/p>\n<div class=\"tdb-block-inner td-fix-index\">\n<p><em><sup>En portada: Autoridades ambientales <\/sup><\/em><em><sup>han puesto en marcha una operaci\u00f3n en la selva amaz\u00f3nica para expulsar a miles de mineros ilegales de oro a los que se acusa de provocar una crisis humanitaria entre el pueblo yanomami<\/sup><\/em><em><sup>.<\/sup><\/em><\/p>\n<p>La miner\u00eda para extraer oro en el norte de la Amazon\u00eda brasile\u00f1a est\u00e1 destruyendo la tierra del pueblo Yanomami. As\u00ed lo han expresado integrantes de dicho pueblo ind\u00edgena, quienes resaltan las consecuencias fatales contra sus comunidades: violencia y da\u00f1os a la salud, as\u00ed como contaminaci\u00f3n de r\u00edos y muerte de fauna.<\/p>\n<p>Ante la gravedad de la situaci\u00f3n, Davi Kopenawa Yanomami, cham\u00e1n y l\u00edder del pueblo Yanomami, apunta como principal responsable al ex presidente Jair Bolsonaro, quien huy\u00f3 a los EEUU al finalizar su mandato el 31 de diciembre del 2022.<\/p>\n<p class=\"has-vivid-cyan-blue-color has-text-color\"><a href=\"https:\/\/avispa.org\/indigenas-de-todo-brasil-protestan-contra-agenda-anti-indigena\/\" target=\"_blank\" rel=\"noreferrer noopener\">Te puede interesar \u2013 Ind\u00edgenas de todo Brasil protestan contra agenda anti ind\u00edgena<\/a><\/p>\n<p>\u201cQuien mat\u00f3 a mis parientes, a mis hermanos, a mi familia, fue el [ex] presidente Jair Bolsonaro. En los cuatro a\u00f1os que apoy\u00f3 a los mineros trajo enfermedades, coronavirus, paludismo, gripe, disenter\u00eda, verminosis y otras enfermedades. Fue \u00e9l quien mat\u00f3. Mat\u00f3 y se fue\u201d, sostuvo Kopenawa durante una entrevista para <em>Amaz\u00f4nia Real<\/em>.<\/p>\n<figure class=\"wp-block-image size-large\"><a class=\"td-modal-image\" href=\"https:\/\/avispa.org\/wp-content\/uploads\/2023\/02\/Mineri\u0301a-en-el-ri\u0301o-Uraricoera-territorio-indi\u0301gena-yanomami-1024x682.jpg\"><img loading=\"lazy\" decoding=\"async\" class=\"wp-image-93293\" src=\"https:\/\/avispa.org\/wp-content\/uploads\/2023\/02\/Mineri\u0301a-en-el-ri\u0301o-Uraricoera-territorio-indi\u0301gena-yanomami-1024x682.jpg\" sizes=\"auto, (max-width: 1024px) 100vw, 1024px\" srcset=\"https:\/\/avispa.org\/wp-content\/uploads\/2023\/02\/Mineri\u0301a-en-el-ri\u0301o-Uraricoera-territorio-indi\u0301gena-yanomami-1024x682.jpg 1024w, https:\/\/avispa.org\/wp-content\/uploads\/2023\/02\/Mineri\u0301a-en-el-ri\u0301o-Uraricoera-territorio-indi\u0301gena-yanomami-300x200.jpg 300w, https:\/\/avispa.org\/wp-content\/uploads\/2023\/02\/Mineri\u0301a-en-el-ri\u0301o-Uraricoera-territorio-indi\u0301gena-yanomami-768x512.jpg 768w, https:\/\/avispa.org\/wp-content\/uploads\/2023\/02\/Mineri\u0301a-en-el-ri\u0301o-Uraricoera-territorio-indi\u0301gena-yanomami-696x464.jpg 696w, https:\/\/avispa.org\/wp-content\/uploads\/2023\/02\/Mineri\u0301a-en-el-ri\u0301o-Uraricoera-territorio-indi\u0301gena-yanomami-1068x712.jpg 1068w, https:\/\/avispa.org\/wp-content\/uploads\/2023\/02\/Mineri\u0301a-en-el-ri\u0301o-Uraricoera-territorio-indi\u0301gena-yanomami-630x420.jpg 630w, https:\/\/avispa.org\/wp-content\/uploads\/2023\/02\/Mineri\u0301a-en-el-ri\u0301o-Uraricoera-territorio-indi\u0301gena-yanomami.jpg 1400w\" alt=\"\" width=\"1024\" height=\"682\" \/><\/a><figcaption><em><sup>Mineri\u0301a en el ri\u0301o Uraricoera, territorio indi\u0301gena yanomami<\/sup><\/em><\/figcaption><\/figure>\n<p>De acuerdo a la organizaci\u00f3n <em>Cultural Survival<\/em>, debido al avance de la miner\u00eda ilegal en sus tierras, familias Yanomami se han visto forzadas a desplazarse miles de kil\u00f3metros de sus territorios para resguardar su vida.<\/p>\n<p>Debido a esto, Davi Kopenawa es uno de los representantes Yanomami que actualmente se encuentran recorriendo los EEUU para denunciar la situaci\u00f3n de emergencia de su pueblo. Ante funcionarios de instituciones como la ONU, Kopenawa exige la detenci\u00f3n de Bolsonaro.<\/p>\n<h3 id=\"h-genocidio\" class=\"has-black-color has-text-color\"><strong>Genocidio<\/strong><\/h3>\n<p>En el a\u00f1o 1992, el gobierno federal demarc\u00f3 el territorio Yanomami al certificar una extensi\u00f3n de 9.4 millones de hect\u00e1reas entre los estados de Amazonas y Roraima, cerca de la frontera con Venezuela, el territorio ind\u00edgena m\u00e1s grande de Brasil. Esto sucedi\u00f3 a\u00f1os despu\u00e9s de una larga campa\u00f1a internacional donde Kopenawa se involucr\u00f3 para defender su territorio y expulsar a los cerca de 40, 000 mineros que invadieron las tierras Yanomami.<\/p>\n<p>No obstante, a pesar del reconocimiento oficial del territorio ind\u00edgena, un a\u00f1o despu\u00e9s un grupo de mineros entr\u00f3 a la comunidad de Haxim\u00fa y asesin\u00f3 a 16 ind\u00edgenas yanomamis, entre ellos a un beb\u00e9, por lo cual cinco personas fueron juzgadas por genocidio.<\/p>\n<figure class=\"wp-block-image size-full\"><a class=\"td-modal-image\" href=\"https:\/\/avispa.org\/wp-content\/uploads\/2023\/02\/sobrevivientes-masacre-1993.jpeg\"><img loading=\"lazy\" decoding=\"async\" class=\"wp-image-93296\" src=\"https:\/\/avispa.org\/wp-content\/uploads\/2023\/02\/sobrevivientes-masacre-1993.jpeg\" sizes=\"auto, (max-width: 768px) 100vw, 768px\" srcset=\"https:\/\/avispa.org\/wp-content\/uploads\/2023\/02\/sobrevivientes-masacre-1993.jpeg 768w, https:\/\/avispa.org\/wp-content\/uploads\/2023\/02\/sobrevivientes-masacre-1993-300x191.jpeg 300w, https:\/\/avispa.org\/wp-content\/uploads\/2023\/02\/sobrevivientes-masacre-1993-696x442.jpeg 696w, https:\/\/avispa.org\/wp-content\/uploads\/2023\/02\/sobrevivientes-masacre-1993-661x420.jpeg 661w\" alt=\"\" width=\"768\" height=\"488\" \/><\/a><figcaption><em><sup>Sobrevivientes de la masacre de 1993<\/sup><\/em><\/figcaption><\/figure>\n<p>En los tiempos recientes, como registra <em>Amaz\u00f4nia Real<\/em>, durante el gobierno de extrema derecha de Jair Bolsonaro, las acciones a nivel federal y estatal promovieron la extracci\u00f3n de oro y esta\u00f1o en tierras ind\u00edgenas Yanomami. As\u00ed, se calcula que entre 20,000 y 30,000 mineros han invadido el territorio, que cuenta con una poblaci\u00f3n de 30,400 ind\u00edgenas y 386 comunidades.<\/p>\n<p class=\"has-vivid-cyan-blue-color has-text-color\"><a href=\"https:\/\/avispa.org\/mineria-en-amazonia-brasilena-motor-de-violencia-contra-organizaciones-indigenas\/\" target=\"_blank\" rel=\"noreferrer noopener\">Te puede interesar \u2013 Miner\u00eda en Amazon\u00eda brasile\u00f1a, motor de violencia contra organizaciones ind\u00edgenas<\/a><\/p>\n<p>Sumado a la miner\u00eda tambi\u00e9n ingres\u00f3 el crimen organizado por medio de actividades como el lavado de dinero procedente de la venta de oro extra\u00eddo de los territorios Yanomami. Ante esta situaci\u00f3n Kopenawa, quien funge como presidente de la Asociaci\u00f3n Yanomami Hutukara, califica la miner\u00eda depredadora en su tierra de \u201coro de sangre Yanomami\u201d.<\/p>\n<p>Para Dar\u00edo Kopenawa, vicepresidente de la Asociaci\u00f3n, \u00e9sta es una situaci\u00f3n de emergencia que vienen denunciando desde 2019, cuando comenz\u00f3 el incremento de muertes entre los ind\u00edgenas. \u201cHutukara lleva casi cuatro a\u00f1os haciendo campa\u00f1a por <em>Fora Garimpo, Fora Covid <\/em>(Fuera miner\u00eda ilegal, Fuera Covid). Llamamos la atenci\u00f3n del Estado brasile\u00f1o y, principalmente, de la sociedad brasile\u00f1a, llamamos la atenci\u00f3n del mundo entero. El gobierno pasado [de Bolsonaro] ni siquiera nos atendi\u00f3 en Brasilia. As\u00ed que esta es una situaci\u00f3n que se est\u00e1 produciendo y que venimos advirtiendo desde hace mucho tiempo\u201d.<\/p>\n<h3 class=\"has-black-color has-text-color\"><strong>Crisis sanitaria<\/strong><\/h3>\n<p>Acorde a Dar\u00edo, el gobierno de Bolsonaro lider\u00f3 una estrategia para debilitar la salud del pueblo Yanomami. Desmantel\u00f3 la red p\u00fablica de salud en la regi\u00f3n, al mismo tiempo que permit\u00eda el ingreso de personas no ind\u00edgenas quienes contagiaron con enfermedades a la poblaci\u00f3n ind\u00edgena.<\/p>\n<p>Apenas el pasado 23 de enero, el Ministerio P\u00fablico Federal tambi\u00e9n apunt\u00f3 como responsable por esta situaci\u00f3n al gobierno. \u201cLa grave situaci\u00f3n sanitaria y de seguridad alimentaria que sufren los pueblos Yanomami es consecuencia de la omisi\u00f3n del Estado brasile\u00f1o a la hora de garantizar la protecci\u00f3n de sus tierras\u201d.<\/p>\n<p class=\"has-vivid-cyan-blue-color has-text-color\"><a href=\"https:\/\/avispa.org\/6-mil-indigenas-se-movilizan-en-brasil-contra-reformas-que-desconocen-sus-tierras\/\" target=\"_blank\" rel=\"noreferrer noopener\">Te puede interesar &#8211; 6 mil ind\u00edgenas se movilizan en Brasil contra reformas que desconocen sus tierras<\/a><\/p>\n<p>Ante la inacci\u00f3n del Estado, distintas organizaciones han emprendido campa\u00f1as para recoger alimentos que son enviados a las comunidades m\u00e1s afectadas por la desnutrici\u00f3n extrema y las condiciones de violencia.<\/p>\n<p>Adem\u00e1s, la vulnerabilidad de algunas poblaciones Yanomami aumenta al considerar que permanecen sin contacto, es decir, no mantienen relaciones con for\u00e1neos, ni siquiera con otras comunidades Yanomami. \u201cLos pueblos ind\u00edgenas no contactados son los m\u00e1s vulnerables del planeta y los invasores podr\u00edan aniquilarlos\u201d, alerta <em>Cultural Survival<\/em> en un llamado de emergencia.<\/p>\n<p>Desde este lunes (6), autoridades ambientales han puesto en marcha una operaci\u00f3n en la selva amaz\u00f3nica para expulsar a miles de mineros ilegales de oro a los que se acusa de provocar una crisis humanitaria entre el pueblo yanomami.<\/p>\n<p>\u201cEl avance de la miner\u00eda, alentado por el \u00faltimo gobierno, result\u00f3 en una crisis humanitaria en la tierra ind\u00edgena\u201d, dice un comunicado del Instituto Brasile\u00f1o de Medio Ambiente y Recursos Naturales (Ibama). \u201cLa polic\u00eda federal investiga el crimen de genocidio contra los yanomami\u201d, sostiene el documento difundido en el contexto del operativo.<\/p>\n<\/div>\n<p><\/p>","protected":false},"excerpt":{"rendered":"<p>Fuente: Avispa Midia Por Sare Frabes En portada: Autoridades ambientales han puesto en marcha una operaci\u00f3n en la selva amaz\u00f3nica para expulsar a miles de mineros ilegales de oro a los que se acusa de provocar una crisis humanitaria entre el pueblo yanomami. La miner\u00eda para extraer oro en el norte de la Amazon\u00eda brasile\u00f1a [&hellip;]<\/p>\n","protected":false},"author":21,"featured_media":44098,"comment_status":"open","ping_status":"closed","sticky":false,"template":"","format":"standard","meta":{"footnotes":""},"categories":[957,51,1284,826,958,935],"tags":[1160,79,58,782,53,1305,567,147,545,87,148,27,483],"class_list":["post-44097","post","type-post","status-publish","format-standard","has-post-thumbnail","hentry","category-autonomia","category-autor","category-latinoamerica","category-medios-libres-2","category-megaproyectos","category-temas","tag-amazonia","tag-autonomia","tag-derechos-humanos","tag-desplazamiento-forzado","tag-justicia","tag-latinoamerica","tag-megaproyectos","tag-militarizacion","tag-pueblos-indigenas","tag-represion","tag-resistencia","tag-solidaridad","tag-tierra-y-territorio"],"_links":{"self":[{"href":"https:\/\/radiozapatista.org\/index.php?rest_route=\/wp\/v2\/posts\/44097","targetHints":{"allow":["GET"]}}],"collection":[{"href":"https:\/\/radiozapatista.org\/index.php?rest_route=\/wp\/v2\/posts"}],"about":[{"href":"https:\/\/radiozapatista.org\/index.php?rest_route=\/wp\/v2\/types\/post"}],"author":[{"embeddable":true,"href":"https:\/\/radiozapatista.org\/index.php?rest_route=\/wp\/v2\/users\/21"}],"replies":[{"embeddable":true,"href":"https:\/\/radiozapatista.org\/index.php?rest_route=%2Fwp%2Fv2%2Fcomments&post=44097"}],"version-history":[{"count":1,"href":"https:\/\/radiozapatista.org\/index.php?rest_route=\/wp\/v2\/posts\/44097\/revisions"}],"predecessor-version":[{"id":44099,"href":"https:\/\/radiozapatista.org\/index.php?rest_route=\/wp\/v2\/posts\/44097\/revisions\/44099"}],"wp:featuredmedia":[{"embeddable":true,"href":"https:\/\/radiozapatista.org\/index.php?rest_route=\/wp\/v2\/media\/44098"}],"wp:attachment":[{"href":"https:\/\/radiozapatista.org\/index.php?rest_route=%2Fwp%2Fv2%2Fmedia&parent=44097"}],"wp:term":[{"taxonomy":"category","embeddable":true,"href":"https:\/\/radiozapatista.org\/index.php?rest_route=%2Fwp%2Fv2%2Fcategories&post=44097"},{"taxonomy":"post_tag","embeddable":true,"href":"https:\/\/radiozapatista.org\/index.php?rest_route=%2Fwp%2Fv2%2Ftags&post=44097"}],"curies":[{"name":"wp","href":"https:\/\/api.w.org\/{rel}","templated":true}]}}