{"id":44088,"date":"2023-02-08T18:19:36","date_gmt":"2023-02-09T00:19:36","guid":{"rendered":"https:\/\/radiozapatista.org\/?p=44088"},"modified":"2023-02-08T18:23:36","modified_gmt":"2023-02-09T00:23:36","slug":"emite-el-ced-accion-urgente-por-la-desaparicion-forzada-del-indigena-maya-tseltal-fredy-gomez-santiz","status":"publish","type":"post","link":"https:\/\/radiozapatista.org\/?p=44088","title":{"rendered":"Emite el CED Acci\u00f3n Urgente por la Desaparici\u00f3n Forzada del Ind\u00edgena Maya Tseltal, Fredy G\u00f3mez S\u00e1ntiz"},"content":{"rendered":"<p><\/p>\n<div class=\"field field--name-body field--type-text-with-summary field--label-hidden field__item\">\n<p class=\"text-align-right\"><strong>06 de febrero de 2023<\/strong><\/p>\n<p>&nbsp;<\/p>\n<h3 class=\"text-align-center\"><strong>Pronunciamiento Conjunto\u00a0<\/strong><\/h3>\n<p class=\"text-align-center\"><strong>Emite el CED Acci\u00f3n Urgente por la Desaparici\u00f3n Forzada del Ind\u00edgena Maya Tseltal, Fredy G\u00f3mez S\u00e1ntiz<\/strong><\/p>\n<p class=\"text-align-justify\">El 01 de febrero de 2023, el Comit\u00e9 contra la Desaparici\u00f3n Forzada de Personas de la Organizaci\u00f3n de las Naciones Unidas (en adelante CED o el Comit\u00e9), requiri\u00f3 al Estado mexicano la Acci\u00f3n Urgente 1569\/2023 por la desaparici\u00f3n forzada del ind\u00edgena maya tseltal Fredy G\u00f3mez S\u00e1ntiz, por los hechos acontecidos el 16 de diciembre de 2021 en la comunidad de Nueva Palestina, municipio de Ocosingo en el estado de Chiapas. La medida urge buscar y localizar a <strong>Fredy G\u00f3mez S\u00e1ntiz<\/strong> y proteger su vida e integridad personal, en particular el Comit\u00e9 requiri\u00f3 al Estado:<\/p>\n<p class=\"text-align-justify\"><strong>I. B\u00fasqueda del Sr. Fredy G\u00f3mez S\u00e1ntiz e investigaci\u00f3n de su alegada desaparici\u00f3n forzada.<\/strong><\/p>\n<p class=\"text-align-justify\">Establecer, de inmediato, una estrategia integral que incluya un plan de acci\u00f3n y un cronograma para la b\u00fasqueda exhaustiva del Sr. G\u00f3mez S\u00e1ntiz y para la investigaci\u00f3n exhaustiva e imparcial de su alegada desaparici\u00f3n forzada, que tome en cuenta toda la informaci\u00f3n disponible, incluido el contexto en el cual ocurri\u00f3 su alegada desaparici\u00f3n forzada.<\/p>\n<p class=\"text-align-justify\"><strong>II. Identificaci\u00f3n de las personas perpetradoras de la alegada desaparici\u00f3n forzada del Sr. Fredy G\u00f3mez S\u00e1ntiz.<\/strong><\/p>\n<p class=\"text-align-justify\">Proporcionar informaci\u00f3n sobre las medidas adoptadas para identificar a las personas perpetradoras de la alegada desaparici\u00f3n forzada del Sr. G\u00f3mez S\u00e1ntiz.<\/p>\n<p class=\"text-align-justify\"><strong>III. Participaci\u00f3n de los y las familiares del Sr. Fredy G\u00f3mez S\u00e1ntiz.<\/strong><\/p>\n<p class=\"text-align-justify\">Tomar todas las medidas que sean necesarias para implementar mecanismos oficiales y claros a trav\u00e9s de los cuales se informe peri\u00f3dicamente a los familiares, allegados y representantes del Sr. G\u00f3mez S\u00e1ntiz sobre el estado de la b\u00fasqueda y la investigaci\u00f3n de su alegada desaparici\u00f3n forzada.<\/p>\n<p class=\"text-align-justify\">Proporcionar informaci\u00f3n sobre el involucramiento de los familiares del Sr. G\u00f3mez S\u00e1ntiz en la investigaci\u00f3n y sobre la incorporaci\u00f3n de los datos presentados por los familiares a las autoridades competentes, incluyendo la identidad de los posibles autores materiales, en las diferentes hip\u00f3tesis de investigaci\u00f3n.<\/p>\n<p class=\"text-align-justify\">Permitir la plena participaci\u00f3n de los y las familiares del Sr. G\u00f3mez S\u00e1ntiz en los procesos de b\u00fasqueda e investigaci\u00f3n de su alegada desaparici\u00f3n forzada, d\u00e1ndoles acceso directo a la informaci\u00f3n disponible sobre la evoluci\u00f3n y los resultados de la investigaci\u00f3n en curso.<\/p>\n<p class=\"text-align-justify\">As\u00ed tambi\u00e9n el Comit\u00e9 le record\u00f3 al Estado mexicano la decisi\u00f3n de la Suprema Corte de Justicia de la Naci\u00f3n en la que se reconoce el car\u00e1cter vinculante de las recomendaciones adoptadas por el Comit\u00e9 en el contexto del procedimiento de acciones urgentes en virtud del art\u00edculo 30 de la Convenci\u00f3n y mediante la cual exhorta a las autoridades responsables a acatar, en todos sus t\u00e9rminos, las acciones urgentes emitidas por este Comit\u00e9, pues \u201csu car\u00e1cter vinculante para el Estado mexicano es indudable\u201d.<\/p>\n<p class=\"text-align-justify\">Y finalmente requiri\u00f3 al Estado mexicano le env\u00ede informaci\u00f3n sobre las medidas adoptadas con relaci\u00f3n a cada una de sus preocupaciones y recomendaciones antes del <strong>d\u00eda 3 de marzo de 2023<\/strong>.<\/p>\n<p class=\"text-align-justify\">Ante lo anterior, la familia de Fredy G\u00f3mez S\u00e1ntiz y sus representantes reconocemos la disposici\u00f3n del Comit\u00e9 de velar por los derechos humanos de personas ind\u00edgenas desaparecidas, as\u00ed mismo exigimos al Estado mexicano acate la Acci\u00f3n urgente y muestre voluntad para dar con el paradero con vida del <strong>Fredy Go\u1e3fez Santiz<\/strong>, as\u00ed como de los cientos de de personas desaparecidas en Chiapas.<\/p>\n<p>&nbsp;<\/p>\n<p class=\"text-align-center\"><strong>Equipo Jur\u00eddico Solidario.<\/strong><\/p>\n<p class=\"text-align-center\"><strong>Melel Xojobal A.C.<\/strong><\/p>\n<p class=\"text-align-center\"><strong>Pastoral Social, Di\u00f3cesis de San Crist\u00f3bal de Las Casas.<\/strong><\/p>\n<p class=\"text-align-center\"><strong>Centro de Derechos Humanos Fray Bartolom\u00e9 de Las Casas.<\/strong><\/p>\n<\/div>\n<div class=\"field field--name-field-adjunto field--type-file field--label-hidden field__item\"><span class=\"file file--mime-application-pdf file--application-pdf\"><a title=\"230206_pronunciamiento_ced_fredy.pdf\" href=\"https:\/\/frayba.org.mx\/sites\/default\/files\/2023-02\/230206_pronunciamiento_ced_fredy.pdf\" type=\"application\/pdf\">Emite el CED Acci\u00f3n Urgente por la Desaparici\u00f3n Forzada de Fredy G\u00f3mez S\u00e1ntiz<\/a><\/span>(87.43 KB)<\/div>\n<p><\/p>","protected":false},"excerpt":{"rendered":"<p>06 de febrero de 2023 &nbsp; Pronunciamiento Conjunto\u00a0 Emite el CED Acci\u00f3n Urgente por la Desaparici\u00f3n Forzada del Ind\u00edgena Maya Tseltal, Fredy G\u00f3mez S\u00e1ntiz El 01 de febrero de 2023, el Comit\u00e9 contra la Desaparici\u00f3n Forzada de Personas de la Organizaci\u00f3n de las Naciones Unidas (en adelante CED o el Comit\u00e9), requiri\u00f3 al Estado mexicano [&hellip;]<\/p>\n","protected":false},"author":21,"featured_media":44092,"comment_status":"open","ping_status":"closed","sticky":false,"template":"","format":"standard","meta":{"footnotes":""},"categories":[51,6,55,954,935],"tags":[917,58,682,53,147,23,545,87,148,27,483],"class_list":["post-44088","post","type-post","status-publish","format-standard","has-post-thumbnail","hentry","category-autor","category-chiapas","category-frayba","category-mexico","category-temas","tag-chiapas","tag-derechos-humanos","tag-desaparicion-forzada","tag-justicia","tag-militarizacion","tag-paramilitares","tag-pueblos-indigenas","tag-represion","tag-resistencia","tag-solidaridad","tag-tierra-y-territorio"],"_links":{"self":[{"href":"https:\/\/radiozapatista.org\/index.php?rest_route=\/wp\/v2\/posts\/44088","targetHints":{"allow":["GET"]}}],"collection":[{"href":"https:\/\/radiozapatista.org\/index.php?rest_route=\/wp\/v2\/posts"}],"about":[{"href":"https:\/\/radiozapatista.org\/index.php?rest_route=\/wp\/v2\/types\/post"}],"author":[{"embeddable":true,"href":"https:\/\/radiozapatista.org\/index.php?rest_route=\/wp\/v2\/users\/21"}],"replies":[{"embeddable":true,"href":"https:\/\/radiozapatista.org\/index.php?rest_route=%2Fwp%2Fv2%2Fcomments&post=44088"}],"version-history":[{"count":1,"href":"https:\/\/radiozapatista.org\/index.php?rest_route=\/wp\/v2\/posts\/44088\/revisions"}],"predecessor-version":[{"id":44090,"href":"https:\/\/radiozapatista.org\/index.php?rest_route=\/wp\/v2\/posts\/44088\/revisions\/44090"}],"wp:featuredmedia":[{"embeddable":true,"href":"https:\/\/radiozapatista.org\/index.php?rest_route=\/wp\/v2\/media\/44092"}],"wp:attachment":[{"href":"https:\/\/radiozapatista.org\/index.php?rest_route=%2Fwp%2Fv2%2Fmedia&parent=44088"}],"wp:term":[{"taxonomy":"category","embeddable":true,"href":"https:\/\/radiozapatista.org\/index.php?rest_route=%2Fwp%2Fv2%2Fcategories&post=44088"},{"taxonomy":"post_tag","embeddable":true,"href":"https:\/\/radiozapatista.org\/index.php?rest_route=%2Fwp%2Fv2%2Ftags&post=44088"}],"curies":[{"name":"wp","href":"https:\/\/api.w.org\/{rel}","templated":true}]}}