{"id":44063,"date":"2023-02-02T19:22:41","date_gmt":"2023-02-03T01:22:41","guid":{"rendered":"https:\/\/radiozapatista.org\/?p=44063"},"modified":"2023-02-02T19:22:41","modified_gmt":"2023-02-03T01:22:41","slug":"diplomacia-europea-promueve-agenda-verde-en-mexico","status":"publish","type":"post","link":"https:\/\/radiozapatista.org\/?p=44063","title":{"rendered":"Diplomacia europea promueve agenda \u2018verde\u2019 en M\u00e9xico"},"content":{"rendered":"<p>Fuente: <a href=\"https:\/\/avispa.org\/diplomacia-europea-promueve-agenda-verde-en-mexico\/\">Avispa Midia<\/a><\/p>\n<p>Por Sare Frabes<\/p>\n<div class=\"tdb-block-inner td-fix-index\">\n<p><em><sup>En portada: Frans Timmermans en reuni\u00f3n con el secretario de relaciones exteriores de M\u00e9xico.<\/sup><\/em><\/p>\n<p>El vicepresidente ejecutivo de la Comisi\u00f3n Europea y responsable del Pacto Verde Europeo, Frans Timmermans, realiz\u00f3 una visita de tres d\u00edas a M\u00e9xico, del 28 al 30 de enero, despu\u00e9s de haber visitado Colombia y Brasil. El objetivo fue discutir la \u201ctransici\u00f3n verde\u201d de M\u00e9xico y \u201coportunidades para impulsar la cooperaci\u00f3n\u201d entre M\u00e9xico y la Uni\u00f3n Europea (UE), seg\u00fan inform\u00f3 Timmermans en sus redes sociales.<\/p>\n<p>El bloque europeo es el segundo mayor inversionista en M\u00e9xico. Las relaciones bilaterales se rigen por el Acuerdo de Asociaci\u00f3n Econ\u00f3mica, Concertaci\u00f3n Pol\u00edtica y Cooperaci\u00f3n, conocido como Acuerdo Global, que entr\u00f3 en vigor en el a\u00f1o 2000. \u201cEl Acuerdo Global es una base s\u00f3lida de nuestra relaci\u00f3n econ\u00f3mica\u201d, manifest\u00f3 el enviado de la UE, quien lidera las negociaciones clim\u00e1tica internacionales de la UE.<\/p>\n<p>Sin embargo, apunt\u00f3, \u201cpodemos expandir m\u00e1s para el desarrollo sostenible, la eletromovilidad, energ\u00edas limpias, protecci\u00f3n ambiental\u201d. De acuerdo con Timmermans, las empresas de la UE ya son las principales inversoras en el sector mexicano de las energ\u00edas renovables.<\/p>\n<p>El secretario de Relaciones Exteriores de M\u00e9xico, Marcelo Ebrard, quien mantuvo reuniones con el representante europeo, revel\u00f3 que en las discusiones estuvo la posible \u201cmodernizaci\u00f3n del Acuerdo Comercial\u201d.<\/p>\n<p>En un art\u00edculo publicado en <em>El Economista<\/em>, anterior a la visita, Timmerman dijo que estaba ansioso para conocer los planes de M\u00e9xico para instalar 40 gigavatios adicionales de capacidad el\u00e9ctrica renovable, capturar las emisiones de metano, ampliar las \u00e1reas naturales protegidas y reforestar amplias zonas del pa\u00eds. \u201cEn todos estos \u00e1mbitos, la Uni\u00f3n Europea est\u00e1 dispuesta a colaborar con M\u00e9xico\u201d.<\/p>\n<p>Seg\u00fan \u00e9l, la inversi\u00f3n en energ\u00edas renovables est\u00e1 creciendo de forma exponencial. \u201cR\u00e1pidamente, se est\u00e1 desarrollando una econom\u00eda global del hidr\u00f3geno y M\u00e9xico, con su gran potencial solar y e\u00f3lico, puede beneficiarse ampliamente de ello\u201d.<\/p>\n<p>Timmermans se reuni\u00f3 tambi\u00e9n con la secretaria de Medio Ambiente y Recursos Naturales, Mar\u00eda Luisa Albores, y con la secretaria de Econom\u00eda, Raquel Buenrostro.<\/p>\n<h3 id=\"h-brasil\" class=\"has-black-color has-text-color\"><strong>Brasil<\/strong><\/h3>\n<p>En su visita a Brasil, el representante europeo declar\u00f3 que pretende que el acuerdo entre el Mercado Com\u00fan del Sur (Mercosur) y la UE sea ratificado a mediados de este a\u00f1o. El acuerdo ha sido criticado por diversas organizaciones de la sociedad civil y gremios de trabajadores porque consideran que es abusivo y reproduce las relaciones coloniales de siglos. Por ejemplo, la agricultura y la miner\u00eda son los principales sectores en los cuales se prev\u00e9n un gran crecimiento en los pa\u00edses suramericanos.<\/p>\n<p class=\"has-vivid-cyan-blue-color has-text-color\">Te puede interesar \u2013 <a href=\"https:\/\/avispa.org\/acuerdo-union-europea-mercosur-asi-se-construye-la-transicion-energetica-desigual\/\" target=\"_blank\" rel=\"noreferrer noopener\">Acuerdo Uni\u00f3n Europea-Mercosur: as\u00ed se construye la transici\u00f3n energ\u00e9tica desigual<\/a><\/p>\n<p>Un estudio de la organizaci\u00f3n <em>GRAIN<\/em> indica que, con el acuerdo, habr\u00e1 un crecimiento de por lo menos 540% en la exportaci\u00f3n de etanol, 55% en la exportaci\u00f3n de carne de aves, 60% en caf\u00e9 y 50% en carne bovina. Todos estos productos llevar\u00e1n tarifa cero de exportaci\u00f3n. Minerales como el hierro tambi\u00e9n tendr\u00e1n sus tarifas reducidas a cero en un plazo de diez a\u00f1os.<\/p>\n<h3 class=\"has-black-color has-text-color\"><strong>Pacto Verde<\/strong><\/h3>\n<p>La Uni\u00f3n Europea anunci\u00f3 su <a href=\"https:\/\/www.consilium.europa.eu\/es\/policies\/green-deal\/\">Pacto Verde<\/a> en diciembre de 2019. \u201cUn paquete de iniciativas pol\u00edticas cuyo objetivo es situar a la UE en el camino hacia una transici\u00f3n ecol\u00f3gica, con el objetivo \u00faltimo de alcanzar la neutralidad clim\u00e1tica de aqu\u00ed a 2050\u201d, como lo explica la propia UE en su p\u00e1gina web, y as\u00ed cumplir sus compromisos en el marco del Acuerdo de Par\u00eds.<\/p>\n<p class=\"has-vivid-cyan-blue-color has-text-color\"><a href=\"https:\/\/avispa.org\/carbono-neutral-15-anos-de-falsas-soluciones-al-cambio-climatico\/\" target=\"_blank\" rel=\"noreferrer noopener\">Te puede interesar &#8211; \u201cCarbono neutral\u201d: 15 a\u00f1os de falsas soluciones al cambio clim\u00e1tico<\/a><\/p>\n<p>La aceleraci\u00f3n de la \u201ctransici\u00f3n energ\u00e9tica\u201d, propuesta por el pacto, fue anunciada tambi\u00e9n como una estrategia para impulsar la econom\u00eda en crisis, agravada con la pandemia. \u201cSer\u00e1 necesaria una transformaci\u00f3n de la sociedad y de la econom\u00eda europeas, que tendr\u00e1 que ser rentable, equitativa y socialmente equilibrada\u201d, menciona la UE en sus documentos.<\/p>\n<p>M\u00f3nica Bruckman, cient\u00edfica social y coordinadora del Grupo de Trabajo del Consejo Latinoamericano de Ciencias Sociales (Clacso) sobre Geopol\u00edtica e Integraci\u00f3n Regional, sostuvo que el acceso a los recursos naturales es definido, en los documentos del Pacto Verde, como una cuesti\u00f3n de \u201cseguridad estrat\u00e9gica\u201d para la misi\u00f3n de avanzar con dicho pacto.<\/p>\n<p>Por tanto, uno de los requisitos para volver la transici\u00f3n una realidad es garantizar el suministro de materias primas, en particular, aquellas cr\u00edticas necesarias para las tecnolog\u00edas limpias, aplicaciones digitales, espaciales y de defensa.<\/p>\n<p>Todos estos recursos cr\u00edticos no est\u00e1n en el territorio europeo. Est\u00e1n principalmente en territorio africano y, sobretodo, en territorio sudamericano. Entonces acceder a estos recursos es un requisito indispensable para cumplir los objetivos del Pacto Verde Europeo y eso significa acceder a nuestros territorios\u201d, analiza la investigadora.<\/p>\n<p>El acuerdo entre la UE y el Mercosur abre las puertas de los pa\u00edses suramericanos para que Europa acceda a estos recursos.<\/p>\n<p><a href=\"https:\/\/avispa.org\/transicion-hacia-energias-renovables-demanda-mayor-explotacion-minera-en-el-sur-global\/\" target=\"_blank\" rel=\"noreferrer noopener\">Te puede interesar \u2013 Transici\u00f3n hacia energ\u00edas renovables demanda mayor explotaci\u00f3n minera en el sur global<\/a><\/p>\n<p>Mientras se piensa en descarbonizar la industria y el consumo de los pa\u00edses del norte, \u201ceste mismo proceso, va a ampliar de manera violenta y brutal la actividad extractiva en [nuestros] territorios\u201d.<\/p>\n<\/div>\n<p><\/p>","protected":false},"excerpt":{"rendered":"<p>Fuente: Avispa Midia Por Sare Frabes En portada: Frans Timmermans en reuni\u00f3n con el secretario de relaciones exteriores de M\u00e9xico. El vicepresidente ejecutivo de la Comisi\u00f3n Europea y responsable del Pacto Verde Europeo, Frans Timmermans, realiz\u00f3 una visita de tres d\u00edas a M\u00e9xico, del 28 al 30 de enero, despu\u00e9s de haber visitado Colombia y [&hellip;]<\/p>\n","protected":false},"author":21,"featured_media":44065,"comment_status":"open","ping_status":"closed","sticky":false,"template":"","format":"standard","meta":{"footnotes":""},"categories":[957,51,826,958,954,935],"tags":[58,567,147,23,545,87,148,27,483],"class_list":["post-44063","post","type-post","status-publish","format-standard","has-post-thumbnail","hentry","category-autonomia","category-autor","category-medios-libres-2","category-megaproyectos","category-mexico","category-temas","tag-derechos-humanos","tag-megaproyectos","tag-militarizacion","tag-paramilitares","tag-pueblos-indigenas","tag-represion","tag-resistencia","tag-solidaridad","tag-tierra-y-territorio"],"_links":{"self":[{"href":"https:\/\/radiozapatista.org\/index.php?rest_route=\/wp\/v2\/posts\/44063","targetHints":{"allow":["GET"]}}],"collection":[{"href":"https:\/\/radiozapatista.org\/index.php?rest_route=\/wp\/v2\/posts"}],"about":[{"href":"https:\/\/radiozapatista.org\/index.php?rest_route=\/wp\/v2\/types\/post"}],"author":[{"embeddable":true,"href":"https:\/\/radiozapatista.org\/index.php?rest_route=\/wp\/v2\/users\/21"}],"replies":[{"embeddable":true,"href":"https:\/\/radiozapatista.org\/index.php?rest_route=%2Fwp%2Fv2%2Fcomments&post=44063"}],"version-history":[{"count":2,"href":"https:\/\/radiozapatista.org\/index.php?rest_route=\/wp\/v2\/posts\/44063\/revisions"}],"predecessor-version":[{"id":44066,"href":"https:\/\/radiozapatista.org\/index.php?rest_route=\/wp\/v2\/posts\/44063\/revisions\/44066"}],"wp:featuredmedia":[{"embeddable":true,"href":"https:\/\/radiozapatista.org\/index.php?rest_route=\/wp\/v2\/media\/44065"}],"wp:attachment":[{"href":"https:\/\/radiozapatista.org\/index.php?rest_route=%2Fwp%2Fv2%2Fmedia&parent=44063"}],"wp:term":[{"taxonomy":"category","embeddable":true,"href":"https:\/\/radiozapatista.org\/index.php?rest_route=%2Fwp%2Fv2%2Fcategories&post=44063"},{"taxonomy":"post_tag","embeddable":true,"href":"https:\/\/radiozapatista.org\/index.php?rest_route=%2Fwp%2Fv2%2Ftags&post=44063"}],"curies":[{"name":"wp","href":"https:\/\/api.w.org\/{rel}","templated":true}]}}