{"id":43903,"date":"2023-01-17T19:43:36","date_gmt":"2023-01-18T01:43:36","guid":{"rendered":"https:\/\/radiozapatista.org\/?p=43903"},"modified":"2023-01-17T19:43:36","modified_gmt":"2023-01-18T01:43:36","slug":"detienen-a-indigena-opositor-a-parque-industrial-del-corredor-interoceanico","status":"publish","type":"post","link":"https:\/\/radiozapatista.org\/?p=43903","title":{"rendered":"Detienen a ind\u00edgena opositor a parque industrial del Corredor Interoce\u00e1nico"},"content":{"rendered":"<p>Fuente: <a href=\"https:\/\/avispa.org\/detienen-a-indigena-opositor-a-parque-industrial-del-corredor-interoceanico\/\">Avispa Midia<\/a><\/p>\n<p>Por Santiago Navarro F<\/p>\n<div class=\"tdb-block-inner td-fix-index\">\n<p><em><sup>En portada: David Hern\u00e1ndez, activista bininiza de Puente Madera durante entrevista. Foto: Santiago Navarro F.<\/sup><\/em><\/p>\n<p>Justo en el momento en que el ind\u00edgena Binniza David Hern\u00e1ndez Salazar se dirig\u00eda a su centro de trabajo, en Santo Domingo Tehuantepec, al sur de M\u00e9xico, fue detenido por elementos de la Fiscal\u00eda General del Estado de Oaxaca (FGEO), quienes contaban con una orden de aprensi\u00f3n por supuestos da\u00f1os a las v\u00edas publicas de comunicaci\u00f3n.<\/p>\n<p>El activista David Hern\u00e1ndez, al haber sido nombrado por su comunidad como agente municipal de Puente Madera, ha defendido las tierras de uso com\u00fan y por mandato de su propio pueblo, se han opuesto conjuntamente a la instalaci\u00f3n de uno de los 35 parques industriales que pretenden instalar en diversas comunidades ind\u00edgenas del Istmo de Tehuantepec, en el marco del llamado Corredor Interoce\u00e1nico.<\/p>\n<p class=\"has-vivid-cyan-blue-color has-text-color\"><a href=\"https:\/\/avispa.org\/istmo-comuneros-de-san-blas-rechazan-parque-industrial-del-corredor-interoceanico\/\" target=\"_blank\" rel=\"noreferrer noopener\">Te puede interesar &#8211; Istmo: Comuneros de San Blas rechazan parque industrial del Corredor Interoce\u00e1nico<\/a><\/p>\n<p>\u201cEn Puente Madera estamos en esa posici\u00f3n porque no hay informaci\u00f3n real de lo que consiste el parque industrial, en los terrenos de usos com\u00fan de San Blas Atempa. Sobre todo, tambi\u00e9n por la forma en que pretenden instalar ese parque\u201d, dijo Hern\u00e1ndez en una entrevista que le realiz\u00f3 <em>Avispa Midia <\/em>meses atr\u00e1s.<\/p>\n<p>Al momento de este di\u00e1logo, Hern\u00e1ndez se mostraba preocupado por una supuesta orden de aprehensi\u00f3n que se hab\u00eda liberado en su contra por las diversas protestas en que hab\u00eda participado. Esta detenci\u00f3n fue ejecutada por la FGEO este martes (17) alrededor de las 8 am, mientras el ind\u00edgena Binniza se dirig\u00eda a la Escuela Primaria Patria, donde trabaja como intendente.<\/p>\n<p>A\u00fan no hay una declaraci\u00f3n p\u00fablica de la fiscal\u00eda sobre las acusaciones, pero medios locales presumen que la orden fue ejecutada por denuncias realizadas por v\u00edctimas de supuestos delitos que implican da\u00f1os por incendio y lesiones dolosas, cometidos en el municipio de San Blas Atempa, a donde pertenece la agencia municipal de Puente Madera.<\/p>\n<figure class=\"wp-block-image size-full\"><a class=\"td-modal-image\" href=\"https:\/\/avispa.org\/wp-content\/uploads\/2021\/12\/05_12_SanBlas3.jpg\"><img loading=\"lazy\" decoding=\"async\" class=\"wp-image-47384\" src=\"https:\/\/avispa.org\/wp-content\/uploads\/2021\/12\/05_12_SanBlas3.jpg\" sizes=\"auto, (max-width: 800px) 100vw, 800px\" srcset=\"https:\/\/avispa.org\/wp-content\/uploads\/2021\/12\/05_12_SanBlas3.jpg 800w, https:\/\/avispa.org\/wp-content\/uploads\/2021\/12\/05_12_SanBlas3-300x225.jpg 300w, https:\/\/avispa.org\/wp-content\/uploads\/2021\/12\/05_12_SanBlas3-768x576.jpg 768w, https:\/\/avispa.org\/wp-content\/uploads\/2021\/12\/05_12_SanBlas3-696x522.jpg 696w, https:\/\/avispa.org\/wp-content\/uploads\/2021\/12\/05_12_SanBlas3-560x420.jpg 560w, https:\/\/avispa.org\/wp-content\/uploads\/2021\/12\/05_12_SanBlas3-80x60.jpg 80w, https:\/\/avispa.org\/wp-content\/uploads\/2021\/12\/05_12_SanBlas3-265x198.jpg 265w\" alt=\"\" width=\"800\" height=\"600\" \/><\/a><figcaption><em><sup>Manifestaci\u00f3n de habitantes de Puente Madera quienes rechazan la instalaci\u00f3n del parque industrial en tierras de uso com\u00fan.<\/sup><\/em><\/figcaption><\/figure>\n<p>En las diversas acciones de protesta en las que particip\u00f3 el activista, su principal exigencia fue que entregaran informaci\u00f3n a la comunidad, que por derecho debieron haber recibido por parte de las instancias correspondientes en relaci\u00f3n a este parque industrial.<\/p>\n<p>Este complejo industrial ser\u00e1 instalado a menos de un kil\u00f3metro de donde habitan las personas de Puente Madera y, a siete kil\u00f3metros de donde cruzar\u00e1 el Tren Trans\u00edstmico, el cual ya generar\u00e1 un impacto auditivo al <a href=\"https:\/\/avispa.org\/puente-comercial-del-mundo-arrasara-con-los-pueblos\/\">cruzar cada 17 minutos<\/a>. De ellos, las comunidades ind\u00edgenas desconocen los impactos negativos que provocar\u00e1n.<\/p>\n<p class=\"has-vivid-cyan-blue-color has-text-color\"><a href=\"https:\/\/avispa.org\/corredor-interoceanico-industrializacion-y-privatizacion-de-tierras\/\" target=\"_blank\" rel=\"noreferrer noopener\">Te puede interesar &#8211; Corredor Interoce\u00e1nico: industrializaci\u00f3n y privatizaci\u00f3n de tierras<\/a><\/p>\n<p>\u201cNosotros realizamos una manifestaci\u00f3n de bloqueo carretero a la altura de Puente Madera, hubo acercamiento por parte de autoridades de representantes del gobierno de estado y el gobierno federal. Tambi\u00e9n estuvo presente el titular de la Procuradur\u00eda Agraria. En esa reuni\u00f3n yo solicit\u00e9 la informaci\u00f3n\u201d, afirma el activista.<\/p>\n<h3 id=\"h-documentos-falsos\" class=\"has-black-color has-text-color\"><strong>Documentos falsos<\/strong><\/h3>\n<p>Entre la informaci\u00f3n que le fue entregada al comunero de Puente Madera, figuran las actas de asamblea que respaldan la instalaci\u00f3n de este parque industrial.<\/p>\n<p>\u201cTenemos muchas pruebas para decir que no se est\u00e1 llevando como debe de ser\u201d, sostiene Hern\u00e1ndez, y agrega que \u201cen primer lugar convocaron una asamblea de comuneros (marzo 2021), entonces nosotros como comuneros de Puente Madera, asistimos a esa reuni\u00f3n, donde deber\u00eda haber puros comuneros. Al momento de llegar al sal\u00f3n municipal donde se llev\u00f3 acabo la asamblea, encontramos que sinceramente no eran comuneros, eran personas acarreadas\u201d.<\/p>\n<p>De acuerdo con los documentos obtenidos por el activista Binniza, destaca la participaci\u00f3n de 900 comuneros que respaldan el parque industrial, de un total de 1,390 que debieron haber participado. \u201cRevis\u00e9 la lista de asistencia y resulta que aqu\u00ed en Puente Madera falsificaron casi 52 firmas de comuneros\u201d, dice el activista para Avispa Midia. \u201cAh\u00ed vemos que este proyecto se quiere implementar de la manera m\u00e1s ilegal o imponer a la fuerza en tierras de uso com\u00fan en nuestras comunidades. Por esa raz\u00f3n nos vamos a mantener en resistencia\u201d.<\/p>\n<p class=\"has-vivid-cyan-blue-color has-text-color\"><a href=\"https:\/\/avispa.org\/artigo-mapea-empresas-que-estan-acaparando-el-corredor-transistmico\/\" target=\"_blank\" rel=\"noreferrer noopener\">Te puede interesar &#8211; Art\u00edculo mapea empresas que est\u00e1n acaparando el corredor Trans\u00edstmico<\/a><\/p>\n<p>Para Hern\u00e1ndez, la mayor preocupaci\u00f3n es que hay firmas que respaldan este parque por parte de autoridades comunales y municipales que han escalado en el poder por apoyar este proyecto, como el actual Secretario de Administraci\u00f3n del Gobierno del Estado de Oaxaca, Antonino Morales Toledo.<\/p>\n<figure class=\"wp-block-image size-large\"><a class=\"td-modal-image\" href=\"https:\/\/avispa.org\/wp-content\/uploads\/2022\/06\/signal-2022-06-28-170149_001-e1656454197684-1024x555.jpeg\"><img loading=\"lazy\" decoding=\"async\" class=\"wp-image-88011\" src=\"https:\/\/avispa.org\/wp-content\/uploads\/2022\/06\/signal-2022-06-28-170149_001-e1656454197684-1024x555.jpeg\" sizes=\"auto, (max-width: 1024px) 100vw, 1024px\" srcset=\"https:\/\/avispa.org\/wp-content\/uploads\/2022\/06\/signal-2022-06-28-170149_001-e1656454197684-1024x555.jpeg 1024w, https:\/\/avispa.org\/wp-content\/uploads\/2022\/06\/signal-2022-06-28-170149_001-e1656454197684-300x163.jpeg 300w, https:\/\/avispa.org\/wp-content\/uploads\/2022\/06\/signal-2022-06-28-170149_001-e1656454197684-768x416.jpeg 768w, https:\/\/avispa.org\/wp-content\/uploads\/2022\/06\/signal-2022-06-28-170149_001-e1656454197684-696x377.jpeg 696w, https:\/\/avispa.org\/wp-content\/uploads\/2022\/06\/signal-2022-06-28-170149_001-e1656454197684-1068x579.jpeg 1068w, https:\/\/avispa.org\/wp-content\/uploads\/2022\/06\/signal-2022-06-28-170149_001-e1656454197684.jpeg 1080w\" alt=\"\" width=\"1024\" height=\"555\" \/><\/a><\/figure>\n<p>\u201cNosotros nos manifestamos en un bloqueo carretero el primero de mayo\u201d y se reproduce la misma din\u00e1mica de acarreo dice Hern\u00e1ndez. \u201cDe ah\u00ed se lanza otra convocatoria por el Instituto Nacional de Pueblos Ind\u00edgenas el 9 de mayo. La misma din\u00e1mica de siempre, un acarreo de las agencias. Todo esto ya esta politizado, son personas afines al presidente municipal (Antonino Morales Toledo)\u201d, refiri\u00e9ndose al actual Secretario de Administraci\u00f3n. Este funcionario tuvo el cargo de la presidencia municipal de la Villa de San Blas Atempa en dos ocasiones y tambi\u00e9n fue diputado federal.<\/p>\n<p>La comunidad de Puente Madera decidi\u00f3 no participar en el proceso de consulta, \u201cdebido a que no hay aceptaci\u00f3n en la consulta de comuneros. No tendr\u00eda porque pasar a la continuaci\u00f3n de ese proyecto. No hay informaci\u00f3n, no es una consulta libre, no es previa. Es una consulta ama\u00f1ada y de imposici\u00f3n. No s\u00e9 si tenga conocimiento el gobierno federal de esto. Pero nunca se hab\u00eda visto una violaci\u00f3n de los derechos de las comunidades ind\u00edgenas en este periodo de gobierno\u201d.<\/p>\n<h3 class=\"has-black-color has-text-color\"><strong>Protestas<\/strong><\/h3>\n<p>Tras la detenci\u00f3n del activista ind\u00edgena, la comunidad de Puente Madera y otras m\u00e1s activaron bloqueos sobre la carretera trans\u00edstmica en el tramo Juchit\u00e1n \u2013 Tehuantepec, a trav\u00e9s de los cuales exigen la liberaci\u00f3n inmediata de David Hern\u00e1ndez.<\/p>\n<p>Integrantes de la Asamblea de Pueblos del Istmo en Defensa de la Tierra y el Territorio (APIIDTT), quienes tambi\u00e9n se encuentran en la manifestaci\u00f3n, exigen la liberaci\u00f3n del activista. Adem\u00e1s, demandan la aclaraci\u00f3n de la existencia de otras 14 \u00f3rdenes de captura contra quienes mantienen resistencia al Corredor Interoce\u00e1nico.<\/p>\n<p>Desde este bloqueo, la Asamblea califica este acto como una \u201cdetenci\u00f3n ilegal\u201d, y agrega que, el \u00a0\u201cclima de violencia, violaci\u00f3n a nuestros derechos y de cualquier medida de presi\u00f3n, difamaci\u00f3n, amenaza y agresi\u00f3n en contra de nuestros representantes de Puente Madera, de las agencias y pueblo de San Blas Atempa, y nuestra organizaci\u00f3n\u201d, es responsabilidad de Antonino Morales Toledo; Cesar Octavito Morales Toledo, Representante de Bienes comunales de San Blas Atempa; Noel Hern\u00e1ndez Rito, Presidente Municipal de San Blas Atempa; Salom\u00f3n Jara Cruz, actual Gobernador del Estado de Oaxaca y hasta el presidente de la rep\u00fablica, Andr\u00e9s Manuel L\u00f3pez Obrador.<\/p>\n<p class=\"has-vivid-cyan-blue-color has-text-color\"><a href=\"https:\/\/avispa.org\/nuevos-ataques-en-el-istmo-por-imposicion-de-parque-industrial\/\" target=\"_blank\" rel=\"noreferrer noopener\">Te puede interesar &#8211; Nuevos ataques en el Istmo por imposici\u00f3n de parque industrial<\/a><\/p>\n<p>Al cierre de esta edici\u00f3n, los bloqueos se mantienen. Una integrante de la comunidad de Puente Madera asegura que mientras no se libere al activista, \u201cno habr\u00e1 ninguna liberaci\u00f3n de tr\u00e1nsito, o tr\u00e1nsito de carretera, hasta que David sea presentado. Aqu\u00ed esta el pueblo que lo respalda, porque \u00e9l es una persona pac\u00edfica\u201d.<\/p>\n<p>La activista, quien no menciona su nombre por seguridad, alerta que en las proximidades se encuentra desplegada la Guardia Nacional. A\u00fan as\u00ed, \u201cla decisi\u00f3n del pueblo es que no nos vamos a mover hasta que David llegue. Todo esto esta arraigado a la lucha que este pueblo tiene en contra del megaproyecto que se est\u00e1 tratando de detener, porque vienen muchos da\u00f1os con ello\u201d.<\/p>\n<figure class=\"wp-block-embed is-type-video is-provider-youtube wp-block-embed-youtube wp-embed-aspect-16-9 wp-has-aspect-ratio\">\n<div class=\"wp-block-embed__wrapper\">\n<p><iframe loading=\"lazy\" title=\"David Hern\u00e1ndez Salazar San Blas Atempa y el Parque industrial en su comunidad\" width=\"500\" height=\"281\" src=\"https:\/\/www.youtube.com\/embed\/8GiGGaH1pVU?start=1&#038;feature=oembed\" frameborder=\"0\" allow=\"accelerometer; autoplay; clipboard-write; encrypted-media; gyroscope; picture-in-picture; web-share\" referrerpolicy=\"strict-origin-when-cross-origin\" allowfullscreen><\/iframe><\/p>\n<\/div><figcaption>Fragmento de entrevista a David Hern\u00e1ndez, comunero de Puente Madera.<\/figcaption><\/figure>\n<\/div>\n<p><\/p>","protected":false},"excerpt":{"rendered":"<p>Fuente: Avispa Midia Por Santiago Navarro F En portada: David Hern\u00e1ndez, activista bininiza de Puente Madera durante entrevista. Foto: Santiago Navarro F. Justo en el momento en que el ind\u00edgena Binniza David Hern\u00e1ndez Salazar se dirig\u00eda a su centro de trabajo, en Santo Domingo Tehuantepec, al sur de M\u00e9xico, fue detenido por elementos de la [&hellip;]<\/p>\n","protected":false},"author":21,"featured_media":43904,"comment_status":"open","ping_status":"closed","sticky":false,"template":"","format":"standard","meta":{"footnotes":""},"categories":[957,51,826,958,954,935],"tags":[58,53,567,147,37,545,87,148,27,483],"class_list":["post-43903","post","type-post","status-publish","format-standard","has-post-thumbnail","hentry","category-autonomia","category-autor","category-medios-libres-2","category-megaproyectos","category-mexico","category-temas","tag-derechos-humanos","tag-justicia","tag-megaproyectos","tag-militarizacion","tag-presos-politicos","tag-pueblos-indigenas","tag-represion","tag-resistencia","tag-solidaridad","tag-tierra-y-territorio"],"_links":{"self":[{"href":"https:\/\/radiozapatista.org\/index.php?rest_route=\/wp\/v2\/posts\/43903","targetHints":{"allow":["GET"]}}],"collection":[{"href":"https:\/\/radiozapatista.org\/index.php?rest_route=\/wp\/v2\/posts"}],"about":[{"href":"https:\/\/radiozapatista.org\/index.php?rest_route=\/wp\/v2\/types\/post"}],"author":[{"embeddable":true,"href":"https:\/\/radiozapatista.org\/index.php?rest_route=\/wp\/v2\/users\/21"}],"replies":[{"embeddable":true,"href":"https:\/\/radiozapatista.org\/index.php?rest_route=%2Fwp%2Fv2%2Fcomments&post=43903"}],"version-history":[{"count":1,"href":"https:\/\/radiozapatista.org\/index.php?rest_route=\/wp\/v2\/posts\/43903\/revisions"}],"predecessor-version":[{"id":43905,"href":"https:\/\/radiozapatista.org\/index.php?rest_route=\/wp\/v2\/posts\/43903\/revisions\/43905"}],"wp:featuredmedia":[{"embeddable":true,"href":"https:\/\/radiozapatista.org\/index.php?rest_route=\/wp\/v2\/media\/43904"}],"wp:attachment":[{"href":"https:\/\/radiozapatista.org\/index.php?rest_route=%2Fwp%2Fv2%2Fmedia&parent=43903"}],"wp:term":[{"taxonomy":"category","embeddable":true,"href":"https:\/\/radiozapatista.org\/index.php?rest_route=%2Fwp%2Fv2%2Fcategories&post=43903"},{"taxonomy":"post_tag","embeddable":true,"href":"https:\/\/radiozapatista.org\/index.php?rest_route=%2Fwp%2Fv2%2Ftags&post=43903"}],"curies":[{"name":"wp","href":"https:\/\/api.w.org\/{rel}","templated":true}]}}