{"id":439,"date":"2010-10-05T12:55:13","date_gmt":"2010-10-05T17:55:13","guid":{"rendered":"https:\/\/radiozapatista.org\/wp\/?p=439"},"modified":"2019-03-26T09:29:50","modified_gmt":"2019-03-26T15:29:50","slug":"reportaje-especial-activismo-estudiantil-anti-porril-en-el-df","status":"publish","type":"post","link":"https:\/\/radiozapatista.org\/?p=439","title":{"rendered":"Reportaje especial: activismo estudiantil anti-porril en el DF"},"content":{"rendered":"<p>Reportaje especial sobre las protestas estudiantiles contra las organizaciones de j\u00f3venes fascistas coordinadas por autoridades locales para reprimir y desmantelar la organizaci\u00f3n estudiantil. Entrevistas con estudiantes del CCH Vallejo e Instituto Polit\u00e9cnico.<\/p>","protected":false},"excerpt":{"rendered":"<p>Reportaje especial sobre las protestas estudiantiles contra las organizaciones de j\u00f3venes fascistas coordinadas por autoridades locales para reprimir y desmantelar la organizaci\u00f3n estudiantil. Entrevistas con estudiantes del CCH Vallejo e Instituto Polit\u00e9cnico.<\/p>\n","protected":false},"author":1,"featured_media":0,"comment_status":"open","ping_status":"open","sticky":false,"template":"","format":"standard","meta":{"footnotes":""},"categories":[1,51,45],"tags":[79,1253,57,92,18,54,921,87,27],"class_list":["post-439","post","type-post","status-publish","format-standard","hentry","category-audio","category-autor","category-relatos-zapatistas","tag-autonomia","tag-cdmx","tag-educacion","tag-estudiantes","tag-medios","tag-otra-campana","tag-relatos-zapatistas","tag-represion","tag-solidaridad"],"_links":{"self":[{"href":"https:\/\/radiozapatista.org\/index.php?rest_route=\/wp\/v2\/posts\/439","targetHints":{"allow":["GET"]}}],"collection":[{"href":"https:\/\/radiozapatista.org\/index.php?rest_route=\/wp\/v2\/posts"}],"about":[{"href":"https:\/\/radiozapatista.org\/index.php?rest_route=\/wp\/v2\/types\/post"}],"author":[{"embeddable":true,"href":"https:\/\/radiozapatista.org\/index.php?rest_route=\/wp\/v2\/users\/1"}],"replies":[{"embeddable":true,"href":"https:\/\/radiozapatista.org\/index.php?rest_route=%2Fwp%2Fv2%2Fcomments&post=439"}],"version-history":[{"count":1,"href":"https:\/\/radiozapatista.org\/index.php?rest_route=\/wp\/v2\/posts\/439\/revisions"}],"predecessor-version":[{"id":31027,"href":"https:\/\/radiozapatista.org\/index.php?rest_route=\/wp\/v2\/posts\/439\/revisions\/31027"}],"wp:attachment":[{"href":"https:\/\/radiozapatista.org\/index.php?rest_route=%2Fwp%2Fv2%2Fmedia&parent=439"}],"wp:term":[{"taxonomy":"category","embeddable":true,"href":"https:\/\/radiozapatista.org\/index.php?rest_route=%2Fwp%2Fv2%2Fcategories&post=439"},{"taxonomy":"post_tag","embeddable":true,"href":"https:\/\/radiozapatista.org\/index.php?rest_route=%2Fwp%2Fv2%2Ftags&post=439"}],"curies":[{"name":"wp","href":"https:\/\/api.w.org\/{rel}","templated":true}]}}