{"id":43888,"date":"2023-01-12T18:43:29","date_gmt":"2023-01-13T00:43:29","guid":{"rendered":"https:\/\/radiozapatista.org\/?p=43888"},"modified":"2023-01-12T18:43:29","modified_gmt":"2023-01-13T00:43:29","slug":"noticias-de-abajo-11-de-enero-2023","status":"publish","type":"post","link":"https:\/\/radiozapatista.org\/?p=43888","title":{"rendered":"Noticias de abajo 11 de enero 2023"},"content":{"rendered":"<p><audio class=\"wp-audio-shortcode\" id=\"audio-43888-1\" preload=\"none\" style=\"width: 100%;\" controls=\"controls\"><source type=\"audio\/mpeg\" src=\"https:\/\/ia904700.us.archive.org\/34\/items\/noticias-de-abajo-11-enero-2023\/noticiasdeabajo_11enero2023.mp3?_=1\" \/><a href=\"https:\/\/ia904700.us.archive.org\/34\/items\/noticias-de-abajo-11-enero-2023\/noticiasdeabajo_11enero2023.mp3\">https:\/\/ia904700.us.archive.org\/34\/items\/noticias-de-abajo-11-enero-2023\/noticiasdeabajo_11enero2023.mp3<\/a><\/audio><\/p>\n<div id=\"descript\">\n<div class=\"ace-line\"><span class=\"author-a-z87zz81zz65zn08fz80zz82zz87zz85zz81zduz84zf\">Noticias de abajo 11 de enero 2023<\/span><\/div>\n<div class=\"ace-line\"><span class=\"author-a-z87zz81zz65zn08fz80zz82zz87zz85zz81zduz84zf\">.:ROMPIENDO FRONTERAS:.<\/span><\/div>\n<div class=\"ace-line\"><span class=\"author-a-z87zz81zz65zn08fz80zz82zz87zz85zz81zduz84zf\">&#8212; ITALIA:\u00a0 Entrevista sobre la situaci\u00f3n de Alfredo Cospito preso anarquista de Italia en Huelga de hambre desde hace m\u00e1s de 80 d\u00edas. Noticias de abajo<\/span><\/div>\n<div class=\"ace-line\"><span class=\"author-a-z87zz81zz65zn08fz80zz82zz87zz85zz81zduz84zf\">&#8212; HONDURAS: Asesinan a dos defensores del territorio de Guapinol. Guapinol Despierta<\/span><\/div>\n<div class=\"ace-line\"><span class=\"author-a-z87zz81zz65zn08fz80zz82zz87zz85zz81zduz84zf\">&#8212; REINO UNIDO: Carta por la libertad de los presos por luchar contra el cambio clim\u00e1tico en Reino Unido. EarthFisrtJournal<\/span><\/div>\n<div class=\"ace-line\"><span class=\"author-a-z87zz81zz65zn08fz80zz82zz87zz85zz81zduz84zf\">.:DESDE EL M\u00c1S AC\u00c1:.<\/span><\/div>\n<div class=\"ace-line\"><span class=\"author-a-z87zz81zz65zn08fz80zz82zz87zz85zz81zduz84zf\">&#8212; M\u00c9XICO MEDIOS LIBRES: 72 asesinatos pol\u00edticos en 2022, una investigaci\u00f3n de Radio Zapote sobre la violencia pol\u00edtica en M\u00e9xico. Entrevista a Caracol de Radio Zapote.<\/span><\/div>\n<div class=\"ace-line\"><span class=\"author-a-z87zz81zz65zn08fz80zz82zz87zz85zz81zduz84zf\">&#8212; M\u00c9XICO PRESOS POLITICXS: Quien es Yorch el Preso pol\u00edtico anarquista de la Okupa Che. Por Magos Punk<\/span><\/div>\n<div class=\"ace-line\"><span class=\"author-a-z87zz81zz65zn08fz80zz82zz87zz85zz81zduz84zf\">&#8212; CDMX: TRAGEDIA EN EL METRO DE LA CIUDAD DE M\u00c9XICO. Contin\u00faan fallas operativas en el Transporte Colectivo Metro, falta de mantenimiento y corrupci\u00f3n, algunas de las causas. Detienen a j\u00f3venes que protestaban en solidaridad con v\u00edctimas.<\/span><\/div>\n<div class=\"ace-line\"><span class=\"author-a-z87zz81zz65zn08fz80zz82zz87zz85zz81zduz84zf\">&#8212; M\u00c9XICO: RADIOS LIBRES Campanadas por la libertad 2022. Ke huelga Radio<\/span><\/div>\n<div class=\"ace-line\"><\/div>\n<div class=\"ace-line\"><span class=\"author-a-z87zz81zz65zn08fz80zz82zz87zz85zz81zduz84zf\">M\u00fasica:<\/span><\/div>\n<div class=\"ace-line\"><span class=\"author-a-z87zz81zz65zn08fz80zz82zz87zz85zz81zduz84zf\">A la huelga &#8211; Alarcon<\/span><\/div>\n<div class=\"ace-line\"><span class=\"author-a-z87zz81zz65zn08fz80zz82zz87zz85zz81zduz84zf\">El Bals de la Gens Rara &#8211; Skaparapid<\/span><\/div>\n<div class=\"ace-line\"><span class=\"author-a-z87zz81zz65zn08fz80zz82zz87zz85zz81zduz84zf\">BikaDub &#8211; Unidub<\/span><\/div>\n<\/div>\n<p><\/p>","protected":false},"excerpt":{"rendered":"<p>Noticias de abajo 11 de enero 2023 .:ROMPIENDO FRONTERAS:. &#8212; ITALIA:\u00a0 Entrevista sobre la situaci\u00f3n de Alfredo Cospito preso anarquista de Italia en Huelga de hambre desde hace m\u00e1s de 80 d\u00edas. Noticias de abajo &#8212; HONDURAS: Asesinan a dos defensores del territorio de Guapinol. Guapinol Despierta &#8212; REINO UNIDO: Carta por la libertad de [&hellip;]<\/p>\n","protected":false},"author":21,"featured_media":43889,"comment_status":"open","ping_status":"closed","sticky":false,"template":"","format":"standard","meta":{"footnotes":""},"categories":[51,1284,826,958,954,953,935],"tags":[79,53,1305,147,37,87,148,27,483],"class_list":["post-43888","post","type-post","status-publish","format-standard","has-post-thumbnail","hentry","category-autor","category-latinoamerica","category-medios-libres-2","category-megaproyectos","category-mexico","category-mundo","category-temas","tag-autonomia","tag-justicia","tag-latinoamerica","tag-militarizacion","tag-presos-politicos","tag-represion","tag-resistencia","tag-solidaridad","tag-tierra-y-territorio"],"_links":{"self":[{"href":"https:\/\/radiozapatista.org\/index.php?rest_route=\/wp\/v2\/posts\/43888","targetHints":{"allow":["GET"]}}],"collection":[{"href":"https:\/\/radiozapatista.org\/index.php?rest_route=\/wp\/v2\/posts"}],"about":[{"href":"https:\/\/radiozapatista.org\/index.php?rest_route=\/wp\/v2\/types\/post"}],"author":[{"embeddable":true,"href":"https:\/\/radiozapatista.org\/index.php?rest_route=\/wp\/v2\/users\/21"}],"replies":[{"embeddable":true,"href":"https:\/\/radiozapatista.org\/index.php?rest_route=%2Fwp%2Fv2%2Fcomments&post=43888"}],"version-history":[{"count":1,"href":"https:\/\/radiozapatista.org\/index.php?rest_route=\/wp\/v2\/posts\/43888\/revisions"}],"predecessor-version":[{"id":43890,"href":"https:\/\/radiozapatista.org\/index.php?rest_route=\/wp\/v2\/posts\/43888\/revisions\/43890"}],"wp:featuredmedia":[{"embeddable":true,"href":"https:\/\/radiozapatista.org\/index.php?rest_route=\/wp\/v2\/media\/43889"}],"wp:attachment":[{"href":"https:\/\/radiozapatista.org\/index.php?rest_route=%2Fwp%2Fv2%2Fmedia&parent=43888"}],"wp:term":[{"taxonomy":"category","embeddable":true,"href":"https:\/\/radiozapatista.org\/index.php?rest_route=%2Fwp%2Fv2%2Fcategories&post=43888"},{"taxonomy":"post_tag","embeddable":true,"href":"https:\/\/radiozapatista.org\/index.php?rest_route=%2Fwp%2Fv2%2Ftags&post=43888"}],"curies":[{"name":"wp","href":"https:\/\/api.w.org\/{rel}","templated":true}]}}