{"id":43881,"date":"2023-01-11T19:35:52","date_gmt":"2023-01-12T01:35:52","guid":{"rendered":"https:\/\/radiozapatista.org\/?p=43881"},"modified":"2023-01-11T19:43:06","modified_gmt":"2023-01-12T01:43:06","slug":"denunciamos-el-intento-de-asesinato-de-nuestro-companero-isabel-recinos-trigueros-en-chicomuselo-chiapas","status":"publish","type":"post","link":"https:\/\/radiozapatista.org\/?p=43881","title":{"rendered":"Denunciamos el intento de asesinato de nuestro compa\u00f1ero Isabel Recinos Trigueros en Chicomuselo, Chiapas"},"content":{"rendered":"<p>El 30 de diciembre del 2022 en Chicomuselo fue privado de su libertad, torturado, vejado y abandonado herido con disparos de arma de fuego nuestro compa\u00f1ero Isabel Recinos Trigueros (conocido como compa Chave), dirigente del Movimiento Social por la Tierra (MST). Nuestro compa\u00f1ero sobrevivi\u00f3 pero se encuentra gravemente herido; los agresores forman parte de un grupo de la delincuencia organizada al servicio de las mineras en el estado de Chiapas.<\/p>\n<p>Esta agresi\u00f3n se llev\u00f3 a cabo despu\u00e9s de un sinn\u00famero de amenazas del grupo paramilitar &#8220;MAIZ&#8221;, aparecido el a\u00f1o pasado y que manifiesta ser brazo de la delncuencia organizada, y mediante la violencia y amedrentamiento, pretende someter a la sociedad de la regi\u00f3n fronteriza y sierra para que deje de oponerse a la operaci\u00f3n y saqueo de las empresas mineras que da\u00f1an el medio ambiente y la salud de la poblaci\u00f3n.<\/p>\n<p>Los intentos de imponer los proyectos de muerte de las mineras no son nuevos, en el a\u00f1o 2009 cobraron la vida de Mariano Abarca para intentar por la fuerza la apertura de la empresa canadiense &#8220;BlackFire&#8221; en el ejido Grecia. Desde el 2017 esa empresa ha buscado cambiar de raz\u00f3n social para llamarse ahora &#8220;Barita de Chiapas&#8221;, y ha coenzado a operar ilegalmente en el ejido Santa Mar\u00eda en los \u00faltimos meses de 2022 con total impunidad ante la inacci\u00f3n de las autoridades.<\/p>\n<p>Es muy grave que la actividad minera se de al amparo de la delincuencia organizada, justo cuando en el a\u00f1o 2018 se instal\u00f3 en Chicomuselo la sede del 101 Batall\u00f3n de Infanter\u00eda del Ej\u00e9rcito, lo que hace presumir que para imponer la miner\u00eda se pretende aplicar una estrategia contrainsurgente.<\/p>\n<p>La agresi\u00f3n a compa Chave, pretende frenar la movilizaci\u00f3n por la Vida que diversos sectores de la Sociedad Civil de Chicomuselo han convocado para el 5 de enero de 2023 y a la que este grupo delicuencial ha amenazado con agredir si se lleva a cabo.<\/p>\n<p>Por lo anterior demandamos:<\/p>\n<p>1. Se brinde atenci\u00f3n m\u00e9dica y protecci\u00f3n a la vida e integridad del compa\u00f1ero Isabel Recinos Trigueros.<\/p>\n<p>2. Se detenga y procese a los agresores por parte de las autoridades encargadas de la procuraci\u00f3n e impartici\u00f3n de justicia.<\/p>\n<p>3. Se den garant\u00edas y seguridad por parte de las autoridades federalesestatales y municipaes a la Movilizaci\u00f3n por la Vida del 5 de enero.<\/p>\n<p>4. Se desarticule el grupo paramilitar &#8220;MAIZ&#8221;.<\/p>\n<p>5. Se clausure la mina de Santa Mar\u00eda y se cancele la concesi\u00f3n minera de &#8220;Barita de Chiapas&#8221; oy\/o &#8220;BlackFire&#8221;.<\/p>\n<p>6. Se garantice la vida e integridad de los defensores de la madre tierra y de las comunidades que se oponen a la miner\u00eda t\u00f3xica.<\/p>\n<p>&nbsp;<\/p>\n<p>Ciudad de M\u00e9xico, a 2 de enero de 2023<\/p>\n<p>Comisi\u00f3n Ejecutiva del MST<\/p>","protected":false},"excerpt":{"rendered":"<p>El 30 de diciembre del 2022 en Chicomuselo fue privado de su libertad, torturado, vejado y abandonado herido con disparos de arma de fuego nuestro compa\u00f1ero Isabel Recinos Trigueros (conocido como compa Chave), dirigente del Movimiento Social por la Tierra (MST). Nuestro compa\u00f1ero sobrevivi\u00f3 pero se encuentra gravemente herido; los agresores forman parte de un [&hellip;]<\/p>\n","protected":false},"author":21,"featured_media":43882,"comment_status":"open","ping_status":"closed","sticky":false,"template":"","format":"standard","meta":{"footnotes":""},"categories":[957,51,6,826,958,183,935],"tags":[79,917,58,53,567,147,23,545,87,148,27,483],"class_list":["post-43881","post","type-post","status-publish","format-standard","has-post-thumbnail","hentry","category-autonomia","category-autor","category-chiapas","category-medios-libres-2","category-megaproyectos","category-blog","category-temas","tag-autonomia","tag-chiapas","tag-derechos-humanos","tag-justicia","tag-megaproyectos","tag-militarizacion","tag-paramilitares","tag-pueblos-indigenas","tag-represion","tag-resistencia","tag-solidaridad","tag-tierra-y-territorio"],"_links":{"self":[{"href":"https:\/\/radiozapatista.org\/index.php?rest_route=\/wp\/v2\/posts\/43881","targetHints":{"allow":["GET"]}}],"collection":[{"href":"https:\/\/radiozapatista.org\/index.php?rest_route=\/wp\/v2\/posts"}],"about":[{"href":"https:\/\/radiozapatista.org\/index.php?rest_route=\/wp\/v2\/types\/post"}],"author":[{"embeddable":true,"href":"https:\/\/radiozapatista.org\/index.php?rest_route=\/wp\/v2\/users\/21"}],"replies":[{"embeddable":true,"href":"https:\/\/radiozapatista.org\/index.php?rest_route=%2Fwp%2Fv2%2Fcomments&post=43881"}],"version-history":[{"count":2,"href":"https:\/\/radiozapatista.org\/index.php?rest_route=\/wp\/v2\/posts\/43881\/revisions"}],"predecessor-version":[{"id":43884,"href":"https:\/\/radiozapatista.org\/index.php?rest_route=\/wp\/v2\/posts\/43881\/revisions\/43884"}],"wp:featuredmedia":[{"embeddable":true,"href":"https:\/\/radiozapatista.org\/index.php?rest_route=\/wp\/v2\/media\/43882"}],"wp:attachment":[{"href":"https:\/\/radiozapatista.org\/index.php?rest_route=%2Fwp%2Fv2%2Fmedia&parent=43881"}],"wp:term":[{"taxonomy":"category","embeddable":true,"href":"https:\/\/radiozapatista.org\/index.php?rest_route=%2Fwp%2Fv2%2Fcategories&post=43881"},{"taxonomy":"post_tag","embeddable":true,"href":"https:\/\/radiozapatista.org\/index.php?rest_route=%2Fwp%2Fv2%2Ftags&post=43881"}],"curies":[{"name":"wp","href":"https:\/\/api.w.org\/{rel}","templated":true}]}}