{"id":43857,"date":"2023-01-05T18:21:20","date_gmt":"2023-01-06T00:21:20","guid":{"rendered":"https:\/\/radiozapatista.org\/?p=43857"},"modified":"2023-01-07T12:02:45","modified_gmt":"2023-01-07T18:02:45","slug":"el-saqueo-ilegal-del-jade-en-la-montana-chiclera-otro-escandalo-minero-en-izabal","status":"publish","type":"post","link":"https:\/\/radiozapatista.org\/?p=43857","title":{"rendered":"El saqueo ilegal del jade en la Monta\u00f1a Chiclera, otro esc\u00e1ndalo minero en Izabal"},"content":{"rendered":"<p><em>En el municipio de Morales, Izabal, y frente a la mirada de las autoridades estatales, todos los d\u00edas saquean, de manera industrial e ilegal, el jade del interior de la Monta\u00f1a Chiclera, una de las \u00e1reas protegidas de Guatemala. <\/em><\/p>\n<p><em>El actual alcalde municipal, una diputada por este departamento y una familia vinculada al narcotr\u00e1fico, fueron se\u00f1alados de forma an\u00f3nima de este nuevo esc\u00e1ndalo medioambiental. Nueve meses despu\u00e9s, el Ministerio P\u00fablico, el ej\u00e9rcito y la Polic\u00eda Nacional Civil (PNC) hicieron un allanamiento en la monta\u00f1a, sin lograr una sola detenci\u00f3n de los responsables del saqueo.<\/em><\/p>\n<p>Por Prensa Comunitaria<\/p>\n<p>La extracci\u00f3n de jade y la destrucci\u00f3n de una de las \u00e1reas protegidas en Izabal suman un nuevo esc\u00e1ndalo minero en Guatemala. El silencio desde el gobierno municipal se adhiere a la inacci\u00f3n de funcionarios al m\u00e1s alto nivel, en ministerios como el de Energ\u00eda y Minas, Medio Ambiente y Gobernaci\u00f3n, que permiten el saqueo del jade y otros minerales en el interior de la Monta\u00f1a Chiclera. Seg\u00fan el medio <a href=\"https:\/\/es.insightcrime.org\/noticias\/analisis\/jade-nueva-joya-crimen-guatemala\/#:~:text=Esto%20implica%20que%20cada%20tonelada,mill%C3%B3n%2C%20seg%C3%BAn%20la%20polic%C3%ADa%20guatemalteca.\">Insight Crime<\/a>, la onza de jade m\u00e1s fino alcanz\u00f3 valores por arriba de los 3 mil d\u00f3lares desde 2010; doce a\u00f1os despu\u00e9s en el mercado es el mejor pagado por encima del oro y los diamantes.<\/p>\n<p>En marzo de 2022, una publicaci\u00f3n an\u00f3nima en las redes sociales se\u00f1al\u00f3 como responsables a Mynor David Portillo V\u00e1squez -alcalde municipal de Morales, quien busca su reelecci\u00f3n con el partido oficialista VAMOS-, a Jeffrey Obdulio Mendoza Tally y Pablo Andr\u00e9 Mendoza Paz, a quienes se les se\u00f1ala de integrar el cartel de los Mendoza, y a la diputada Thelma Elizabeth Ram\u00edrez Renata, quien junto a Portillo forman parte del partido pol\u00edtico del presidente Alejandro Giammattei.<\/p>\n<p>En un allanamiento del 15 de diciembre, que implic\u00f3 un operativo conjunto entre el Ej\u00e9rcito, la Polic\u00eda Nacional Civil (PNC) y fiscales del Ministerio P\u00fablico (MP), fue decomisada maquinaria pesada y ochenta costales con jade en su interior; ninguno de los trabajadores o integrantes del grupo armado, que dan seguridad a quienes dirigen la extracci\u00f3n, fueron detenidos.<\/p>\n<p>Durante el operativo nadie se encontraba en el lugar. \u00bfFuga de informaci\u00f3n? La fiscal general Consuelo Porras o el ministro de Gobernaci\u00f3n Barrientos, no dieron detalles.<\/p>\n<p style=\"text-align: center;\"><!--more--><strong>***<\/strong><\/p>\n<p>En marzo de 2022 vecinos del municipio denunciaron de manera an\u00f3nima, la extracci\u00f3n ilegal de grandes cantidades de jade, de un \u00e1rea considerada protegida por el Estado de Guatemala. Se trata del Parque Regional Municipal \u201cMonta\u00f1a Chiclera\u201d, a unos 255 kil\u00f3metros de la ciudad de Guatemala que, est\u00e1 bajo la administraci\u00f3n de la Municipalidad de este municipio y de la Fundaci\u00f3n para el Ecodesarrollo y la Conservaci\u00f3n (FUNDAECO).<\/p>\n<p>Una serie de videos que circularon ese mes en las redes sociales, que fueron tomados en el lugar de la extracci\u00f3n, colocaron la voz de alerta. En las im\u00e1genes se puede ver a un ej\u00e9rcito de paramilitares custodiando la operaci\u00f3n minera, una docena de hombres portando fusiles de asalto, escopetas y armas autom\u00e1ticas cortas. En el lugar no existe el Estado, ese grupo armado pr\u00e1cticamente tiene el control de la monta\u00f1a.<\/p>\n<blockquote class=\"twitter-tweet\" data-width=\"550\" data-dnt=\"true\">\n<p dir=\"ltr\" lang=\"es\"><a href=\"https:\/\/twitter.com\/hashtag\/Izabal?src=hash&amp;ref_src=twsrc%5Etfw\">#Izabal<\/a> En 2022 una denuncia ciudadana mostr\u00f3 la operaci\u00f3n ilegal de la extracci\u00f3n minera del <a href=\"https:\/\/twitter.com\/hashtag\/Jade?src=hash&amp;ref_src=twsrc%5Etfw\">#Jade<\/a>, en el interior de la Monta\u00f1a Chiclera en <a href=\"https:\/\/twitter.com\/hashtag\/Morales?src=hash&amp;ref_src=twsrc%5Etfw\">#Morales<\/a>, un \u00e1rea de reserva natural. En diciembre dos \u00e1reas de cantera fueron allanadas y no hay una sola detenci\u00f3n hasta el momento.? <a href=\"https:\/\/t.co\/3VmBx1eIYn\">pic.twitter.com\/3VmBx1eIYn<\/a><\/p>\n<p>\u2014 PrensaComunitaria (@PrensaComunitar) <a href=\"https:\/\/twitter.com\/PrensaComunitar\/status\/1610780802911985664?ref_src=twsrc%5Etfw\">January 4, 2023<\/a><\/p><\/blockquote>\n<p>Como antecedente, en 2019 el MP realiz\u00f3 varios allanamientos en el \u00e1rea de Valle Nuevo, colindante con la Monta\u00f1a Chiclera y decomis\u00f3 10 toneladas de jade por un monto de Q77.5 millones, es decir, unos 7.75 millones de d\u00f3lares por tonelada, esto fue publicado por Prensa Libre en noviembre de 2019.<\/p>\n<blockquote class=\"twitter-tweet\" data-width=\"550\" data-dnt=\"true\">\n<p dir=\"ltr\" lang=\"es\">Saqueo de Jade en Morales Izabal <a href=\"https:\/\/t.co\/w5Uj1betxG\">pic.twitter.com\/w5Uj1betxG<\/a><\/p>\n<p>\u2014 carlos barreda (@cbarreda01) <a href=\"https:\/\/twitter.com\/cbarreda01\/status\/1598438521953550337?ref_src=twsrc%5Etfw\">December 1, 2022<\/a><\/p><\/blockquote>\n<p>En noviembre de 2022, ocho meses despu\u00e9s de la denuncia sobre lo que ocurre en la Monta\u00f1a Chiclera, el diputado Carlos Barreda del Grupo Parlamentario de Oposici\u00f3n (GPO), coloc\u00f3 nuevamente en la opini\u00f3n p\u00fablica el tema. Barreda public\u00f3 en su cuenta de Twitter un video el 1 de diciembre en el que se muestra la extracci\u00f3n dentro de la monta\u00f1a.<\/p>\n<p>El diputado solicit\u00f3 informaci\u00f3n al Ministerio de Energ\u00eda y Minas (MEM), instituci\u00f3n que respondi\u00f3 diciendo que no existe ninguna licencia de extracci\u00f3n minera de jade en el lugar. El documento con la respuesta fue firmado por Kevin Dar\u00edo Guillermo Espina, jefe del departamento de Derechos Mineros, de la Direcci\u00f3n General de Miner\u00eda, con fecha 16 de noviembre.<\/p>\n<p>En los videos que salieron en marzo se observa, sobre lo alto de la monta\u00f1a, unas 10 m\u00e1quinas industriales conocidas como \u201cMano de mica\u201d remueven toneladas de tierra, rodeadas por lo espeso de la selva boscosa. Ambientalistas y comunidades se oponen a la extracci\u00f3n de jade; una persona bajo anonimato, por temor a represalias, afirm\u00f3 que el Consejo Nacional de \u00c1reas Protegidas (CONAP) y localmente cinco Consejos Comunitarios de Desarrollo (COCODES), est\u00e1n de acuerdo con esta actividad ilegal. Adem\u00e1s, afirman que el CONAP promueve para esto la actualizaci\u00f3n del Plan de Maestro de \u00e1reas protegidas.<\/p>\n<p><iframe loading=\"lazy\" title=\"Extracci\u00f3n ilegal de jade en la Monta\u00f1a Chiclera\" src=\"https:\/\/www.youtube.com\/embed\/w810Y8E-J3k?feature=oembed\" width=\"960\" height=\"540\" frameborder=\"0\" allowfullscreen=\"allowfullscreen\" data-mce-fragment=\"1\"><\/iframe><\/p>\n<p>Lea m\u00e1s ac\u00e1:<\/p>\n<blockquote class=\"wp-embedded-content\" data-secret=\"GE47lmXdW1\"><p><a href=\"https:\/\/prensacomunitaria.org\/2022\/11\/impulsan-plan-maestro-para-extraer-jade-de-la-sierra-de-las-minas\/\">Impulsan plan maestro para extraer jade de la Sierra de las Minas<\/a><\/p><\/blockquote>\n<p><iframe loading=\"lazy\" class=\"wp-embedded-content\" title=\"\u201cImpulsan plan maestro para extraer jade de la Sierra de las Minas\u201d \u2014 Prensa Comunitaria\" src=\"https:\/\/prensacomunitaria.org\/2022\/11\/impulsan-plan-maestro-para-extraer-jade-de-la-sierra-de-las-minas\/embed\/#?secret=Nu48dyTujE#?secret=GE47lmXdW1\" width=\"600\" height=\"338\" frameborder=\"0\" marginwidth=\"0\" marginheight=\"0\" scrolling=\"no\" sandbox=\"allow-scripts\" data-secret=\"GE47lmXdW1\" data-mce-fragment=\"1\"><\/iframe><\/p>\n<p>En otro video, las m\u00e1quinas trabajan en la parte baja en el \u00e1rea de cantera que formaron. Cada una de estas m\u00e1quinas tiene un peso de 7 toneladas y se mueven a trav\u00e9s de orugas, es decir que necesitan de plataformas para ser jaladas de un lugar a otro, movidas por tr\u00e1ileres y de una carretera que re\u00fana las condiciones para su ingreso y salida.<\/p>\n<p>La devastaci\u00f3n de la monta\u00f1a se puede ver con facilidad en las im\u00e1genes satelitales, seis \u00e1reas de cantera fueron formadas de manera ilegal, desde donde extraen el jade, otras tres se ubican a las orillas de la monta\u00f1a. La Monta\u00f1a Chiclera es de los pocos pulmones de ox\u00edgeno y agua para muchas personas en el municipio, el gobierno municipal pr\u00e1cticamente desprotegi\u00f3 toda esta \u00e1rea. En las im\u00e1genes satelitales se ven los trazos de distintas carreteras que conectan por lo menos 6 \u00e1reas ilegales de cantera en el interior de la monta\u00f1a. Las autoridades \u00fanicamente allanaron dos sitios.<\/p>\n<p><img loading=\"lazy\" decoding=\"async\" class=\"size-full wp-image-103074 aligncenter\" src=\"https:\/\/prensacomunitaria.org\/wp-content\/uploads\/2023\/01\/photo_2022-12-20_13-35-42.jpg\" alt=\"\" width=\"1280\" height=\"555\" \/><\/p>\n<div id=\"gallery-1\" class=\"gallery galleryid-103064 gallery-columns-4 gallery-size-large\">\n<figure class=\"gallery-item\">\n<div class=\"gallery-icon landscape\"><a href=\"https:\/\/prensacomunitaria.org\/2023\/01\/el-saqueo-ilegal-del-jade-en-la-montana-chiclera-otro-escandalo-minero-en-izabal\/photo_2022-12-20_15-24-46\/#main\"><img loading=\"lazy\" decoding=\"async\" class=\"attachment-large size-large\" src=\"https:\/\/prensacomunitaria.org\/wp-content\/uploads\/2023\/01\/photo_2022-12-20_15-24-46.jpg\" alt=\"\" width=\"1280\" height=\"627\" \/><\/a><\/div>\n<\/figure>\n<figure class=\"gallery-item\">\n<div class=\"gallery-icon landscape\"><a href=\"https:\/\/prensacomunitaria.org\/2023\/01\/el-saqueo-ilegal-del-jade-en-la-montana-chiclera-otro-escandalo-minero-en-izabal\/photo_2022-12-20_15-19-47\/#main\"><img loading=\"lazy\" decoding=\"async\" class=\"attachment-large size-large\" src=\"https:\/\/prensacomunitaria.org\/wp-content\/uploads\/2023\/01\/photo_2022-12-20_15-19-47.jpg\" alt=\"\" width=\"1280\" height=\"631\" \/><\/a><\/div>\n<\/figure>\n<figure class=\"gallery-item\">\n<div class=\"gallery-icon landscape\"><a href=\"https:\/\/prensacomunitaria.org\/2023\/01\/el-saqueo-ilegal-del-jade-en-la-montana-chiclera-otro-escandalo-minero-en-izabal\/photo_2022-12-20_15-18-37\/#main\"><img loading=\"lazy\" decoding=\"async\" class=\"attachment-large size-large\" src=\"https:\/\/prensacomunitaria.org\/wp-content\/uploads\/2023\/01\/photo_2022-12-20_15-18-37.jpg\" alt=\"\" width=\"1280\" height=\"631\" \/><\/a><\/div>\n<\/figure>\n<figure class=\"gallery-item\">\n<div class=\"gallery-icon landscape\"><a href=\"https:\/\/prensacomunitaria.org\/2023\/01\/el-saqueo-ilegal-del-jade-en-la-montana-chiclera-otro-escandalo-minero-en-izabal\/photo_2022-12-20_15-18-00\/#main\"><img loading=\"lazy\" decoding=\"async\" class=\"attachment-large size-large\" src=\"https:\/\/prensacomunitaria.org\/wp-content\/uploads\/2023\/01\/photo_2022-12-20_15-18-00.jpg\" alt=\"\" width=\"1280\" height=\"639\" \/><\/a><\/div>\n<\/figure>\n<figure class=\"gallery-item\">\n<div class=\"gallery-icon landscape\"><a href=\"https:\/\/prensacomunitaria.org\/2023\/01\/el-saqueo-ilegal-del-jade-en-la-montana-chiclera-otro-escandalo-minero-en-izabal\/photo_2022-12-20_15-17-16\/#main\"><img loading=\"lazy\" decoding=\"async\" class=\"attachment-large size-large\" src=\"https:\/\/prensacomunitaria.org\/wp-content\/uploads\/2023\/01\/photo_2022-12-20_15-17-16.jpg\" alt=\"\" width=\"1280\" height=\"637\" \/><\/a><\/div>\n<\/figure>\n<figure class=\"gallery-item\">\n<div class=\"gallery-icon landscape\"><a href=\"https:\/\/prensacomunitaria.org\/2023\/01\/el-saqueo-ilegal-del-jade-en-la-montana-chiclera-otro-escandalo-minero-en-izabal\/photo_2022-12-20_15-16-29\/#main\"><img loading=\"lazy\" decoding=\"async\" class=\"attachment-large size-large\" src=\"https:\/\/prensacomunitaria.org\/wp-content\/uploads\/2023\/01\/photo_2022-12-20_15-16-29.jpg\" alt=\"\" width=\"1280\" height=\"632\" \/><\/a><\/div>\n<\/figure>\n<figure class=\"gallery-item\">\n<div class=\"gallery-icon landscape\"><a href=\"https:\/\/prensacomunitaria.org\/2023\/01\/el-saqueo-ilegal-del-jade-en-la-montana-chiclera-otro-escandalo-minero-en-izabal\/photo_2022-12-20_15-15-50\/#main\"><img loading=\"lazy\" decoding=\"async\" class=\"attachment-large size-large\" src=\"https:\/\/prensacomunitaria.org\/wp-content\/uploads\/2023\/01\/photo_2022-12-20_15-15-50.jpg\" alt=\"\" width=\"1280\" height=\"635\" \/><\/a><\/div>\n<\/figure>\n<figure class=\"gallery-item\">\n<div class=\"gallery-icon landscape\"><a href=\"https:\/\/prensacomunitaria.org\/2023\/01\/el-saqueo-ilegal-del-jade-en-la-montana-chiclera-otro-escandalo-minero-en-izabal\/photo_2022-12-20_15-15-29\/#main\"><img loading=\"lazy\" decoding=\"async\" class=\"attachment-large size-large\" src=\"https:\/\/prensacomunitaria.org\/wp-content\/uploads\/2023\/01\/photo_2022-12-20_15-15-29.jpg\" alt=\"\" width=\"1280\" height=\"646\" \/><\/a><\/div>\n<\/figure>\n<\/div>\n<p>El Observatorio de Industrias Extractivas (OIE), en una publicaci\u00f3n del 11 de noviembre, mostr\u00f3 la explotaci\u00f3n ilegal de jade en la monta\u00f1a, adem\u00e1s del riesgo que produce la tala del bosque y la destrucci\u00f3n acelerada de la monta\u00f1a; en peligro est\u00e1n los principales afluentes de agua para el municipio de Morales y las comunidades alrededor de la monta\u00f1a.<\/p>\n<blockquote class=\"twitter-tweet\" data-width=\"550\" data-dnt=\"true\">\n<p dir=\"ltr\" lang=\"es\">\u26a0\ufe0f? <a href=\"https:\/\/twitter.com\/hashtag\/AlertaExtractiva?src=hash&amp;ref_src=twsrc%5Etfw\">#AlertaExtractiva<\/a><\/p>\n<p>Reportan explotaci\u00f3n ilegal de jade en el Parque Nacional Monta\u00f1a Chiclera, bosque que abastece de agua al municipio de Morales, Izabal.<\/p>\n<p>Esto es lo que est\u00e1 pasando: <a href=\"https:\/\/t.co\/qJgHrdDWeO\">pic.twitter.com\/qJgHrdDWeO<\/a><\/p>\n<p>\u2014 OIE \u2013 Observatorio de Industrias Extractivas (@oie_gt) <a href=\"https:\/\/twitter.com\/oie_gt\/status\/1591071420070535168?ref_src=twsrc%5Etfw\">November 11, 2022<\/a><\/p><\/blockquote>\n<p>Grupo armado que controla la Monta\u00f1a Chiclera:<\/p>\n<div id=\"gallery-2\" class=\"gallery galleryid-103064 gallery-columns-3 gallery-size-large\">\n<figure class=\"gallery-item\">\n<div class=\"gallery-icon portrait\"><a href=\"https:\/\/prensacomunitaria.org\/2023\/01\/el-saqueo-ilegal-del-jade-en-la-montana-chiclera-otro-escandalo-minero-en-izabal\/photo_2023-01-04_17-37-38\/#main\"><img loading=\"lazy\" decoding=\"async\" class=\"attachment-large size-large\" src=\"https:\/\/prensacomunitaria.org\/wp-content\/uploads\/2023\/01\/photo_2023-01-04_17-37-38.jpg\" alt=\"\" width=\"664\" height=\"878\" \/><\/a><\/div>\n<\/figure>\n<figure class=\"gallery-item\">\n<div class=\"gallery-icon portrait\"><a href=\"https:\/\/prensacomunitaria.org\/2023\/01\/el-saqueo-ilegal-del-jade-en-la-montana-chiclera-otro-escandalo-minero-en-izabal\/photo_2023-01-04_17-38-54\/#main\"><img loading=\"lazy\" decoding=\"async\" class=\"attachment-large size-large\" src=\"https:\/\/prensacomunitaria.org\/wp-content\/uploads\/2023\/01\/photo_2023-01-04_17-38-54.jpg\" alt=\"\" width=\"664\" height=\"889\" \/><\/a><\/div>\n<\/figure>\n<figure class=\"gallery-item\">\n<div class=\"gallery-icon portrait\"><a href=\"https:\/\/prensacomunitaria.org\/2023\/01\/el-saqueo-ilegal-del-jade-en-la-montana-chiclera-otro-escandalo-minero-en-izabal\/photo_2023-01-04_17-39-34\/#main\"><img loading=\"lazy\" decoding=\"async\" class=\"attachment-large size-large\" src=\"https:\/\/prensacomunitaria.org\/wp-content\/uploads\/2023\/01\/photo_2023-01-04_17-39-34.jpg\" alt=\"\" width=\"657\" height=\"876\" \/><\/a><\/div>\n<\/figure>\n<figure class=\"gallery-item\">\n<div class=\"gallery-icon portrait\"><a href=\"https:\/\/prensacomunitaria.org\/2023\/01\/el-saqueo-ilegal-del-jade-en-la-montana-chiclera-otro-escandalo-minero-en-izabal\/photo_2023-01-04_17-40-22\/#main\"><img loading=\"lazy\" decoding=\"async\" class=\"attachment-large size-large\" src=\"https:\/\/prensacomunitaria.org\/wp-content\/uploads\/2023\/01\/photo_2023-01-04_17-40-22.jpg\" alt=\"\" width=\"652\" height=\"892\" \/><\/a><\/div>\n<\/figure>\n<figure class=\"gallery-item\">\n<div class=\"gallery-icon portrait\"><a href=\"https:\/\/prensacomunitaria.org\/2023\/01\/el-saqueo-ilegal-del-jade-en-la-montana-chiclera-otro-escandalo-minero-en-izabal\/photo_2023-01-04_17-40-58\/#main\"><img loading=\"lazy\" decoding=\"async\" class=\"attachment-large size-large\" src=\"https:\/\/prensacomunitaria.org\/wp-content\/uploads\/2023\/01\/photo_2023-01-04_17-40-58.jpg\" alt=\"\" width=\"669\" height=\"856\" \/><\/a><\/div>\n<\/figure>\n<figure class=\"gallery-item\">\n<div class=\"gallery-icon portrait\"><a href=\"https:\/\/prensacomunitaria.org\/2023\/01\/el-saqueo-ilegal-del-jade-en-la-montana-chiclera-otro-escandalo-minero-en-izabal\/photo_2023-01-04_17-41-30\/#main\"><img loading=\"lazy\" decoding=\"async\" class=\"attachment-large size-large\" src=\"https:\/\/prensacomunitaria.org\/wp-content\/uploads\/2023\/01\/photo_2023-01-04_17-41-30.jpg\" alt=\"\" width=\"657\" height=\"879\" \/><\/a><\/div>\n<\/figure>\n<\/div>\n<p><strong>Las empresas mineras rusas est\u00e1n en este territorio <\/strong><\/p>\n<p>En Los Amates, uno de los municipios colindantes con Morales, opera la Compa\u00f1\u00eda Guatemalteca de N\u00edquel CGN y la empresa ruso-suiza Solway, con el proyecto minero Niquegua Montufar II desde 2011, lugar de donde se llevan grandes cantidades de tierra al Puerto Santo Tom\u00e1s de Castilla o en direcci\u00f3n a la Planta Procesadora de N\u00edquel en El Estor.<\/p>\n<p>Esta empresa no es la \u00fanica que opera en Morales, Mayan\u00edquel, la segunda empresa rusa, adquiri\u00f3 del gobierno de Alejandro Giammattei un nuevo proyecto minero en esta zona, que recibi\u00f3 pocos d\u00edas despu\u00e9s de la visita de una delegaci\u00f3n de empresarios rusos a la casa del presidente en la zona 15 en el mes de abril de 2019. Visita que se conoci\u00f3 como la trama rusa o alfombra roja.<\/p>\n<p>La visita de negocios y placer, habr\u00eda incluido dinero en sobornos, que entregaron en la casa del presidente envuelto en una alfombra. Ambas empresas fueron sancionadas recientemente por el Departamento del Tesoro de los Estados Unidos a trav\u00e9s de la ley Magnitsky, se\u00f1alados por corrupci\u00f3n y sobornos en el gobierno. <a href=\"https:\/\/www.miningsecrets.prensacomunitaria.org\/miningsecrets\/guatemala-se-escribe-en-ruso\">\u0413\u0432\u0430\u0442\u0435\u043c\u0430\u043b\u0430: Guatemala se escribe en ruso<\/a><\/p>\n<p>Lea m\u00e1s ac\u00e1:<\/p>\n<blockquote class=\"wp-embedded-content\" data-secret=\"aQdTFbI4QQ\"><p><a href=\"https:\/\/prensacomunitaria.org\/2022\/11\/ee-uu-sanciona-a-mineros-de-niquel-en-el-estor-acusados-de-sobornar-al-presidente-alejandro-giammattei\/\">EE.UU. sanciona a mineros de n\u00edquel en El Estor acusados de sobornar al presidente Alejandro Giammattei<\/a><\/p><\/blockquote>\n<p><iframe loading=\"lazy\" class=\"wp-embedded-content\" title=\"\u201cEE.UU. sanciona a mineros de n\u00edquel en El Estor acusados de sobornar al presidente Alejandro Giammattei\u201d \u2014 Prensa Comunitaria\" src=\"https:\/\/prensacomunitaria.org\/2022\/11\/ee-uu-sanciona-a-mineros-de-niquel-en-el-estor-acusados-de-sobornar-al-presidente-alejandro-giammattei\/embed\/#?secret=0fCwxA39zQ#?secret=aQdTFbI4QQ\" width=\"600\" height=\"338\" frameborder=\"0\" marginwidth=\"0\" marginheight=\"0\" scrolling=\"no\" sandbox=\"allow-scripts\" data-secret=\"aQdTFbI4QQ\" data-mce-fragment=\"1\"><\/iframe><\/p>\n<p>El OIE confirm\u00f3 que la empresa Mayan\u00edquel, posterior a la trama rusa recibi\u00f3 el 5 de mayo de 2021, la licencia de explotaci\u00f3n minera La Ruidosa I (LEXR-07-10), a orillas de la Monta\u00f1a Chiclera en Morales, Izabal.<\/p>\n<blockquote class=\"twitter-tweet\" data-width=\"550\" data-dnt=\"true\">\n<p dir=\"ltr\" lang=\"es\">El comunicado de prensa del MEM aclara que no fueron dos, sino una la licencia de exploraci\u00f3n aprobada: La Ruidosa I (LEXR-007-10), solicitada el 5\/02\/2010 y otorgada el 28\/05\/2021.<\/p>\n<p>No fue hasta el 8\/09\/2021 que esta informaci\u00f3n se hizo p\u00fablica.<a href=\"https:\/\/t.co\/kPH4zc1prf\">https:\/\/t.co\/kPH4zc1prf<\/a><\/p>\n<p>\u2014 OIE \u2013 Observatorio de Industrias Extractivas (@oie_gt) <a href=\"https:\/\/twitter.com\/oie_gt\/status\/1438133387399684103?ref_src=twsrc%5Etfw\">September 15, 2021<\/a><\/p><\/blockquote>\n<p><b>\u00bfQui\u00e9nes se est\u00e1n llevando ilegalmente el jade? <\/b><\/p>\n<p>Las autoridades estatales no tienen la respuesta a esta pregunta.<\/p>\n<p>Fue en la red social de Facebook, que se responsabiliz\u00f3 de este saqueo a Mynor David Portillo V\u00e1squez -actual alcalde Municipal de Morales, quien busca su reelecci\u00f3n con el partido VAMOS-, Jeffrey Obdulio Mendoza Tally, Pablo Andr\u00e9 Mendoza Paz y a la diputada Thelma Elizabeth Ram\u00edrez Renata, quien fue electa por la Unidad Nacional de la Esperanza (UNE), expulsada de ese partido en 2020 y en la actualidad viste los colores del partido oficialista.<\/p>\n<p><img loading=\"lazy\" decoding=\"async\" class=\"wp-image-103122 aligncenter\" src=\"https:\/\/prensacomunitaria.org\/wp-content\/uploads\/2023\/01\/signal-2022-11-08-162644_002.jpeg\" alt=\"\" width=\"491\" height=\"1091\" \/><\/p>\n<p>Esta versi\u00f3n la confirman vecinos del municipio que, por temor a represalias prefieren guardar el anonimato, esta denuncia circul\u00f3 a trav\u00e9s de las redes sociales. Diez meses despu\u00e9s de la publicaci\u00f3n de varios videos, las autoridades estatales siguen sin dar detalles de quienes dirigen la extracci\u00f3n de jade en la Monta\u00f1a Chiclera.<\/p>\n<p>Tras el allanamiento del 15 de diciembre, en la cuenta de Twitter del ej\u00e9rcito, un coronel detall\u00f3 los hallazgos desde el mismo lugar. Luego desde la ciudad capital se mont\u00f3 una conferencia de prensa con la fiscal general del MP, Consuelo Porras Argueta, el ministro de Gobernaci\u00f3n, David Napole\u00f3n Barrientos; el ministro de la Defensa Nacional, Henry Yovani Reyes Chigua; y el ministro de Energ\u00eda y Minas, Alberto Pimentel Mata, as\u00ed como el Coordinador Nacional del MP, C\u00e9sar Payes.<\/p>\n<p>Los hallazgos se realizaron en dos \u00e1reas de cantera dentro de la monta\u00f1a. Ese d\u00eda, se hallaron 10 retroexcavadoras, veh\u00edculos todo terreno, cuatrimotos, equipo de comunicaci\u00f3n, cuatro campamentos, equipo de generaci\u00f3n de energ\u00eda y 50 sacos con piedra jade tipo esmeralda, princesa y manzano.<\/p>\n<p>El ministro de Gobernaci\u00f3n confirm\u00f3 que participaron 105 agentes de fuerzas especiales de la PNC, 315 soldados y dos aeronaves; por su parte la fiscal general anunci\u00f3 el operativo en el lugar que denomino \u201cCerro el Chiclero\u201d. A la pregunta de la prensa sobre qui\u00e9nes son los responsables, se limit\u00f3 a responder que se est\u00e1 investigando. Pimentel afirm\u00f3 que la extracci\u00f3n es il\u00edcita.<\/p>\n<p>En los videos filtrados, se pudo confirmar que medio centenar de personas trabajan en una de las \u00e1reas de cantera; sin embargo, en el operativo de fuerzas combinadas no se encontr\u00f3 a ninguno; dos \u00e1reas de cantera allanadas, campamentos, jade, maquinaria y los veh\u00edculos fueron abandonados de un momento a otro, sin que las autoridades pudieran dar con los responsables.<\/p>\n<figure id=\"attachment_103076\" class=\"wp-caption aligncenter\" aria-describedby=\"caption-attachment-103076\"><img loading=\"lazy\" decoding=\"async\" class=\"size-full wp-image-103076\" src=\"https:\/\/prensacomunitaria.org\/wp-content\/uploads\/2023\/01\/FkDha4gXwAAXxsc.jpg\" alt=\"\" width=\"1239\" height=\"719\" \/><figcaption id=\"caption-attachment-103076\" class=\"wp-caption-text\">Fotograf\u00eda MP<\/figcaption><\/figure>\n<p>Las \u00e1reas mostradas en videos y fotograf\u00edas, como resultado del allanamiento, se ve que son de cantera, trabajadas con bastante tiempo atr\u00e1s. En los videos que fueron publicados se ve todo lo contrario, es decir, fueron grabadas \u00e1reas que est\u00e1n siendo explotadas por primera vez.<\/p>\n<p>En 2020, el ex gobernador departamental de Izabal Erick Bosbell\u00ed Mart\u00ednez Reyes fue se\u00f1alado de la extracci\u00f3n ilegal de jade en Morales, esto con el aval y respaldo del expresidente Jimmy Morales y del exministro de Gobernaci\u00f3n, Enrique Degenhart, public\u00f3 el medio <a href=\"https:\/\/www.soy502.com\/articulo\/politico-vinculado-venta-ilegal-jade-busca-ser-gobernador-100931\">Soy502<\/a>. Mart\u00ednez es un fuerte aliado de las mineras rusas en Izabal. Todos funcionarios del ex presidente Jimmy Morales.<\/p>\n<div id=\"gallery-3\" class=\"gallery galleryid-103064 gallery-columns-3 gallery-size-large\">\n<figure class=\"gallery-item\">\n<div class=\"gallery-icon landscape\"><a href=\"https:\/\/prensacomunitaria.org\/2023\/01\/el-saqueo-ilegal-del-jade-en-la-montana-chiclera-otro-escandalo-minero-en-izabal\/320058265_524461236101248_9105921076061459107_n\/#main\"><img loading=\"lazy\" decoding=\"async\" class=\"attachment-large size-large\" src=\"https:\/\/prensacomunitaria.org\/wp-content\/uploads\/2023\/01\/320058265_524461236101248_9105921076061459107_n.jpg\" alt=\"\" width=\"1000\" height=\"563\" \/><\/a><\/div>\n<\/figure>\n<figure class=\"gallery-item\">\n<div class=\"gallery-icon landscape\"><a href=\"https:\/\/prensacomunitaria.org\/2023\/01\/el-saqueo-ilegal-del-jade-en-la-montana-chiclera-otro-escandalo-minero-en-izabal\/320233290_3346418708967264_3776862095902538716_n\/#main\"><img loading=\"lazy\" decoding=\"async\" class=\"attachment-large size-large\" src=\"https:\/\/prensacomunitaria.org\/wp-content\/uploads\/2023\/01\/320233290_3346418708967264_3776862095902538716_n.jpg\" alt=\"\" width=\"1000\" height=\"563\" \/><\/a><\/div>\n<\/figure>\n<figure class=\"gallery-item\">\n<div class=\"gallery-icon landscape\"><a href=\"https:\/\/prensacomunitaria.org\/2023\/01\/el-saqueo-ilegal-del-jade-en-la-montana-chiclera-otro-escandalo-minero-en-izabal\/320418601_853318205788758_5454670565043543532_n\/#main\"><img loading=\"lazy\" decoding=\"async\" class=\"attachment-large size-large\" src=\"https:\/\/prensacomunitaria.org\/wp-content\/uploads\/2023\/01\/320418601_853318205788758_5454670565043543532_n.jpg\" alt=\"\" width=\"1000\" height=\"563\" \/><\/a><\/div>\n<\/figure>\n<figure class=\"gallery-item\">\n<div class=\"gallery-icon landscape\"><a href=\"https:\/\/prensacomunitaria.org\/2023\/01\/el-saqueo-ilegal-del-jade-en-la-montana-chiclera-otro-escandalo-minero-en-izabal\/317523762_434448865566559_5358548620963645041_n\/#main\"><img loading=\"lazy\" decoding=\"async\" class=\"attachment-large size-large\" src=\"https:\/\/prensacomunitaria.org\/wp-content\/uploads\/2023\/01\/317523762_434448865566559_5358548620963645041_n.jpg\" alt=\"\" width=\"1024\" height=\"576\" \/><\/a><\/div>\n<\/figure>\n<figure class=\"gallery-item\">\n<div class=\"gallery-icon landscape\"><a href=\"https:\/\/prensacomunitaria.org\/2023\/01\/el-saqueo-ilegal-del-jade-en-la-montana-chiclera-otro-escandalo-minero-en-izabal\/318344545_3474177859460745_4281040406196412922_n\/#main\"><img loading=\"lazy\" decoding=\"async\" class=\"attachment-large size-large\" src=\"https:\/\/prensacomunitaria.org\/wp-content\/uploads\/2023\/01\/318344545_3474177859460745_4281040406196412922_n.jpg\" alt=\"\" width=\"1280\" height=\"718\" \/><\/a><\/div>\n<\/figure>\n<figure class=\"gallery-item\">\n<div class=\"gallery-icon landscape\"><a href=\"https:\/\/prensacomunitaria.org\/2023\/01\/el-saqueo-ilegal-del-jade-en-la-montana-chiclera-otro-escandalo-minero-en-izabal\/317746068_820892239016346_3795343434240871710_n\/#main\"><img loading=\"lazy\" decoding=\"async\" class=\"attachment-large size-large\" src=\"https:\/\/prensacomunitaria.org\/wp-content\/uploads\/2023\/01\/317746068_820892239016346_3795343434240871710_n.jpg\" alt=\"\" width=\"1024\" height=\"576\" \/><\/a><\/div>\n<\/figure>\n<\/div>\n<p><strong>El alcalde de VAMOS en Morales <\/strong><\/p>\n<p>Portillo es el actual alcalde municipal de ese municipio y quien tienen bajo su responsabilidad la protecci\u00f3n de la monta\u00f1a. El 21 de noviembre, mientras se extra\u00eda ilegalmente las piedras jade, realizaba una asamblea municipal de VAMOS, partido del actual presidente Alejandro Giammattei. En las fotos se ve a Manuel Conde Orellana, diputado al Congreso de la Rep\u00fablica en plena actividad proselitista portando los logotipos del partido oficial.<\/p>\n<p>La municipalidad a su cargo, tiene la responsabilidad de la administraci\u00f3n y cuidado de la Monta\u00f1a Chiclera, en el directorio de empleados 2022, \u00fanicamente se pueden contar cuatro guardabosques.<\/p>\n<p>Morales tienen unos 100 mil 361 habitantes seg\u00fan el censo de 2018, electoralmente no es de los municipios m\u00e1s importantes, pero el presidente Giammattei lo ha visitado con insistencia en el \u00faltimo a\u00f1o. El 4 de octubre estuvo en el municipio, inaugurando una construcci\u00f3n del Instituto Nacional de Electrificaci\u00f3n (INDE), acompa\u00f1ado por el alcalde municipal. El 31 de agosto, Giammattei visit\u00f3 Morales nuevamente para inaugurar las instalaciones de un hospital. El 4 de ese mismo mes, viaj\u00f3 con la seguridad de la SAAS para entregar sillas de ruedas. El 23 de marzo particip\u00f3 de otro acto p\u00fablico junto al jefe edil.<\/p>\n<figure id=\"attachment_103077\" class=\"wp-caption alignnone\" aria-describedby=\"caption-attachment-103077\"><img loading=\"lazy\" decoding=\"async\" class=\"size-full wp-image-103077\" src=\"https:\/\/prensacomunitaria.org\/wp-content\/uploads\/2023\/01\/310341076_815169296402679_3708199859371282216_n.jpg\" alt=\"\" width=\"1599\" height=\"1066\" \/><figcaption id=\"caption-attachment-103077\" class=\"wp-caption-text\">Foto Internet<\/figcaption><\/figure>\n<p>Al revisar el sitio oficial del alcalde en la plataforma de Facebook <a href=\"https:\/\/www.facebook.com\/MaynorPortilloAlcalde\/\">Maynor Portillo alcalde<\/a>, se observa que, de diciembre 2021 a diciembre 2022, no hay un solo pronunciamiento o acci\u00f3n del alcalde municipal que denuncie la extracci\u00f3n ilegal de jade en la Monta\u00f1a Chiclero. Lo mismo en la p\u00e1gina web oficial de la municipalidad. El alcalde estaba dedicado a la celebraci\u00f3n de navidad.<\/p>\n<div id=\"gallery-4\" class=\"gallery galleryid-103064 gallery-columns-2 gallery-size-large\">\n<figure class=\"gallery-item\">\n<div class=\"gallery-icon landscape\"><a href=\"https:\/\/prensacomunitaria.org\/2023\/01\/el-saqueo-ilegal-del-jade-en-la-montana-chiclera-otro-escandalo-minero-en-izabal\/320883337_2484913668314656_5296121882683267922_n\/#main\"><img loading=\"lazy\" decoding=\"async\" class=\"attachment-large size-large\" src=\"https:\/\/prensacomunitaria.org\/wp-content\/uploads\/2023\/01\/320883337_2484913668314656_5296121882683267922_n.jpg\" alt=\"\" width=\"960\" height=\"720\" aria-describedby=\"gallery-4-103085\" \/><\/a><\/div><figcaption id=\"gallery-4-103085\" class=\"wp-caption-text gallery-caption\">Diputada Thelma Elizabeth Ram\u00edrez Renata y alcalde Portillo.<\/figcaption><\/figure>\n<figure class=\"gallery-item\">\n<div class=\"gallery-icon landscape\"><a href=\"https:\/\/prensacomunitaria.org\/2023\/01\/el-saqueo-ilegal-del-jade-en-la-montana-chiclera-otro-escandalo-minero-en-izabal\/320710576_1552550571883973_3786752263906115288_n\/#main\"><img loading=\"lazy\" decoding=\"async\" class=\"attachment-large size-large\" src=\"https:\/\/prensacomunitaria.org\/wp-content\/uploads\/2023\/01\/320710576_1552550571883973_3786752263906115288_n.jpg\" alt=\"\" width=\"1280\" height=\"853\" aria-describedby=\"gallery-4-103086\" \/><\/a><\/div><figcaption id=\"gallery-4-103086\" class=\"wp-caption-text gallery-caption\">Fiesta municipal.<\/figcaption><\/figure>\n<\/div>\n<p>En las actividades del partido VAMOS en Morales se ha visto a Luis Miguel Mart\u00ednez Morales, en la del 18 de junio de este a\u00f1o, por ejemplo. El alcalde es religioso, en varios videos en su despacho municipal se ve la bandera de Israel. El a\u00f1o pasado <a href=\"https:\/\/www.ojoconmipisto.com\/la-calle-de-q7-9-millones-que-morales-izabal-dedicara-a-israel\/\">dedic\u00f3 Q7.9 millones<\/a> del dinero p\u00fablico para construir un kil\u00f3metro de carretera dedicada a Israel, porque supuestamente les traer\u00e1 \u201cmuchas bendiciones\u201d, public\u00f3 el medio <a href=\"https:\/\/www.ojoconmipisto.com\/la-calle-de-q7-9-millones-que-morales-izabal-dedicara-a-israel\/\">Ojo con mi pisto<\/a>. En 2020 orden\u00f3 la construcci\u00f3n de una plaza en honor a Israel, llamada Plaza Jerusal\u00e9n.<\/p>\n<div id=\"gallery-5\" class=\"gallery galleryid-103064 gallery-columns-3 gallery-size-large\">\n<figure class=\"gallery-item\">\n<div class=\"gallery-icon landscape\"><a href=\"https:\/\/prensacomunitaria.org\/2023\/01\/el-saqueo-ilegal-del-jade-en-la-montana-chiclera-otro-escandalo-minero-en-izabal\/322601475_552072003485921_2649656008559128385_n\/#main\"><img loading=\"lazy\" decoding=\"async\" class=\"attachment-large size-large\" src=\"https:\/\/prensacomunitaria.org\/wp-content\/uploads\/2023\/01\/322601475_552072003485921_2649656008559128385_n.jpg\" alt=\"\" width=\"1440\" height=\"960\" aria-describedby=\"gallery-5-103083\" \/><\/a><\/div><figcaption id=\"gallery-5-103083\" class=\"wp-caption-text gallery-caption\">Alcalde Portillo junto a Alejandro Giammattei<\/figcaption><\/figure>\n<figure class=\"gallery-item\">\n<div class=\"gallery-icon landscape\"><a href=\"https:\/\/prensacomunitaria.org\/2023\/01\/el-saqueo-ilegal-del-jade-en-la-montana-chiclera-otro-escandalo-minero-en-izabal\/316045575_859180912001517_7135782759992296109_n\/#main\"><img loading=\"lazy\" decoding=\"async\" class=\"attachment-large size-large\" src=\"https:\/\/prensacomunitaria.org\/wp-content\/uploads\/2023\/01\/316045575_859180912001517_7135782759992296109_n.jpg\" alt=\"\" width=\"1280\" height=\"853\" aria-describedby=\"gallery-5-103081\" \/><\/a><\/div><figcaption id=\"gallery-5-103081\" class=\"wp-caption-text gallery-caption\">Diputado Conde Orellana y diputada Thelma Elizabeth Ram\u00edrez Renata<\/figcaption><\/figure>\n<figure class=\"gallery-item\">\n<div class=\"gallery-icon landscape\"><a href=\"https:\/\/prensacomunitaria.org\/2023\/01\/el-saqueo-ilegal-del-jade-en-la-montana-chiclera-otro-escandalo-minero-en-izabal\/316414679_859551535297788_3116779504766174182_n\/#main\"><img loading=\"lazy\" decoding=\"async\" class=\"attachment-large size-large\" src=\"https:\/\/prensacomunitaria.org\/wp-content\/uploads\/2023\/01\/316414679_859551535297788_3116779504766174182_n.jpg\" alt=\"\" width=\"1280\" height=\"960\" aria-describedby=\"gallery-5-103080\" \/><\/a><\/div><figcaption id=\"gallery-5-103080\" class=\"wp-caption-text gallery-caption\">Asamblea del partido VAMOS en Morales, Izabal.<\/figcaption><\/figure>\n<figure class=\"gallery-item\">\n<div class=\"gallery-icon landscape\"><a href=\"https:\/\/prensacomunitaria.org\/2023\/01\/el-saqueo-ilegal-del-jade-en-la-montana-chiclera-otro-escandalo-minero-en-izabal\/316054703_859178832001725_993712158737763916_n\/#main\"><img loading=\"lazy\" decoding=\"async\" class=\"attachment-large size-large\" src=\"https:\/\/prensacomunitaria.org\/wp-content\/uploads\/2023\/01\/316054703_859178832001725_993712158737763916_n.jpg\" alt=\"\" width=\"1280\" height=\"853\" aria-describedby=\"gallery-5-103079\" \/><\/a><\/div><figcaption id=\"gallery-5-103079\" class=\"wp-caption-text gallery-caption\">Foto Internet<\/figcaption><\/figure>\n<figure class=\"gallery-item\">\n<div class=\"gallery-icon landscape\"><a href=\"https:\/\/prensacomunitaria.org\/2023\/01\/el-saqueo-ilegal-del-jade-en-la-montana-chiclera-otro-escandalo-minero-en-izabal\/310751151_815168869736055_8961743425721421849_n\/#main\"><img loading=\"lazy\" decoding=\"async\" class=\"attachment-large size-large\" src=\"https:\/\/prensacomunitaria.org\/wp-content\/uploads\/2023\/01\/310751151_815168869736055_8961743425721421849_n.jpg\" alt=\"\" width=\"960\" height=\"640\" aria-describedby=\"gallery-5-103078\" \/><\/a><\/div><figcaption id=\"gallery-5-103078\" class=\"wp-caption-text gallery-caption\">Foto Internet<\/figcaption><\/figure>\n<figure class=\"gallery-item\">\n<div class=\"gallery-icon landscape\"><a href=\"https:\/\/prensacomunitaria.org\/2023\/01\/el-saqueo-ilegal-del-jade-en-la-montana-chiclera-otro-escandalo-minero-en-izabal\/289226925_727454791840797_7678406635166789134_n\/#main\"><img loading=\"lazy\" decoding=\"async\" class=\"attachment-large size-large\" src=\"https:\/\/prensacomunitaria.org\/wp-content\/uploads\/2023\/01\/289226925_727454791840797_7678406635166789134_n.jpg\" alt=\"\" width=\"960\" height=\"640\" aria-describedby=\"gallery-5-103084\" \/><\/a><\/div><figcaption id=\"gallery-5-103084\" class=\"wp-caption-text gallery-caption\">Foto Internet<\/figcaption><\/figure>\n<\/div>\n<figure id=\"attachment_103088\" class=\"wp-caption aligncenter\" aria-describedby=\"caption-attachment-103088\"><img loading=\"lazy\" decoding=\"async\" class=\"size-full wp-image-103088\" src=\"https:\/\/prensacomunitaria.org\/wp-content\/uploads\/2023\/01\/289171256_793668572043110_7031386546374058549_n.jpg\" alt=\"\" width=\"720\" height=\"991\" \/><figcaption id=\"caption-attachment-103088\" class=\"wp-caption-text\">Alcalde Portillo y Miguel Mart\u00ednez en campa\u00f1a.<\/figcaption><\/figure>\n<p><strong>Los Mendoza y el cartel <\/strong><\/p>\n<p>La familia Mendoza es originaria del Morales, Izabal, desde este lugar afianzaron sus negocios en gran parte del departamento y se extendieron hacia Pet\u00e9n, ocupando una franja de territorio bajo su control desde Honduras a M\u00e9xico. Esta familia acumul\u00f3 su poder a trav\u00e9s de convertirse en empresarios, contratistas del Estado, el contrabando y el narcotr\u00e1fico, poder que vieron frustrado tras la incursi\u00f3n del cartel mexicano de los Zetas en Guatemala durante el 2011, afirma una de las publicaciones del medio <a href=\"https:\/\/es.insightcrime.org\/noticias-crimen-organizado-guatemala\/mendoza\/\">Insight Crime<\/a>.<\/p>\n<p>La relaci\u00f3n entre los Mendoza y el Gobierno no es casual, el a\u00f1o pasado, dos de los hermanos Mendoza Matta formaron parte de la lista de personajes que visitaron la Casa Presidencial, en el Centro Hist\u00f3rico de la ciudad de Guatemala, a pesar de que ambos est\u00e1n implicados en investigaciones que los involucran con el crimen organizado y el narcotr\u00e1fico; esto lo public\u00f3 <a href=\"https:\/\/www.prensalibre.com\/pl-plus\/guatemala\/politica\/quienes-han-llegado-a-la-casa-presidencial\/\">Prensa Libre<\/a> el 22 de marzo de 2021.<\/p>\n<p>En el mes de abril de este a\u00f1o, dos integrantes de esta familia fueron se\u00f1alados de formar parte de la extracci\u00f3n ilegal del jade de la Monta\u00f1a Chiclera, se trata de Jeffrey Obdulio Mendoza Tally y Pablo Andr\u00e9 Mendoza Paz. En 2014 varios hermanos Mendoza fueron detenidos junto a su padre Walter Obdulio Mendoza Mata -el patriarca-, se\u00f1alados por el Ministerio P\u00fablico por el despojo de fincas que, realizaban en una regi\u00f3n de Pet\u00e9n, cinco a\u00f1os despu\u00e9s fueron condenados.<\/p>\n<p>Jeffrey Obdulio fue investigado por el Ministerio P\u00fablico y por la extinta <a href=\"https:\/\/twitter.com\/ciciggt\/status\/1133904037655523328\">Comisi\u00f3n Internacional Contra la Impunidad en Guatemala (CICIG<\/a>), en el caso que se conoci\u00f3 como G\u00e9nesis \u00c9xodo. La condena que recibi\u00f3 fue de 6 a\u00f1os de prisi\u00f3n y una multa de Q2 millones 691 mil por los delitos de lavado de dinero u otros activos. Su hermano Pablo Andr\u00e9, recibi\u00f3 una condena igual, con una multa de Q.1 mill\u00f3n 588 mil.<\/p>\n<p>La investigaci\u00f3n Mining Secrets, sobre la filtraci\u00f3n de los archivos de Compa\u00f1\u00eda Guatemalteca de N\u00edquel CGN en 2022, revel\u00f3 c\u00f3mo los Mendoza trabajaron junto a la compa\u00f1\u00eda minera y los rusos de Solway Investment Group en El Estor, Izabal. Contratos de construcci\u00f3n de obra p\u00fablica autorizados dan cuenta de los negocios entre los Mendoza y Dimitry Kudriakov, gerente de Solway en Guatemala y quien pr\u00e1cticamente sali\u00f3 del pa\u00eds pocos d\u00edas despu\u00e9s de publicadas las sanciones del Departamento del Tesoro de los EEUU.<\/p>","protected":false},"excerpt":{"rendered":"<p>En el municipio de Morales, Izabal, y frente a la mirada de las autoridades estatales, todos los d\u00edas saquean, de manera industrial e ilegal, el jade del interior de la Monta\u00f1a Chiclera, una de las \u00e1reas protegidas de Guatemala. El actual alcalde municipal, una diputada por este departamento y una familia vinculada al narcotr\u00e1fico, fueron [&hellip;]<\/p>\n","protected":false},"author":21,"featured_media":43858,"comment_status":"open","ping_status":"closed","sticky":false,"template":"","format":"standard","meta":{"footnotes":""},"categories":[51,1284,826,958,935],"tags":[58,312,53,1305,567,147,545,87,148,27,483],"class_list":["post-43857","post","type-post","status-publish","format-standard","has-post-thumbnail","hentry","category-autor","category-latinoamerica","category-medios-libres-2","category-megaproyectos","category-temas","tag-derechos-humanos","tag-guatemala","tag-justicia","tag-latinoamerica","tag-megaproyectos","tag-militarizacion","tag-pueblos-indigenas","tag-represion","tag-resistencia","tag-solidaridad","tag-tierra-y-territorio"],"_links":{"self":[{"href":"https:\/\/radiozapatista.org\/index.php?rest_route=\/wp\/v2\/posts\/43857","targetHints":{"allow":["GET"]}}],"collection":[{"href":"https:\/\/radiozapatista.org\/index.php?rest_route=\/wp\/v2\/posts"}],"about":[{"href":"https:\/\/radiozapatista.org\/index.php?rest_route=\/wp\/v2\/types\/post"}],"author":[{"embeddable":true,"href":"https:\/\/radiozapatista.org\/index.php?rest_route=\/wp\/v2\/users\/21"}],"replies":[{"embeddable":true,"href":"https:\/\/radiozapatista.org\/index.php?rest_route=%2Fwp%2Fv2%2Fcomments&post=43857"}],"version-history":[{"count":2,"href":"https:\/\/radiozapatista.org\/index.php?rest_route=\/wp\/v2\/posts\/43857\/revisions"}],"predecessor-version":[{"id":43867,"href":"https:\/\/radiozapatista.org\/index.php?rest_route=\/wp\/v2\/posts\/43857\/revisions\/43867"}],"wp:featuredmedia":[{"embeddable":true,"href":"https:\/\/radiozapatista.org\/index.php?rest_route=\/wp\/v2\/media\/43858"}],"wp:attachment":[{"href":"https:\/\/radiozapatista.org\/index.php?rest_route=%2Fwp%2Fv2%2Fmedia&parent=43857"}],"wp:term":[{"taxonomy":"category","embeddable":true,"href":"https:\/\/radiozapatista.org\/index.php?rest_route=%2Fwp%2Fv2%2Fcategories&post=43857"},{"taxonomy":"post_tag","embeddable":true,"href":"https:\/\/radiozapatista.org\/index.php?rest_route=%2Fwp%2Fv2%2Ftags&post=43857"}],"curies":[{"name":"wp","href":"https:\/\/api.w.org\/{rel}","templated":true}]}}