{"id":43817,"date":"2022-12-22T20:47:30","date_gmt":"2022-12-23T02:47:30","guid":{"rendered":"https:\/\/radiozapatista.org\/?p=43817"},"modified":"2022-12-22T20:47:30","modified_gmt":"2022-12-23T02:47:30","slug":"el-tiempo-y-la-memoria-el-nacimiento-y-la-muerte-como-transfiguracion-nos-marcan-este-dia-22-de-diciembre-de-2022","status":"publish","type":"post","link":"https:\/\/radiozapatista.org\/?p=43817","title":{"rendered":"El tiempo y la memoria, el nacimiento y la muerte como transfiguraci\u00f3n nos marcan este d\u00eda 22 de diciembre de 2022"},"content":{"rendered":"<p><strong>Organizaci\u00f3n Sociedad Civil Las Abejas de Acteal<\/strong><\/p>\n<p><strong><em>\u00a0\u00a0\u00a0\u00a0 Tierra Sagrada de los M\u00e1rtires de Acteal<\/em><\/strong><\/p>\n<p>Municipio de Chenalh\u00f3, Chiapas, M\u00e9xico.<\/p>\n<p>&nbsp;<\/p>\n<p>22 de diciembre de 2022.<\/p>\n<p>Al Congreso Nacional Ind\u00edgena<\/p>\n<p>Al Concejo Ind\u00edgena de Gobierno<\/p>\n<p>A la Comisi\u00f3n Interamericana de Derechos Humanos<\/p>\n<p>Al Pueblo Creyente de la Di\u00f3cesis de San Crist\u00f3bal de las Casas<\/p>\n<p>A las y los Defensores de los Derechos Humanos<\/p>\n<p>A los Medios libres y Alternativos<\/p>\n<p>A los Medios de comunicaci\u00f3n nacional e internacional<\/p>\n<p>A la Sociedad Civil Nacional e Internacional<\/p>\n<p><em>\u00a0<\/em><\/p>\n<p><em>\u00a0<\/em><strong><em>Nos mataron peque\u00f1os e indefensos;<\/em><\/strong><\/p>\n<p><strong><em>ahora, somos memoria, somos luz infinita.<\/em><\/strong><\/p>\n<p><em>\u00a0<\/em><\/p>\n<p><strong>Hermanas y hermanos:<\/strong><\/p>\n<p><strong>\u00a0<\/strong>Hoy ante las monta\u00f1as sagradas como testigas, damos nuestra palabra en viva voz, en nombre de nuestras abuelas y abuelos que han luchado por una vida digna y justa y, en nombre de nuestros M\u00e1rtires de Acteal, junto con los sobrevivientes y familiares de las v\u00edctimas de la Masacre y los miembros de la Organizaci\u00f3n Sociedad Civil Las Abejas de Acteal.<\/p>\n<p><a href=\"https:\/\/radiozapatista.org\/?attachment_id=43820\" rel=\"attachment wp-att-43820\"><img loading=\"lazy\" decoding=\"async\" class=\"alignnone size-medium wp-image-43820\" src=\"https:\/\/radiozapatista.org\/wp-content\/uploads\/2022\/12\/acteal_1_Lupita-lee-comunicado-350x233.jpg\" alt=\"\" width=\"350\" height=\"233\" srcset=\"https:\/\/radiozapatista.org\/wp-content\/uploads\/2022\/12\/acteal_1_Lupita-lee-comunicado-350x233.jpg 350w, https:\/\/radiozapatista.org\/wp-content\/uploads\/2022\/12\/acteal_1_Lupita-lee-comunicado.jpg 399w\" sizes=\"auto, (max-width: 350px) 100vw, 350px\" \/><\/a><\/p>\n<p><a href=\"https:\/\/blogger.googleusercontent.com\/img\/b\/R29vZ2xl\/AVvXsEhIsc7Pn8-_Cvwpk2dHeY29yOl6DPi85e3c93HGMbDSILIeL0JObsZTYExmfX4P_N6WdSVB2YhwUrzrxHEbyMR6Fq8AB42px5FzEkRPhJCFPFiNBA2BRaCd_CRcKw1QU_54Wv_wUL8AsNi-S0NCtqi4r6ytgJb8s4Kg9HQ76ZH--af29iJ-uyd1ky85iA\/s5472\/Diego%20curuz.jpg\">\u00a0<\/a>Nuestro coraz\u00f3n es guardi\u00e1n de la memoria de nuestra propia historia y caminar como pueblos, por eso no olvidamos que un 22 de diciembre nacimos como Abejas. As\u00ed que el d\u00eda de hoy festejamos nuestro aniversario n\u00famero 30. Tambi\u00e9n nuestro coraz\u00f3n, como estela guarda el evento tr\u00e1gico de la Masacre de Acteal. As\u00ed que el tiempo y la memoria, el nacimiento y la muerte como transfiguraci\u00f3n nos marcan este d\u00eda 22 de diciembre conmemorando a nuestros 45 hermanos y hermanas masacradas m\u00e1s los 4 beb\u00e9s no nacidos sacados del vientre de sus madres en este sitio de Acteal; todas ellas y ellos fueron masacrados por paramilitares priistas y cardenistas del municipio de Chenalh\u00f3, Chiapas, el 22 de diciembre de 1997, en el marco de la guerra de contrainsurgencia del Plan de Campa\u00f1a Chiapas 94, dise\u00f1ado por la Secretar\u00eda de la Defensa Nacional y del gobierno priista de Ernesto Zedillo Ponce de Le\u00f3n.<\/p>\n<p>As\u00ed que el d\u00eda de hoy el Esp\u00edritu de la Vida y de la muerte marcan nuestro ciclo, el d\u00eda de hoy festejamos el nacimiento y al mismo tiempo la muerte. Pareciera que la muerte es el gran final de todo, pero resulta que es el inicio de la victoria de la memoria y como dijo uno de los grandes maestros: Hagan esto en conmemoraci\u00f3n m\u00eda. As\u00ed estamos conmemorando nuestro nacimiento y la muerte como perpetuidad del recuerdo y la memoria, memoria que es nuestra propia historia y caminar.<\/p>\n<p><a href=\"https:\/\/radiozapatista.org\/?attachment_id=43821\" rel=\"attachment wp-att-43821\"><img loading=\"lazy\" decoding=\"async\" class=\"alignnone size-medium wp-image-43821\" src=\"https:\/\/radiozapatista.org\/wp-content\/uploads\/2022\/12\/acteal_2_moletik_chanulpom-350x233.jpg\" alt=\"\" width=\"350\" height=\"233\" srcset=\"https:\/\/radiozapatista.org\/wp-content\/uploads\/2022\/12\/acteal_2_moletik_chanulpom-350x233.jpg 350w, https:\/\/radiozapatista.org\/wp-content\/uploads\/2022\/12\/acteal_2_moletik_chanulpom.jpg 399w\" sizes=\"auto, (max-width: 350px) 100vw, 350px\" \/><\/a><\/p>\n<p>Pareciera que la tragedia nos ha marcado de distintas formas. La injusticia y el abuso de poder nos hicieron nacer. En el movimiento y en el caminar comenzamos a ver la luz como Organizaci\u00f3n \u201cLas Abejas\u201d, un d\u00eda 22 de diciembre de 1992. La luz de nuestra conciencia ya estaba y esa nos empuj\u00f3 a peregrinar desde Chenalh\u00f3 hasta el CERESO (Centro de Readaptaci\u00f3n Social) No. 5 en San Crist\u00f3bal de Las Casas, Chiapas. Esta acci\u00f3n pol\u00edtica no violenta fue para exigir la liberaci\u00f3n de nuestros 5 hermanos de Tzajalch\u2019en, acusados injustamente de haber asesinado a una persona quienes fueron detenidos arbitrariamente el d\u00eda 10 de diciembre de 1992. La suma de los hechos indignantes y nuestra acci\u00f3n dio origen al nacimiento de nuestra Organizaci\u00f3n Las Abejas. Y como Pueblo Creyente de la Di\u00f3cesis de San Crist\u00f3bal de Las Casas, convencidos e inspirados en la vida y obra de Jes\u00fas optamos como \u00c9l, la lucha No Violenta para transformar nuestras realidades.<\/p>\n<p>Es por eso hermanas y hermanos, que hoy en esta Tierra Sagrada que nos carga y abraza como una madre a su beb\u00e9, venimos a conmemorar la memoria de nuestros M\u00e1rtires de Acteal, pero al mismo tiempo celebrar la Vida y Lucha de Las Abejas; porque a pesar de tanto dolor y sufrimiento que hemos atravesado a lo largo y ancho de nuestros 30 a\u00f1os de caminar, aqu\u00ed seguimos en la resistencia y con la dignidad en alto.<\/p>\n<p>Hermanas y hermanos, si\u00e9ntanse como en casa, que a cada una y uno de ustedes la Paz de nuestros M\u00e1rtires est\u00e9 en su coraz\u00f3n.<\/p>\n<p>Los 30 a\u00f1os de nuestro caminar, no ha sido f\u00e1cil y sabemos que no lo hicimos solos, ni hubi\u00e9ramos podido seguir sin el acompa\u00f1amiento de Dios Padre-Madre, que a trav\u00e9s de su enviado el profeta y Pastor jTotik Samuel Ruiz Garc\u00eda, que nuestro agradecimiento a \u00e9l, vuele desde las monta\u00f1as de Acteal y llegue al cielo en donde sabemos vive ahora con Dios Padre-Madre y nuestros M\u00e1rtires de Acteal; porque como jTotik Samuel y otras y otros servidores de la iglesia liberadora nos ense\u00f1aron a leer la biblia que Dios nos da su amor, su paz, su justicia y su libertad a cualquier persona habitante de la faz de la tierra.<\/p>\n<p>Cada d\u00eda que el padre sol nace en el oriente, antes de aprestar nuestros pasos para caminar la paz, para construir la justicia, le damos gracias y le pedimos ilumine nuestro caminar en los momentos de oscuridad e incertidumbre.<\/p>\n<p><a href=\"https:\/\/radiozapatista.org\/?attachment_id=43822\" rel=\"attachment wp-att-43822\"><img loading=\"lazy\" decoding=\"async\" class=\"alignnone size-medium wp-image-43822\" src=\"https:\/\/radiozapatista.org\/wp-content\/uploads\/2022\/12\/acteal_3_MOl-vicente-350x233.jpg\" alt=\"\" width=\"350\" height=\"233\" srcset=\"https:\/\/radiozapatista.org\/wp-content\/uploads\/2022\/12\/acteal_3_MOl-vicente-350x233.jpg 350w, https:\/\/radiozapatista.org\/wp-content\/uploads\/2022\/12\/acteal_3_MOl-vicente.jpg 399w\" sizes=\"auto, (max-width: 350px) 100vw, 350px\" \/><\/a><\/p>\n<p>As\u00ed como cuando sucedi\u00f3 la Masacre de Acteal, nuestro hermano catequista Alonso V\u00e1zquez G\u00f3mez, d\u00edas antes de la Masacre, platic\u00f3 con las mujeres y hombres aqu\u00ed en Acteal, que no hay que tener miedo, pero hay que pedir la fuerza y la fe a Dios; porque as\u00ed es la ense\u00f1anza de Jes\u00fas nuestro Maestro y as\u00ed es el m\u00e9todo de lucha de Las Abejas; hay que pedir fuerza espiritual, hay que pedir sabidur\u00eda porque queremos vivir en paz, queremos que haya justicia en nuestro pueblo, queremos que nuestras hijas e hijos corran, jueguen, y crezcan libres y alegres en nuestras propias tierras.<\/p>\n<p>Algunos de los componentes de nuestra opci\u00f3n por la paz y nuestro ser y de asumir como compromiso de vida la No Violencia, ha sido el ayuno y la oraci\u00f3n. Por eso en aquellos a\u00f1os dif\u00edciles por la guerra de contrainsurgencia, nuestras hermanas y hermanos de Acteal estaban en ayuno y oraci\u00f3n. Ya llevaban 2 d\u00edas cuando los paramilitares llegaron a masacrarlos con sa\u00f1a, premeditaci\u00f3n y alevos\u00eda el d\u00eda 22 de diciembre de 1997. Tanto en el pasado como en el presente, el plan de los ricos, los pol\u00edticos, gobiernos y el Ej\u00e9rcito mexicano, es exterminarnos porque les incomoda y desprecian nuestras luchas y la defensa de la Madre Tierra, la Defensa de los Derechos Humanos y la Vida.<\/p>\n<p><a href=\"https:\/\/radiozapatista.org\/?attachment_id=43823\" rel=\"attachment wp-att-43823\"><img loading=\"lazy\" decoding=\"async\" class=\"alignnone size-medium wp-image-43823\" src=\"https:\/\/radiozapatista.org\/wp-content\/uploads\/2022\/12\/acteal_4_Altar-350x233.jpg\" alt=\"\" width=\"350\" height=\"233\" srcset=\"https:\/\/radiozapatista.org\/wp-content\/uploads\/2022\/12\/acteal_4_Altar-350x233.jpg 350w, https:\/\/radiozapatista.org\/wp-content\/uploads\/2022\/12\/acteal_4_Altar.jpg 399w\" sizes=\"auto, (max-width: 350px) 100vw, 350px\" \/><\/a><\/p>\n<p>Han pasado 25 a\u00f1os de la masacre de Acteal y hasta la fecha este crimen de Estado, sigue impune. Como lo hemos venido denunciando mes con mes durante un cuarto de siglo, los gobiernos sean priistas, panistas o morenistas, en vez de aplicar la justicia, han creado estrategias y pol\u00edticas de desgaste hacia nuestra organizaci\u00f3n. De ese modo ha sido su costumbre para enterrar la verdad y sepultar la justicia. S\u00f3lo que nos caracteriza la tenacidad y la terca memoria de larga duraci\u00f3n que hemos tejido.<\/p>\n<p>De las estrategias y pol\u00edticas de desgaste tanto del Estado y los gobiernos podemos se\u00f1alar que durante el gobierno del panista Felipe Calder\u00f3n Hinojosa, permiti\u00f3 a la mal llamada Corte de Justicia de la Naci\u00f3n, liberar a los paramilitares autores materiales de la masacre de Acteal. Liber\u00f3 masivamente a los responsables de la masacre de Acteal el 12 de agosto de 2009. La intensi\u00f3n de este hecho fue encubrir a los autores intelectuales como Ernesto Zedillo Ponce de Le\u00f3n, Emilio Chuayffet, Julio C\u00e9sar Ruiz Ferro, Gral. Enrique Cervantes Aguirre, Gral. Mario Ren\u00e1n Castillo, Uriel Jarquin G\u00e1lvez, Jorge Enrique Hern\u00e1ndez Aguilar, David G\u00f3mez Guzm\u00e1n entre otros.<\/p>\n<p>La otra estrategia del Estado ha sido la dilaci\u00f3n de la justicia que ha provocado dos divisiones en nuestra organizaci\u00f3n. La primera en el a\u00f1o de 2008 y la segunda en el a\u00f1o de 2014. Con estas divisiones ha buscado enemistarnos, debilitarnos y que abandonemos nuestra lucha No Violenta. Pero el gobierno y sus c\u00f3mplices ignoran y se les olvida nuestra terquedad y tenacidad que se han vuelto una virtud para reexistirnos e imaginar una Vida digna. Tambi\u00e9n olvidan que somos descendientes de las sabias y sabios mayas, la conciencia y la resistencia habitan en nuestras entra\u00f1as.<\/p>\n<p><a href=\"https:\/\/radiozapatista.org\/?attachment_id=43824\" rel=\"attachment wp-att-43824\"><img loading=\"lazy\" decoding=\"async\" class=\"alignnone size-medium wp-image-43824\" src=\"https:\/\/radiozapatista.org\/wp-content\/uploads\/2022\/12\/acteal_5_Diego-curuz-350x233.jpg\" alt=\"\" width=\"350\" height=\"233\" srcset=\"https:\/\/radiozapatista.org\/wp-content\/uploads\/2022\/12\/acteal_5_Diego-curuz-350x233.jpg 350w, https:\/\/radiozapatista.org\/wp-content\/uploads\/2022\/12\/acteal_5_Diego-curuz.jpg 399w\" sizes=\"auto, (max-width: 350px) 100vw, 350px\" \/><\/a><\/p>\n<p>Desde el a\u00f1o de 2005, cuando vimos que el sistema de justicia mexicano no ten\u00eda capacidad y voluntad pol\u00edtica de investigar y castigar a los autores materiales e intelectuales de la Masacre de Acteal, decidimos acudir ante la Comisi\u00f3n Interamericana de Derechos Humanos (CIDH), para que el Estado mexicano reconozca que la Masacre de Acteal es un crimen de Estado y los responsables sean investigados y castigados. Pero la CIDH se ha tardado para emitir el informe de fondo, que desde el a\u00f1o de 2015 se encontraba en esa etapa, es decir que desde ese a\u00f1o pudo haber emitido dicho informe de fondo, evitando desgastes tanto en los sobrevivientes y familiares de las v\u00edctimas de Acteal como en Las Abejas. Ahora estamos informados que la etapa de fondo del caso 12.790 Manuel S\u00e1ntiz Culebra y Otros (Masacre de Acteal) ya est\u00e1 enlistado en la CIDH. As\u00ed que en cualquier momento se emitir\u00e1 el informe de fondo y finalmente el Estado mexicano responder\u00e1 por el crimen que ha cometido aqu\u00ed en Acteal.<\/p>\n<p>Los 25 a\u00f1os de impunidad en la Masacre de Acteal, ha generado un sinf\u00edn de conflictos en las comunidades de Chenalh\u00f3 hacia los miembros de nuestra organizaci\u00f3n Las Abejas. El municipio de Chenalh\u00f3, est\u00e1 se\u00f1oreado por la violencia desde el a\u00f1o de 1997.<\/p>\n<p>El actual presidente municipal de Chenalh\u00f3 del Partido Verde Ecologista de M\u00e9xico, originario de la colonia Puebla (tambi\u00e9n cuna de paramilitares como la colonia Miguel Utrilla Los Chorros), en donde sus habitantes y autoridades comunitarias han desplazado en varias ocasiones a miembros de nuestra organizaci\u00f3n; mantiene sin resolver varios conflictos como la desmantelaci\u00f3n de servicios de agua y de energ\u00eda el\u00e9ctrica a familias de Las Abejas en las comunidades de; Campo Los Toros y Bach\u2019en, y el desprestigio constante hacia nuestra resistencia y nuestra diferente forma de pensamiento a la de ellos.<\/p>\n<p>La impunidad en la Masacre de Acteal, no solo ha tra\u00eddo tristeza y descomposici\u00f3n del tejido social y comunitario en Chenalh\u00f3, sino que ha causado violencias inimaginables en todo M\u00e9xico. Ya no solo podemos decir que el sistema de justicia mexicano est\u00e1 podrido, sino que va de mal en peor. Pareciera que los paramilitares y el crimen organizado se han aliado; cuando el Estado mexicano no puede enviar directamente a sus soldados a asesinar a alg\u00fan defensor o defensora de derechos humanos y de la vida, le pide o permite que un sicario del crimen organizado haga ese trabajo sucio. As\u00ed pas\u00f3 con el defensor de derechos humanos y de la vida, Samir Flores Soberanes de Amiltzingo, Morelos. Y hace un a\u00f1o, el 5 de julio del 2021, asesinaron cobardemente a nuestro compa\u00f1ero y hermano Sim\u00f3n Pedro P\u00e9rez L\u00f3pez. Estos casos y como muchos otros m\u00e1s que no lo terminamos de enlistar, es la respuesta del Estado mexicano que nos ofrece a los sobrevivientes de la Masacre de Acteal, en lugar de justicia verdadera.<\/p>\n<p>El crimen de nuestro compa\u00f1ero y hermano Sim\u00f3n Pedro, sigue impune, los administradores de justicia a cargo, est\u00e1n dilatando el proceso de justicia. No ha cambiado en nada el sistema de justicia en un gobierno que se dice ser de 4 transformaci\u00f3n o de \u201cizquierda\u201d. Las c\u00e1rceles siguen llenas de pobres y de inocentes o de personas defensoras de derechos humanos, ambientalistas que les fueron inculpado bajo torturas y tratos inhumanos. Pero en cambio, los exgobernantes y pol\u00edticos responsables de la masacre de Acteal, de la desaparici\u00f3n forzada de los 43 estudiantes de Ayotzinapa, de los feminicidios y otros casos atroces, gozan de total impunidad, o tienen puestos p\u00fablicos o desde sus comodidades planean saqueos y despojos de tierras y territorios de los pueblos originarios organizados.<\/p>\n<p><a href=\"https:\/\/radiozapatista.org\/?attachment_id=43825\" rel=\"attachment wp-att-43825\"><img loading=\"lazy\" decoding=\"async\" class=\"alignnone size-medium wp-image-43825\" src=\"https:\/\/radiozapatista.org\/wp-content\/uploads\/2022\/12\/acteal_6_solidarios-leen-350x233.jpg\" alt=\"\" width=\"350\" height=\"233\" srcset=\"https:\/\/radiozapatista.org\/wp-content\/uploads\/2022\/12\/acteal_6_solidarios-leen-350x233.jpg 350w, https:\/\/radiozapatista.org\/wp-content\/uploads\/2022\/12\/acteal_6_solidarios-leen.jpg 399w\" sizes=\"auto, (max-width: 350px) 100vw, 350px\" \/><\/a><\/p>\n<p>Hermanas y hermanos, la impunidad pactada desde el Estado, la muerte cargada de discriminaci\u00f3n e indiferencia, las vulgares mentiras y las trampas como continuidad de la contrainsurgencia que hemos atravesado durante los 25 a\u00f1os de la Masacre de Acteal, nos han hecho m\u00e1s fuertes. Ha reafirmado nuestra conciencia y convicci\u00f3n en la resistencia y en la construcci\u00f3n de un mundo m\u00e1s justo y humano, se han madurado y florece en nuestro caminar. El dolor y la muerte nos han encaminado a ser defensoras y defensores de los derechos humanos, de la Madre Tierra y de la Vida. No claudicaremos por la paz y la justicia. Aunque los amos y supremos gobiernos les incomode, nuestra palabra ser\u00e1 siempre verdadera, siempre ser\u00e1 luz en los tiempos oscuros de la vida en M\u00e9xico.<\/p>\n<p>Hoy toca hacer un recuento de nuestra vida y lucha; toca festejar nuestros logros y frutos de nuestro sufrimiento y esfuerzo, de aprender de nuestros errores que de ah\u00ed nos hemos levantado para crecer nuestra dignidad y no torcer el camino que nos han dejando quienes dieron la vida para que hoy tengamos mayor claridad de nuestro andar como organizaci\u00f3n.<\/p>\n<p>La Masacre de Acteal, hizo que estructur\u00e1ramos bien nuestra organizaci\u00f3n, decidimos que tuviera una Mesa Directiva como autoridades leg\u00edtimas de Las Abejas, decidimos tener nuestros propios comisariados responsables de resolver problemas de tierras; decidimos tener nuestros propios jueces encargados de revolver problemas familiares. As\u00ed mismo creamos \u00e1reas de Salud, Coro de Acteal, Grupo de Teatro, Mujeres Artesanas, Mujeres de Caja de ahorro y Comunicaci\u00f3n. Tambi\u00e9n creamos proyectos productivos como: ganados, colmenas, pollos, hortalizas, etc. Tambi\u00e9n tenemos trabajos de cuidado del agua y de energ\u00eda, aunque algunos trabajos van lentos, pero tenemos la conciencia que son parte de la construcci\u00f3n de un mundo m\u00e1s humano y de nuestra autonom\u00eda y libre determinaci\u00f3n, que son el fruto de la madre tierra que nos arropa.<\/p>\n<p><a href=\"https:\/\/radiozapatista.org\/?attachment_id=43826\" rel=\"attachment wp-att-43826\"><img loading=\"lazy\" decoding=\"async\" class=\"alignnone size-medium wp-image-43826\" src=\"https:\/\/radiozapatista.org\/wp-content\/uploads\/2022\/12\/acteal_7_General-350x233.jpg\" alt=\"\" width=\"350\" height=\"233\" srcset=\"https:\/\/radiozapatista.org\/wp-content\/uploads\/2022\/12\/acteal_7_General-350x233.jpg 350w, https:\/\/radiozapatista.org\/wp-content\/uploads\/2022\/12\/acteal_7_General.jpg 399w\" sizes=\"auto, (max-width: 350px) 100vw, 350px\" \/><\/a><\/p>\n<p>Hoy se cierra un ciclo de nuestra lucha, pero no quiere decir que aqu\u00ed se detiene nuestro caminar. La lucha no tiene final, no tiene l\u00edmites, no tiene caducidad. As\u00ed como la Palabra de Dios Padre-Madre nunca se acaban.<\/p>\n<p>Acteal, seguir\u00e1 siempre la Tierra Sagrada. Acteal, se ha convertido en la Casa de la Memoria y Esperanza.<\/p>\n<p>El manantial de agua que emana desde esta Tierra Sagrada, es s\u00edmbolo de la inagotable convicci\u00f3n de Lucha No Violenta.<\/p>\n<p>Y nosotras Las Abejas somos y seremos las y los guardianes de la Memoria y la Esperanza, de la historia que nuestros abuelas y abuelos nos han heredado, en este compromiso de ser constructores de la Paz y la Justicia.<\/p>\n<p>Hoy se cierra un ciclo. Hoy se abren nuevos caminos hacia la verdad. Hoy se nacen nuevas esperanzas.<\/p>\n<p>Hace 25 a\u00f1os aqu\u00ed en Acteal fue \u201cla Navidad m\u00e1s triste\u201d, as\u00ed lo dijo nuestro Tatik Samuel. Hoy, afirmamos con nuestros 30 a\u00f1os de caminar de Las Abejas: 30 veces resplandece nuestra dignidad en gigantes fragmentos de luz en medio de las monta\u00f1as sagradas que guardan el latido del pueblo y bajo el cielo que cubre los sue\u00f1os y esperanzas de Acteal.<\/p>\n<p>Esta ha sido nuestra palabra a 25 a\u00f1os de Memoria y construcci\u00f3n de Otra Justicia que dignifica a nuestros M\u00e1rtires de Acteal y en el d\u00eda de la celebraci\u00f3n de nuestros 30 a\u00f1os de reconocernos como hacedores de paz en el largo caminar en la lucha No Violenta.<\/p>\n<p>Desde <strong>Acteal, Casa de la Memoria y Esperanza.<\/strong><\/p>\n<p><strong>Atentamente.<\/strong><\/p>\n<p><strong>La Voz de la Organizaci\u00f3n Sociedad Civil Las Abejas de Acteal.<\/strong><\/p>\n<p><strong>\u00a0<\/strong><\/p>\n<p>Por la Mesa Directiva:<\/p>\n<p>Manuel P\u00e9rez Jim\u00e9nez\u00a0\u00a0\u00a0\u00a0\u00a0\u00a0\u00a0\u00a0\u00a0\u00a0\u00a0\u00a0\u00a0\u00a0\u00a0\u00a0\u00a0\u00a0\u00a0\u00a0\u00a0\u00a0\u00a0\u00a0\u00a0\u00a0\u00a0\u00a0\u00a0\u00a0\u00a0\u00a0\u00a0\u00a0 Antonio Ram\u00edrez P\u00e9rez<\/p>\n<p>Presidente\u00a0\u00a0\u00a0\u00a0\u00a0\u00a0\u00a0\u00a0\u00a0\u00a0\u00a0\u00a0\u00a0\u00a0\u00a0\u00a0\u00a0\u00a0\u00a0\u00a0\u00a0\u00a0\u00a0\u00a0\u00a0\u00a0\u00a0\u00a0\u00a0\u00a0\u00a0\u00a0\u00a0\u00a0\u00a0\u00a0\u00a0\u00a0\u00a0\u00a0\u00a0\u00a0\u00a0\u00a0\u00a0\u00a0\u00a0\u00a0\u00a0\u00a0\u00a0\u00a0\u00a0\u00a0 Secretario<\/p>\n<p>V\u00edctor Manuel L\u00f3pez G\u00f3mez \u00a0\u00a0\u00a0\u00a0\u00a0\u00a0\u00a0\u00a0\u00a0\u00a0\u00a0\u00a0\u00a0\u00a0\u00a0\u00a0\u00a0\u00a0\u00a0\u00a0\u00a0\u00a0\u00a0\u00a0\u00a0\u00a0\u00a0Mariano S\u00e1nchez D\u00edaz<\/p>\n<p>Tesorero\u00a0\u00a0\u00a0\u00a0\u00a0\u00a0\u00a0\u00a0\u00a0\u00a0\u00a0\u00a0\u00a0\u00a0\u00a0\u00a0\u00a0\u00a0\u00a0\u00a0\u00a0\u00a0\u00a0\u00a0\u00a0\u00a0\u00a0\u00a0\u00a0\u00a0\u00a0\u00a0\u00a0\u00a0\u00a0\u00a0\u00a0\u00a0 \u00a0\u00a0\u00a0\u00a0\u00a0\u00a0\u00a0\u00a0\u00a0\u00a0\u00a0\u00a0\u00a0Sub Secretario<\/p>\n<p>Testimonio de Juan Vasquez Luna Sobreviviente de la Masacre de Acteal<\/p>\n<p><strong>Testimonio de Juan V\u00e1zquez Luna<\/strong><\/p>\n<p>&nbsp;<\/p>\n<p>En este d\u00eda realizamos una jornada de ayuno y oraci\u00f3n junto con las y los sobrevivientes de la Masacre de Acteal para honrar la memoria y el esp\u00edritu de mi pap\u00e1 Alonso V\u00e1zquez G\u00f3mez, mi mam\u00e1 Mar\u00eda Luna M\u00e9ndez y mis hermanas: Rosa, Ver\u00f3nica, Antonia, Margarita de 2 a\u00f1os de edad y Juana de 8 meses qui\u00e9n en brazos de mi mam\u00e1 fue alcanzada por una bala de arma de grueso calibre de uso exclusivo del Ej\u00e9rcito mexicano. As\u00ed mismo honro a mi abuela Juana G\u00f3mez P\u00e9rez y mi t\u00edo Victorio V\u00e1zquez G\u00f3mez. Todos ellos y ellas mi familia, junto con el resto del total de 45 hombres y mujeres y m\u00e1s los 4 beb\u00e9s que fueron sacados del vientre de sus madres, por paramilitares priistas de Chenalh\u00f3 el 22 de diciembre de 1997.<\/p>\n<p>En esta masacre fueron heridas de bala mis hermanas Ernestina y Rosalinda. Y junto con mi hermana Guadalupe y mi hermano Manuel (Manuelito) salimos ilesos de ese ataque cobarde.<\/p>\n<p>Gracias a mi pap\u00e1, a mi mam\u00e1 a mis hermanas y hermanitas, y el resto de las 45 hombres y mujeres que ofrecieron su sangre para que yo, mis hermanas y el resto de las personas que tambi\u00e9n se encontraban el d\u00eda de la masacre, hayamos podido sobrevivir. Y a 25 a\u00f1os de esa cruel masacre, seguimos vivos y organizados en la lucha de Las Abejas de Acteal.<\/p>\n<p>Recuerdo que mi pap\u00e1 meses antes de la masacre de Acteal, estuvo participando en las reuniones de Las Abejas junto con otros catequistas y representantes de la organizaci\u00f3n, para platicar qu\u00e9 se pod\u00eda hacer para que se detuviera la violencia que hab\u00eda brotado en el municipio de Chenalh\u00f3.<\/p>\n<p>En varias ocasiones, ve\u00eda a mi pap\u00e1 salir de casa para ir a las reuniones en otras comunidades de Chenalh\u00f3; llevaba su azad\u00f3n y mecapal para enga\u00f1ar la atenci\u00f3n de los paramilitares.<\/p>\n<p>Mucho antes de la guerra de contrainsurgencia en Chiapas, mi pap\u00e1 ya era catequista de la Parroquia de San Pedro Chenalh\u00f3, incluso cuando fue masacrado aqu\u00ed en Acteal, ten\u00eda cargo de jefe de Zona de catequistas.<\/p>\n<p>Mi pap\u00e1 era una persona muy respetada, porque eso mismo hac\u00eda con las personas, aunque hab\u00edan algunas personas que lo quer\u00edan molestar y hasta golpearlo por el hecho de ser catequista, \u00e9l nunca respondi\u00f3 por la violencia, porque siempre practic\u00f3 la No Violencia, as\u00ed como Jes\u00fas que en \u00c9l siempre confi\u00f3 hasta su muerte.<\/p>\n<p>El d\u00eda 20 de diciembre, mi pap\u00e1 Alonso, reuni\u00f3 a los hombres y mujeres creyentes y miembros de Las Abejas para organizar una jornada de ayuno y oraci\u00f3n por 3 d\u00edas; para pedirle a Dios que se detenga la violencia en Chenalh\u00f3 porque no quer\u00edan que se muera la gente. Hasta hubo unos d\u00edas que los paramilitares dejaron de pasar a amenazar en Acteal, cre\u00edmos que ya nos hab\u00edamos salvado de la muerte.<\/p>\n<p>Pero, cuando llev\u00e1bamos 2 d\u00edas de ayuno, el d\u00eda 22 de diciembre, los paramilitares entraron a masacrarnos, fue ah\u00ed que murieron las 45 personas y hab\u00eda 4 mujeres que estaban embarazadas y les abrieron sus vientres para sacarles a sus beb\u00e9s.<\/p>\n<p>Todo este terrible suceso en mi vida y la de mi familia, es muy doloroso. Y para que no se olvide nunca, a mis hijos e hijas les platico constantemente, para que sepan lo que pas\u00f3 con sus abuelos, t\u00edas y t\u00edos.<\/p>\n<p>Este 22 de diciembre se cumplen 25 a\u00f1os de la Masacre de Acteal y no hemos encontrado la justicia. Al contrario, el gobierno ha buscado la manera de borrar lo que pas\u00f3 aqu\u00ed en Acteal. Lamento mucho que haya sobrevivientes que cambiaron por dinero la sangre de sus familiares, haciendo menos a la justicia. Y estas mismas personas andan convenciendo a otros sobrevivientes para que tambi\u00e9n acepten el dinero que da el gobierno. As\u00ed, hace poco a mi hermana Rosalinda trataron de enga\u00f1arla dici\u00e9ndole que le iban a conseguir 600 mil pesos; pero, \u201csi tiene voluntad\u201d le puede dar algunos miles a los responsables de gestionar ese dinero; y a parte de lo econ\u00f3mico, le ofrecieron una casa, pero mi hermana no acept\u00f3.<\/p>\n<p>Yo y junto a mi familia como el resto de los sobrevivientes conscientes de buscar una justicia verdadera, nunca cambiaremos por dinero la justicia. Es por eso que como han venido exigiendo nuestras autoridades la Mesa Directiva de Las Abejas de Acteal, en nombre de mi pap\u00e1, mam\u00e1 y hermanas y hermanitas; le recuerdo a la Comisi\u00f3n Interamericana de Derechos Humanos (CIDH), que cuando fui a representar a los sobrevivientes de la masacre de Acteal, durante los 156 periodo de sesiones de audiencia p\u00fablica realizada el 20 de octubre de 2015 en la sede de dicho organismo internacional en la ciudad de Washington, Estados Unidos, rechazamos la soluci\u00f3n amistosa que ofreci\u00f3 el Estado mexicano, sino que lo que queremos es justicia verdadera y se dicte ya el informe de fondo del caso <strong>12.790 Manuel Santiz Culebra y Otros<\/strong><strong>, (Masacre de Acteal)<\/strong>.<\/p>\n<p>Actualmente hay muchas personas de otras organizaciones que est\u00e1n en la c\u00e1rcel injustamente. La justicia torcida del gobierno es encarcelar a los que defienden los derechos humanos, pero a los asesinos y todo tipo de delincuentes, los tiene en total impunidad.<\/p>\n<p>Aunque nos hayan matado, pero no vamos a dejar nuestra lucha en Las Abejas de Acteal. Al contrario, despu\u00e9s de la masacre nuestra organizaci\u00f3n se hizo fuerte, empez\u00f3 a crecer m\u00e1s profunda sus ra\u00edces. Y ya est\u00e1 a unos d\u00edas de cumplirse 30 a\u00f1os nuestra lucha, pero todo eso es gracias a la sangre inocente; en especial la de mi pap\u00e1, mi mam\u00e1 y hermanas y hermanitas.<\/p>\n<p>Todo esto, es lo que le doy gracias a Dios por permitirme seguir con vida y tener conciencia de no venderme al gobierno. As\u00ed les pido a los dem\u00e1s sobrevivientes que tampoco vendan la sangre de sus familiares; porque el dinero no va a devolver a nuestros familiares masacrados. Porque la memoria y nuestra dignidad no tienen precio.<\/p>\n<p>Acteal, Chenalh\u00f3, Chiapas, M\u00e9xico; a 17 de diciembre de 2022.<\/p>\n<p><strong>Atentamente.<\/strong><\/p>\n<p><strong>Juan V\u00e1zquez Luna<\/strong><\/p>\n<p>Sobreviviente de la Masacre de Acteal<\/p>\n<p>&nbsp;<\/p>\n<p>Poes\u00edas en memoria a los 25 a\u00f1os de la Masacre de Acteal Y a los 30 a\u00f1os de la fundaci\u00f3n de la organizaci\u00f3n Civil Las Abejas de Acteal.<\/p>\n<p><strong>\u00a0\u00a0\u00a0\u00a0\u00a0\u00a0\u00a0\u00a0\u00a0\u00a0\u00a0\u00a0\u00a0\u00a0\u00a0\u00a0\u00a0\u00a0\u00a0\u00a0\u00a0\u00a0\u00a0\u00a0\u00a0\u00a0\u00a0\u00a0\u00a0\u00a0\u00a0\u00a0\u00a0\u00a0\u00a0\u00a0\u00a0\u00a0\u00a0\u00a0\u00a0\u00a0\u00a0\u00a0\u00a0\u00a0\u00a0 Gigantes fragmentos de Luz\u00a0<\/strong><\/p>\n<p><strong>\u00a0<\/strong><\/p>\n<p><strong>Muk\u2019tikil bik\u2019tal ts\u2019its\u2019ipal Xojob <\/strong><\/p>\n<p><strong>Sts\u2019ibaoj: Ruperta Bautista<\/strong><\/p>\n<p>Yu\u2019un mu xch\u2019ay te o\u2019ntonal jmileltik te Akte\u2019al.<\/p>\n<p>Xchi\u2019uk li lajuneb xch\u2019a vinik a\u2019bil spasel tal<\/p>\n<p>li tsoblej Chanul pom te Akte\u2019al.<\/p>\n<p>Li jmilvanejetike stenik snochanik<\/p>\n<p>lajelal te syol sat muk\u2019ta me\u2019iletik.<\/p>\n<p>Xcha\u2019 kuxeltal li jmileletik sts\u2019ujlajet xch\u2019ich\u2019elike,<\/p>\n<p>ch\u2019analukutik chi jk\u2019opoj te ik\u2019al osil.<\/p>\n<p>Yajemal k\u2019opetik te snatil be xanavenukutik,<\/p>\n<p>Me\u2019onal k\u2019in te ik\u2019<\/p>\n<p>slikeb tal li jk\u2019optike: Chanul pom.<\/p>\n<p>Alab nich\u2019nabilukutik<\/p>\n<p>pojbilik slumal stot sme\u2019ik.<\/p>\n<p>Cha\u2019 anemukutik tal te ts\u2019its\u2019ip xojob,<\/p>\n<p>ni jcha\u2019 kuxtalel te juju ts\u2019uj stsajal<\/p>\n<p>ch\u2019ich\u2019el muk\u2019tikil ants viniketik: Mayaetik.<\/p>\n<p>Chanul pom antsetik sujbilik<\/p>\n<p>te milel yolik muyuk to chvok\u2019ik,<\/p>\n<p>bats\u2019i viniketik yabanojik<\/p>\n<p>smakal nuk\u2019 lekilal.<\/p>\n<p>Bol pochan viniketik li j-elek\u2019etik<\/p>\n<p>chelk\u2019anik slajesik batel li jts\u2019umbaltike,<\/p>\n<p>batem te yo\u2019ntonik ilbajinvanej,<\/p>\n<p>x-uch\u2019et yu\u2019unik sbe xch\u2019ich\u2019el balamil,<\/p>\n<p>k\u2019ux li sujbil me\u2019nal<\/p>\n<p>te snaultak jkuxlejaltike.<\/p>\n<p>J-ilbajineletik yajesbilik<\/p>\n<p>te sjot\u2019benal sujbil me\u2019nal,<\/p>\n<p>k\u2019usie chi antutik tal te lum<\/p>\n<p>sts\u2019unub na\u2019elal,<\/p>\n<p>me u\u2019ue chi lupintutik tal te ste\u2019altak<\/p>\n<p>uk\u2019umetik jpok vokolil.<\/p>\n<p>Skomon ts\u2019ikel yatinel xchi\u2019ch\u2019el jteklum,<\/p>\n<p>sk\u2019unk\u2019un lajel j-ibajineletik,<\/p>\n<p>k\u2019usie a\u2019untutik li epal chanul pom<\/p>\n<p>spabik yo\u2019nton lekil kolele.<\/p>\n<p>Li yich\u2019el te muk\u2019 kuxlejal xchi\u2019uk jun o\u2019ntonale,<\/p>\n<p>tup\u2019bilik te yok sk\u2019ob jmilvanejetik te balamil.<\/p>\n<p>Tana kuxlejal xch\u2019aybatel te smukel animaetik.<\/p>\n<p>Sk\u2019opojel sbek\u2019 sat totilme\u2019iletike<\/p>\n<p>xvinajik te sts\u2019ib jayibuk jst\u2019ibajometik:<\/p>\n<p>Lunex chib xch\u2019a vinik diciembre, Akte\u2019al.<\/p>\n<p>Laj xchukik smilik lekil kolelale,<\/p>\n<p>jmultutike: sa\u2019el lekilal.<\/p>\n<p>Tenbilun yakuxuluntutik te xch\u2019ayel o\u2019ntonal.<\/p>\n<p>K\u2019usie a\u2019untutik li ach\u2019 jch\u2019ieletik muk\u2019 snopbenal mu<\/p>\n<p>xch\u2019ay te yo\u2019ntonik li milel te yok sk\u2019ob jmilvanejetike.<\/p>\n<p>Ik\u2019pok\u2019an li lekilal te sbek\u2019 sat sjelevel a\u2019biletike.<\/p>\n<p>Muk\u2019 li lekilal bak\u2019intik chnamaj batel te ik\u2019,<\/p>\n<p>anta sutalel xchi\u2019uk jtsop p\u2019ijil j-abtel chanul pometik,<\/p>\n<p>li stsatsubtasik tsatsal p\u2019ijilal yu\u2019un skoltael<\/p>\n<p>li jteklum chanav te sts\u2019ubilumal be sibtasik batel lajelale.<\/p>\n<p>&nbsp;<\/p>\n<p><strong>Gigantes fragmentos de Luz <\/strong><\/p>\n<p><strong>Por: Ruperta Bautista<\/strong><\/p>\n<p>En memoria a los 25 a\u00f1os de la masacre de Acteal.<\/p>\n<p>Y a los 30 a\u00f1os de la fundaci\u00f3n de la organizaci\u00f3n Civil Las Abejas de Acteal.<\/p>\n<p>Los suicidas arrojan e implantan<\/p>\n<p>muerte en los ojos de las abuelas.<\/p>\n<p>Los asesinados sangran en el vocablo renacer,<\/p>\n<p>nuestro silencio habla en la oscuridad.<\/p>\n<p>Palabra herida en el camino transitado,<\/p>\n<p>triste melod\u00eda del viento<\/p>\n<p>en el origen de nuestra palabra: Abejas.<\/p>\n<p>Somos descendientes<\/p>\n<p>despojados de suelos ancestrales.<\/p>\n<p>Resurgidos en los fragmentos de luz,<\/p>\n<p>somos verbo accionado y resucitado<\/p>\n<p>en la sangre de los gigantes: Mayas.<\/p>\n<p>Mujeres chanul pom<a href=\"https:\/\/acteal.blogspot.com\/2022\/12\/el-tiempo-y-la-memoria-el-nacimiento-y.html#_ftn1\" name=\"_ftnref1\">[1]<\/a> obligadas<\/p>\n<p>a parir la muerte de sus nonatos,<\/p>\n<p>bats\u2019i viniketik<a href=\"https:\/\/acteal.blogspot.com\/2022\/12\/el-tiempo-y-la-memoria-el-nacimiento-y.html#_ftn2\" name=\"_ftnref2\">[2]<\/a> escuchan<\/p>\n<p>la afon\u00eda de la justicia.<\/p>\n<p>Gente maldita los invasores<\/p>\n<p>que roban y destruyen el legado,<\/p>\n<p>habitan el coraz\u00f3n del odio,<\/p>\n<p>desangran las venas de la tierra,<\/p>\n<p>duele la miseria implantada<\/p>\n<p>en el hilo de nuestra historia.<\/p>\n<p>Victimas explotados en las garras<\/p>\n<p>de la desgracia implantada,<\/p>\n<p>pero brotamos en el suelo<\/p>\n<p>semillas de la memoria<\/p>\n<p>o reto\u00f1amos en los arboles<\/p>\n<p>de los r\u00edos que lavan el sufrimiento.<\/p>\n<p>Ensangrentada resignaci\u00f3n junto al pueblo,<\/p>\n<p>esclavos torturados en lenta agon\u00eda,<\/p>\n<p>pero somos enjambre<\/p>\n<p>que consuelan el coraz\u00f3n de la libertad.<\/p>\n<p>En estas tierras el derecho a la vida y la paz,<\/p>\n<p>son aniquilados por los traidores.<\/p>\n<p>El presente se ausenta en la despedida de los muertos.<\/p>\n<p>Los ojos de los Padres-Madres<\/p>\n<p>parlamentan en las letras de algunas poetas:<\/p>\n<p>lunes 22 de diciembre, Acteal.<\/p>\n<p>Encarcelaron y asesinaron la libertad,<\/p>\n<p>nuestro delito: reclamar justicia.<\/p>\n<p>abandonados y agonizantes en la ceguera del olvido.<\/p>\n<p>Pero somos j\u00f3venes con pensamiento grande<\/p>\n<p>que recuerdan el sufrimiento implantado por los militares.<\/p>\n<p>Justicia lacerada en la mirada de las d\u00e9cadas.<\/p>\n<p>Venerable la dignidad que a veces se aleja con el viento,<\/p>\n<p>y regresa con el enjambre de insectos sabios y trabajadores,<\/p>\n<p>que encienden la fortaleza y sabidur\u00eda para la liberaci\u00f3n<\/p>\n<p>del pueblo que camina en el polvo combatiendo a la muerte.<\/p>\n<p><a href=\"https:\/\/acteal.blogspot.com\/2022\/12\/el-tiempo-y-la-memoria-el-nacimiento-y.html#_ftnref1\" name=\"_ftn1\">[1]<\/a> Abejas en lengua tsotsil.<\/p>\n<p><a href=\"https:\/\/acteal.blogspot.com\/2022\/12\/el-tiempo-y-la-memoria-el-nacimiento-y.html#_ftnref2\" name=\"_ftn2\">[2]<\/a> Hombres verdaderos u hombres originarios.<\/p>\n<p><strong>\u00a0\u00a0\u00a0\u00a0\u00a0\u00a0\u00a0\u00a0\u00a0\u00a0\u00a0\u00a0\u00a0\u00a0\u00a0\u00a0\u00a0\u00a0\u00a0\u00a0\u00a0\u00a0\u00a0\u00a0\u00a0\u00a0\u00a0\u00a0\u00a0\u00a0\u00a0\u00a0\u00a0\u00a0\u00a0\u00a0\u00a0\u00a0\u00a0\u00a0\u00a0\u00a0\u00a0\u00a0\u00a0\u00a0\u00a0 <\/strong><strong>\u00a0<\/strong><\/p>\n<p><strong>\u00a0\u00a0\u00a0\u00a0\u00a0\u00a0\u00a0\u00a0\u00a0\u00a0\u00a0\u00a0\u00a0\u00a0\u00a0\u00a0\u00a0\u00a0\u00a0\u00a0\u00a0\u00a0\u00a0\u00a0\u00a0\u00a0\u00a0\u00a0\u00a0\u00a0\u00a0\u00a0\u00a0\u00a0\u00a0\u00a0\u00a0\u00a0\u00a0\u00a0\u00a0 Manantial de la Paz<\/strong><\/p>\n<p><strong>\u00a0<\/strong>Somos guardianes de la semilla de la paz,<\/p>\n<p>Somos mujeres y hombres verdaderos,<\/p>\n<p>Nuestra lengua tsotsil,<\/p>\n<p>fusiona con el canto de las aves,<\/p>\n<p>De grandes sabios mayas, nuestra cultura.<\/p>\n<p>Hace 30 a\u00f1os se form\u00f3 nuestra lucha,<\/p>\n<p>una estrella m\u00e1s en el cosmos.<\/p>\n<p>La luz de nuestra palabra verdadera<\/p>\n<p>Le molest\u00f3 el amo del inframundo,<\/p>\n<p>Apres\u00f3 a 5 hermanos nuestros<\/p>\n<p>Pero nuestra sabidur\u00eda y coraz\u00f3n grande,<\/p>\n<p>Los puso en libertad.<\/p>\n<p>Hace treinta a\u00f1os.<\/p>\n<p>El Coraz\u00f3n del Cielo y Coraz\u00f3n<\/p>\n<p>De la tierra,<\/p>\n<p>Nos enviaron a este mundo para<\/p>\n<p>Cultivar amor, Justicia y Paz.<\/p>\n<p>Somos cuidadoras de la Madre Tierra,<\/p>\n<p>Somos defensores de la Vida,<\/p>\n<p>Ofrecemos nuestras vidas por ello,<\/p>\n<p>Si es necesario.<\/p>\n<p>Crecimos y volamos en el mundo para compartir<\/p>\n<p>La palabra verdadera de nuestro coraz\u00f3n.<\/p>\n<p>No queremos guerra en el mundo,<\/p>\n<p>que a nadie le falte la paz,<\/p>\n<p>as\u00ed como el viento que nos sopla a todos.<\/p>\n<p>Nuestro caminar ha sido largo,<\/p>\n<p>Atravesamos oscuridad, dolor y muerte,<\/p>\n<p>A pesar de la masacre a 45 hermanas y hermanos<\/p>\n<p>Y los 4 beb\u00e9s no nacidos,<\/p>\n<p>Hoy somos luz infinita.<\/p>\n<p>30 veces resplandece nuestra dignidad<\/p>\n<p>en gigantes fragmentos de luz.<\/p>\n<p>Gracias Coraz\u00f3n del cielo,<\/p>\n<p>Gracias Coraz\u00f3n de la Tierra,<\/p>\n<p>Gracias Coraz\u00f3n de Acteal:<\/p>\n<p>\u2026Ahora,<\/p>\n<p>Somos manantial de paz.<\/p>\n<p><strong>\u00a0<\/strong><\/p>\n<p><strong>Ja Jim\u00e9nez<\/strong><\/p>\n<p>Miembro de la Organizaci\u00f3n Sociedad Civil Las Abejas de Acteal.<\/p>\n<p>22 de diciembre del a\u00f1o 2022<\/p>\n<p>&nbsp;<\/p>\n<p>&nbsp;<\/p>\n<p><strong>\u00a0\u00a0\u00a0\u00a0\u00a0\u00a0 Acteal, luz que ilumina los caminos<\/strong><\/p>\n<p><strong>\u00a0<\/strong><\/p>\n<p><strong>\u00a0I<\/strong><\/p>\n<p><strong>\u00a0<\/strong>Arde el canto Maya,<\/p>\n<p>h\u00e1bito de vida que permanece.<\/p>\n<p>&nbsp;<\/p>\n<p>Aqu\u00ed siguen:<\/p>\n<p>En el viento \u00e1mbar de las monta\u00f1as.<\/p>\n<p>Aqu\u00ed siguen:<\/p>\n<p>Como vig\u00edas de lluvia torrencial.<\/p>\n<p>Aqu\u00ed siguen:<\/p>\n<p>Con su palabra que es fuego en el camino.<\/p>\n<p>Aqu\u00ed siguen:<\/p>\n<p>Cargadores del tiempo ante el cosmos.<\/p>\n<p>Arde el canto Maya,<\/p>\n<p>h\u00e1bito de vida que permanece.<\/p>\n<p>&nbsp;<\/p>\n<p><strong>II<\/strong><\/p>\n<p>Arde la voz que emerge desde Xibalba,<\/p>\n<p>incendia la tierra y sus alrededores,<\/p>\n<p>como humarada que se disfraza de nube<\/p>\n<p>para ocultar la calamidad.<\/p>\n<p>R\u00edos de sangre,<\/p>\n<p>que alumbra el alimento en tierra.<\/p>\n<p>Casa de invierno,<\/p>\n<p>fervor del Se\u00f1or de la Noche.<\/p>\n<p>Arde la voz que emerge desde Xibalba,<\/p>\n<p>sembrada la tragedia, crece la vida,<\/p>\n<p>despeja la t\u00f3rrida tormenta,<\/p>\n<p>Furor de los m\u00e1rtires<\/p>\n<p>polinizando el universo,<\/p>\n<p>despu\u00e9s del fango viene la primavera.<\/p>\n<p>&nbsp;<\/p>\n<p><strong>III<\/strong><\/p>\n<p>Arde la voz que emerge desde Xilbalba.<\/p>\n<p>Con destellos que fulguran flores,<\/p>\n<p>vientos de los cuatro rumbos<\/p>\n<p>que se agolpa en el n\u00facleo de la memoria.<\/p>\n<p>Al susurro del colibr\u00ed<\/p>\n<p>afina el ritmo del tiempo.<\/p>\n<p>Al rugir del jaguar<\/p>\n<p>retiembla el ritmo del tambor.<\/p>\n<p>Al silbido del viento<\/p>\n<p>templa el ritmo de la palabra.<\/p>\n<p>Alzan la voz coral donde emerge<\/p>\n<p>la paz de los cuatro rumbos<\/p>\n<p>trece cielos que tocan el instante<\/p>\n<p>Di\u00e1spora de verdad y justicia<\/p>\n<p><u>luz<\/u> que ilumina los caminos.<\/p>\n<p><strong>Pedro Faro<\/strong><\/p>\n<p><strong>Acteal, Chiapas, M<\/strong><strong>\u00e9xico,<\/strong><\/p>\n<p><strong>22 de diciembre de 2022<\/strong><\/p>\n<p>Canci\u00f3n en Memoria de los Martires de Acteal y la Fundacion de Las Organizaci\u00f3n de Las Abejas<\/p>\n<p>Auctor: Victorio Santis<\/p>\n<p><a href=\"https:\/\/m.facebook.com\/story.php?story_fbid=pfbid032Zvy2hRKPzSZA7z4ZFTW7WpWwwLt8tSLAXwAyNwb7GyrfSmSyjmQo86u1zygnTfql&amp;id=100034874463320&amp;mibextid=Nif5oz\">https:\/\/m.facebook.com\/story.php?story_fbid=pfbid032Zvy2hRKPzSZA7z4ZFTW7WpWwwLt8tSLAXwAyNwb7GyrfSmSyjmQo86u1zygnTfql&amp;id=100034874463320&amp;mibextid=Nif5oz<\/a><\/p>\n<p>&nbsp;<\/p>","protected":false},"excerpt":{"rendered":"<p>Organizaci\u00f3n Sociedad Civil Las Abejas de Acteal \u00a0\u00a0\u00a0\u00a0 Tierra Sagrada de los M\u00e1rtires de Acteal Municipio de Chenalh\u00f3, Chiapas, M\u00e9xico. &nbsp; 22 de diciembre de 2022. Al Congreso Nacional Ind\u00edgena Al Concejo Ind\u00edgena de Gobierno A la Comisi\u00f3n Interamericana de Derechos Humanos Al Pueblo Creyente de la Di\u00f3cesis de San Crist\u00f3bal de las Casas A [&hellip;]<\/p>\n","protected":false},"author":21,"featured_media":43818,"comment_status":"open","ping_status":"closed","sticky":false,"template":"","format":"standard","meta":{"footnotes":""},"categories":[957,51,6,826,954,961,960,935],"tags":[100,79,917,58,782,53,106,567,147,23,545,87,148,27,483],"class_list":["post-43817","post","type-post","status-publish","format-standard","has-post-thumbnail","hentry","category-autonomia","category-autor","category-chiapas","category-medios-libres-2","category-mexico","category-mujeres","category-ninxs","category-temas","tag-acteal","tag-autonomia","tag-chiapas","tag-derechos-humanos","tag-desplazamiento-forzado","tag-justicia","tag-las-abejas-de-acteal","tag-megaproyectos","tag-militarizacion","tag-paramilitares","tag-pueblos-indigenas","tag-represion","tag-resistencia","tag-solidaridad","tag-tierra-y-territorio"],"_links":{"self":[{"href":"https:\/\/radiozapatista.org\/index.php?rest_route=\/wp\/v2\/posts\/43817","targetHints":{"allow":["GET"]}}],"collection":[{"href":"https:\/\/radiozapatista.org\/index.php?rest_route=\/wp\/v2\/posts"}],"about":[{"href":"https:\/\/radiozapatista.org\/index.php?rest_route=\/wp\/v2\/types\/post"}],"author":[{"embeddable":true,"href":"https:\/\/radiozapatista.org\/index.php?rest_route=\/wp\/v2\/users\/21"}],"replies":[{"embeddable":true,"href":"https:\/\/radiozapatista.org\/index.php?rest_route=%2Fwp%2Fv2%2Fcomments&post=43817"}],"version-history":[{"count":2,"href":"https:\/\/radiozapatista.org\/index.php?rest_route=\/wp\/v2\/posts\/43817\/revisions"}],"predecessor-version":[{"id":43827,"href":"https:\/\/radiozapatista.org\/index.php?rest_route=\/wp\/v2\/posts\/43817\/revisions\/43827"}],"wp:featuredmedia":[{"embeddable":true,"href":"https:\/\/radiozapatista.org\/index.php?rest_route=\/wp\/v2\/media\/43818"}],"wp:attachment":[{"href":"https:\/\/radiozapatista.org\/index.php?rest_route=%2Fwp%2Fv2%2Fmedia&parent=43817"}],"wp:term":[{"taxonomy":"category","embeddable":true,"href":"https:\/\/radiozapatista.org\/index.php?rest_route=%2Fwp%2Fv2%2Fcategories&post=43817"},{"taxonomy":"post_tag","embeddable":true,"href":"https:\/\/radiozapatista.org\/index.php?rest_route=%2Fwp%2Fv2%2Ftags&post=43817"}],"curies":[{"name":"wp","href":"https:\/\/api.w.org\/{rel}","templated":true}]}}