{"id":43813,"date":"2022-12-21T21:05:09","date_gmt":"2022-12-22T03:05:09","guid":{"rendered":"https:\/\/radiozapatista.org\/?p=43813"},"modified":"2022-12-21T21:05:09","modified_gmt":"2022-12-22T03:05:09","slug":"texas-declara-emergencia-por-migracion-y-coloca-soldados-en-frontera-con-mexico","status":"publish","type":"post","link":"https:\/\/radiozapatista.org\/?p=43813","title":{"rendered":"Texas declara emergencia por migraci\u00f3n y coloca soldados en frontera con M\u00e9xico"},"content":{"rendered":"<p>Fuente: <a href=\"https:\/\/avispa.org\/texas-declara-emergencia-por-migracion-y-coloca-soldados-en-frontera-con-mexico\/\">Avispa Midia<\/a><\/p>\n<p>Por \u00d1an\u00ed Pinto<\/p>\n<div class=\"tdb-block-inner td-fix-index\">\n<p><sup><em>En portada: Migrantes esperan al borde del r\u00edo Bravo para cruzar hacia EEUU en el contexto del fin de las restricciones impuestas por el T\u00edtulo 42.<\/em><\/sup><\/p>\n<p>Soldados pertenecientes a la Guardia Nacional de Texas fueron colocados por el gobierno de dicho estado norteamericano para contener el paso a migrantes que buscan cruzar a los Estados Unidos para solicitar asilo.<\/p>\n<p>Los cientos de militares se desplegaron acompa\u00f1ados de una docena de veh\u00edculos blindados junto al R\u00edo Bravo en una zona utilizada por los migrantes para ingresar a los EEUU, en el contexto de declaraci\u00f3n de estado de emergencia por parte de la ciudad de El Paso, Texas.<\/p>\n<figure class=\"wp-block-image size-full\"><a class=\"td-modal-image\" href=\"https:\/\/avispa.org\/wp-content\/uploads\/2022\/12\/Fotografi\u0301a-Gabriela-Minja\u0301res-La-Verdad-.jpeg\"><img loading=\"lazy\" decoding=\"async\" class=\"wp-image-92559\" src=\"https:\/\/avispa.org\/wp-content\/uploads\/2022\/12\/Fotografi\u0301a-Gabriela-Minja\u0301res-La-Verdad-.jpeg\" sizes=\"auto, (max-width: 1024px) 100vw, 1024px\" srcset=\"https:\/\/avispa.org\/wp-content\/uploads\/2022\/12\/Fotografi\u0301a-Gabriela-Minja\u0301res-La-Verdad-.jpeg 1024w, https:\/\/avispa.org\/wp-content\/uploads\/2022\/12\/Fotografi\u0301a-Gabriela-Minja\u0301res-La-Verdad--300x225.jpeg 300w, https:\/\/avispa.org\/wp-content\/uploads\/2022\/12\/Fotografi\u0301a-Gabriela-Minja\u0301res-La-Verdad--768x576.jpeg 768w, https:\/\/avispa.org\/wp-content\/uploads\/2022\/12\/Fotografi\u0301a-Gabriela-Minja\u0301res-La-Verdad--696x522.jpeg 696w, https:\/\/avispa.org\/wp-content\/uploads\/2022\/12\/Fotografi\u0301a-Gabriela-Minja\u0301res-La-Verdad--560x420.jpeg 560w, https:\/\/avispa.org\/wp-content\/uploads\/2022\/12\/Fotografi\u0301a-Gabriela-Minja\u0301res-La-Verdad--80x60.jpeg 80w, https:\/\/avispa.org\/wp-content\/uploads\/2022\/12\/Fotografi\u0301a-Gabriela-Minja\u0301res-La-Verdad--265x198.jpeg 265w\" alt=\"\" width=\"1024\" height=\"768\" \/><\/a><figcaption><em><sup>Soldados norteamericanos enla frontera con M\u00e9xico. Foto: Gabriela Minja\u0301res<\/sup><\/em><\/figcaption><\/figure>\n<p>Oscar Leeser, alcalde de la ciudad texana, justific\u00f3 el estado de emergencia por el aumento\u00a0 de las llegadas de migrantes despu\u00e9s de que un\u00a0juez estadounidense orden\u00f3 el fin de las restricciones fronterizas de la era Covid-19, conocidas como\u00a0T\u00edtulo 42, para el 21 de diciembre.<\/p>\n<p class=\"has-vivid-cyan-blue-color has-text-color\"><a href=\"https:\/\/avispa.org\/las-excepciones-al-titulo-42-no-son-suficientes-para-los-solicitantes-de-asilo-en-el-chaparral-tijuana\/\" target=\"_blank\" rel=\"noreferrer noopener\">Te puede interesar &#8211; Las excepciones al T\u00edtulo 42 no son suficientes para los solicitantes de asilo en El Chaparral, Tijuana<\/a><\/p>\n<p>Los soldados pertenecen a la Fuerza de Respuesta de Seguridad del Batall\u00f3n de Polic\u00eda Militar 606, que est\u00e1 capacitada en operaciones de disturbios civiles y respuesta a la migraci\u00f3n masiva. \u201cSe utiliza para salvaguardar la frontera y repeler y hacer retroceder a los inmigrantes ilegales\u201d, dijo la guardia en un comunicado de prensa.<\/p>\n<p>En este contexto, los migrantes ya desbordan los albergues y,\u00a0como \u00fanica opci\u00f3n, duermen soportando bajas temperaturas en las calles de El Paso.<\/p>\n<figure class=\"wp-block-image size-large\"><a class=\"td-modal-image\" href=\"https:\/\/avispa.org\/wp-content\/uploads\/2022\/12\/Migrantes-cruzan-hacia-Texas-2-1024x768.jpeg\"><img loading=\"lazy\" decoding=\"async\" class=\"wp-image-92561\" src=\"https:\/\/avispa.org\/wp-content\/uploads\/2022\/12\/Migrantes-cruzan-hacia-Texas-2-1024x768.jpeg\" sizes=\"auto, (max-width: 1024px) 100vw, 1024px\" srcset=\"https:\/\/avispa.org\/wp-content\/uploads\/2022\/12\/Migrantes-cruzan-hacia-Texas-2-1024x768.jpeg 1024w, https:\/\/avispa.org\/wp-content\/uploads\/2022\/12\/Migrantes-cruzan-hacia-Texas-2-300x225.jpeg 300w, https:\/\/avispa.org\/wp-content\/uploads\/2022\/12\/Migrantes-cruzan-hacia-Texas-2-768x576.jpeg 768w, https:\/\/avispa.org\/wp-content\/uploads\/2022\/12\/Migrantes-cruzan-hacia-Texas-2-1536x1152.jpeg 1536w, https:\/\/avispa.org\/wp-content\/uploads\/2022\/12\/Migrantes-cruzan-hacia-Texas-2-696x522.jpeg 696w, https:\/\/avispa.org\/wp-content\/uploads\/2022\/12\/Migrantes-cruzan-hacia-Texas-2-1068x801.jpeg 1068w, https:\/\/avispa.org\/wp-content\/uploads\/2022\/12\/Migrantes-cruzan-hacia-Texas-2-1920x1440.jpeg 1920w, https:\/\/avispa.org\/wp-content\/uploads\/2022\/12\/Migrantes-cruzan-hacia-Texas-2-560x420.jpeg 560w, https:\/\/avispa.org\/wp-content\/uploads\/2022\/12\/Migrantes-cruzan-hacia-Texas-2-80x60.jpeg 80w, https:\/\/avispa.org\/wp-content\/uploads\/2022\/12\/Migrantes-cruzan-hacia-Texas-2-265x198.jpeg 265w, https:\/\/avispa.org\/wp-content\/uploads\/2022\/12\/Migrantes-cruzan-hacia-Texas-2.jpeg 2048w\" alt=\"\" width=\"1024\" height=\"768\" \/><\/a><\/figure>\n<p>Con la declaraci\u00f3n de emergencia, la ciudad anunci\u00f3 tambi\u00e9n que\u00a0crear\u00e1 un centro de operaciones\u00a0y un plan para asistir y proteger a los migrantes frente a las duras condiciones clim\u00e1ticas.<\/p>\n<p>Mientras se instalan o ampl\u00edan los refugios en toda la ciudad, el Departamento de Manejo de Emergencias de Texas (TDEM, por sus siglas en ingl\u00e9s) comenz\u00f3 a transportar en autob\u00fas a los migrantes de El Paso a la ciudad de Nueva York y Chicago, consideradas \u201cciudades santuario\u201d para las personas en movilidad.<\/p>\n<p>Seg\u00fan el administrador adjunto de la ciudad, Mario D\u2019Agostino, la respuesta a la crisis migratoria permanecer\u00e1 vigente hasta conocer el resultado de la apelaci\u00f3n del T\u00edtulo 42, que se abre paso en los tribunales.<\/p>\n<p class=\"has-vivid-cyan-blue-color has-text-color\"><a href=\"https:\/\/avispa.org\/en-medio-de-protestas-mexico-y-eeuu-anuncian-mas-infraestructura-fronteriza\/\" target=\"_blank\" rel=\"noreferrer noopener\">Te puede interesar &#8211; En medio de protestas, M\u00e9xico y EEUU anuncian m\u00e1s infraestructura fronteriza\u00a0<\/a><\/p>\n<p>El presidente de la Corte Suprema, John Roberts, bloque\u00f3 temporalmente una orden de un juez federal que ped\u00eda que el T\u00edtulo 42 terminara el pr\u00f3ximo mi\u00e9rcoles (21). La suspensi\u00f3n permanecer\u00e1 vigente mientras la Corte Suprema considera una apelaci\u00f3n de Texas y otros estados que solicitan mantener la pol\u00edtica vigente.<\/p>\n<p>Hasta el cierre de esta edici\u00f3n las autoridades mexicanas no se han pronunciado sobre el despliegue de militares de Texas en la frontera por Ciudad Ju\u00e1rez.<\/p>\n<\/div>\n<p><\/p>","protected":false},"excerpt":{"rendered":"<p>Fuente: Avispa Midia Por \u00d1an\u00ed Pinto En portada: Migrantes esperan al borde del r\u00edo Bravo para cruzar hacia EEUU en el contexto del fin de las restricciones impuestas por el T\u00edtulo 42. Soldados pertenecientes a la Guardia Nacional de Texas fueron colocados por el gobierno de dicho estado norteamericano para contener el paso a migrantes [&hellip;]<\/p>\n","protected":false},"author":21,"featured_media":43814,"comment_status":"open","ping_status":"closed","sticky":false,"template":"","format":"standard","meta":{"footnotes":""},"categories":[51,1284,826,954,959,935],"tags":[58,919,53,1305,30,147,23,87,148,27,483],"class_list":["post-43813","post","type-post","status-publish","format-standard","has-post-thumbnail","hentry","category-autor","category-latinoamerica","category-medios-libres-2","category-mexico","category-migracion","category-temas","tag-derechos-humanos","tag-estados-unidos","tag-justicia","tag-latinoamerica","tag-migracion","tag-militarizacion","tag-paramilitares","tag-represion","tag-resistencia","tag-solidaridad","tag-tierra-y-territorio"],"_links":{"self":[{"href":"https:\/\/radiozapatista.org\/index.php?rest_route=\/wp\/v2\/posts\/43813","targetHints":{"allow":["GET"]}}],"collection":[{"href":"https:\/\/radiozapatista.org\/index.php?rest_route=\/wp\/v2\/posts"}],"about":[{"href":"https:\/\/radiozapatista.org\/index.php?rest_route=\/wp\/v2\/types\/post"}],"author":[{"embeddable":true,"href":"https:\/\/radiozapatista.org\/index.php?rest_route=\/wp\/v2\/users\/21"}],"replies":[{"embeddable":true,"href":"https:\/\/radiozapatista.org\/index.php?rest_route=%2Fwp%2Fv2%2Fcomments&post=43813"}],"version-history":[{"count":1,"href":"https:\/\/radiozapatista.org\/index.php?rest_route=\/wp\/v2\/posts\/43813\/revisions"}],"predecessor-version":[{"id":43815,"href":"https:\/\/radiozapatista.org\/index.php?rest_route=\/wp\/v2\/posts\/43813\/revisions\/43815"}],"wp:featuredmedia":[{"embeddable":true,"href":"https:\/\/radiozapatista.org\/index.php?rest_route=\/wp\/v2\/media\/43814"}],"wp:attachment":[{"href":"https:\/\/radiozapatista.org\/index.php?rest_route=%2Fwp%2Fv2%2Fmedia&parent=43813"}],"wp:term":[{"taxonomy":"category","embeddable":true,"href":"https:\/\/radiozapatista.org\/index.php?rest_route=%2Fwp%2Fv2%2Fcategories&post=43813"},{"taxonomy":"post_tag","embeddable":true,"href":"https:\/\/radiozapatista.org\/index.php?rest_route=%2Fwp%2Fv2%2Ftags&post=43813"}],"curies":[{"name":"wp","href":"https:\/\/api.w.org\/{rel}","templated":true}]}}