{"id":43806,"date":"2022-12-21T13:50:12","date_gmt":"2022-12-21T19:50:12","guid":{"rendered":"https:\/\/radiozapatista.org\/?p=43806"},"modified":"2026-03-26T09:35:48","modified_gmt":"2026-03-26T15:35:48","slug":"nantik-meche-3-sociedad-civil-las-abejas-de-acteal","status":"publish","type":"post","link":"https:\/\/radiozapatista.org\/?p=43806","title":{"rendered":"Nantik Meche 3 &#8211; Sociedad Civil Las Abejas de Acteal"},"content":{"rendered":"<div class=\"wp-block-image\">\n<figure class=\"aligncenter\"><a href=\"https:\/\/radiozapatista.org\/wp-content\/uploads\/2022\/10\/logo-sm.jpg\"><img loading=\"lazy\" decoding=\"async\" width=\"200\" height=\"184\" src=\"https:\/\/radiozapatista.org\/wp-content\/uploads\/2022\/10\/logo-sm.jpg\" alt=\"\" class=\"wp-image-43581\"\/><\/a><\/figure>\n<\/div>\n\n\n<p>Tercera producci\u00f3n radiof\u00f3nica de Nantik Meche, dedicada a la Sociedad Civil Las Abejas de Acteal a 25 a\u00f1os de la masacre y 30 de caminar por la autonom\u00eda y la paz.<\/p>\n\n\n\n<p><a href=\"https:\/\/radiozapatista.org\/wp-content\/uploads\/2022\/12\/NantikMeche3.mp3\">Descarga aqu\u00ed<\/a>.<\/p>\n\n\n\n<figure class=\"wp-block-audio\"><audio controls src=\"https:\/\/radiozapatista.org\/wp-content\/uploads\/2022\/12\/NantikMeche3.mp3\"><\/audio><\/figure>\n\n\n\n<p><\/p>\n","protected":false},"excerpt":{"rendered":"<p>Tercera producci\u00f3n radiof\u00f3nica de Nantik Meche, dedicada a la Sociedad Civil Las Abejas de Acteal a 25 a\u00f1os de la masacre y 30 de caminar por la autonom\u00eda y la paz. Descarga aqu\u00ed.<\/p>\n","protected":false},"author":1,"featured_media":43484,"comment_status":"open","ping_status":"closed","sticky":false,"template":"","format":"standard","meta":{"footnotes":""},"categories":[1,957,6,826,961],"tags":[1392],"class_list":["post-43806","post","type-post","status-publish","format-standard","has-post-thumbnail","hentry","category-audio","category-autonomia","category-chiapas","category-medios-libres-2","category-mujeres","tag-nantik-meche"],"_links":{"self":[{"href":"https:\/\/radiozapatista.org\/index.php?rest_route=\/wp\/v2\/posts\/43806","targetHints":{"allow":["GET"]}}],"collection":[{"href":"https:\/\/radiozapatista.org\/index.php?rest_route=\/wp\/v2\/posts"}],"about":[{"href":"https:\/\/radiozapatista.org\/index.php?rest_route=\/wp\/v2\/types\/post"}],"author":[{"embeddable":true,"href":"https:\/\/radiozapatista.org\/index.php?rest_route=\/wp\/v2\/users\/1"}],"replies":[{"embeddable":true,"href":"https:\/\/radiozapatista.org\/index.php?rest_route=%2Fwp%2Fv2%2Fcomments&post=43806"}],"version-history":[{"count":4,"href":"https:\/\/radiozapatista.org\/index.php?rest_route=\/wp\/v2\/posts\/43806\/revisions"}],"predecessor-version":[{"id":53912,"href":"https:\/\/radiozapatista.org\/index.php?rest_route=\/wp\/v2\/posts\/43806\/revisions\/53912"}],"wp:featuredmedia":[{"embeddable":true,"href":"https:\/\/radiozapatista.org\/index.php?rest_route=\/wp\/v2\/media\/43484"}],"wp:attachment":[{"href":"https:\/\/radiozapatista.org\/index.php?rest_route=%2Fwp%2Fv2%2Fmedia&parent=43806"}],"wp:term":[{"taxonomy":"category","embeddable":true,"href":"https:\/\/radiozapatista.org\/index.php?rest_route=%2Fwp%2Fv2%2Fcategories&post=43806"},{"taxonomy":"post_tag","embeddable":true,"href":"https:\/\/radiozapatista.org\/index.php?rest_route=%2Fwp%2Fv2%2Ftags&post=43806"}],"curies":[{"name":"wp","href":"https:\/\/api.w.org\/{rel}","templated":true}]}}