{"id":43779,"date":"2022-12-16T19:19:58","date_gmt":"2022-12-17T01:19:58","guid":{"rendered":"https:\/\/radiozapatista.org\/?p=43779"},"modified":"2022-12-21T12:27:16","modified_gmt":"2022-12-21T18:27:16","slug":"https-frayba-org-mx-abejas-de-acteal-denuncian-desmantelamiento-de-servicio-de-agua-y-luz-familias-integrantes-de-la1","status":"publish","type":"post","link":"https:\/\/radiozapatista.org\/?p=43779","title":{"rendered":"Denunciamos desmantelamiento de servicio de agua y luz el\u00e9ctrica hacia las familias de Las Abejas de Acteal"},"content":{"rendered":"<p><\/p>\n<p align=\"right\"><b><a href=\"https:\/\/blogger.googleusercontent.com\/img\/b\/R29vZ2xl\/AVvXsEiynEOCYE1G1HQaPw7TCiWiRENjJuLBoI5ijaEihi4KkH91ZyWDmqbxXG7S25I5HmaYQZDOexWS3lJb2CZFQMA2lycgdWgSn0q6GuqjKnOqwtAgTCCn40cNKIqSg19zwRBCj84OAKCScSTzVQQ3tcMimGl5rcDdXPHTA2eMh7ZKVcRtIczsxbqzLw2IGw\/s259\/Blog,%20Acteal.jpg\"><img loading=\"lazy\" decoding=\"async\" class=\"alignright\" src=\"https:\/\/blogger.googleusercontent.com\/img\/b\/R29vZ2xl\/AVvXsEiynEOCYE1G1HQaPw7TCiWiRENjJuLBoI5ijaEihi4KkH91ZyWDmqbxXG7S25I5HmaYQZDOexWS3lJb2CZFQMA2lycgdWgSn0q6GuqjKnOqwtAgTCCn40cNKIqSg19zwRBCj84OAKCScSTzVQQ3tcMimGl5rcDdXPHTA2eMh7ZKVcRtIczsxbqzLw2IGw\/w200-h150\/Blog,%20Acteal.jpg\" width=\"200\" height=\"150\" border=\"0\" data-original-height=\"194\" data-original-width=\"259\" \/><\/a><\/b><\/p>\n<p align=\"right\">Organizaci\u00f3n Sociedad Civil Las Abejas de Acteal<br \/>\nTierra Sagrada de los M\u00e1rtires de Acteal<br \/>\nMunicipio de Chenalh\u00f3, Chiapas, M\u00e9xico.<\/p>\n<p class=\"p4\">16 de diciembre de 2022<\/p>\n<p class=\"p2\">Al Congreso Nacional Ind\u00edgena<br \/>\nAl Concejo Ind\u00edgena de Gobierno<br \/>\nA la Comisi\u00f3n Interamericana de Derechos Humanos<br \/>\nAl Pueblo Creyente de la Di\u00f3cesis de San Crist\u00f3bal de las Casas<br \/>\nA las y los Defensores de los derechos humanos<br \/>\nA los Medios libres y alternativos<br \/>\nA los Medios de comunicaci\u00f3n nacional e internacional<br \/>\nA la Sociedad Civil Nacional e Internacional<br \/>\nAl Pueblo de San Pedro Chenalh\u00f3<\/p>\n<p class=\"p8\"><b>Hermanas y hermanos:<\/b><\/p>\n<p class=\"p7\">Recordamos que el sagrado agua es vital para nuestra vida humana y la de otros seres vivientes en esta tierra. Que es un regalo de la Vida y el uso, as\u00ed como el acceso al agua es un derecho humano contemplado en el art\u00edculo 4\u00ba de nuestra Constituci\u00f3n Mexicana y que los tres niveles de gobierno es su responsabilidad garantizar el cumplimiento de este derecho humano. Pero ya suman seis familias de nuestra Organizaci\u00f3n Sociedad Civil Las Abejas de Acteal que les han quitado el agua y energ\u00eda el\u00e9ctrica.<\/p>\n<p class=\"p7\">En sentido de lo anterior denunciamos con indignaci\u00f3n que el d\u00eda de ayer 15 de diciembre, en un lapso de tres horas (entre las 5pm- 8.30pm), la familia P\u00e9rez P\u00e9rez integrada por Pedro P\u00e9rez P\u00e9rez, Guadalupe P\u00e9rez D\u00edas madre de familia, quienes comparten servicio de agua y luz el\u00e9ctrica con su hijo Jaime P\u00e9rez P\u00e9rez y su esposa Flor de Mar\u00eda Jim\u00e9nez Hern\u00e1ndez junto con sus dos hijos menores de edad; miembros de nuestra Organizaci\u00f3n Sociedad Civil Las Abejas de Acteal, les fue cortado el servicio de agua y energ\u00eda el\u00e9ctrica. El corte de los servicios fue realizado por los partidistas acompa\u00f1ados de su agente y patronatos de la comunidad Campo Los Toros. Esta violencia y violaci\u00f3n a los derechos humanos cometidos en contra de la familia se debe a que le compart\u00eda el uso de electricidad a Juvencio P\u00e9rez Sol\u00eds, miembro de la familia quien ya vive en otro hogar y que le hab\u00edan cortado los mismos servicios junto a 4 familias m\u00e1s desde el 8 de febrero del 2021.<\/p>\n<p class=\"p7\">Como recordar\u00e1n, el pasado 10 de noviembre del 2022, realizamos una conferencia de prensa1 en frente de la presidencia municipal de Chenalh\u00f3, para denunciar una serie de violaciones a los derechos humanos2 de nuestros compa\u00f1eros y compa\u00f1eras de la Organizaci\u00f3n de las comunidades Bach\u2019en, Campo Los Toros, colonia Puebla y Nuevo Yibeljoj, que tanto el ayuntamiento de Chenalh\u00f3, presidido por el C. Abraham Cruz G\u00f3mez y sus agentes municipales de las respectivas comunidades en menci\u00f3n, no han tenido voluntad pol\u00edtica y sensibilidad humana para resolver dichos conflictos de manera seria y transparente.<\/p>\n<p class=\"p7\">Desde nuestro esp\u00edritu y convicci\u00f3n pol\u00edtica de la No Violencia, le exigimos a las autoridades municipales restablecer todos los derechos de nuestros compa\u00f1eros y compa\u00f1eras al agua y luz el\u00e9ctrica, en un lapso de 11 d\u00edas despu\u00e9s de dicha conferencia. Sin embargo, el presidente de Chenalh\u00f3 decidi\u00f3 mantenerse callado y haciendo caso omiso de una intervenci\u00f3n realizado por el Centro de Derechos Humanos Fray Bartolom\u00e9 de Las Casas (Frayba) de fecha 14 de noviembre del presente, dirigido al: Gobernador de Chiapas, a la Secretaria general de gobierno del estado de Chiapas, a la Comisi\u00f3n Estatal de Derechos Humanos y al citado mun\u00edcipe. Y hasta el 1 de diciembre el alcalde de Chenalh\u00f3 mand\u00f3 un mensaje v\u00eda whatsapp diciendo:<\/p>\n<ul class=\"ul1\">\n<li class=\"li7\">\u201cDirectiva buenos, Buenas tarde, seraque me puede marcar cuando puedas porque kiero desirte algo sobre los asuntos pendiente\u201d. Obviamente, no le marcamos porque decidimos que despu\u00e9s del 10 de noviembre cualquier comunicaci\u00f3n respecto a los conflictos, debe tener seriedad.<\/li>\n<li class=\"li7\">A lo que el d\u00eda 3 de diciembre enviamos una carta formal al alcalde municipal, exigi\u00e9ndole que lo que queremos es el restablecimiento del agua y luz el\u00e9ctrica de nuestros compa\u00f1eros de las comunidades Bach\u2019en y Campo Los toros.<\/li>\n<li class=\"li7\">Y hasta el 10 de diciembre, el presidente de Chenalh\u00f3 y el s\u00edndico municipal C. Juan Erasto Rodr\u00edguez P\u00e9rez, nos mandan una invitaci\u00f3n escrita para asistir a una pl\u00e1tica en la comunidad Bach\u2019en para el d\u00eda 20 de diciembre de este a\u00f1o, seg\u00fan para \u201cdar seguimiento a la problem\u00e1tica\u201d de la comunidad Bach\u2019en.<\/li>\n<li class=\"li7\">A lo que el 15 de diciembre, les respondimos dicha invitaci\u00f3n mediante un escrito y entregado a una de las secretarias del presidente municipal, en donde rechazamos caer en juegos, e insistirles si de verdad tienen voluntad de resolver dicho problema, es demostrando con la reconexi\u00f3n del agua y electricidad de nuestros compa\u00f1eros de las comunidades Bach\u2019en y Campo Los Toros.<\/li>\n<li class=\"li7\">Y grande fue nuestra sorpresa e indignaci\u00f3n, mientras est\u00e1bamos entregando la carta en la presidencia de Chenalh\u00f3 para exigir la reconexi\u00f3n del agua y electricidad de las comunidades de Bach\u2019en y Campo Los Toros; el agente y patronato de agua y luz de Campo Los Toros, llegaron a la casa de nuestro compa\u00f1ero Pedro P\u00e9rez P\u00e9rez para desmantelarle los servicios de agua y luz el\u00e9ctrica.<\/li>\n<\/ul>\n<p class=\"p7\">Es indignante que despu\u00e9s de la Masacre de Acteal y como respuesta a nuestras exigencias de justicia y respeto a la construcci\u00f3n de nuestra autonom\u00eda, el Estado mexicano ha creado con la impunidad de que en las comunidades y autoridades comunitarias afiliadas al municipio de Chenalh\u00f3, nos castiguen de manera absurda; cort\u00e1ndonos el servicio de agua y luz el\u00e9ctrica, porque saben que son necesidades b\u00e1sicas y as\u00ed creen lograr nuestra renuncia a nuestra lucha y resistencia como organizaci\u00f3n.<\/p>\n<p class=\"p7\">Ante todo lo anterior, por la burla y humillaci\u00f3n del agente y patronato de agua y de luz el\u00e9ctrica de la comunidad Campo Los Toros, nuestros compa\u00f1eros han tomado la decisi\u00f3n de darles una \u00faltima oportunidad hasta el d\u00eda domingo 18 del presente para que reconsideren y remienden sus errores, reconectando los servicios de agua y luz el\u00e9ctrica de las 6 familias afectadas y violentadas por los supuestos usos y costumbres y acuerdos comunitarios y que 4 de ellas se les ha privado del derecho humano del agua desde hace 23 meses.<\/p>\n<p class=\"p7\">Pero, si no hay respuesta favorable a nuestra exigencia dentro de 2 d\u00edas, nuestros compa\u00f1eros realizar\u00e1n ellos mismos la reconexi\u00f3n del agua y electricidad, el d\u00eda 19 de diciembre, ya que es su derecho, porque no han faltado en los trabajos de mantenimiento de dichos servicios en cuesti\u00f3n. Y responsabilizamos a las autoridades competentes de nuestra seguridad e integridad f\u00edsica y psicol\u00f3gica durante ese d\u00eda.<\/p>\n<p class=\"p7\">Al respecto, hermanas y hermanos de organizaciones y pueblos hermanos; a los medios de comunicaci\u00f3n y al p\u00fablico en general; les pedimos estar atentos este d\u00eda lunes 19 de diciembre, y si los partidistas de la comunidad Campo Los Toros cometen alg\u00fan acto violento hacia la integridad f\u00edsica y psicol\u00f3gica de nuestros compa\u00f1eros y compa\u00f1eras durante y despu\u00e9s del trabajo de reconexi\u00f3n del agua y electricidad; reiteramos que los responsables inmediatos ser\u00e1n el presidente Abraham Cruz G\u00f3mez, el s\u00edndico municipal Juan Erasto Rodr\u00edguez P\u00e9rez y el agente y patronatos de agua y de luz de la comunidad mencionada.<\/p>\n<p class=\"p7\">Esta es la situaci\u00f3n de derechos humanos y el trato que nos dan los partidistas y el ayuntamiento de Chenalh\u00f3, en el marco de la conmemoraci\u00f3n de los 25 a\u00f1os de la Masacre de Acteal y de la celebraci\u00f3n de los 30 a\u00f1os del nacimiento de nuestra Organizaci\u00f3n Sociedad Civil Las Abejas de Acteal.<\/p>\n<p class=\"p7\" style=\"text-align: center;\">Desde <b>Acteal<\/b>, <b>Casa de la Memoria y Esperanza.<\/b><\/p>\n<p class=\"p10\" style=\"text-align: center;\"><b>Atentamente.<\/b><\/p>\n<p class=\"p10\" style=\"text-align: center;\"><b>La Voz de la Organizaci\u00f3n Sociedad Civil Las Abejas de Acteal.<\/b><\/p>\n<p class=\"p10\" style=\"text-align: center;\">Por la Mesa Directiva:<\/p>\n<p class=\"p10\" style=\"text-align: center;\">Manuel P\u00e9rez Jim\u00e9nez <span class=\"Apple-converted-space\">\u00a0 \u00a0 \u00a0 \u00a0 \u00a0 \u00a0 \u00a0 \u00a0 \u00a0 \u00a0 \u00a0 \u00a0 \u00a0 \u00a0 \u00a0 \u00a0 \u00a0 <\/span>Antonio Ram\u00edrez P\u00e9rez<\/p>\n<p class=\"p10\" style=\"text-align: center;\">Presidente <span class=\"Apple-converted-space\">\u00a0 \u00a0 \u00a0 \u00a0 \u00a0 \u00a0 \u00a0 \u00a0 \u00a0 \u00a0 \u00a0 \u00a0 \u00a0 \u00a0 \u00a0 \u00a0 \u00a0 \u00a0 \u00a0 \u00a0 \u00a0 \u00a0 \u00a0 \u00a0 \u00a0 \u00a0 \u00a0 <\/span>Secretario<\/p>\n<p class=\"p10\" style=\"text-align: center;\">V\u00edctor Manuel L\u00f3pez G\u00f3mez <span class=\"Apple-converted-space\">\u00a0 \u00a0 \u00a0 \u00a0 \u00a0 \u00a0 \u00a0 \u00a0 \u00a0 \u00a0 \u00a0 \u00a0 \u00a0 \u00a0 <\/span>Mariano S\u00e1nchez D\u00edaz<\/p>\n<p class=\"p10\" style=\"text-align: center;\"><span class=\"Apple-converted-space\">\u00a0\u00a0 \u00a0 \u00a0 <\/span>Tesorero<span class=\"Apple-converted-space\">\u00a0 \u00a0 \u00a0 \u00a0 \u00a0 \u00a0 \u00a0 \u00a0 \u00a0 \u00a0 \u00a0 \u00a0 \u00a0 \u00a0 \u00a0 \u00a0 \u00a0 \u00a0 \u00a0 \u00a0 \u00a0 \u00a0 \u00a0 \u00a0 \u00a0 \u00a0 \u00a0 <\/span>Sub Secretario<\/p>\n<p>&nbsp;<\/p>\n<p>1 <a href=\"http:\/\/acteal.blogspot.com\/2022\/11\/en-estos-tiempos-los-partidistas-de.html\" target=\"_blank\" rel=\"noopener\">http:\/\/acteal.blogspot.com\/2022\/11\/en-estos-tiempos-los-partidistas-de.html<\/a><\/p>\n<p>2\u00a0<a href=\"http:\/\/acteal.blogspot.com\/2022\/09\/special-rapporteur-of-united-nations.html\" target=\"_blank\" rel=\"noopener\">http:\/\/acteal.blogspot.com\/2022\/09\/special-rapporteur-of-united-nations.html<\/a> (contiene versi\u00f3n espa\u00f1ol)<\/p>\n<p><!--more--><\/p>\n<p><a href=\"https:\/\/blogger.googleusercontent.com\/img\/b\/R29vZ2xl\/AVvXsEh6nORjkBQNsGRJNGsdeO8tQts2z5mm_6kmWG7qvKpg8z2-Ev5ZNgHJmF-PSAP8yWtSIvuc-qJYq0h22LZLaojhXoosCqyNqf27Pdoqd-mmUO14nUYPxl-v06V9aiRU6YYwCagP3L0MPyahIs_iuj1WtekRoAMQp1vxjuvvrZB9tr3gfqRDqj0izEW87A\/s1280\/pagna1.jpeg\"><img loading=\"lazy\" decoding=\"async\" class=\"aligncenter\" src=\"https:\/\/blogger.googleusercontent.com\/img\/b\/R29vZ2xl\/AVvXsEh6nORjkBQNsGRJNGsdeO8tQts2z5mm_6kmWG7qvKpg8z2-Ev5ZNgHJmF-PSAP8yWtSIvuc-qJYq0h22LZLaojhXoosCqyNqf27Pdoqd-mmUO14nUYPxl-v06V9aiRU6YYwCagP3L0MPyahIs_iuj1WtekRoAMQp1vxjuvvrZB9tr3gfqRDqj0izEW87A\/w300-h400\/pagna1.jpeg\" width=\"300\" height=\"400\" border=\"0\" data-original-height=\"1280\" data-original-width=\"960\" \/><\/a><\/p>\n<p>&nbsp;<\/p>\n<div class=\"separator\"><a href=\"https:\/\/blogger.googleusercontent.com\/img\/b\/R29vZ2xl\/AVvXsEiYD8QUqZT4E0FNJH_lu0pjYUrdJFnvHFSOzoQaYI-ODY1NlADOwtx-ZufS9T2l0IJV-SCr3n17tVregUM0mVkRmThRCr1fPl696kBz32OfoEfe0412zRoGCvDug5ZFDLBxtFBA4n0H7AiE3aEJ59MFLL_jVYOJDyQmUa9LG3nnIwMmelIuhl2D0xy56w\/s1280\/pagina2.jpeg\"><img loading=\"lazy\" decoding=\"async\" class=\"aligncenter\" src=\"https:\/\/blogger.googleusercontent.com\/img\/b\/R29vZ2xl\/AVvXsEiYD8QUqZT4E0FNJH_lu0pjYUrdJFnvHFSOzoQaYI-ODY1NlADOwtx-ZufS9T2l0IJV-SCr3n17tVregUM0mVkRmThRCr1fPl696kBz32OfoEfe0412zRoGCvDug5ZFDLBxtFBA4n0H7AiE3aEJ59MFLL_jVYOJDyQmUa9LG3nnIwMmelIuhl2D0xy56w\/w300-h400\/pagina2.jpeg\" width=\"300\" height=\"400\" border=\"0\" data-original-height=\"1280\" data-original-width=\"960\" \/><\/a><\/div>\n<p>&nbsp;<\/p>\n<div class=\"separator\"><a href=\"https:\/\/blogger.googleusercontent.com\/img\/b\/R29vZ2xl\/AVvXsEhuqrp2nNfvaohMn-wWSPvb2xvqUEr0W78HRZFje35lZ2PwFqX7d8ls_Ejc_vxNlTOu-JWRWT-jV8E50aKIM5r33snFzsgfe-kVX3v1K3XfSwlY_08M2cr4PrHbD015ELEyXdnwYbdKgWkE91HZ70GGBT78s1VUDpO8qCqK16g6aTzdWIWt2YDEkIJMZA\/s1280\/firmas3.jpg\"><img loading=\"lazy\" decoding=\"async\" class=\"aligncenter\" src=\"https:\/\/blogger.googleusercontent.com\/img\/b\/R29vZ2xl\/AVvXsEhuqrp2nNfvaohMn-wWSPvb2xvqUEr0W78HRZFje35lZ2PwFqX7d8ls_Ejc_vxNlTOu-JWRWT-jV8E50aKIM5r33snFzsgfe-kVX3v1K3XfSwlY_08M2cr4PrHbD015ELEyXdnwYbdKgWkE91HZ70GGBT78s1VUDpO8qCqK16g6aTzdWIWt2YDEkIJMZA\/w300-h400\/firmas3.jpg\" width=\"300\" height=\"400\" border=\"0\" data-original-height=\"1280\" data-original-width=\"960\" \/><\/a><\/div>\n<p>&nbsp;<\/p>","protected":false},"excerpt":{"rendered":"<p>Organizaci\u00f3n Sociedad Civil Las Abejas de Acteal Tierra Sagrada de los M\u00e1rtires de Acteal Municipio de Chenalh\u00f3, Chiapas, M\u00e9xico. 16 de diciembre de 2022 Al Congreso Nacional Ind\u00edgena Al Concejo Ind\u00edgena de Gobierno A la Comisi\u00f3n Interamericana de Derechos Humanos Al Pueblo Creyente de la Di\u00f3cesis de San Crist\u00f3bal de las Casas A las y [&hellip;]<\/p>\n","protected":false},"author":21,"featured_media":43780,"comment_status":"open","ping_status":"closed","sticky":false,"template":"","format":"standard","meta":{"footnotes":""},"categories":[957,51,6,826,958,954,935],"tags":[100,79,917,53,106,567,147,545,87,148,27,483],"class_list":["post-43779","post","type-post","status-publish","format-standard","has-post-thumbnail","hentry","category-autonomia","category-autor","category-chiapas","category-medios-libres-2","category-megaproyectos","category-mexico","category-temas","tag-acteal","tag-autonomia","tag-chiapas","tag-justicia","tag-las-abejas-de-acteal","tag-megaproyectos","tag-militarizacion","tag-pueblos-indigenas","tag-represion","tag-resistencia","tag-solidaridad","tag-tierra-y-territorio"],"_links":{"self":[{"href":"https:\/\/radiozapatista.org\/index.php?rest_route=\/wp\/v2\/posts\/43779","targetHints":{"allow":["GET"]}}],"collection":[{"href":"https:\/\/radiozapatista.org\/index.php?rest_route=\/wp\/v2\/posts"}],"about":[{"href":"https:\/\/radiozapatista.org\/index.php?rest_route=\/wp\/v2\/types\/post"}],"author":[{"embeddable":true,"href":"https:\/\/radiozapatista.org\/index.php?rest_route=\/wp\/v2\/users\/21"}],"replies":[{"embeddable":true,"href":"https:\/\/radiozapatista.org\/index.php?rest_route=%2Fwp%2Fv2%2Fcomments&post=43779"}],"version-history":[{"count":4,"href":"https:\/\/radiozapatista.org\/index.php?rest_route=\/wp\/v2\/posts\/43779\/revisions"}],"predecessor-version":[{"id":43802,"href":"https:\/\/radiozapatista.org\/index.php?rest_route=\/wp\/v2\/posts\/43779\/revisions\/43802"}],"wp:featuredmedia":[{"embeddable":true,"href":"https:\/\/radiozapatista.org\/index.php?rest_route=\/wp\/v2\/media\/43780"}],"wp:attachment":[{"href":"https:\/\/radiozapatista.org\/index.php?rest_route=%2Fwp%2Fv2%2Fmedia&parent=43779"}],"wp:term":[{"taxonomy":"category","embeddable":true,"href":"https:\/\/radiozapatista.org\/index.php?rest_route=%2Fwp%2Fv2%2Fcategories&post=43779"},{"taxonomy":"post_tag","embeddable":true,"href":"https:\/\/radiozapatista.org\/index.php?rest_route=%2Fwp%2Fv2%2Ftags&post=43779"}],"curies":[{"name":"wp","href":"https:\/\/api.w.org\/{rel}","templated":true}]}}