{"id":43776,"date":"2022-12-16T19:07:06","date_gmt":"2022-12-17T01:07:06","guid":{"rendered":"https:\/\/radiozapatista.org\/?p=43776"},"modified":"2022-12-21T12:29:36","modified_gmt":"2022-12-21T18:29:36","slug":"comunicado-de-la-comunidad-purhepecha-de-ocumicho-michoacan-por-los-actos-violentos-en-su-territorio-durante-los-dos-ultimos-anos","status":"publish","type":"post","link":"https:\/\/radiozapatista.org\/?p=43776","title":{"rendered":"Comunicado de la comunidad P\u2019urh\u00e9pecha de Ocumicho, Michoac\u00e1n por los actos violentos en su territorio durante los dos \u00faltimos a\u00f1os"},"content":{"rendered":"<p><\/p>\n<p style=\"text-align: right;\">Comunidad p\u2019urh\u00e9pecha de Ocumicho, Charapan, Michoac\u00e1n a 14 de diciembre de 2022<\/p>\n<p style=\"text-align: left;\"><b>Situaci\u00f3n de emergencia<\/b><\/p>\n<p>A Lic. Manuel L\u00f3pez Obrador, Presidente constitucional de M\u00e9xico<br \/>\nA Lic. Alfredo Bedolla Ram\u00edrez, Gobernador del estado de Michoac\u00e1n<br \/>\nA Lic. Rosa Isela Rodr\u00edguez Vel\u00e1zquez, Titular de la Secretar\u00eda de Seguridad P\u00fablica<br \/>\nA Lic. Alejandro Encinas Rodr\u00edguez, Subsecretario de Derechos Humanos, Poblaci\u00f3n y Migraci\u00f3n<br \/>\nA la opini\u00f3n p\u00fablica en general<br \/>\nA la prensa nacional<br \/>\nA los medios de comunicaci\u00f3n independientes<br \/>\nA las comunidades ind\u00edgenas del pa\u00eds<br \/>\nA los organismos de derechos humanos nacionales e internacionales<\/p>\n<p>La comunidad de Ocumicho ha venido sufriendo una serie de actos violentos en los \u00faltimos dos a\u00f1os. El 31 de mayo de 2020 hombres armados asesinaron al secretario de bienes comunales, en un ataque que tambi\u00e9n dej\u00f3 herido al representante de bienes comunales. El 28 de abril de 2022, el presidente del Consejo Comunal fue desaparecido, gracias a la movilizaci\u00f3n fue localizado con vida al d\u00eda siguiente. El 11 de noviembre fuimos atacados por actores armados. El hecho m\u00e1s reciente ocurrido el pasado 10 de diciembre, un miembro de nuestra ronda comunal fue cobardemente asesinado, PEDRO PASCUAL CRUZ. Desde abril solicitamos un destacamento de la Guardia Nacional para que resguarde nuestra integridad, sin embargo, no hemos obtenido respuesta. A partir de los hechos ocurridos el 10 de diciembre solicitamos una reuni\u00f3n con el gobierno estatal para reiterar nuestra urgente petici\u00f3n de que se nos otorgue seguridad. Con indignaci\u00f3n recibimos la respuesta de que esto no es posible, dado que est\u00e1n en otras tareas. Desde esta comunidad EXIGIMOS al gobierno estatal y federal cumplan con la responsabilidad constitucional de dar las garant\u00edas de seguridad a nuestra comunidad, EXGIMOS QUE SE INSTALE UN DESTACAMENTO DE LA GUARDIA NACIONAL. De no atender nuestra URGENTE PETICI\u00d3N nos dejan en un estado de indefensi\u00f3n y asumen la responsabilidad de los actos que puedan acontecer. Queremos garant\u00edas a nuestra vida, es momento de mostrar la congruencia de los discursos a favor de los pueblos ind\u00edgenas. O \u00bfde qu\u00e9 lado est\u00e1n, qu\u00e9 intereses defienden? \u00bfNuestra vida no vale nada para ustedes?<\/p>\n<p>Les pedimos a las comunidades ind\u00edgenas del pa\u00eds su solidaridad y estar atenta a nuestra situaci\u00f3n.<\/p>\n<p style=\"text-align: center;\">\u00a1Exigimos justicia para la PEDRO PASCUAL CRUZ!<br \/>\n\u00a1Exigimos seguridad para nuestra comunidad!<\/p>\n<p style=\"text-align: center;\">Consejo de Gobierno Comunal de Ocumicho, del municipio de Charapan, Michoac\u00e1n<\/p>\n<p><\/p>","protected":false},"excerpt":{"rendered":"<p>Comunidad p\u2019urh\u00e9pecha de Ocumicho, Charapan, Michoac\u00e1n a 14 de diciembre de 2022 Situaci\u00f3n de emergencia A Lic. Manuel L\u00f3pez Obrador, Presidente constitucional de M\u00e9xico A Lic. Alfredo Bedolla Ram\u00edrez, Gobernador del estado de Michoac\u00e1n A Lic. Rosa Isela Rodr\u00edguez Vel\u00e1zquez, Titular de la Secretar\u00eda de Seguridad P\u00fablica A Lic. Alejandro Encinas Rodr\u00edguez, Subsecretario de Derechos [&hellip;]<\/p>\n","protected":false},"author":21,"featured_media":43777,"comment_status":"open","ping_status":"closed","sticky":false,"template":"","format":"standard","meta":{"footnotes":""},"categories":[957,51,826,958,954,935],"tags":[79,58,53,567,549,147,23,545,87,148,27,483],"class_list":["post-43776","post","type-post","status-publish","format-standard","has-post-thumbnail","hentry","category-autonomia","category-autor","category-medios-libres-2","category-megaproyectos","category-mexico","category-temas","tag-autonomia","tag-derechos-humanos","tag-justicia","tag-megaproyectos","tag-michoacan","tag-militarizacion","tag-paramilitares","tag-pueblos-indigenas","tag-represion","tag-resistencia","tag-solidaridad","tag-tierra-y-territorio"],"_links":{"self":[{"href":"https:\/\/radiozapatista.org\/index.php?rest_route=\/wp\/v2\/posts\/43776","targetHints":{"allow":["GET"]}}],"collection":[{"href":"https:\/\/radiozapatista.org\/index.php?rest_route=\/wp\/v2\/posts"}],"about":[{"href":"https:\/\/radiozapatista.org\/index.php?rest_route=\/wp\/v2\/types\/post"}],"author":[{"embeddable":true,"href":"https:\/\/radiozapatista.org\/index.php?rest_route=\/wp\/v2\/users\/21"}],"replies":[{"embeddable":true,"href":"https:\/\/radiozapatista.org\/index.php?rest_route=%2Fwp%2Fv2%2Fcomments&post=43776"}],"version-history":[{"count":2,"href":"https:\/\/radiozapatista.org\/index.php?rest_route=\/wp\/v2\/posts\/43776\/revisions"}],"predecessor-version":[{"id":43803,"href":"https:\/\/radiozapatista.org\/index.php?rest_route=\/wp\/v2\/posts\/43776\/revisions\/43803"}],"wp:featuredmedia":[{"embeddable":true,"href":"https:\/\/radiozapatista.org\/index.php?rest_route=\/wp\/v2\/media\/43777"}],"wp:attachment":[{"href":"https:\/\/radiozapatista.org\/index.php?rest_route=%2Fwp%2Fv2%2Fmedia&parent=43776"}],"wp:term":[{"taxonomy":"category","embeddable":true,"href":"https:\/\/radiozapatista.org\/index.php?rest_route=%2Fwp%2Fv2%2Fcategories&post=43776"},{"taxonomy":"post_tag","embeddable":true,"href":"https:\/\/radiozapatista.org\/index.php?rest_route=%2Fwp%2Fv2%2Ftags&post=43776"}],"curies":[{"name":"wp","href":"https:\/\/api.w.org\/{rel}","templated":true}]}}