{"id":43700,"date":"2022-12-01T10:58:51","date_gmt":"2022-12-01T16:58:51","guid":{"rendered":"https:\/\/radiozapatista.org\/?p=43700"},"modified":"2022-12-01T10:58:51","modified_gmt":"2022-12-01T16:58:51","slug":"desde-alemania-denuncian-ataques-turcos-contra-el-pueblo-de-rojava-kurdistan","status":"publish","type":"post","link":"https:\/\/radiozapatista.org\/?p=43700","title":{"rendered":"Desde Alemania denuncian ataques turcos contra el pueblo de Rojava, Kurdist\u00e1n"},"content":{"rendered":"<p><\/p>\n<h4 style=\"text-align: center;\">DECLARACI\u00d3N DE SOLIDARIDAD CON EL PUEBLO DE ROJAVA (NORESTE DE SIRIA),<br \/>\nKURDIST\u00c1N DEL SUR Y DEL ESTE,<br \/>\nEL PUEBLO KURDO Y TODXS LXS OPRIMIDXS EN TURQU\u00cdA<\/h4>\n<p><strong>ESTAMOS CON USTEDES!<\/strong><\/p>\n<p><strong>La RED YA BASTA NETZ ALEMANIA declara su profunda solidaridad con los pueblos que est\u00e1n siendo atacados por el ej\u00e9rcito turco.<\/strong><\/p>\n<p><strong>Nuestro p\u00e9same a los familiares de las personas asesinadas.<\/strong><\/p>\n<p>Mientras que la condena de la guerra de agresi\u00f3n del gobierno ruso contra el pueblo de Ucrania no supuso ning\u00fan problema para el gobierno alem\u00e1n, no lo ha sido contra las violaciones de derechos humanos por los ataques del ej\u00e9rcito turco en las zonas kurdas.<\/p>\n<p>Lo que se acusa al gobierno ruso de Putin \u2014guerra de agresi\u00f3n en violaci\u00f3n del derecho internacional, destrucci\u00f3n de infraestructuras civiles, uso de armas ilegales, v\u00edctimas civiles, homofobia y desprecio por las mujeres\u2014 se aplica igualmente al gobierno turco del dictador Erdogan. Y hay varios cr\u00edmenes m\u00e1s que est\u00e1 cometiendo: genocidio, apoyo a una organizaci\u00f3n terrorista (armando y suministrando al &#8220;Estado Isl\u00e1mico&#8221; ISIS), liberaci\u00f3n de prisioneros (bombardeando las inmediaciones de los campos de prisioneros, lo que ya ha permitido la fuga de numerosos terroristas peligrosos).<\/p>\n<p>No lo olvidemos: fueron lxs combatientes de las YPG y YPJ, milicias kurdas, quienes derrotaron al ISIS, con m\u00e1s de 10 mil v\u00edctimas propias. Rojava (noreste de Siria), una regi\u00f3n autogestionada y democr\u00e1tica de base en la que la liberaci\u00f3n de la mujer y la ecolog\u00eda tienen un papel fundamental, est\u00e1 siendo bombardeada d\u00eda y noche. La ciudad de Kobane, s\u00edmbolo de la liberaci\u00f3n del ISIS, est\u00e1 ahora bajo el ataque directo de Turqu\u00eda, al igual que las zonas de los yezid\u00edes, que fueron esclavizados, vendidos y asesinados por el ISIS y fueron salvadxs, al menos en parte, por los esfuerzos de lxs kurdxs. El ej\u00e9rcito turco tambi\u00e9n est\u00e1 bombardeando y utilizando gas venenoso en el norte de Irak (sur del Kurdist\u00e1n).<\/p>\n<p><!--more-->El lema &#8220;Jin, Jian, Azadi&#8221; (Mujer, Vida, Libertad), que actualmente est\u00e1 en boca de todxs en Rojhilat (Kurdist\u00e1n Oriental), en Ir\u00e1n, y no s\u00f3lo all\u00ed, con el que se solidarizan innumerables personas, naci\u00f3 en las zonas kurdas y se grita desde hace tiempo en Rojava.<\/p>\n<p>En las cuatro zonas kurdas, la gente muere todos los d\u00edas, ya sea por bombas o por gas venenoso, entre otras cosas.<\/p>\n<p>La anexi\u00f3n de m\u00e1s zonas kurdas ha sido declarada abiertamente como un objetivo de Erdogan durante a\u00f1os. Y lo que esto significa para la poblaci\u00f3n se puede ver en Afrin, la provincia kurda-siria que fue ocupada y anexada de facto por Turqu\u00eda en 2018. El pueblo kurdo ha sido desplazado, las mujeres asesinadas y violadas, los olivares, los campos y las f\u00e1bricas expropiadas y ahora son propiedad de las milicias islamistas que se han instalado all\u00ed y dirigen un r\u00e9gimen brutal.<\/p>\n<p>En los pr\u00f3ximos d\u00edas, el segundo mayor ej\u00e9rcito de la OTAN invadir\u00e1 Rojava, seg\u00fan Erdogan.<\/p>\n<p>Mientras que los derechos humanos se aplican leg\u00edtimamente a Ucrania, obviamente a los ojos del gobierno alem\u00e1n no aplican en el Kurdist\u00e1n. Se trata de una incongruencia. Nunca ha quedado m\u00e1s clara la doble moral del gobierno alem\u00e1n. Un asesinato se condena en\u00e9rgicamente, el otro no. Los derechos humanos no son divisibles. Esta doble moral es inaceptable.<\/p>\n<p>Estamos furiosxs con la ministra del Interior Faeser, que viaja con su hom\u00f3logo turco en plena guerra y obviamente se lleva bien con \u00e9l. Estamos furiosxs con la ministra de Asuntos Exteriores Baerbock que, ante la guerra de agresi\u00f3n turca, dice que hay que mantener la proporcionalidad. Nuestra rabia es contra un gobierno alem\u00e1n que es c\u00f3mplice del r\u00e9gimen turco.<\/p>\n<p>Permitir que las dictaduras funcionen es beneficioso para los dictadores y mortal para la poblaci\u00f3n. Lo sabemos muy bien por nuestra propia historia.<\/p>\n<p>Los medios de comunicaci\u00f3n se han sumido casi por completo en un silencio colectivo.<br \/>\nRompamos el silencio.<\/p>\n<p>Salgamos a la calle con el mayor n\u00famero de personas posible para mostrar al gobierno alem\u00e1n: \u00a1\u00a1\u00a1NO ACT\u00daAN EN NUESTRO NOMBRE!!!<\/p>\n<p>Casi todos los d\u00edas hay manifestaciones o acciones en muchas regiones de Alemania. Estamos all\u00ed.<\/p>\n<p>\u00a1Exigimos el cese inmediato de todas las entregas de armas y del apoyo financiero a la dictadura turca! \u00a1Exclusi\u00f3n de Turqu\u00eda de la OTAN!<\/p>\n<p>Exigimos las mismas condiciones para todxs lxs que se ven obligadxs a huir por la guerra de agresi\u00f3n del gobierno turco \u2014las mismas condiciones que para lxs habitantes de Ucrania\u2014. Por cierto, \u00a1tambi\u00e9n para todxs lxs refugiadxs!<\/p>\n<p>Declaramos nuestra solidaridad con las fuerzas democr\u00e1ticas del Kurdist\u00e1n, con lxs combatientes y la sociedad civil.<\/p>\n<p style=\"text-align: right;\">RED YA BASTA NETZ ALEMANIA.<br \/>\n27 NOVIEMBRE 2022.<\/p>\n<p><\/p>","protected":false},"excerpt":{"rendered":"<p>DECLARACI\u00d3N DE SOLIDARIDAD CON EL PUEBLO DE ROJAVA (NORESTE DE SIRIA), KURDIST\u00c1N DEL SUR Y DEL ESTE, EL PUEBLO KURDO Y TODXS LXS OPRIMIDXS EN TURQU\u00cdA ESTAMOS CON USTEDES! La RED YA BASTA NETZ ALEMANIA declara su profunda solidaridad con los pueblos que est\u00e1n siendo atacados por el ej\u00e9rcito turco. Nuestro p\u00e9same a los familiares [&hellip;]<\/p>\n","protected":false},"author":1,"featured_media":43701,"comment_status":"open","ping_status":"closed","sticky":false,"template":"","format":"standard","meta":{"footnotes":""},"categories":[957,961,953,190],"tags":[204,1046,1194],"class_list":["post-43700","post","type-post","status-publish","format-standard","has-post-thumbnail","hentry","category-autonomia","category-mujeres","category-mundo","category-radiozapatista","tag-guerra","tag-kurdistan","tag-turquia"],"_links":{"self":[{"href":"https:\/\/radiozapatista.org\/index.php?rest_route=\/wp\/v2\/posts\/43700","targetHints":{"allow":["GET"]}}],"collection":[{"href":"https:\/\/radiozapatista.org\/index.php?rest_route=\/wp\/v2\/posts"}],"about":[{"href":"https:\/\/radiozapatista.org\/index.php?rest_route=\/wp\/v2\/types\/post"}],"author":[{"embeddable":true,"href":"https:\/\/radiozapatista.org\/index.php?rest_route=\/wp\/v2\/users\/1"}],"replies":[{"embeddable":true,"href":"https:\/\/radiozapatista.org\/index.php?rest_route=%2Fwp%2Fv2%2Fcomments&post=43700"}],"version-history":[{"count":1,"href":"https:\/\/radiozapatista.org\/index.php?rest_route=\/wp\/v2\/posts\/43700\/revisions"}],"predecessor-version":[{"id":43702,"href":"https:\/\/radiozapatista.org\/index.php?rest_route=\/wp\/v2\/posts\/43700\/revisions\/43702"}],"wp:featuredmedia":[{"embeddable":true,"href":"https:\/\/radiozapatista.org\/index.php?rest_route=\/wp\/v2\/media\/43701"}],"wp:attachment":[{"href":"https:\/\/radiozapatista.org\/index.php?rest_route=%2Fwp%2Fv2%2Fmedia&parent=43700"}],"wp:term":[{"taxonomy":"category","embeddable":true,"href":"https:\/\/radiozapatista.org\/index.php?rest_route=%2Fwp%2Fv2%2Fcategories&post=43700"},{"taxonomy":"post_tag","embeddable":true,"href":"https:\/\/radiozapatista.org\/index.php?rest_route=%2Fwp%2Fv2%2Ftags&post=43700"}],"curies":[{"name":"wp","href":"https:\/\/api.w.org\/{rel}","templated":true}]}}