{"id":43662,"date":"2022-11-25T13:12:34","date_gmt":"2022-11-25T19:12:34","guid":{"rendered":"https:\/\/radiozapatista.org\/?p=43662"},"modified":"2022-11-26T11:40:34","modified_gmt":"2022-11-26T17:40:34","slug":"hackeo-al-ejercito-entrega-sre-a-la-sedena-reportes-internos-sobre-simpatizantes-del-ezln-en-europa","status":"publish","type":"post","link":"https:\/\/radiozapatista.org\/?p=43662","title":{"rendered":"Hackeo al ej\u00e9rcito: Entrega SRE a la SEDENA reportes internos sobre simpatizantes del EZLN en Europa"},"content":{"rendered":"<p>Fuente: <a href=\"https:\/\/undergroundperiodismo.com\/entrega-sre-a-la-sedena-reportes-internos-sobre-simpatizantes-del-ezln-en-europa\/\" target=\"_blank\" rel=\"noopener\">Undergroundperiodismointernacional<\/a><\/p>\n<p>Por Yetlaneci Alcaraz, Marco Appel y Alberto Escorcia<\/p>\n<p><em>Las embajadas y agregadur\u00edas militares de M\u00e9xico en Europa dieron un puntual seguimiento, por separado, a la delegaci\u00f3n del Ej\u00e9rcito Zapatista de Liberaci\u00f3n Nacional que viaj\u00f3 a la regi\u00f3n en 2021. No obstante, comunicaciones internas hackeadas a la Secretar\u00eda de la Defensa Nacional revelan que a \u00e9sta le fueron entregados reportes internos elaborados por las representaciones diplom\u00e1ticas, en los que se llega a identificar a activistas y organizaciones europeas simpatizantes con el zapatismo.\u00a0Por razones de seguridad, este medio decidi\u00f3 omitir los nombres de los funcionarios y los activistas mencionados en los mensajes.<\/em><\/p>\n<p><br class=\"avia-permanent-lb\" \/><span class=\"av_dropcap2 \"><strong>B<\/strong><\/span><strong>ERL\u00cdN\/BRUSELAS\/ESTOCOLMO.- <\/strong>La Secretar\u00eda de Relaciones Exteriores (SRE), a trav\u00e9s de su embajada en B\u00e9lgica, entreg\u00f3 a la Secretar\u00eda de la Defensa Nacional (SEDENA) sus reportes internos sobre la caravana zapatista que, entre junio y noviembre de 2021, recorri\u00f3 diversos pa\u00edses en Europa. En algunos de ellos, la SRE menciona con nombre, apellido y perfil a activistas mexicanos y extranjeros que simpatizan con el movimiento guerrillero.<\/p>\n<p><em>Underground Periodismo Internacional<\/em> tuvo acceso a archivos con correos electr\u00f3nicos hackeados a la SEDENA por el autodenominado grupo Guacamaya en los que se evidencia que, hasta en el extranjero, el gobierno federal reporta y comparte con el Ej\u00e9rcito informaci\u00f3n reservada.<\/p>\n<p>Como ya se sabe, el Ej\u00e9rcito tambi\u00e9n sigui\u00f3 con detalle la traves\u00eda de los zapatistas pidiendo a sus agregados militares informaci\u00f3n sobre las actividades \u201cdel grupo inconforme EZLN\u201d (Ej\u00e9rcito Zapatista de Liberaci\u00f3n Nacional) en Europa.<\/p>\n<p>El 8 de julio de 2021, una funcionaria de la embajada mexicana en B\u00e9lgica envi\u00f3 al agregado militar y a\u00e9reo adjunto de esa misma representaci\u00f3n un correo con los reportes semanales de cuando menos 17 legaciones diplom\u00e1ticas mexicanas:<\/p>\n<p><em><strong>\u201cEstimado Teniente Coronel.<\/strong><\/em><\/p>\n<p><em><strong>De conformidad con las instrucciones del Embajador, le anexo las comunicaciones que hemos recibido sobre lo del EZLN\u201d<\/strong><\/em>, se\u00f1ala el mensaje enviado desde su correo oficial.<\/p>\n<p align=\"center\"><img loading=\"lazy\" decoding=\"async\" class=\"wp-image-9964\" src=\"https:\/\/undergroundperiodismo.com\/wp-content\/uploads\/2022\/10\/Captura-de-Pantalla-2022-10-21-a-las-14.21.47-.jpeg\" sizes=\"auto, (max-width: 514px) 100vw, 514px\" srcset=\"https:\/\/undergroundperiodismo.com\/wp-content\/uploads\/2022\/10\/Captura-de-Pantalla-2022-10-21-a-las-14.21.47-.jpeg 607w, https:\/\/undergroundperiodismo.com\/wp-content\/uploads\/2022\/10\/Captura-de-Pantalla-2022-10-21-a-las-14.21.47--257x300.jpeg 257w, https:\/\/undergroundperiodismo.com\/wp-content\/uploads\/2022\/10\/Captura-de-Pantalla-2022-10-21-a-las-14.21.47--604x705.jpeg 604w\" alt=\"\" width=\"514\" height=\"600\" aria-describedby=\"caption-attachment-9964\" \/><br \/>\n<small>Documento testado por Underground Periodismo Internacional<\/small><\/p>\n<p><!--more-->Seis d\u00edas despu\u00e9s, el 14 de julio, el agregado adjunto transmiti\u00f3 tambi\u00e9n por correo electr\u00f3nico la informaci\u00f3n a su superior, el titular de la agregadur\u00eda militar y a\u00e9rea de M\u00e9xico en B\u00e9lgica.<\/p>\n<p><em><strong>\u201cJEFE\u00a0<\/strong><\/em><\/p>\n<p><em><strong>LE ADJUNTO LAS COMUNICACIONES DE LA EMBAJADA RESPECTO AL MOVIMIENTO DEL EZLN\u201d<\/strong><\/em><\/p>\n<p>Los correos en cuesti\u00f3n, utilizando direcciones institucionales, forman parte de una larga cadena de mensajes en <strong>\u201ccumplimiento\u201d<\/strong> al oficio con la referencia DGE 0700, emitido por la Direcci\u00f3n General para Europa de la SRE, en el que se ordena a las embajadas mexicanas en la regi\u00f3n dar seguimiento a la llamada <strong>\u201cGira por la vida\u201d<\/strong> emprendida por miembros del EZLN.<\/p>\n<p>En los correos transmitidos, los embajadores mexicanos reportan con detalle no s\u00f3lo las notas que hacen referencia al viaje zapatista en la prensa local de sus respectivos pa\u00edses, sino tambi\u00e9n dan fe del exhaustivo monitoreo que hicieron -algunos de ellos- de organizaciones, activistas mexicanos y extranjeros, y cualquier otra iniciativa -como fondeos, exposiciones, conciertos y reuniones- surgida para apoyar a la caravana.<\/p>\n<p>Un ejemplo es el reporte de la embajada en Suecia que el 2 de julio de 2021 inform\u00f3:<\/p>\n<p><strong>\u201cSe identific\u00f3 que el grupo \u201cSolidaridad con Ayotzinapa- Suecia\u201d realiz\u00f3 el 12 de junio el evento: \u201cTraves\u00eda por la vida\u201d en la galer\u00eda R\u00f6da Sten Konsthall de Gotemburgo, durante el cual se imparti\u00f3 un taller de barquitos de papel, se leyeron diversos cuentos y se divulg\u00f3 informaci\u00f3n acerca de la importancia hist\u00f3rica, descolonizadora e interseccional de la brigada zapatista para Europa\u201d.<\/strong><\/p>\n<p>Otros reportes denotan un arduo trabajo de rastreo de informaci\u00f3n enfocado a ubicar no s\u00f3lo colectivos sino activistas entre la comunidad mexicana. Las comunicaciones dejan ver tambi\u00e9n los m\u00e9todos para obtenerla. Es el caso del email del 1 de julio de 2021 del embajador mexicano en Finlandia, quien escribi\u00f3:<\/p>\n<p><strong>\u201cEsta Embamex tambi\u00e9n ha dado seguimiento a informaci\u00f3n finlandesa que pudiera ser publicada en redes sociales por parte de organizaciones no gubernamentales e incluso de nacionales mexicanos interesados en la eventual visita de la Delegaci\u00f3n del EZLN a Finlandia.<\/strong><\/p>\n<p><strong>\u201cPor el momento se\u00a0 conoce que dos colectivos estar\u00edan involucrados en la acogida de la visita zapatista en Finlandia (Colectivo Armadillo Finlandia y Somos La Colectiva) y que la visita de la Delegaci\u00f3n del EZLN a este pa\u00eds tendr\u00eda lugar en septiembre de 2021. Dicha informaci\u00f3n fue compartida v\u00eda telef\u00f3nica por integrantes de \u201cSomos La Colectiva\u201d.<\/strong><\/p>\n<p>Algunos correos van m\u00e1s all\u00e1 e identifican con nombre y apellido a activistas, elaborando tambi\u00e9n sus respectivos perfiles. Por motivos de protecci\u00f3n de datos todos los nombres y sus referencias se omiten en esta nota informativa.<\/p>\n<p>La embajada mexicana en Suiza menciona en su reporte del 24 de junio de 2021 una lista de redes locales de simpatizantes de los zapatistas entre ellos una radio local y anota al respecto:<\/p>\n<p><strong>\u201cEstaci\u00f3n local de radio de Z\u00fcrich para hispan\u00f3fonos. Entre los locutores se encuentra el mexicano XXXX\u00a0 XXXX. Este \u00faltimo protagoniz\u00f3 un acto de protesta en noviembre de 2014 en la Universidad de Basel durante la apertura de una conferencia dedicada al centenario del nacimiento de Octavio Paz\u201d.<\/strong><\/p>\n<p>Desde la embajada mexicana en Holanda se inform\u00f3 el 1 de julio de 2021 sobre actividades de apoyo a los zapatistas en redes sociales. Destaca la menci\u00f3n que \u00a0se hizo sobre un grupo privado en Facebook:<\/p>\n<p><strong>\u201cSe detect\u00f3 el grupo privado de Facebook \u201cGira Zapatista Holanda\u201d, creado para establecer contactos entre personas, y colectivos en Pa\u00edses Bajos, en apoyo a la delegaci\u00f3n Zapatista que se dirige a este pa\u00eds. Dicho grupo coordina los preparativos para la llegada de la delegaci\u00f3n zapatista a Pa\u00edses Bajos, incluyendo la realizaci\u00f3n de eventos, el reclutamiento de voluntarios, la recaudaci\u00f3n de fondos, as\u00ed como actividades de promoci\u00f3n de la gira, entre otros. Si bien se desconoce el contenido espec\u00edfico de las reuniones que realizan, las mismas han sido convocadas principalmente por las siguientes personas:\u201d<\/strong><\/p>\n<p>Entonces, el diplom\u00e1tico que redacta el informe procede a enlistar con nombre y apellido a once activistas mexicanos y extranjeros. De cada uno, elabora un breve perfil sobre su nacionalidad, su lugar de residencia, su profesi\u00f3n y el activismo social que ha realizado. As\u00ed, en la lista aparecen estudiantes, artistas, periodistas y acad\u00e9micos que viven, estudian o trabajan en ciudades como La Haya, \u00c1msterdam y Rotterdam.<\/p>\n<p>Por su parte, la SEDENA realiz\u00f3 su propio monitoreo del paso de los zapatistas por Europa al menos desde el 3 de mayo. As\u00ed lo revela el oficio ordinario No. ES-249 que el agregado Militar y A\u00e9reo de la embajada mexicana en Berna, Suiza envi\u00f3 a su superior en la Ciudad de M\u00e9xico <strong>\u201cen cumplimiento a lo ordenado en su Msje. F.C.A. No. 033727 de 3 de May. 2021, relativo a informar las actividades de la visita que lleva a cabo la delegaci\u00f3n del grupo inconforme \u201cEZLN\u201d en Suiza y otros pa\u00edses de Europa\u201d.<\/strong><\/p>\n<p>En el oficio de seis p\u00e1ginas, esa agregadur\u00eda militar informa:<\/p>\n<p><strong>\u201cSe ha identificado en redes sociales la movilizaci\u00f3n del denominado \u201cescuadr\u00f3n 421\u201d que parti\u00f3 de M\u00e9xico hacia Europa con el fin de realizar un movimiento socialista (sic) en la regi\u00f3n central de Europa\u201d.\u00a0<\/strong><\/p>\n<p><img loading=\"lazy\" decoding=\"async\" class=\"aligncenter wp-image-9965\" src=\"https:\/\/undergroundperiodismo.com\/wp-content\/uploads\/2022\/10\/Captura-de-Pantalla-2022-10-21-a-las-14.26.37-.jpeg\" sizes=\"auto, (max-width: 570px) 100vw, 570px\" srcset=\"https:\/\/undergroundperiodismo.com\/wp-content\/uploads\/2022\/10\/Captura-de-Pantalla-2022-10-21-a-las-14.26.37-.jpeg 793w, https:\/\/undergroundperiodismo.com\/wp-content\/uploads\/2022\/10\/Captura-de-Pantalla-2022-10-21-a-las-14.26.37--300x263.jpeg 300w, https:\/\/undergroundperiodismo.com\/wp-content\/uploads\/2022\/10\/Captura-de-Pantalla-2022-10-21-a-las-14.26.37--768x674.jpeg 768w, https:\/\/undergroundperiodismo.com\/wp-content\/uploads\/2022\/10\/Captura-de-Pantalla-2022-10-21-a-las-14.26.37--705x619.jpeg 705w\" alt=\"\" width=\"570\" height=\"500\" \/><\/p>\n<p>De lo informado por esa representaci\u00f3n militar se desprende, incluso, que el Ej\u00e9rcito mexicano tiene ubicadas cuentas en redes sociales de lo que ellos mismos denominan <strong>\u201cmovimientos de izquierda\u201d<\/strong> en Europa:<\/p>\n<p><strong>\u201cSe ha identificado mayor actividad en diferentes cuentas de la red social Twitter ligadas a movimientos de izquierda en pa\u00edses de Alemania y Suiza, cuyas actividades son (sic) m\u00e1s enfocadas a la lucha contra el cambio clim\u00e1tico y la protecci\u00f3n al medio ambiente\u201d.<\/strong><\/p>\n<p>En octubre de 2020, los zapatistas anunciaron un viaje a Europa con el objetivo de <strong>\u201crealizar encuentros, di\u00e1logos, intercambios de ideas, experiencias, an\u00e1lisis y colaboraciones entre quienes nos encontramos empe\u00f1ados en la lucha por la vida\u201d<\/strong>. El 30 de abril de 2021 zarp\u00f3 desde Isla Mujeres, Quintana Roo, un grupo de siete militantes del EZLN, que desembarc\u00f3 en Vigo, Espa\u00f1a, el 22 de junio. Esa delegaci\u00f3n -el llamado <strong>\u201cEscuadr\u00f3n 421\u201d<\/strong>\u2013 regres\u00f3 al pa\u00eds en septiembre y fue reemplazada por un contingente de m\u00e1s de 170 zapatistas que se dispersaron por peque\u00f1os grupos en varios pa\u00edses europeos para finalmente volver a M\u00e9xico a finales de noviembre de ese\u00a0 mismo a\u00f1o.<\/p>","protected":false},"excerpt":{"rendered":"<p>Fuente: Undergroundperiodismointernacional Por Yetlaneci Alcaraz, Marco Appel y Alberto Escorcia Las embajadas y agregadur\u00edas militares de M\u00e9xico en Europa dieron un puntual seguimiento, por separado, a la delegaci\u00f3n del Ej\u00e9rcito Zapatista de Liberaci\u00f3n Nacional que viaj\u00f3 a la regi\u00f3n en 2021. No obstante, comunicaciones internas hackeadas a la Secretar\u00eda de la Defensa Nacional revelan que [&hellip;]<\/p>\n","protected":false},"author":21,"featured_media":43663,"comment_status":"open","ping_status":"closed","sticky":false,"template":"","format":"standard","meta":{"footnotes":""},"categories":[957,51,1318,6,826,958,954,953,935],"tags":[79,917,36,58,920,926,53,567,147,545,87,148,27,483,1317],"class_list":["post-43662","post","type-post","status-publish","format-standard","has-post-thumbnail","hentry","category-autonomia","category-autor","category-caravana-zapatista-a-europa","category-chiapas","category-medios-libres-2","category-megaproyectos","category-mexico","category-mundo","category-temas","tag-autonomia","tag-chiapas","tag-comunidades-zapatistas","tag-derechos-humanos","tag-europa","tag-ezln","tag-justicia","tag-megaproyectos","tag-militarizacion","tag-pueblos-indigenas","tag-represion","tag-resistencia","tag-solidaridad","tag-tierra-y-territorio","tag-travesia-por-la-vida"],"_links":{"self":[{"href":"https:\/\/radiozapatista.org\/index.php?rest_route=\/wp\/v2\/posts\/43662","targetHints":{"allow":["GET"]}}],"collection":[{"href":"https:\/\/radiozapatista.org\/index.php?rest_route=\/wp\/v2\/posts"}],"about":[{"href":"https:\/\/radiozapatista.org\/index.php?rest_route=\/wp\/v2\/types\/post"}],"author":[{"embeddable":true,"href":"https:\/\/radiozapatista.org\/index.php?rest_route=\/wp\/v2\/users\/21"}],"replies":[{"embeddable":true,"href":"https:\/\/radiozapatista.org\/index.php?rest_route=%2Fwp%2Fv2%2Fcomments&post=43662"}],"version-history":[{"count":3,"href":"https:\/\/radiozapatista.org\/index.php?rest_route=\/wp\/v2\/posts\/43662\/revisions"}],"predecessor-version":[{"id":43678,"href":"https:\/\/radiozapatista.org\/index.php?rest_route=\/wp\/v2\/posts\/43662\/revisions\/43678"}],"wp:featuredmedia":[{"embeddable":true,"href":"https:\/\/radiozapatista.org\/index.php?rest_route=\/wp\/v2\/media\/43663"}],"wp:attachment":[{"href":"https:\/\/radiozapatista.org\/index.php?rest_route=%2Fwp%2Fv2%2Fmedia&parent=43662"}],"wp:term":[{"taxonomy":"category","embeddable":true,"href":"https:\/\/radiozapatista.org\/index.php?rest_route=%2Fwp%2Fv2%2Fcategories&post=43662"},{"taxonomy":"post_tag","embeddable":true,"href":"https:\/\/radiozapatista.org\/index.php?rest_route=%2Fwp%2Fv2%2Ftags&post=43662"}],"curies":[{"name":"wp","href":"https:\/\/api.w.org\/{rel}","templated":true}]}}