{"id":43406,"date":"2022-10-24T19:22:32","date_gmt":"2022-10-25T00:22:32","guid":{"rendered":"https:\/\/radiozapatista.org\/?p=43406"},"modified":"2022-10-30T09:43:39","modified_gmt":"2022-10-30T15:43:39","slug":"simon-pedro-perez-lopez-defensor-de-derechos-humanos-ahora-comienza-el-juicio-oral-en-que-se-decidira-si-la-persona-acusada-de-asesinarlo-es-culpable-o-inocente","status":"publish","type":"post","link":"https:\/\/radiozapatista.org\/?p=43406","title":{"rendered":"Sim\u00f3n Pedro P\u00e9rez L\u00f3pez defensor de derechos humanos. Ahora comienza el juicio oral en que se decidir\u00e1 si la persona acusada de asesinarlo es culpable o inocente"},"content":{"rendered":"<p><\/p>\n<p align=\"right\"><strong>Organizaci\u00f3n Sociedad Civil Las Abejas de Acteal<\/strong><br \/>\n<strong><em>Tierra Sagrada de los M\u00e1rtires de Acteal<\/em><\/strong><br \/>\nMunicipio de Chenalh\u00f3, Chiapas, M\u00e9xico.<\/p>\n<p>22 de octubre de 2022<\/p>\n<p>Al Congreso Nacional Ind\u00edgena<br \/>\nAl Concejo Ind\u00edgena de Gobierno<br \/>\nA la Comisi\u00f3n Interamericana de Derechos Humanos<br \/>\nAl Pueblo Creyente de la Di\u00f3cesis de San Crist\u00f3bal de Las Casas<br \/>\nA las y los Defensores de los Derechos Humanos<br \/>\nA los Medios Libres y Alternativos<br \/>\nA los Medios de Comunicaci\u00f3n Nacional e Internacional<br \/>\nA la Sociedad Civil Nacional e Internacional<\/p>\n<p><strong>Hermanas y hermanos:<\/strong><\/p>\n<p>Se acerca la temporada m\u00e1s importante del a\u00f1o para nosotros, los d\u00edas que compartimos alimento, palabra y vida con nuestros seres queridos ya fallecidos, que vienen a reunirse con nosotros y nos escuchan de cerca en lo que les pedimos y les contamos. Por eso, empezamos a preparar nuestro coraz\u00f3n y nuestras ofrendas. Especialmente a nuestros 45 hermanos, hermanas, hermanitos y hermanitas m\u00e1rtires, m\u00e1s los cuatro beb\u00e9s que no los dejaron nacer, queremos ofrecerles lo que tenemos y que hemos ido juntando en el a\u00f1o: la esperanza de justicia y la convicci\u00f3n de que seguimos en el camino que nos abrieron para luchar por la paz y en la cual ofrendaron su vida. A nuestros m\u00e1rtires queremos agradecerles que nos hayan mostrado este camino, porque hay muchos cruceros en donde el mal gobierno ha querido perdernos, pero no ha podido extraviar nuestras almas, porque nuestros m\u00e1rtires son quienes nos gu\u00edan y le cierran el paso a las desviaciones que nos ofrecen, como abandonar la organizaci\u00f3n, vendernos o aliarnos con criminales.<\/p>\n<p>Hoy m\u00e1s que nunca necesitamos cosechar los frutos de la semilla que nuestros m\u00e1rtires sembraron entre nosotras y nosotros, para ser capaces de organizar una alternativa no violenta a los principales problemas que vivimos en nuestras comunidades, como la toma de las armas para resolver conflictos y la b\u00fasqueda de dinero f\u00e1cil, caiga quien caiga.<\/p>\n<p><!--more-->Sabemos que son ustedes los que interceden por nosotros y han conseguido enviarnos hermanos que nos animan en esta lucha, como el Padre Marcelo P\u00e9rez P\u00e9rez que sigue incansable en el trabajo por el Reino de Dios que Jes\u00fas anunciaba, en la valiente denuncia de lo que trae muerte y destrucci\u00f3n a los pueblos, as\u00ed como el anuncio de los actos de amor que renuevan la vida, como la defensa de los pobres, humillados y vejados por las injusticias. Les pedimos a ustedes que sigan fortaleciendo el coraz\u00f3n de nuestro Padre Marcelo para que persista en esta misi\u00f3n, pese a las reiteradas amenazas a su vida, que por esta causa ha recibido, principalmente del crimen organizado y de todos aquellos a quienes molesta e incomoda esta lucha por el respeto a los derechos humanos.<\/p>\n<p>Tambi\u00e9n estamos seguros de que es gracias a ustedes que se fortaleci\u00f3 nuestro hermano Sim\u00f3n Pedro, sus pap\u00e1s y su familia para seguir la lucha por justicia para la Masacre de Acteal, defender la tierra y no abandonar a su suerte a los que siguen cayendo muertos a manos de los sicarios en nuestros municipios. Siguiendo el ejemplo de ustedes, \u00e9l confi\u00f3 en que val\u00eda la pena arriesgar la vida para buscar la paz en medio de la violencia generalizada que vivimos en la mayor\u00eda de los municipios de los Altos de Chiapas, agravada por la presencia del crimen organizado y su influencia sobre las autoridades y cuerpos de seguridad en la regi\u00f3n. Como ustedes, nuestro hermano Sim\u00f3n Pedro sab\u00eda tambi\u00e9n que la paz no se consigue trayendo m\u00e1s ej\u00e9rcitos, polic\u00edas o guardias nacionales, sino respetando nuestros derechos, volviendo el coraz\u00f3n a Dios y devolviendo bien por mal, siendo solidarios con los que m\u00e1s sufren.<\/p>\n<p>Sabemos que su luz tambi\u00e9n ha inundado los corazones de los j\u00f3venes antorchistas<\/p>\n<p>guadalupanos de nuestra Parroquia para pedirle a nuestra Madre Mar\u00eda que nos ayude a construir la paz, y su contagioso entusiasmo procede de la confianza en que con Cristo y Mar\u00eda se pueden conseguir las cosas m\u00e1s dif\u00edciles, como la justicia en Chenalh\u00f3, donde la impunidad ha encontrado casa por tanto tiempo, abri\u00e9ndole el paso al crimen organizado. Con la Peregrinaci\u00f3n por la Paz del pasado 19 de octubre de Chenalh\u00f3 a Yabteklum, renovamos la esperanza en que se pueden transformar los corazones m\u00e1s duros si, como lo hicieron ustedes, nuestras obras reflejan nuestra fe.<\/p>\n<p>Queremos agradecerles porque estamos seguros de que tambi\u00e9n le dan consuelo y socorro a todos los luchadores y defensores del pueblo que se encuentran presos injustamente, ya que nuestra organizaci\u00f3n \u2013la de ustedes y de nosotros- se fund\u00f3 hace casi 30 a\u00f1os, cuando luch\u00e1bamos juntos por sacar de la c\u00e1rcel a 5 de nuestros compa\u00f1eros que el gobierno encarcel\u00f3 culp\u00e1ndolos de un homicidio que no hab\u00edan cometido. Hoy estamos muy contentos con ustedes porque nuestro hermano Don Crist\u00f3bal S\u00e1ntiz por fin fue liberado el d\u00eda de antier, despu\u00e9s de poco m\u00e1s de dos a\u00f1os y medio de estar secuestrado por el mal gobierno, como preso pol\u00edtico por ser el representante de la Comisi\u00f3n Permanente de 115 comuneros y desplazados del municipio de Aldama, Chiapas y hablar con la verdad sobre su situaci\u00f3n.<\/p>\n<p>Les queremos pedir a nuestros M\u00e1rtires que nos sigan compartiendo de su fe y entereza para enfrentar con amor y organizaci\u00f3n, el odio, la divisi\u00f3n, la persecuci\u00f3n al diferente y la envidia, pero sobre todo, la crueldad sin misericordia \u2013como la que enfrentaron ese 22 de diciembre de 1997 en el coraz\u00f3n de los paramilitares pri\u00edstas de nuestro municipio, cuando el Estado mexicano los organiz\u00f3 y financi\u00f3 para llegar a matarnos-. Hoy esa deshumanizaci\u00f3n sigue obrando en los grupos de corte paramilitar que el gobierno no ha investigado ni desmantelado, ni en nuestro municipio ni en otros estados, como Guerrero. Apenas el pasado 18 de octubre el grupo narco-paramilitar \u201cLos Ardillos\u201d secuestraron a un compa\u00f1ero m\u00e1s del CIPOG-EZ (Concejo Ind\u00edgena y Popular de Guerrero Emiliano Zapata) en Chilapa, el hermano Celso Cocotzin Tolentino, de 24 a\u00f1os de edad de la comunidad de Alcozac\u00e1n.<br \/>\nComprobamos dolorosamente, velando hace casi 25 a\u00f1os a nuestros hermanos M\u00e1rtires, que no es con la militarizaci\u00f3n del pa\u00eds, con el aumento en el gasto p\u00fablico en armas, ni con la delegaci\u00f3n de tareas de seguridad interior al Ej\u00e9rcito, que se va a acabar la inseguridad y la violencia. Todo eso lo vivimos desde 1994 en Chiapas y no evit\u00f3 la Masacre de Acteal sino que la hizo posible. Estos cuerpos represivos sirven a los intereses del gobierno, que tambi\u00e9n est\u00e1 aliado al crimen organizado y a los ricos que buscan imponer sus megaproyectos \u2013como las empresas mineras que una vez m\u00e1s est\u00e1n buscando reiniciar la extracci\u00f3n de barita en Chicomuselo, contra la voluntad del pueblo-, y s\u00f3lo traen m\u00e1s impunidad y violencia a los sitios donde llegan a establecer sus bases y cuarteles.<\/p>\n<p>S\u00f3lo le llev\u00f3 21 a\u00f1os al Estado mexicano reconocer que una de las principales abogadas defensoras de luchadores sociales que fueron perseguidos por denunciar las graves violaciones a los derechos humanos que comet\u00eda el Ej\u00e9rcito, nuestra hermana Digna Ochoa y Pl\u00e1cido, fue verdaderamente asesinada el 19 de octubre de 2001. No s\u00f3lo le quitaron la vida, sino que por muchos a\u00f1os hicieron creer que se hab\u00eda suicidado, encubriendo a los asesinos materiales e intelectuales. Los responsables del crimen, tanto del asesinato como de la fabricaci\u00f3n de las pruebas para sostener la mentira hist\u00f3rica, a\u00fan est\u00e1n libres. Este es el verdadero poder del Ej\u00e9rcito mexicano, en el que quieren que confiemos para salvarnos del crimen organizado. S\u00f3lo por la intervenci\u00f3n de la Corte Interamericana de Derechos Humanos fue posible tumbar esta mentira y reabrir la investigaci\u00f3n del caso, por lo que han estado luchando valientemente tantos a\u00f1os los familiares de Digna. Este D\u00eda de los Muertos, Digna estar\u00e1 m\u00e1s contenta con ellos, aunque como nosotros y nuestros seres queridos \u2013los M\u00e1rtires de Acteal y nuestro hermano Sim\u00f3n Pedro-, s\u00f3lo estaremos felices hasta que verdaderamente se haga justicia y se castigue a los responsables, para que no se repitan estos terribles cr\u00edmenes que les arrebat\u00f3 la vida.<\/p>\n<p>Por eso seguimos urgiendo a la Comisi\u00f3n Interamericana de Derechos Humanos a que publique ya su Informe de Fondo sobre el Caso 12.790 Manuel Santiz Culebra y Otros (Masacre de Acteal), para que pronto tambi\u00e9n la justicia pueda venir a comer junto con nosotros en el <em>Santo<\/em>, el d\u00eda de los muertos.<\/p>\n<p>Y tambi\u00e9n convocamos a los hermanos solidarios y medios de comunicaci\u00f3n a que nos acompa\u00f1en a la Tercera Audiencia del proceso penal que se sigue para castigar a los responsables del brutal asesinato de nuestro compa\u00f1ero Sim\u00f3n Pedro P\u00e9rez L\u00f3pez defensor de derechos humanos. Ahora comienza el juicio oral en que se decidir\u00e1 si la persona acusada de asesinarlo es culpable o inocente. Esta Audiencia se llevar\u00e1 a cabo a las diez de la ma\u00f1ana en el Juzgado de Control de Pichucalco, Chiapas, el pr\u00f3ximo 16 de noviembre, donde la Organizaci\u00f3n Sociedad Civil Las Abejas de Acteal acompa\u00f1aremos a los testigos y abogados que iniciar\u00e1n el desahogo de pruebas, con un acto a las afueras del Juzgado, donde daremos nuestra palabra.<\/p>\n<p>Desde Acteal, Casa de la Memoria y la Esperanza,<\/p>\n<p style=\"text-align: center;\"><strong>Atentamente<\/strong><br \/>\n<strong>La Voz de la Organizaci\u00f3n sociedad Civil Las Abejas de Acteal.<\/strong><\/p>\n<p style=\"text-align: center;\">Por la Mesa Directiva:<\/p>\n<table align=\"center\">\n<tbody>\n<tr>\n<td width=\"294\">Manuel P\u00e9rez Jim\u00e9nez<\/p>\n<p>Presidente<\/td>\n<td width=\"294\">Antonio Ram\u00edrez P\u00e9rez<\/p>\n<p>Secretario<\/td>\n<\/tr>\n<tr>\n<td width=\"294\">V\u00edctor Manuel L\u00f3pez G\u00f3mez<\/p>\n<p>Tesorero<\/td>\n<td width=\"294\">&nbsp;<\/p>\n<p>&nbsp;<\/p>\n<p>Mariano S\u00e1nchez D\u00edaz<\/p>\n<p>Sub Secretario<\/p>\n<p>&nbsp;<\/p>\n<p>&nbsp;<\/td>\n<\/tr>\n<tr>\n<td width=\"294\"><\/td>\n<td width=\"294\"><\/td>\n<\/tr>\n<\/tbody>\n<\/table>\n<p>&nbsp;<\/p>","protected":false},"excerpt":{"rendered":"<p>Organizaci\u00f3n Sociedad Civil Las Abejas de Acteal Tierra Sagrada de los M\u00e1rtires de Acteal Municipio de Chenalh\u00f3, Chiapas, M\u00e9xico. 22 de octubre de 2022 Al Congreso Nacional Ind\u00edgena Al Concejo Ind\u00edgena de Gobierno A la Comisi\u00f3n Interamericana de Derechos Humanos Al Pueblo Creyente de la Di\u00f3cesis de San Crist\u00f3bal de Las Casas A las y [&hellip;]<\/p>\n","protected":false},"author":21,"featured_media":43407,"comment_status":"open","ping_status":"closed","sticky":false,"template":"","format":"standard","meta":{"footnotes":""},"categories":[957,51,6,826,954,935],"tags":[100,79,917,58,106,567,147,23,545,87,148,27,483],"class_list":["post-43406","post","type-post","status-publish","format-standard","has-post-thumbnail","hentry","category-autonomia","category-autor","category-chiapas","category-medios-libres-2","category-mexico","category-temas","tag-acteal","tag-autonomia","tag-chiapas","tag-derechos-humanos","tag-las-abejas-de-acteal","tag-megaproyectos","tag-militarizacion","tag-paramilitares","tag-pueblos-indigenas","tag-represion","tag-resistencia","tag-solidaridad","tag-tierra-y-territorio"],"_links":{"self":[{"href":"https:\/\/radiozapatista.org\/index.php?rest_route=\/wp\/v2\/posts\/43406","targetHints":{"allow":["GET"]}}],"collection":[{"href":"https:\/\/radiozapatista.org\/index.php?rest_route=\/wp\/v2\/posts"}],"about":[{"href":"https:\/\/radiozapatista.org\/index.php?rest_route=\/wp\/v2\/types\/post"}],"author":[{"embeddable":true,"href":"https:\/\/radiozapatista.org\/index.php?rest_route=\/wp\/v2\/users\/21"}],"replies":[{"embeddable":true,"href":"https:\/\/radiozapatista.org\/index.php?rest_route=%2Fwp%2Fv2%2Fcomments&post=43406"}],"version-history":[{"count":2,"href":"https:\/\/radiozapatista.org\/index.php?rest_route=\/wp\/v2\/posts\/43406\/revisions"}],"predecessor-version":[{"id":43481,"href":"https:\/\/radiozapatista.org\/index.php?rest_route=\/wp\/v2\/posts\/43406\/revisions\/43481"}],"wp:featuredmedia":[{"embeddable":true,"href":"https:\/\/radiozapatista.org\/index.php?rest_route=\/wp\/v2\/media\/43407"}],"wp:attachment":[{"href":"https:\/\/radiozapatista.org\/index.php?rest_route=%2Fwp%2Fv2%2Fmedia&parent=43406"}],"wp:term":[{"taxonomy":"category","embeddable":true,"href":"https:\/\/radiozapatista.org\/index.php?rest_route=%2Fwp%2Fv2%2Fcategories&post=43406"},{"taxonomy":"post_tag","embeddable":true,"href":"https:\/\/radiozapatista.org\/index.php?rest_route=%2Fwp%2Fv2%2Ftags&post=43406"}],"curies":[{"name":"wp","href":"https:\/\/api.w.org\/{rel}","templated":true}]}}